{"id":13510,"date":"2024-06-14T11:14:20","date_gmt":"2024-06-14T17:14:20","guid":{"rendered":"https:\/\/elpuucnoticias.com\/?p=13510"},"modified":"2024-06-14T11:14:21","modified_gmt":"2024-06-14T17:14:21","slug":"se-inaugura-el-nuevo-vuelo-nueva-york-tulum-en-el-aeropuerto-internacional-felipe-carrillo-puerto","status":"publish","type":"post","link":"https:\/\/elpuucnoticias.com\/?p=13510","title":{"rendered":"Se inaugura el nuevo vuelo Nueva York-Tulum en el Aeropuerto Internacional \u201cFelipe Carrillo Puerto\u201d"},"content":{"rendered":"\n<p>Como resultado de la promoci\u00f3n tur\u00edstica que encabeza la gobernadora Mara Lezama Espinosa, hoy fue inaugurado el nuevo vuelo Nueva York-Tulum en el Aeropuerto Internacional de Tulum \u201cFelipe Carrillo Puerto\u201d operado por la aerol\u00ednea JetBlue, lo que mantiene posicionado a Quintana Roo como un destino tur\u00edstico de clase mundial.<\/p>\n\n\n\n<p>Esta nueva conexi\u00f3n a\u00e9rea marca un d\u00eda hist\u00f3rico para el turismo en el estado y lo que se transformar\u00e1 en mayor prosperidad para las familias como lo establece el Nuevo Acuerdo por el Bienestar y Desarrollo de Quintana Roo que promueve la gobernadora Mara Lezama Espinosa, reconoci\u00f3 el secretario de Turismo de la entidad, Bernardo Cueto Riestra.<\/p>\n\n\n\n<figure class=\"wp-block-gallery has-nested-images columns-default is-cropped wp-block-gallery-1 is-layout-flex wp-block-gallery-is-layout-flex\">\n<figure class=\"wp-block-image size-large is-style-default\"><img loading=\"lazy\" decoding=\"async\" width=\"300\" height=\"158\" data-id=\"13520\" src=\"https:\/\/elpuucnoticias.com\/wp-content\/uploads\/2024\/06\/vuelo0-1.jpeg\" alt=\"\" class=\"wp-image-13520\"\/><\/figure>\n\n\n\n<figure class=\"wp-block-image size-large is-style-default\"><img loading=\"lazy\" decoding=\"async\" width=\"300\" height=\"200\" data-id=\"13519\" src=\"https:\/\/elpuucnoticias.com\/wp-content\/uploads\/2024\/06\/vuelo-1.jpeg\" alt=\"\" class=\"wp-image-13519\"\/><\/figure>\n<\/figure>\n\n\n\n<p>La inauguraci\u00f3n del nuevo vuelo directo desde Nueva York hacia Tulum, es operado por la aerol\u00ednea JetBlue con un avi\u00f3n Airbus A320 y arrib\u00f3 al Aeropuerto Internacional de Tulum \u201cFelipe Carrillo Puerto\u201d con 168 pasajeros entusiasmados por descubrir las maravillas naturales del estado.<\/p>\n\n\n\n<p>Cueto Riestra detall\u00f3 que este vuelo tendr\u00e1 una frecuencia diaria, proporcionando una conexi\u00f3n directa y conveniente entre estas dos vibrantes ciudades.<\/p>\n\n\n\n<figure class=\"wp-block-gallery has-nested-images columns-default is-cropped wp-block-gallery-2 is-layout-flex wp-block-gallery-is-layout-flex\"><\/figure>\n\n\n\n<p>\u201cEsta nueva ruta a\u00e9rea simboliza el inicio de una nueva era para el turismo en Quintana Roo. Nuestro objetivo es facilitar el acceso a los destinos m\u00e1s bellos de nuestro estado, promoviendo el crecimiento econ\u00f3mico y el desarrollo sostenible de nuestro estado\u201d, dijo.<\/p>\n\n\n\n<p>Con la apertura del aeropuerto \u201cFelipe Carrillo Puerto\u201d, estamos m\u00e1s conectados con el mundo que nunca antes. El turismo es una herramienta de prosperidad compartida, y esta nueva conexi\u00f3n acercar\u00e1 a los turistas internacionales a todas las maravillas del mundo Maya, puntualiz\u00f3 el titular de la Secretar\u00eda Estatal de Turismo (SEDETUR).<\/p>\n\n\n\n<p>\u201cEl establecimiento de este vuelo diario entre Nueva York y Tulum no solo refuerza nuestra posici\u00f3n como un destino tur\u00edstico de clase mundial, sino que tambi\u00e9n muestra nuestra capacidad para adaptarnos y crecer en un mercado global competitivo. Estamos emocionados de recibir a turistas internacionales y seguir construyendo sobre el \u00e9xito y la popularidad de Tulum\u201d, a\u00f1adi\u00f3.<\/p>\n\n\n\n<p>Asimismo, indic\u00f3 que este nuevo vuelo es parte de una serie de iniciativas para fortalecer la infraestructura tur\u00edstica de Quintana Roo y mejorar la experiencia a los visitantes.<\/p>\n\n\n\n<p>\u201cEsperamos que la conexi\u00f3n diaria entre Nueva York y Tulum impulse significativamente el turismo y beneficie a la econom\u00eda local, al tiempo que ofrece a los viajeros una manera m\u00e1s accesible y c\u00f3moda de explorar las bellezas naturales y culturales de nuestro estado\u201d, finaliz\u00f3.<\/p>\n","protected":false},"excerpt":{"rendered":"<p>Como resultado de la promoci\u00f3n tur\u00edstica que encabeza la gobernadora Mara Lezama Espinosa, hoy fue inaugurado el nuevo<\/p>\n","protected":false},"author":1,"featured_media":13518,"comment_status":"closed","ping_status":"open","sticky":false,"template":"","format":"standard","meta":{"_monsterinsights_skip_tracking":false,"_monsterinsights_sitenote_active":false,"_monsterinsights_sitenote_note":"","_monsterinsights_sitenote_category":0,"footnotes":""},"categories":[11,24],"tags":[],"class_list":["post-13510","post","type-post","status-publish","format-standard","has-post-thumbnail","hentry","category-noticias","category-quintana-roo"],"yoast_head":"<!-- This site is optimized with the Yoast SEO plugin v18.3 - https:\/\/yoast.com\/wordpress\/plugins\/seo\/ -->\n<title>Se inaugura el nuevo vuelo Nueva York-Tulum en el Aeropuerto Internacional \u201cFelipe Carrillo Puerto\u201d - El Puuc Noticias<\/title>\n<meta name=\"robots\" content=\"index, follow, max-snippet:-1, max-image-preview:large, max-video-preview:-1\" \/>\n<link rel=\"canonical\" href=\"https:\/\/elpuucnoticias.com\/?p=13510\" \/>\n<meta property=\"og:locale\" content=\"es_ES\" \/>\n<meta property=\"og:type\" content=\"article\" \/>\n<meta property=\"og:title\" content=\"Se inaugura el nuevo vuelo Nueva York-Tulum en el Aeropuerto Internacional \u201cFelipe Carrillo Puerto\u201d - El Puuc Noticias\" \/>\n<meta property=\"og:description\" content=\"Como resultado de la promoci\u00f3n tur\u00edstica que encabeza la gobernadora Mara Lezama Espinosa, hoy fue inaugurado el nuevo\" \/>\n<meta property=\"og:url\" content=\"https:\/\/elpuucnoticias.com\/?p=13510\" \/>\n<meta property=\"og:site_name\" content=\"El Puuc Noticias\" \/>\n<meta property=\"article:published_time\" content=\"2024-06-14T17:14:20+00:00\" \/>\n<meta property=\"article:modified_time\" content=\"2024-06-14T17:14:21+00:00\" \/>\n<meta property=\"og:image\" content=\"https:\/\/elpuucnoticias.com\/wp-content\/uploads\/2024\/06\/vuelo1.jpeg\" \/>\n\t<meta property=\"og:image:width\" content=\"300\" \/>\n\t<meta property=\"og:image:height\" content=\"199\" \/>\n\t<meta property=\"og:image:type\" content=\"image\/jpeg\" \/>\n<meta name=\"twitter:card\" content=\"summary_large_image\" \/>\n<meta name=\"twitter:label1\" content=\"Escrito por\" \/>\n\t<meta name=\"twitter:data1\" content=\"elpuucnoticias\" \/>\n\t<meta name=\"twitter:label2\" content=\"Tiempo de lectura\" \/>\n\t<meta name=\"twitter:data2\" content=\"3 minutos\" \/>\n<script type=\"application\/ld+json\" class=\"yoast-schema-graph\">{\"@context\":\"https:\/\/schema.org\",\"@graph\":[{\"@type\":\"WebSite\",\"@id\":\"https:\/\/elpuucnoticias.com\/#website\",\"url\":\"https:\/\/elpuucnoticias.com\/\",\"name\":\"El Puuc Noticias\",\"description\":\"Noticias - Entretenimiento - Deportes\",\"potentialAction\":[{\"@type\":\"SearchAction\",\"target\":{\"@type\":\"EntryPoint\",\"urlTemplate\":\"https:\/\/elpuucnoticias.com\/?s={search_term_string}\"},\"query-input\":\"required name=search_term_string\"}],\"inLanguage\":\"es\"},{\"@type\":\"ImageObject\",\"@id\":\"https:\/\/elpuucnoticias.com\/?p=13510#primaryimage\",\"inLanguage\":\"es\",\"url\":\"https:\/\/elpuucnoticias.com\/wp-content\/uploads\/2024\/06\/vuelo1.jpeg\",\"contentUrl\":\"https:\/\/elpuucnoticias.com\/wp-content\/uploads\/2024\/06\/vuelo1.jpeg\",\"width\":300,\"height\":199},{\"@type\":\"WebPage\",\"@id\":\"https:\/\/elpuucnoticias.com\/?p=13510#webpage\",\"url\":\"https:\/\/elpuucnoticias.com\/?p=13510\",\"name\":\"Se inaugura el nuevo vuelo Nueva York-Tulum en el Aeropuerto Internacional \u201cFelipe Carrillo Puerto\u201d - El Puuc Noticias\",\"isPartOf\":{\"@id\":\"https:\/\/elpuucnoticias.com\/#website\"},\"primaryImageOfPage\":{\"@id\":\"https:\/\/elpuucnoticias.com\/?p=13510#primaryimage\"},\"datePublished\":\"2024-06-14T17:14:20+00:00\",\"dateModified\":\"2024-06-14T17:14:21+00:00\",\"author\":{\"@id\":\"https:\/\/elpuucnoticias.com\/#\/schema\/person\/d2ea09e4c97f0160b11cdfb1d856bd9e\"},\"breadcrumb\":{\"@id\":\"https:\/\/elpuucnoticias.com\/?p=13510#breadcrumb\"},\"inLanguage\":\"es\",\"potentialAction\":[{\"@type\":\"ReadAction\",\"target\":[\"https:\/\/elpuucnoticias.com\/?p=13510\"]}]},{\"@type\":\"BreadcrumbList\",\"@id\":\"https:\/\/elpuucnoticias.com\/?p=13510#breadcrumb\",\"itemListElement\":[{\"@type\":\"ListItem\",\"position\":1,\"name\":\"Portada\",\"item\":\"https:\/\/elpuucnoticias.com\/\"},{\"@type\":\"ListItem\",\"position\":2,\"name\":\"Se inaugura el nuevo vuelo Nueva York-Tulum en el Aeropuerto Internacional \u201cFelipe Carrillo Puerto\u201d\"}]},{\"@type\":\"Person\",\"@id\":\"https:\/\/elpuucnoticias.com\/#\/schema\/person\/d2ea09e4c97f0160b11cdfb1d856bd9e\",\"name\":\"elpuucnoticias\",\"image\":{\"@type\":\"ImageObject\",\"@id\":\"https:\/\/elpuucnoticias.com\/#personlogo\",\"inLanguage\":\"es\",\"url\":\"https:\/\/secure.gravatar.com\/avatar\/5290a43657c74ffa15701dbe5b846bd85cc71930d803c84e91046a7333de6ce2?s=96&d=mm&r=g\",\"contentUrl\":\"https:\/\/secure.gravatar.com\/avatar\/5290a43657c74ffa15701dbe5b846bd85cc71930d803c84e91046a7333de6ce2?s=96&d=mm&r=g\",\"caption\":\"elpuucnoticias\"},\"sameAs\":[\"https:\/\/elpuucnoticias.com\"],\"url\":\"https:\/\/elpuucnoticias.com\/?author=1\"}]}<\/script>\n<!-- \/ Yoast SEO plugin. -->","yoast_head_json":{"title":"Se inaugura el nuevo vuelo Nueva York-Tulum en el Aeropuerto Internacional \u201cFelipe Carrillo Puerto\u201d - El Puuc Noticias","robots":{"index":"index","follow":"follow","max-snippet":"max-snippet:-1","max-image-preview":"max-image-preview:large","max-video-preview":"max-video-preview:-1"},"canonical":"https:\/\/elpuucnoticias.com\/?p=13510","og_locale":"es_ES","og_type":"article","og_title":"Se inaugura el nuevo vuelo Nueva York-Tulum en el Aeropuerto Internacional \u201cFelipe Carrillo Puerto\u201d - El Puuc Noticias","og_description":"Como resultado de la promoci\u00f3n tur\u00edstica que encabeza la gobernadora Mara Lezama Espinosa, hoy fue inaugurado el nuevo","og_url":"https:\/\/elpuucnoticias.com\/?p=13510","og_site_name":"El Puuc Noticias","article_published_time":"2024-06-14T17:14:20+00:00","article_modified_time":"2024-06-14T17:14:21+00:00","og_image":[{"width":300,"height":199,"url":"https:\/\/elpuucnoticias.com\/wp-content\/uploads\/2024\/06\/vuelo1.jpeg","type":"image\/jpeg"}],"twitter_card":"summary_large_image","twitter_misc":{"Escrito por":"elpuucnoticias","Tiempo de lectura":"3 minutos"},"schema":{"@context":"https:\/\/schema.org","@graph":[{"@type":"WebSite","@id":"https:\/\/elpuucnoticias.com\/#website","url":"https:\/\/elpuucnoticias.com\/","name":"El Puuc Noticias","description":"Noticias - Entretenimiento - Deportes","potentialAction":[{"@type":"SearchAction","target":{"@type":"EntryPoint","urlTemplate":"https:\/\/elpuucnoticias.com\/?s={search_term_string}"},"query-input":"required name=search_term_string"}],"inLanguage":"es"},{"@type":"ImageObject","@id":"https:\/\/elpuucnoticias.com\/?p=13510#primaryimage","inLanguage":"es","url":"https:\/\/elpuucnoticias.com\/wp-content\/uploads\/2024\/06\/vuelo1.jpeg","contentUrl":"https:\/\/elpuucnoticias.com\/wp-content\/uploads\/2024\/06\/vuelo1.jpeg","width":300,"height":199},{"@type":"WebPage","@id":"https:\/\/elpuucnoticias.com\/?p=13510#webpage","url":"https:\/\/elpuucnoticias.com\/?p=13510","name":"Se inaugura el nuevo vuelo Nueva York-Tulum en el Aeropuerto Internacional \u201cFelipe Carrillo Puerto\u201d - El Puuc Noticias","isPartOf":{"@id":"https:\/\/elpuucnoticias.com\/#website"},"primaryImageOfPage":{"@id":"https:\/\/elpuucnoticias.com\/?p=13510#primaryimage"},"datePublished":"2024-06-14T17:14:20+00:00","dateModified":"2024-06-14T17:14:21+00:00","author":{"@id":"https:\/\/elpuucnoticias.com\/#\/schema\/person\/d2ea09e4c97f0160b11cdfb1d856bd9e"},"breadcrumb":{"@id":"https:\/\/elpuucnoticias.com\/?p=13510#breadcrumb"},"inLanguage":"es","potentialAction":[{"@type":"ReadAction","target":["https:\/\/elpuucnoticias.com\/?p=13510"]}]},{"@type":"BreadcrumbList","@id":"https:\/\/elpuucnoticias.com\/?p=13510#breadcrumb","itemListElement":[{"@type":"ListItem","position":1,"name":"Portada","item":"https:\/\/elpuucnoticias.com\/"},{"@type":"ListItem","position":2,"name":"Se inaugura el nuevo vuelo Nueva York-Tulum en el Aeropuerto Internacional \u201cFelipe Carrillo Puerto\u201d"}]},{"@type":"Person","@id":"https:\/\/elpuucnoticias.com\/#\/schema\/person\/d2ea09e4c97f0160b11cdfb1d856bd9e","name":"elpuucnoticias","image":{"@type":"ImageObject","@id":"https:\/\/elpuucnoticias.com\/#personlogo","inLanguage":"es","url":"https:\/\/secure.gravatar.com\/avatar\/5290a43657c74ffa15701dbe5b846bd85cc71930d803c84e91046a7333de6ce2?s=96&d=mm&r=g","contentUrl":"https:\/\/secure.gravatar.com\/avatar\/5290a43657c74ffa15701dbe5b846bd85cc71930d803c84e91046a7333de6ce2?s=96&d=mm&r=g","caption":"elpuucnoticias"},"sameAs":["https:\/\/elpuucnoticias.com"],"url":"https:\/\/elpuucnoticias.com\/?author=1"}]}},"_links":{"self":[{"href":"https:\/\/elpuucnoticias.com\/index.php?rest_route=\/wp\/v2\/posts\/13510","targetHints":{"allow":["GET"]}}],"collection":[{"href":"https:\/\/elpuucnoticias.com\/index.php?rest_route=\/wp\/v2\/posts"}],"about":[{"href":"https:\/\/elpuucnoticias.com\/index.php?rest_route=\/wp\/v2\/types\/post"}],"author":[{"embeddable":true,"href":"https:\/\/elpuucnoticias.com\/index.php?rest_route=\/wp\/v2\/users\/1"}],"replies":[{"embeddable":true,"href":"https:\/\/elpuucnoticias.com\/index.php?rest_route=%2Fwp%2Fv2%2Fcomments&post=13510"}],"version-history":[{"count":1,"href":"https:\/\/elpuucnoticias.com\/index.php?rest_route=\/wp\/v2\/posts\/13510\/revisions"}],"predecessor-version":[{"id":13521,"href":"https:\/\/elpuucnoticias.com\/index.php?rest_route=\/wp\/v2\/posts\/13510\/revisions\/13521"}],"wp:featuredmedia":[{"embeddable":true,"href":"https:\/\/elpuucnoticias.com\/index.php?rest_route=\/wp\/v2\/media\/13518"}],"wp:attachment":[{"href":"https:\/\/elpuucnoticias.com\/index.php?rest_route=%2Fwp%2Fv2%2Fmedia&parent=13510"}],"wp:term":[{"taxonomy":"category","embeddable":true,"href":"https:\/\/elpuucnoticias.com\/index.php?rest_route=%2Fwp%2Fv2%2Fcategories&post=13510"},{"taxonomy":"post_tag","embeddable":true,"href":"https:\/\/elpuucnoticias.com\/index.php?rest_route=%2Fwp%2Fv2%2Ftags&post=13510"}],"curies":[{"name":"wp","href":"https:\/\/api.w.org\/{rel}","templated":true}]}}