{"id":13555,"date":"2024-06-17T10:59:40","date_gmt":"2024-06-17T16:59:40","guid":{"rendered":"https:\/\/elpuucnoticias.com\/?p=13555"},"modified":"2024-06-17T10:59:41","modified_gmt":"2024-06-17T16:59:41","slug":"brindan-atencion-medica-y-psicologica-a-poblacion-en-albergues-temporales","status":"publish","type":"post","link":"https:\/\/elpuucnoticias.com\/?p=13555","title":{"rendered":"Brindan atenci\u00f3n m\u00e9dica y psicol\u00f3gica a poblaci\u00f3n en albergues temporales"},"content":{"rendered":"\n<p>Los Servicios Estatales de Salud activaron una brigada de atenci\u00f3n integral en el albergue temporal, que acogi\u00f3 a 31 personas pertenecientes a 10 familias afectadas.<\/p>\n\n\n\n<p>El secretario de Salud, Flavio Carlos Rosado, inform\u00f3 que personal m\u00e9dico realiz\u00f3 intervenciones en crisis y primeros auxilios psicol\u00f3gicos a los refugiados para abordar las secuelas emocionales inmediatas provocadas por la emergencia.<\/p>\n\n\n\n<figure class=\"wp-block-gallery has-nested-images columns-default is-cropped wp-block-gallery-1 is-layout-flex wp-block-gallery-is-layout-flex\">\n<figure class=\"wp-block-image size-large is-style-default\"><img loading=\"lazy\" decoding=\"async\" width=\"731\" height=\"1024\" data-id=\"13556\" src=\"https:\/\/elpuucnoticias.com\/wp-content\/uploads\/2024\/06\/whatsapp-image-2024-06-17-at-10.43.17-am-2-731x1024.jpeg\" alt=\"\" class=\"wp-image-13556\" srcset=\"https:\/\/elpuucnoticias.com\/wp-content\/uploads\/2024\/06\/whatsapp-image-2024-06-17-at-10.43.17-am-2-731x1024.jpeg 731w, https:\/\/elpuucnoticias.com\/wp-content\/uploads\/2024\/06\/whatsapp-image-2024-06-17-at-10.43.17-am-2-214x300.jpeg 214w, https:\/\/elpuucnoticias.com\/wp-content\/uploads\/2024\/06\/whatsapp-image-2024-06-17-at-10.43.17-am-2-768x1076.jpeg 768w, https:\/\/elpuucnoticias.com\/wp-content\/uploads\/2024\/06\/whatsapp-image-2024-06-17-at-10.43.17-am-2-1096x1536.jpeg 1096w, https:\/\/elpuucnoticias.com\/wp-content\/uploads\/2024\/06\/whatsapp-image-2024-06-17-at-10.43.17-am-2-228x320.jpeg 228w, https:\/\/elpuucnoticias.com\/wp-content\/uploads\/2024\/06\/whatsapp-image-2024-06-17-at-10.43.17-am-2.jpeg 1141w\" sizes=\"auto, (max-width: 731px) 100vw, 731px\" \/><\/figure>\n\n\n\n<figure class=\"wp-block-image size-large is-style-default\"><img loading=\"lazy\" decoding=\"async\" width=\"1024\" height=\"684\" data-id=\"13557\" src=\"https:\/\/elpuucnoticias.com\/wp-content\/uploads\/2024\/06\/whatsapp-image-2024-06-17-at-10.43.16-am-1024x684.jpeg\" alt=\"\" class=\"wp-image-13557\" srcset=\"https:\/\/elpuucnoticias.com\/wp-content\/uploads\/2024\/06\/whatsapp-image-2024-06-17-at-10.43.16-am-1024x684.jpeg 1024w, https:\/\/elpuucnoticias.com\/wp-content\/uploads\/2024\/06\/whatsapp-image-2024-06-17-at-10.43.16-am-300x200.jpeg 300w, https:\/\/elpuucnoticias.com\/wp-content\/uploads\/2024\/06\/whatsapp-image-2024-06-17-at-10.43.16-am-768x513.jpeg 768w, https:\/\/elpuucnoticias.com\/wp-content\/uploads\/2024\/06\/whatsapp-image-2024-06-17-at-10.43.16-am-600x400.jpeg 600w, https:\/\/elpuucnoticias.com\/wp-content\/uploads\/2024\/06\/whatsapp-image-2024-06-17-at-10.43.16-am-320x214.jpeg 320w, https:\/\/elpuucnoticias.com\/wp-content\/uploads\/2024\/06\/whatsapp-image-2024-06-17-at-10.43.16-am.jpeg 1280w\" sizes=\"auto, (max-width: 1024px) 100vw, 1024px\" \/><\/figure>\n<\/figure>\n\n\n\n<p>El equipo de salud mental, trabaj\u00f3 intensamente para ofrecer apoyo emocional a 14 adultos y 4 menores, reducir el impacto del estr\u00e9s postraum\u00e1tico y manejar la ansiedad generada por la situaci\u00f3n de evacuaci\u00f3n y p\u00e9rdida.<\/p>\n\n\n\n<p>Esta intervenci\u00f3n es crucial para estabilizar emocionalmente a las personas y fomentar un entorno de apoyo y resiliencia en medio de la crisis.<\/p>\n\n\n\n<p>Durante la intervenci\u00f3n, se detect\u00f3 a una v\u00edctima de violencia que estaba acompa\u00f1ada por su madre, lo que resalta la importancia de contar con personal capacitado para identificar y ofrecer el apoyo adecuado en situaciones de emergencia.<\/p>\n\n\n\n<p>Adem\u00e1s, se brind\u00f3 atenci\u00f3n a una mujer con depresi\u00f3n e intento de suicidio, quien se encontraba en el albergue con sus dos hijos menores de edad.<\/p>\n\n\n\n<p>El enfoque integral y sensible en la atenci\u00f3n a personas vulnerables en contextos de crisis es muy importante en situaciones como la registrada en la capital del estado.<\/p>\n","protected":false},"excerpt":{"rendered":"<p>Los Servicios Estatales de Salud activaron una brigada de atenci\u00f3n integral en el albergue temporal, que acogi\u00f3 a<\/p>\n","protected":false},"author":1,"featured_media":13558,"comment_status":"closed","ping_status":"open","sticky":false,"template":"","format":"standard","meta":{"_monsterinsights_skip_tracking":false,"_monsterinsights_sitenote_active":false,"_monsterinsights_sitenote_note":"","_monsterinsights_sitenote_category":0,"footnotes":""},"categories":[11,24],"tags":[],"class_list":["post-13555","post","type-post","status-publish","format-standard","has-post-thumbnail","hentry","category-noticias","category-quintana-roo"],"yoast_head":"<!-- This site is optimized with the Yoast SEO plugin v18.3 - https:\/\/yoast.com\/wordpress\/plugins\/seo\/ -->\n<title>Brindan atenci\u00f3n m\u00e9dica y psicol\u00f3gica a poblaci\u00f3n en albergues temporales - El Puuc Noticias<\/title>\n<meta name=\"robots\" content=\"index, follow, max-snippet:-1, max-image-preview:large, max-video-preview:-1\" \/>\n<link rel=\"canonical\" href=\"https:\/\/elpuucnoticias.com\/?p=13555\" \/>\n<meta property=\"og:locale\" content=\"es_ES\" \/>\n<meta property=\"og:type\" content=\"article\" \/>\n<meta property=\"og:title\" content=\"Brindan atenci\u00f3n m\u00e9dica y psicol\u00f3gica a poblaci\u00f3n en albergues temporales - El Puuc Noticias\" \/>\n<meta property=\"og:description\" content=\"Los Servicios Estatales de Salud activaron una brigada de atenci\u00f3n integral en el albergue temporal, que acogi\u00f3 a\" \/>\n<meta property=\"og:url\" content=\"https:\/\/elpuucnoticias.com\/?p=13555\" \/>\n<meta property=\"og:site_name\" content=\"El Puuc Noticias\" \/>\n<meta property=\"article:published_time\" content=\"2024-06-17T16:59:40+00:00\" \/>\n<meta property=\"article:modified_time\" content=\"2024-06-17T16:59:41+00:00\" \/>\n<meta property=\"og:image\" content=\"https:\/\/elpuucnoticias.com\/wp-content\/uploads\/2024\/06\/whatsapp-image-2024-06-17-at-10.43.17-am-1.jpeg\" \/>\n\t<meta property=\"og:image:width\" content=\"1200\" \/>\n\t<meta property=\"og:image:height\" content=\"1066\" \/>\n\t<meta property=\"og:image:type\" content=\"image\/jpeg\" \/>\n<meta name=\"twitter:card\" content=\"summary_large_image\" \/>\n<meta name=\"twitter:label1\" content=\"Escrito por\" \/>\n\t<meta name=\"twitter:data1\" content=\"elpuucnoticias\" \/>\n\t<meta name=\"twitter:label2\" content=\"Tiempo de lectura\" \/>\n\t<meta name=\"twitter:data2\" content=\"2 minutos\" \/>\n<script type=\"application\/ld+json\" class=\"yoast-schema-graph\">{\"@context\":\"https:\/\/schema.org\",\"@graph\":[{\"@type\":\"WebSite\",\"@id\":\"https:\/\/elpuucnoticias.com\/#website\",\"url\":\"https:\/\/elpuucnoticias.com\/\",\"name\":\"El Puuc Noticias\",\"description\":\"Noticias - Entretenimiento - Deportes\",\"potentialAction\":[{\"@type\":\"SearchAction\",\"target\":{\"@type\":\"EntryPoint\",\"urlTemplate\":\"https:\/\/elpuucnoticias.com\/?s={search_term_string}\"},\"query-input\":\"required name=search_term_string\"}],\"inLanguage\":\"es\"},{\"@type\":\"ImageObject\",\"@id\":\"https:\/\/elpuucnoticias.com\/?p=13555#primaryimage\",\"inLanguage\":\"es\",\"url\":\"https:\/\/elpuucnoticias.com\/wp-content\/uploads\/2024\/06\/whatsapp-image-2024-06-17-at-10.43.17-am-1.jpeg\",\"contentUrl\":\"https:\/\/elpuucnoticias.com\/wp-content\/uploads\/2024\/06\/whatsapp-image-2024-06-17-at-10.43.17-am-1.jpeg\",\"width\":1200,\"height\":1066},{\"@type\":\"WebPage\",\"@id\":\"https:\/\/elpuucnoticias.com\/?p=13555#webpage\",\"url\":\"https:\/\/elpuucnoticias.com\/?p=13555\",\"name\":\"Brindan atenci\u00f3n m\u00e9dica y psicol\u00f3gica a poblaci\u00f3n en albergues temporales - El Puuc Noticias\",\"isPartOf\":{\"@id\":\"https:\/\/elpuucnoticias.com\/#website\"},\"primaryImageOfPage\":{\"@id\":\"https:\/\/elpuucnoticias.com\/?p=13555#primaryimage\"},\"datePublished\":\"2024-06-17T16:59:40+00:00\",\"dateModified\":\"2024-06-17T16:59:41+00:00\",\"author\":{\"@id\":\"https:\/\/elpuucnoticias.com\/#\/schema\/person\/d2ea09e4c97f0160b11cdfb1d856bd9e\"},\"breadcrumb\":{\"@id\":\"https:\/\/elpuucnoticias.com\/?p=13555#breadcrumb\"},\"inLanguage\":\"es\",\"potentialAction\":[{\"@type\":\"ReadAction\",\"target\":[\"https:\/\/elpuucnoticias.com\/?p=13555\"]}]},{\"@type\":\"BreadcrumbList\",\"@id\":\"https:\/\/elpuucnoticias.com\/?p=13555#breadcrumb\",\"itemListElement\":[{\"@type\":\"ListItem\",\"position\":1,\"name\":\"Portada\",\"item\":\"https:\/\/elpuucnoticias.com\/\"},{\"@type\":\"ListItem\",\"position\":2,\"name\":\"Brindan atenci\u00f3n m\u00e9dica y psicol\u00f3gica a poblaci\u00f3n en albergues temporales\"}]},{\"@type\":\"Person\",\"@id\":\"https:\/\/elpuucnoticias.com\/#\/schema\/person\/d2ea09e4c97f0160b11cdfb1d856bd9e\",\"name\":\"elpuucnoticias\",\"image\":{\"@type\":\"ImageObject\",\"@id\":\"https:\/\/elpuucnoticias.com\/#personlogo\",\"inLanguage\":\"es\",\"url\":\"https:\/\/secure.gravatar.com\/avatar\/5290a43657c74ffa15701dbe5b846bd85cc71930d803c84e91046a7333de6ce2?s=96&d=mm&r=g\",\"contentUrl\":\"https:\/\/secure.gravatar.com\/avatar\/5290a43657c74ffa15701dbe5b846bd85cc71930d803c84e91046a7333de6ce2?s=96&d=mm&r=g\",\"caption\":\"elpuucnoticias\"},\"sameAs\":[\"https:\/\/elpuucnoticias.com\"],\"url\":\"https:\/\/elpuucnoticias.com\/?author=1\"}]}<\/script>\n<!-- \/ Yoast SEO plugin. -->","yoast_head_json":{"title":"Brindan atenci\u00f3n m\u00e9dica y psicol\u00f3gica a poblaci\u00f3n en albergues temporales - El Puuc Noticias","robots":{"index":"index","follow":"follow","max-snippet":"max-snippet:-1","max-image-preview":"max-image-preview:large","max-video-preview":"max-video-preview:-1"},"canonical":"https:\/\/elpuucnoticias.com\/?p=13555","og_locale":"es_ES","og_type":"article","og_title":"Brindan atenci\u00f3n m\u00e9dica y psicol\u00f3gica a poblaci\u00f3n en albergues temporales - El Puuc Noticias","og_description":"Los Servicios Estatales de Salud activaron una brigada de atenci\u00f3n integral en el albergue temporal, que acogi\u00f3 a","og_url":"https:\/\/elpuucnoticias.com\/?p=13555","og_site_name":"El Puuc Noticias","article_published_time":"2024-06-17T16:59:40+00:00","article_modified_time":"2024-06-17T16:59:41+00:00","og_image":[{"width":1200,"height":1066,"url":"https:\/\/elpuucnoticias.com\/wp-content\/uploads\/2024\/06\/whatsapp-image-2024-06-17-at-10.43.17-am-1.jpeg","type":"image\/jpeg"}],"twitter_card":"summary_large_image","twitter_misc":{"Escrito por":"elpuucnoticias","Tiempo de lectura":"2 minutos"},"schema":{"@context":"https:\/\/schema.org","@graph":[{"@type":"WebSite","@id":"https:\/\/elpuucnoticias.com\/#website","url":"https:\/\/elpuucnoticias.com\/","name":"El Puuc Noticias","description":"Noticias - Entretenimiento - Deportes","potentialAction":[{"@type":"SearchAction","target":{"@type":"EntryPoint","urlTemplate":"https:\/\/elpuucnoticias.com\/?s={search_term_string}"},"query-input":"required name=search_term_string"}],"inLanguage":"es"},{"@type":"ImageObject","@id":"https:\/\/elpuucnoticias.com\/?p=13555#primaryimage","inLanguage":"es","url":"https:\/\/elpuucnoticias.com\/wp-content\/uploads\/2024\/06\/whatsapp-image-2024-06-17-at-10.43.17-am-1.jpeg","contentUrl":"https:\/\/elpuucnoticias.com\/wp-content\/uploads\/2024\/06\/whatsapp-image-2024-06-17-at-10.43.17-am-1.jpeg","width":1200,"height":1066},{"@type":"WebPage","@id":"https:\/\/elpuucnoticias.com\/?p=13555#webpage","url":"https:\/\/elpuucnoticias.com\/?p=13555","name":"Brindan atenci\u00f3n m\u00e9dica y psicol\u00f3gica a poblaci\u00f3n en albergues temporales - El Puuc Noticias","isPartOf":{"@id":"https:\/\/elpuucnoticias.com\/#website"},"primaryImageOfPage":{"@id":"https:\/\/elpuucnoticias.com\/?p=13555#primaryimage"},"datePublished":"2024-06-17T16:59:40+00:00","dateModified":"2024-06-17T16:59:41+00:00","author":{"@id":"https:\/\/elpuucnoticias.com\/#\/schema\/person\/d2ea09e4c97f0160b11cdfb1d856bd9e"},"breadcrumb":{"@id":"https:\/\/elpuucnoticias.com\/?p=13555#breadcrumb"},"inLanguage":"es","potentialAction":[{"@type":"ReadAction","target":["https:\/\/elpuucnoticias.com\/?p=13555"]}]},{"@type":"BreadcrumbList","@id":"https:\/\/elpuucnoticias.com\/?p=13555#breadcrumb","itemListElement":[{"@type":"ListItem","position":1,"name":"Portada","item":"https:\/\/elpuucnoticias.com\/"},{"@type":"ListItem","position":2,"name":"Brindan atenci\u00f3n m\u00e9dica y psicol\u00f3gica a poblaci\u00f3n en albergues temporales"}]},{"@type":"Person","@id":"https:\/\/elpuucnoticias.com\/#\/schema\/person\/d2ea09e4c97f0160b11cdfb1d856bd9e","name":"elpuucnoticias","image":{"@type":"ImageObject","@id":"https:\/\/elpuucnoticias.com\/#personlogo","inLanguage":"es","url":"https:\/\/secure.gravatar.com\/avatar\/5290a43657c74ffa15701dbe5b846bd85cc71930d803c84e91046a7333de6ce2?s=96&d=mm&r=g","contentUrl":"https:\/\/secure.gravatar.com\/avatar\/5290a43657c74ffa15701dbe5b846bd85cc71930d803c84e91046a7333de6ce2?s=96&d=mm&r=g","caption":"elpuucnoticias"},"sameAs":["https:\/\/elpuucnoticias.com"],"url":"https:\/\/elpuucnoticias.com\/?author=1"}]}},"_links":{"self":[{"href":"https:\/\/elpuucnoticias.com\/index.php?rest_route=\/wp\/v2\/posts\/13555","targetHints":{"allow":["GET"]}}],"collection":[{"href":"https:\/\/elpuucnoticias.com\/index.php?rest_route=\/wp\/v2\/posts"}],"about":[{"href":"https:\/\/elpuucnoticias.com\/index.php?rest_route=\/wp\/v2\/types\/post"}],"author":[{"embeddable":true,"href":"https:\/\/elpuucnoticias.com\/index.php?rest_route=\/wp\/v2\/users\/1"}],"replies":[{"embeddable":true,"href":"https:\/\/elpuucnoticias.com\/index.php?rest_route=%2Fwp%2Fv2%2Fcomments&post=13555"}],"version-history":[{"count":1,"href":"https:\/\/elpuucnoticias.com\/index.php?rest_route=\/wp\/v2\/posts\/13555\/revisions"}],"predecessor-version":[{"id":13559,"href":"https:\/\/elpuucnoticias.com\/index.php?rest_route=\/wp\/v2\/posts\/13555\/revisions\/13559"}],"wp:featuredmedia":[{"embeddable":true,"href":"https:\/\/elpuucnoticias.com\/index.php?rest_route=\/wp\/v2\/media\/13558"}],"wp:attachment":[{"href":"https:\/\/elpuucnoticias.com\/index.php?rest_route=%2Fwp%2Fv2%2Fmedia&parent=13555"}],"wp:term":[{"taxonomy":"category","embeddable":true,"href":"https:\/\/elpuucnoticias.com\/index.php?rest_route=%2Fwp%2Fv2%2Fcategories&post=13555"},{"taxonomy":"post_tag","embeddable":true,"href":"https:\/\/elpuucnoticias.com\/index.php?rest_route=%2Fwp%2Fv2%2Ftags&post=13555"}],"curies":[{"name":"wp","href":"https:\/\/api.w.org\/{rel}","templated":true}]}}