{"id":13588,"date":"2024-06-17T11:53:38","date_gmt":"2024-06-17T17:53:38","guid":{"rendered":"https:\/\/elpuucnoticias.com\/?p=13588"},"modified":"2024-06-17T11:53:40","modified_gmt":"2024-06-17T17:53:40","slug":"la-fundacion-de-parques-y-museos-trabaja-con-otras-instituciones-para-la-conservacion-del-flamenco-del-caribe-en-cozumel","status":"publish","type":"post","link":"https:\/\/elpuucnoticias.com\/?p=13588","title":{"rendered":"La Fundaci\u00f3n de Parques y Museos trabaja con otras instituciones para la Conservaci\u00f3n del Flamenco del Caribe en Cozumel"},"content":{"rendered":"\n<p>En un esfuerzo significativo por preservar la rica biodiversidad de M\u00e9xico, la Fundaci\u00f3n de Parques y Museos de Cozumel (FPMC) mantiene una estrecha colaboraci\u00f3n con la Fundaci\u00f3n Pedro y Elena Hern\u00e1ndez AC, que ha centrado su atenci\u00f3n en la conservaci\u00f3n del flamenco del Caribe (Phoenicopterus ruber) en la Pen\u00ednsula de Yucat\u00e1n.<\/p>\n\n\n\n<p>Esta iniciativa no s\u00f3lo se dedica a la protecci\u00f3n de esta emblem\u00e1tica especie, sino tambi\u00e9n a la restauraci\u00f3n de su h\u00e1bitat, en colaboraci\u00f3n con diversas organizaciones p\u00fablicas y privadas.<\/p>\n\n\n\n<figure class=\"wp-block-gallery has-nested-images columns-default is-cropped wp-block-gallery-1 is-layout-flex wp-block-gallery-is-layout-flex\">\n<figure class=\"wp-block-image size-large is-style-default\"><img loading=\"lazy\" decoding=\"async\" width=\"1024\" height=\"576\" data-id=\"13590\" src=\"https:\/\/elpuucnoticias.com\/wp-content\/uploads\/2024\/06\/whatsapp-image-2024-06-17-at-11.21.17-am-1024x576.jpeg\" alt=\"\" class=\"wp-image-13590\" srcset=\"https:\/\/elpuucnoticias.com\/wp-content\/uploads\/2024\/06\/whatsapp-image-2024-06-17-at-11.21.17-am-1024x576.jpeg 1024w, https:\/\/elpuucnoticias.com\/wp-content\/uploads\/2024\/06\/whatsapp-image-2024-06-17-at-11.21.17-am-300x169.jpeg 300w, https:\/\/elpuucnoticias.com\/wp-content\/uploads\/2024\/06\/whatsapp-image-2024-06-17-at-11.21.17-am-768x432.jpeg 768w, https:\/\/elpuucnoticias.com\/wp-content\/uploads\/2024\/06\/whatsapp-image-2024-06-17-at-11.21.17-am-1536x864.jpeg 1536w, https:\/\/elpuucnoticias.com\/wp-content\/uploads\/2024\/06\/whatsapp-image-2024-06-17-at-11.21.17-am-320x180.jpeg 320w, https:\/\/elpuucnoticias.com\/wp-content\/uploads\/2024\/06\/whatsapp-image-2024-06-17-at-11.21.17-am.jpeg 1599w\" sizes=\"auto, (max-width: 1024px) 100vw, 1024px\" \/><\/figure>\n\n\n\n<figure class=\"wp-block-image size-large is-style-default\"><img loading=\"lazy\" decoding=\"async\" width=\"1024\" height=\"576\" data-id=\"13589\" src=\"https:\/\/elpuucnoticias.com\/wp-content\/uploads\/2024\/06\/whatsapp-image-2024-06-17-at-11.21.17-am-1-1024x576.jpeg\" alt=\"\" class=\"wp-image-13589\" srcset=\"https:\/\/elpuucnoticias.com\/wp-content\/uploads\/2024\/06\/whatsapp-image-2024-06-17-at-11.21.17-am-1-1024x576.jpeg 1024w, https:\/\/elpuucnoticias.com\/wp-content\/uploads\/2024\/06\/whatsapp-image-2024-06-17-at-11.21.17-am-1-300x169.jpeg 300w, https:\/\/elpuucnoticias.com\/wp-content\/uploads\/2024\/06\/whatsapp-image-2024-06-17-at-11.21.17-am-1-768x432.jpeg 768w, https:\/\/elpuucnoticias.com\/wp-content\/uploads\/2024\/06\/whatsapp-image-2024-06-17-at-11.21.17-am-1-1536x864.jpeg 1536w, https:\/\/elpuucnoticias.com\/wp-content\/uploads\/2024\/06\/whatsapp-image-2024-06-17-at-11.21.17-am-1-320x180.jpeg 320w, https:\/\/elpuucnoticias.com\/wp-content\/uploads\/2024\/06\/whatsapp-image-2024-06-17-at-11.21.17-am-1.jpeg 1599w\" sizes=\"auto, (max-width: 1024px) 100vw, 1024px\" \/><\/figure>\n<\/figure>\n\n\n\n<p>Desde su creaci\u00f3n, la Fundaci\u00f3n Pedro y Elena Hern\u00e1ndez ha trabajado estrechamente con entidades como la Comisi\u00f3n Nacional de \u00c1reas Naturales Protegidas (CONANP), la Universidad Nacional Aut\u00f3noma de M\u00e9xico (UNAM), el Colegio de la Frontera Sur, y otras instituciones acad\u00e9micas y privadas. Estas alianzas han sido cruciales para el monitoreo y la conservaci\u00f3n del flamenco del Caribe y su h\u00e1bitat en el sistema lagunar de R\u00eda Lagartos.<\/p>\n\n\n\n<p>Recientemente, la Fundaci\u00f3n Pedro y Elena ha enfocado sus esfuerzos en Isla Cozumel y la FPMC ha realizado importantes trabajos de monitoreo de aves en el Parque Ecol\u00f3gico Estatal Laguna Colombia.<\/p>\n\n\n\n<p>Este lugar, conocido tambi\u00e9n como Parque Punta Sur, abarca mil 130 hect\u00e1reas y ha sido un refugio para el flamenco rosado, especialmente despu\u00e9s de la devastaci\u00f3n causada por los huracanes Emily y Wilma en 2005, inform\u00f3 el director general de la instituci\u00f3n cozumele\u00f1a, Alejandro March\u00e1n Pay\u00e1n.<\/p>\n\n\n\n<p>Explic\u00f3 que durante la decada pasada, se realiz\u00f3 en Punta Sur un proyecto de restauraci\u00f3n por parte de la Comisi\u00f3n Nacional Forestal (CONAFOR) y expertos en ecosistemas de manglar, al cual se le ha brindado seguimiento constante, lo que ha permitido revitalizar la avifauna acu\u00e1tica en el \u00e1rea volviendo a habitar la regi\u00f3n, y destac\u00f3 que se ha observado un aumento en la presencia del flamenco rosado.<\/p>\n\n\n\n<p>El subdirector del Parque Ecotur\u00edstico Punta Sur, bi\u00f3logo H\u00e9ctor Gonz\u00e1lez Cort\u00e9s, indic\u00f3 que el reciente registro de anillamientos de flamencos rosados en Cozumel, enmarcado en la iniciativa de Ciencia Ciudadana \u201cFlamenco Lab\u201d de la Fundaci\u00f3n Pedro y Elena Hern\u00e1ndez, representa un avance significativo, ya que la informaci\u00f3n obtenida de estos anillamientos proporciona datos valiosos sobre la distribuci\u00f3n y migraci\u00f3n de estas aves en la pen\u00ednsula de Yucat\u00e1n.<\/p>\n\n\n\n<p>Agreg\u00f3 que la FPMC ha sido clave en la implementaci\u00f3n de este proyecto, promoviendo la participaci\u00f3n comunitaria a trav\u00e9s de carteles informativos proporcionados por la FPyEAC, que detallan el proceso de reporte de anillamientos en el Parque Laguna Colombia.<\/p>\n\n\n\n<p>Este esfuerzo conjunto entre la Fundaci\u00f3n Pedro y Elena Hern\u00e1ndez y la Fundaci\u00f3n de Parques y Museos de Cozumel subraya la importancia de la colaboraci\u00f3n interinstitucional y el papel crucial de la comunidad en la conservaci\u00f3n de especies emblem\u00e1ticas de la Pen\u00ednsula yucateca como el flamenco rosado del Caribe.<\/p>\n","protected":false},"excerpt":{"rendered":"<p>En un esfuerzo significativo por preservar la rica biodiversidad de M\u00e9xico, la Fundaci\u00f3n de Parques y Museos de<\/p>\n","protected":false},"author":1,"featured_media":13591,"comment_status":"closed","ping_status":"open","sticky":false,"template":"","format":"standard","meta":{"_monsterinsights_skip_tracking":false,"_monsterinsights_sitenote_active":false,"_monsterinsights_sitenote_note":"","_monsterinsights_sitenote_category":0,"footnotes":""},"categories":[11,24],"tags":[],"class_list":["post-13588","post","type-post","status-publish","format-standard","has-post-thumbnail","hentry","category-noticias","category-quintana-roo"],"yoast_head":"<!-- This site is optimized with the Yoast SEO plugin v18.3 - https:\/\/yoast.com\/wordpress\/plugins\/seo\/ -->\n<title>La Fundaci\u00f3n de Parques y Museos trabaja con otras instituciones para la Conservaci\u00f3n del Flamenco del Caribe en Cozumel - El Puuc Noticias<\/title>\n<meta name=\"robots\" content=\"index, follow, max-snippet:-1, max-image-preview:large, max-video-preview:-1\" \/>\n<link rel=\"canonical\" href=\"https:\/\/elpuucnoticias.com\/?p=13588\" \/>\n<meta property=\"og:locale\" content=\"es_ES\" \/>\n<meta property=\"og:type\" content=\"article\" \/>\n<meta property=\"og:title\" content=\"La Fundaci\u00f3n de Parques y Museos trabaja con otras instituciones para la Conservaci\u00f3n del Flamenco del Caribe en Cozumel - El Puuc Noticias\" \/>\n<meta property=\"og:description\" content=\"En un esfuerzo significativo por preservar la rica biodiversidad de M\u00e9xico, la Fundaci\u00f3n de Parques y Museos de\" \/>\n<meta property=\"og:url\" content=\"https:\/\/elpuucnoticias.com\/?p=13588\" \/>\n<meta property=\"og:site_name\" content=\"El Puuc Noticias\" \/>\n<meta property=\"article:published_time\" content=\"2024-06-17T17:53:38+00:00\" \/>\n<meta property=\"article:modified_time\" content=\"2024-06-17T17:53:40+00:00\" \/>\n<meta property=\"og:image\" content=\"https:\/\/elpuucnoticias.com\/wp-content\/uploads\/2024\/06\/whatsapp-image-2024-06-17-at-11.21.17-am-2.jpeg\" \/>\n\t<meta property=\"og:image:width\" content=\"1599\" \/>\n\t<meta property=\"og:image:height\" content=\"899\" \/>\n\t<meta property=\"og:image:type\" content=\"image\/jpeg\" \/>\n<meta name=\"twitter:card\" content=\"summary_large_image\" \/>\n<meta name=\"twitter:label1\" content=\"Escrito por\" \/>\n\t<meta name=\"twitter:data1\" content=\"elpuucnoticias\" \/>\n\t<meta name=\"twitter:label2\" content=\"Tiempo de lectura\" \/>\n\t<meta name=\"twitter:data2\" content=\"3 minutos\" \/>\n<script type=\"application\/ld+json\" class=\"yoast-schema-graph\">{\"@context\":\"https:\/\/schema.org\",\"@graph\":[{\"@type\":\"WebSite\",\"@id\":\"https:\/\/elpuucnoticias.com\/#website\",\"url\":\"https:\/\/elpuucnoticias.com\/\",\"name\":\"El Puuc Noticias\",\"description\":\"Noticias - Entretenimiento - Deportes\",\"potentialAction\":[{\"@type\":\"SearchAction\",\"target\":{\"@type\":\"EntryPoint\",\"urlTemplate\":\"https:\/\/elpuucnoticias.com\/?s={search_term_string}\"},\"query-input\":\"required name=search_term_string\"}],\"inLanguage\":\"es\"},{\"@type\":\"ImageObject\",\"@id\":\"https:\/\/elpuucnoticias.com\/?p=13588#primaryimage\",\"inLanguage\":\"es\",\"url\":\"https:\/\/elpuucnoticias.com\/wp-content\/uploads\/2024\/06\/whatsapp-image-2024-06-17-at-11.21.17-am-2.jpeg\",\"contentUrl\":\"https:\/\/elpuucnoticias.com\/wp-content\/uploads\/2024\/06\/whatsapp-image-2024-06-17-at-11.21.17-am-2.jpeg\",\"width\":1599,\"height\":899},{\"@type\":\"WebPage\",\"@id\":\"https:\/\/elpuucnoticias.com\/?p=13588#webpage\",\"url\":\"https:\/\/elpuucnoticias.com\/?p=13588\",\"name\":\"La Fundaci\u00f3n de Parques y Museos trabaja con otras instituciones para la Conservaci\u00f3n del Flamenco del Caribe en Cozumel - El Puuc Noticias\",\"isPartOf\":{\"@id\":\"https:\/\/elpuucnoticias.com\/#website\"},\"primaryImageOfPage\":{\"@id\":\"https:\/\/elpuucnoticias.com\/?p=13588#primaryimage\"},\"datePublished\":\"2024-06-17T17:53:38+00:00\",\"dateModified\":\"2024-06-17T17:53:40+00:00\",\"author\":{\"@id\":\"https:\/\/elpuucnoticias.com\/#\/schema\/person\/d2ea09e4c97f0160b11cdfb1d856bd9e\"},\"breadcrumb\":{\"@id\":\"https:\/\/elpuucnoticias.com\/?p=13588#breadcrumb\"},\"inLanguage\":\"es\",\"potentialAction\":[{\"@type\":\"ReadAction\",\"target\":[\"https:\/\/elpuucnoticias.com\/?p=13588\"]}]},{\"@type\":\"BreadcrumbList\",\"@id\":\"https:\/\/elpuucnoticias.com\/?p=13588#breadcrumb\",\"itemListElement\":[{\"@type\":\"ListItem\",\"position\":1,\"name\":\"Portada\",\"item\":\"https:\/\/elpuucnoticias.com\/\"},{\"@type\":\"ListItem\",\"position\":2,\"name\":\"La Fundaci\u00f3n de Parques y Museos trabaja con otras instituciones para la Conservaci\u00f3n del Flamenco del Caribe en Cozumel\"}]},{\"@type\":\"Person\",\"@id\":\"https:\/\/elpuucnoticias.com\/#\/schema\/person\/d2ea09e4c97f0160b11cdfb1d856bd9e\",\"name\":\"elpuucnoticias\",\"image\":{\"@type\":\"ImageObject\",\"@id\":\"https:\/\/elpuucnoticias.com\/#personlogo\",\"inLanguage\":\"es\",\"url\":\"https:\/\/secure.gravatar.com\/avatar\/5290a43657c74ffa15701dbe5b846bd85cc71930d803c84e91046a7333de6ce2?s=96&d=mm&r=g\",\"contentUrl\":\"https:\/\/secure.gravatar.com\/avatar\/5290a43657c74ffa15701dbe5b846bd85cc71930d803c84e91046a7333de6ce2?s=96&d=mm&r=g\",\"caption\":\"elpuucnoticias\"},\"sameAs\":[\"https:\/\/elpuucnoticias.com\"],\"url\":\"https:\/\/elpuucnoticias.com\/?author=1\"}]}<\/script>\n<!-- \/ Yoast SEO plugin. -->","yoast_head_json":{"title":"La Fundaci\u00f3n de Parques y Museos trabaja con otras instituciones para la Conservaci\u00f3n del Flamenco del Caribe en Cozumel - El Puuc Noticias","robots":{"index":"index","follow":"follow","max-snippet":"max-snippet:-1","max-image-preview":"max-image-preview:large","max-video-preview":"max-video-preview:-1"},"canonical":"https:\/\/elpuucnoticias.com\/?p=13588","og_locale":"es_ES","og_type":"article","og_title":"La Fundaci\u00f3n de Parques y Museos trabaja con otras instituciones para la Conservaci\u00f3n del Flamenco del Caribe en Cozumel - El Puuc Noticias","og_description":"En un esfuerzo significativo por preservar la rica biodiversidad de M\u00e9xico, la Fundaci\u00f3n de Parques y Museos de","og_url":"https:\/\/elpuucnoticias.com\/?p=13588","og_site_name":"El Puuc Noticias","article_published_time":"2024-06-17T17:53:38+00:00","article_modified_time":"2024-06-17T17:53:40+00:00","og_image":[{"width":1599,"height":899,"url":"https:\/\/elpuucnoticias.com\/wp-content\/uploads\/2024\/06\/whatsapp-image-2024-06-17-at-11.21.17-am-2.jpeg","type":"image\/jpeg"}],"twitter_card":"summary_large_image","twitter_misc":{"Escrito por":"elpuucnoticias","Tiempo de lectura":"3 minutos"},"schema":{"@context":"https:\/\/schema.org","@graph":[{"@type":"WebSite","@id":"https:\/\/elpuucnoticias.com\/#website","url":"https:\/\/elpuucnoticias.com\/","name":"El Puuc Noticias","description":"Noticias - Entretenimiento - Deportes","potentialAction":[{"@type":"SearchAction","target":{"@type":"EntryPoint","urlTemplate":"https:\/\/elpuucnoticias.com\/?s={search_term_string}"},"query-input":"required name=search_term_string"}],"inLanguage":"es"},{"@type":"ImageObject","@id":"https:\/\/elpuucnoticias.com\/?p=13588#primaryimage","inLanguage":"es","url":"https:\/\/elpuucnoticias.com\/wp-content\/uploads\/2024\/06\/whatsapp-image-2024-06-17-at-11.21.17-am-2.jpeg","contentUrl":"https:\/\/elpuucnoticias.com\/wp-content\/uploads\/2024\/06\/whatsapp-image-2024-06-17-at-11.21.17-am-2.jpeg","width":1599,"height":899},{"@type":"WebPage","@id":"https:\/\/elpuucnoticias.com\/?p=13588#webpage","url":"https:\/\/elpuucnoticias.com\/?p=13588","name":"La Fundaci\u00f3n de Parques y Museos trabaja con otras instituciones para la Conservaci\u00f3n del Flamenco del Caribe en Cozumel - El Puuc Noticias","isPartOf":{"@id":"https:\/\/elpuucnoticias.com\/#website"},"primaryImageOfPage":{"@id":"https:\/\/elpuucnoticias.com\/?p=13588#primaryimage"},"datePublished":"2024-06-17T17:53:38+00:00","dateModified":"2024-06-17T17:53:40+00:00","author":{"@id":"https:\/\/elpuucnoticias.com\/#\/schema\/person\/d2ea09e4c97f0160b11cdfb1d856bd9e"},"breadcrumb":{"@id":"https:\/\/elpuucnoticias.com\/?p=13588#breadcrumb"},"inLanguage":"es","potentialAction":[{"@type":"ReadAction","target":["https:\/\/elpuucnoticias.com\/?p=13588"]}]},{"@type":"BreadcrumbList","@id":"https:\/\/elpuucnoticias.com\/?p=13588#breadcrumb","itemListElement":[{"@type":"ListItem","position":1,"name":"Portada","item":"https:\/\/elpuucnoticias.com\/"},{"@type":"ListItem","position":2,"name":"La Fundaci\u00f3n de Parques y Museos trabaja con otras instituciones para la Conservaci\u00f3n del Flamenco del Caribe en Cozumel"}]},{"@type":"Person","@id":"https:\/\/elpuucnoticias.com\/#\/schema\/person\/d2ea09e4c97f0160b11cdfb1d856bd9e","name":"elpuucnoticias","image":{"@type":"ImageObject","@id":"https:\/\/elpuucnoticias.com\/#personlogo","inLanguage":"es","url":"https:\/\/secure.gravatar.com\/avatar\/5290a43657c74ffa15701dbe5b846bd85cc71930d803c84e91046a7333de6ce2?s=96&d=mm&r=g","contentUrl":"https:\/\/secure.gravatar.com\/avatar\/5290a43657c74ffa15701dbe5b846bd85cc71930d803c84e91046a7333de6ce2?s=96&d=mm&r=g","caption":"elpuucnoticias"},"sameAs":["https:\/\/elpuucnoticias.com"],"url":"https:\/\/elpuucnoticias.com\/?author=1"}]}},"_links":{"self":[{"href":"https:\/\/elpuucnoticias.com\/index.php?rest_route=\/wp\/v2\/posts\/13588","targetHints":{"allow":["GET"]}}],"collection":[{"href":"https:\/\/elpuucnoticias.com\/index.php?rest_route=\/wp\/v2\/posts"}],"about":[{"href":"https:\/\/elpuucnoticias.com\/index.php?rest_route=\/wp\/v2\/types\/post"}],"author":[{"embeddable":true,"href":"https:\/\/elpuucnoticias.com\/index.php?rest_route=\/wp\/v2\/users\/1"}],"replies":[{"embeddable":true,"href":"https:\/\/elpuucnoticias.com\/index.php?rest_route=%2Fwp%2Fv2%2Fcomments&post=13588"}],"version-history":[{"count":1,"href":"https:\/\/elpuucnoticias.com\/index.php?rest_route=\/wp\/v2\/posts\/13588\/revisions"}],"predecessor-version":[{"id":13592,"href":"https:\/\/elpuucnoticias.com\/index.php?rest_route=\/wp\/v2\/posts\/13588\/revisions\/13592"}],"wp:featuredmedia":[{"embeddable":true,"href":"https:\/\/elpuucnoticias.com\/index.php?rest_route=\/wp\/v2\/media\/13591"}],"wp:attachment":[{"href":"https:\/\/elpuucnoticias.com\/index.php?rest_route=%2Fwp%2Fv2%2Fmedia&parent=13588"}],"wp:term":[{"taxonomy":"category","embeddable":true,"href":"https:\/\/elpuucnoticias.com\/index.php?rest_route=%2Fwp%2Fv2%2Fcategories&post=13588"},{"taxonomy":"post_tag","embeddable":true,"href":"https:\/\/elpuucnoticias.com\/index.php?rest_route=%2Fwp%2Fv2%2Ftags&post=13588"}],"curies":[{"name":"wp","href":"https:\/\/api.w.org\/{rel}","templated":true}]}}