{"id":13609,"date":"2024-06-17T12:13:12","date_gmt":"2024-06-17T18:13:12","guid":{"rendered":"https:\/\/elpuucnoticias.com\/?p=13609"},"modified":"2024-06-17T12:13:15","modified_gmt":"2024-06-17T18:13:15","slug":"se-inaugura-la-exposicion-mi-manera-de-verte-interpretacion-artistica-del-mar-en-el-museo-de-la-isla","status":"publish","type":"post","link":"https:\/\/elpuucnoticias.com\/?p=13609","title":{"rendered":"Se inaugura la exposici\u00f3n \u201cMi Manera de Verte: Interpretaci\u00f3n Art\u00edstica del Mar\u201d en el Museo de la Isla"},"content":{"rendered":"\n<p>La Fundaci\u00f3n de Parques y Museos de Cozumel (FPMC) inaugur\u00f3 la exposici\u00f3n pict\u00f3rica \u201cMi Manera de Verte: Interpretaci\u00f3n Art\u00edstica del Mar\u201d, de la artista Deysi Altagracia B\u00e1ez Jim\u00e9nez. La muestra consta de 11 obras inspiradas en las maravillas naturales del mar Caribe que rodea la isla.<\/p>\n\n\n\n<figure class=\"wp-block-image size-full is-style-default\"><img loading=\"lazy\" decoding=\"async\" width=\"585\" height=\"389\" src=\"https:\/\/elpuucnoticias.com\/wp-content\/uploads\/2024\/06\/whatsapp-image-2024-06-14-at-18.11.23-585x389-1.jpg\" alt=\"\" class=\"wp-image-13610\" srcset=\"https:\/\/elpuucnoticias.com\/wp-content\/uploads\/2024\/06\/whatsapp-image-2024-06-14-at-18.11.23-585x389-1.jpg 585w, https:\/\/elpuucnoticias.com\/wp-content\/uploads\/2024\/06\/whatsapp-image-2024-06-14-at-18.11.23-585x389-1-300x200.jpg 300w, https:\/\/elpuucnoticias.com\/wp-content\/uploads\/2024\/06\/whatsapp-image-2024-06-14-at-18.11.23-585x389-1-320x213.jpg 320w\" sizes=\"auto, (max-width: 585px) 100vw, 585px\" \/><\/figure>\n\n\n\n<p>Este evento se enmarca en el Nuevo Acuerdo por el Bienestar y Desarrollo de Quintana Roo, promovido por la gobernadora Mara Lezama Espinosa, cuyo objetivo es brindar espacios de esparcimiento y disfrute del arte y la cultura, tanto para los habitantes de Cozumel, como para los visitantes del Museo de la Isla, considerado guardi\u00e1n del patrimonio biocultural.<\/p>\n\n\n\n<p>El acto inaugural fue encabezado por Isela Carrillo Cupul, directora del centro museogr\u00e1fico, en compa\u00f1\u00eda de la muse\u00f3grafa Satoko Kitamura y los consejeros de la FPMC, Ana L\u00f3pez y Alejandro Queb Franco, quienes entregaron un reconocimiento a la artista invitada, en nombre del director general de la instituci\u00f3n, Alejandro March\u00e1n Pay\u00e1n, por presentar su trabajo en el recinto hist\u00f3rico.<\/p>\n\n\n\n<figure class=\"wp-block-image size-full is-style-default\"><img loading=\"lazy\" decoding=\"async\" width=\"585\" height=\"391\" src=\"https:\/\/elpuucnoticias.com\/wp-content\/uploads\/2024\/06\/whatsapp-image-2024-06-14-at-18.11.28-585x391-1.jpg\" alt=\"\" class=\"wp-image-13611\" srcset=\"https:\/\/elpuucnoticias.com\/wp-content\/uploads\/2024\/06\/whatsapp-image-2024-06-14-at-18.11.28-585x391-1.jpg 585w, https:\/\/elpuucnoticias.com\/wp-content\/uploads\/2024\/06\/whatsapp-image-2024-06-14-at-18.11.28-585x391-1-300x200.jpg 300w, https:\/\/elpuucnoticias.com\/wp-content\/uploads\/2024\/06\/whatsapp-image-2024-06-14-at-18.11.28-585x391-1-320x214.jpg 320w\" sizes=\"auto, (max-width: 585px) 100vw, 585px\" \/><\/figure>\n\n\n\n<p>La pintora dominicana expres\u00f3 su gratitud hacia la FPMC por ofrecerle el espacio para mostrar su talento a los visitantes locales, nacionales y extranjeros que acuden diariamente al Museo de la Isla, el cual consider\u00f3 un escaparate internacional.<\/p>\n\n\n\n<p>Se\u00f1al\u00f3 que la exposici\u00f3n \u201cMi Manera de Verte: Interpretaci\u00f3n Art\u00edstica del Mar\u201d celebra la belleza del mar e invita a los espectadores a reflexionar sobre su conexi\u00f3n con este poderoso elemento natural y destac\u00f3 que su inspiraci\u00f3n proviene de la grandeza del entorno marino y espera que sus obras motiven a una mayor apreciaci\u00f3n y conservaci\u00f3n del mismo.<\/p>\n\n\n\n<p>\u201cLa exhibici\u00f3n no solo celebra la belleza del mar, sino que tambi\u00e9n invita a los espectadores a reflexionar sobre su propia conexi\u00f3n con este poderoso elemento natural\u201d, a\u00f1adi\u00f3. La artista extendi\u00f3 una invitaci\u00f3n al p\u00fablico en general a visitar su exposici\u00f3n.<\/p>\n\n\n\n<p>El Museo de la Isla mantiene las exposiciones de arte abiertas para todo el p\u00fablico gratuitamente de martes a domingo, de nueve de la ma\u00f1ana a cinco de la tarde.<\/p>\n","protected":false},"excerpt":{"rendered":"<p>La Fundaci\u00f3n de Parques y Museos de Cozumel (FPMC) inaugur\u00f3 la exposici\u00f3n pict\u00f3rica \u201cMi Manera de Verte: Interpretaci\u00f3n<\/p>\n","protected":false},"author":1,"featured_media":13612,"comment_status":"closed","ping_status":"open","sticky":false,"template":"","format":"standard","meta":{"_monsterinsights_skip_tracking":false,"_monsterinsights_sitenote_active":false,"_monsterinsights_sitenote_note":"","_monsterinsights_sitenote_category":0,"footnotes":""},"categories":[11,24],"tags":[],"class_list":["post-13609","post","type-post","status-publish","format-standard","has-post-thumbnail","hentry","category-noticias","category-quintana-roo"],"yoast_head":"<!-- This site is optimized with the Yoast SEO plugin v18.3 - https:\/\/yoast.com\/wordpress\/plugins\/seo\/ -->\n<title>Se inaugura la exposici\u00f3n \u201cMi Manera de Verte: Interpretaci\u00f3n Art\u00edstica del Mar\u201d en el Museo de la Isla - El Puuc Noticias<\/title>\n<meta name=\"robots\" content=\"index, follow, max-snippet:-1, max-image-preview:large, max-video-preview:-1\" \/>\n<link rel=\"canonical\" href=\"https:\/\/elpuucnoticias.com\/?p=13609\" \/>\n<meta property=\"og:locale\" content=\"es_ES\" \/>\n<meta property=\"og:type\" content=\"article\" \/>\n<meta property=\"og:title\" content=\"Se inaugura la exposici\u00f3n \u201cMi Manera de Verte: Interpretaci\u00f3n Art\u00edstica del Mar\u201d en el Museo de la Isla - El Puuc Noticias\" \/>\n<meta property=\"og:description\" content=\"La Fundaci\u00f3n de Parques y Museos de Cozumel (FPMC) inaugur\u00f3 la exposici\u00f3n pict\u00f3rica \u201cMi Manera de Verte: Interpretaci\u00f3n\" \/>\n<meta property=\"og:url\" content=\"https:\/\/elpuucnoticias.com\/?p=13609\" \/>\n<meta property=\"og:site_name\" content=\"El Puuc Noticias\" \/>\n<meta property=\"article:published_time\" content=\"2024-06-17T18:13:12+00:00\" \/>\n<meta property=\"article:modified_time\" content=\"2024-06-17T18:13:15+00:00\" \/>\n<meta property=\"og:image\" content=\"https:\/\/elpuucnoticias.com\/wp-content\/uploads\/2024\/06\/whatsapp-image-2024-06-14-at-18.11.31-585x390-1.jpg\" \/>\n\t<meta property=\"og:image:width\" content=\"585\" \/>\n\t<meta property=\"og:image:height\" content=\"390\" \/>\n\t<meta property=\"og:image:type\" content=\"image\/jpeg\" \/>\n<meta name=\"twitter:card\" content=\"summary_large_image\" \/>\n<meta name=\"twitter:label1\" content=\"Escrito por\" \/>\n\t<meta name=\"twitter:data1\" content=\"elpuucnoticias\" \/>\n\t<meta name=\"twitter:label2\" content=\"Tiempo de lectura\" \/>\n\t<meta name=\"twitter:data2\" content=\"2 minutos\" \/>\n<script type=\"application\/ld+json\" class=\"yoast-schema-graph\">{\"@context\":\"https:\/\/schema.org\",\"@graph\":[{\"@type\":\"WebSite\",\"@id\":\"https:\/\/elpuucnoticias.com\/#website\",\"url\":\"https:\/\/elpuucnoticias.com\/\",\"name\":\"El Puuc Noticias\",\"description\":\"Noticias - Entretenimiento - Deportes\",\"potentialAction\":[{\"@type\":\"SearchAction\",\"target\":{\"@type\":\"EntryPoint\",\"urlTemplate\":\"https:\/\/elpuucnoticias.com\/?s={search_term_string}\"},\"query-input\":\"required name=search_term_string\"}],\"inLanguage\":\"es\"},{\"@type\":\"ImageObject\",\"@id\":\"https:\/\/elpuucnoticias.com\/?p=13609#primaryimage\",\"inLanguage\":\"es\",\"url\":\"https:\/\/elpuucnoticias.com\/wp-content\/uploads\/2024\/06\/whatsapp-image-2024-06-14-at-18.11.31-585x390-1.jpg\",\"contentUrl\":\"https:\/\/elpuucnoticias.com\/wp-content\/uploads\/2024\/06\/whatsapp-image-2024-06-14-at-18.11.31-585x390-1.jpg\",\"width\":585,\"height\":390},{\"@type\":\"WebPage\",\"@id\":\"https:\/\/elpuucnoticias.com\/?p=13609#webpage\",\"url\":\"https:\/\/elpuucnoticias.com\/?p=13609\",\"name\":\"Se inaugura la exposici\u00f3n \u201cMi Manera de Verte: Interpretaci\u00f3n Art\u00edstica del Mar\u201d en el Museo de la Isla - El Puuc Noticias\",\"isPartOf\":{\"@id\":\"https:\/\/elpuucnoticias.com\/#website\"},\"primaryImageOfPage\":{\"@id\":\"https:\/\/elpuucnoticias.com\/?p=13609#primaryimage\"},\"datePublished\":\"2024-06-17T18:13:12+00:00\",\"dateModified\":\"2024-06-17T18:13:15+00:00\",\"author\":{\"@id\":\"https:\/\/elpuucnoticias.com\/#\/schema\/person\/d2ea09e4c97f0160b11cdfb1d856bd9e\"},\"breadcrumb\":{\"@id\":\"https:\/\/elpuucnoticias.com\/?p=13609#breadcrumb\"},\"inLanguage\":\"es\",\"potentialAction\":[{\"@type\":\"ReadAction\",\"target\":[\"https:\/\/elpuucnoticias.com\/?p=13609\"]}]},{\"@type\":\"BreadcrumbList\",\"@id\":\"https:\/\/elpuucnoticias.com\/?p=13609#breadcrumb\",\"itemListElement\":[{\"@type\":\"ListItem\",\"position\":1,\"name\":\"Portada\",\"item\":\"https:\/\/elpuucnoticias.com\/\"},{\"@type\":\"ListItem\",\"position\":2,\"name\":\"Se inaugura la exposici\u00f3n \u201cMi Manera de Verte: Interpretaci\u00f3n Art\u00edstica del Mar\u201d en el Museo de la Isla\"}]},{\"@type\":\"Person\",\"@id\":\"https:\/\/elpuucnoticias.com\/#\/schema\/person\/d2ea09e4c97f0160b11cdfb1d856bd9e\",\"name\":\"elpuucnoticias\",\"image\":{\"@type\":\"ImageObject\",\"@id\":\"https:\/\/elpuucnoticias.com\/#personlogo\",\"inLanguage\":\"es\",\"url\":\"https:\/\/secure.gravatar.com\/avatar\/5290a43657c74ffa15701dbe5b846bd85cc71930d803c84e91046a7333de6ce2?s=96&d=mm&r=g\",\"contentUrl\":\"https:\/\/secure.gravatar.com\/avatar\/5290a43657c74ffa15701dbe5b846bd85cc71930d803c84e91046a7333de6ce2?s=96&d=mm&r=g\",\"caption\":\"elpuucnoticias\"},\"sameAs\":[\"https:\/\/elpuucnoticias.com\"],\"url\":\"https:\/\/elpuucnoticias.com\/?author=1\"}]}<\/script>\n<!-- \/ Yoast SEO plugin. -->","yoast_head_json":{"title":"Se inaugura la exposici\u00f3n \u201cMi Manera de Verte: Interpretaci\u00f3n Art\u00edstica del Mar\u201d en el Museo de la Isla - El Puuc Noticias","robots":{"index":"index","follow":"follow","max-snippet":"max-snippet:-1","max-image-preview":"max-image-preview:large","max-video-preview":"max-video-preview:-1"},"canonical":"https:\/\/elpuucnoticias.com\/?p=13609","og_locale":"es_ES","og_type":"article","og_title":"Se inaugura la exposici\u00f3n \u201cMi Manera de Verte: Interpretaci\u00f3n Art\u00edstica del Mar\u201d en el Museo de la Isla - El Puuc Noticias","og_description":"La Fundaci\u00f3n de Parques y Museos de Cozumel (FPMC) inaugur\u00f3 la exposici\u00f3n pict\u00f3rica \u201cMi Manera de Verte: Interpretaci\u00f3n","og_url":"https:\/\/elpuucnoticias.com\/?p=13609","og_site_name":"El Puuc Noticias","article_published_time":"2024-06-17T18:13:12+00:00","article_modified_time":"2024-06-17T18:13:15+00:00","og_image":[{"width":585,"height":390,"url":"https:\/\/elpuucnoticias.com\/wp-content\/uploads\/2024\/06\/whatsapp-image-2024-06-14-at-18.11.31-585x390-1.jpg","type":"image\/jpeg"}],"twitter_card":"summary_large_image","twitter_misc":{"Escrito por":"elpuucnoticias","Tiempo de lectura":"2 minutos"},"schema":{"@context":"https:\/\/schema.org","@graph":[{"@type":"WebSite","@id":"https:\/\/elpuucnoticias.com\/#website","url":"https:\/\/elpuucnoticias.com\/","name":"El Puuc Noticias","description":"Noticias - Entretenimiento - Deportes","potentialAction":[{"@type":"SearchAction","target":{"@type":"EntryPoint","urlTemplate":"https:\/\/elpuucnoticias.com\/?s={search_term_string}"},"query-input":"required name=search_term_string"}],"inLanguage":"es"},{"@type":"ImageObject","@id":"https:\/\/elpuucnoticias.com\/?p=13609#primaryimage","inLanguage":"es","url":"https:\/\/elpuucnoticias.com\/wp-content\/uploads\/2024\/06\/whatsapp-image-2024-06-14-at-18.11.31-585x390-1.jpg","contentUrl":"https:\/\/elpuucnoticias.com\/wp-content\/uploads\/2024\/06\/whatsapp-image-2024-06-14-at-18.11.31-585x390-1.jpg","width":585,"height":390},{"@type":"WebPage","@id":"https:\/\/elpuucnoticias.com\/?p=13609#webpage","url":"https:\/\/elpuucnoticias.com\/?p=13609","name":"Se inaugura la exposici\u00f3n \u201cMi Manera de Verte: Interpretaci\u00f3n Art\u00edstica del Mar\u201d en el Museo de la Isla - El Puuc Noticias","isPartOf":{"@id":"https:\/\/elpuucnoticias.com\/#website"},"primaryImageOfPage":{"@id":"https:\/\/elpuucnoticias.com\/?p=13609#primaryimage"},"datePublished":"2024-06-17T18:13:12+00:00","dateModified":"2024-06-17T18:13:15+00:00","author":{"@id":"https:\/\/elpuucnoticias.com\/#\/schema\/person\/d2ea09e4c97f0160b11cdfb1d856bd9e"},"breadcrumb":{"@id":"https:\/\/elpuucnoticias.com\/?p=13609#breadcrumb"},"inLanguage":"es","potentialAction":[{"@type":"ReadAction","target":["https:\/\/elpuucnoticias.com\/?p=13609"]}]},{"@type":"BreadcrumbList","@id":"https:\/\/elpuucnoticias.com\/?p=13609#breadcrumb","itemListElement":[{"@type":"ListItem","position":1,"name":"Portada","item":"https:\/\/elpuucnoticias.com\/"},{"@type":"ListItem","position":2,"name":"Se inaugura la exposici\u00f3n \u201cMi Manera de Verte: Interpretaci\u00f3n Art\u00edstica del Mar\u201d en el Museo de la Isla"}]},{"@type":"Person","@id":"https:\/\/elpuucnoticias.com\/#\/schema\/person\/d2ea09e4c97f0160b11cdfb1d856bd9e","name":"elpuucnoticias","image":{"@type":"ImageObject","@id":"https:\/\/elpuucnoticias.com\/#personlogo","inLanguage":"es","url":"https:\/\/secure.gravatar.com\/avatar\/5290a43657c74ffa15701dbe5b846bd85cc71930d803c84e91046a7333de6ce2?s=96&d=mm&r=g","contentUrl":"https:\/\/secure.gravatar.com\/avatar\/5290a43657c74ffa15701dbe5b846bd85cc71930d803c84e91046a7333de6ce2?s=96&d=mm&r=g","caption":"elpuucnoticias"},"sameAs":["https:\/\/elpuucnoticias.com"],"url":"https:\/\/elpuucnoticias.com\/?author=1"}]}},"_links":{"self":[{"href":"https:\/\/elpuucnoticias.com\/index.php?rest_route=\/wp\/v2\/posts\/13609","targetHints":{"allow":["GET"]}}],"collection":[{"href":"https:\/\/elpuucnoticias.com\/index.php?rest_route=\/wp\/v2\/posts"}],"about":[{"href":"https:\/\/elpuucnoticias.com\/index.php?rest_route=\/wp\/v2\/types\/post"}],"author":[{"embeddable":true,"href":"https:\/\/elpuucnoticias.com\/index.php?rest_route=\/wp\/v2\/users\/1"}],"replies":[{"embeddable":true,"href":"https:\/\/elpuucnoticias.com\/index.php?rest_route=%2Fwp%2Fv2%2Fcomments&post=13609"}],"version-history":[{"count":1,"href":"https:\/\/elpuucnoticias.com\/index.php?rest_route=\/wp\/v2\/posts\/13609\/revisions"}],"predecessor-version":[{"id":13613,"href":"https:\/\/elpuucnoticias.com\/index.php?rest_route=\/wp\/v2\/posts\/13609\/revisions\/13613"}],"wp:featuredmedia":[{"embeddable":true,"href":"https:\/\/elpuucnoticias.com\/index.php?rest_route=\/wp\/v2\/media\/13612"}],"wp:attachment":[{"href":"https:\/\/elpuucnoticias.com\/index.php?rest_route=%2Fwp%2Fv2%2Fmedia&parent=13609"}],"wp:term":[{"taxonomy":"category","embeddable":true,"href":"https:\/\/elpuucnoticias.com\/index.php?rest_route=%2Fwp%2Fv2%2Fcategories&post=13609"},{"taxonomy":"post_tag","embeddable":true,"href":"https:\/\/elpuucnoticias.com\/index.php?rest_route=%2Fwp%2Fv2%2Ftags&post=13609"}],"curies":[{"name":"wp","href":"https:\/\/api.w.org\/{rel}","templated":true}]}}