{"id":13614,"date":"2024-06-17T12:58:54","date_gmt":"2024-06-17T18:58:54","guid":{"rendered":"https:\/\/elpuucnoticias.com\/?p=13614"},"modified":"2024-06-17T12:58:55","modified_gmt":"2024-06-17T18:58:55","slug":"sentenciado-a-prision-por-agresiones-contra-su-hermana-en-merida","status":"publish","type":"post","link":"https:\/\/elpuucnoticias.com\/?p=13614","title":{"rendered":"Sentenciado a prisi\u00f3n por agresiones contra su hermana en M\u00e9rida"},"content":{"rendered":"\n<p>Tras la finalizaci\u00f3n de un juicio abreviado, G.A.M. fue encontrado penalmente responsable del delito de violencia familiar, por lo que tendr\u00e1 que cumplir una sentencia privativa de su libertad por un periodo de tres a\u00f1os, luego de los hechos registrados en la comisar\u00eda de Santa Gertrudis Cop\u00f3.<\/p>\n\n\n\n<p>Tras la anuencia de las partes y de la presentaci\u00f3n de todas las pruebas por parte de la Fiscal\u00eda General del Estado (FGE), el Juez Primero de Control del Primer Distrito determin\u00f3 que el acusado, adem\u00e1s de la pena carcelaria, deber\u00e1 pagar la reparaci\u00f3n del da\u00f1o, se le amonest\u00f3 p\u00fablicamente, se le suspendieron sus derechos pol\u00edticos y se le prohibi\u00f3 acercarse tanto a la v\u00edctima como al domicilio de la misma, por un periodo de tres a\u00f1os.<\/p>\n\n\n\n<p>Los hechos que derivaron en esta denuncia y que constan en la causa penal 391\/2023 tuvieron lugar a finales del a\u00f1o 2023, cuando el ahora culpable, ingres\u00f3 al domicilio de su hermana, a quien agredi\u00f3 f\u00edsica, verbal y psicol\u00f3gicamente, por lo que la mujer solicit\u00f3 apoyo por parte de elementos de Seguridad P\u00fablica, quienes finalmente detuvieron al agresor.<\/p>\n\n\n\n<p>Finalmente, tras la sentencia de culpabilidad, la autoridad judicial dispens\u00f3 la lectura y explicaci\u00f3n de la misma, quedando firme para su cumplimiento.<\/p>\n","protected":false},"excerpt":{"rendered":"<p>Tras la finalizaci\u00f3n de un juicio abreviado, G.A.M. fue encontrado penalmente responsable del delito de violencia familiar, por<\/p>\n","protected":false},"author":1,"featured_media":9267,"comment_status":"closed","ping_status":"open","sticky":false,"template":"","format":"standard","meta":{"_monsterinsights_skip_tracking":false,"_monsterinsights_sitenote_active":false,"_monsterinsights_sitenote_note":"","_monsterinsights_sitenote_category":0,"footnotes":""},"categories":[11,3],"tags":[],"class_list":["post-13614","post","type-post","status-publish","format-standard","has-post-thumbnail","hentry","category-noticias","category-policiacas"],"yoast_head":"<!-- This site is optimized with the Yoast SEO plugin v18.3 - https:\/\/yoast.com\/wordpress\/plugins\/seo\/ -->\n<title>Sentenciado a prisi\u00f3n por agresiones contra su hermana en M\u00e9rida - El Puuc Noticias<\/title>\n<meta name=\"robots\" content=\"index, follow, max-snippet:-1, max-image-preview:large, max-video-preview:-1\" \/>\n<link rel=\"canonical\" href=\"https:\/\/elpuucnoticias.com\/?p=13614\" \/>\n<meta property=\"og:locale\" content=\"es_ES\" \/>\n<meta property=\"og:type\" content=\"article\" \/>\n<meta property=\"og:title\" content=\"Sentenciado a prisi\u00f3n por agresiones contra su hermana en M\u00e9rida - El Puuc Noticias\" \/>\n<meta property=\"og:description\" content=\"Tras la finalizaci\u00f3n de un juicio abreviado, G.A.M. fue encontrado penalmente responsable del delito de violencia familiar, por\" \/>\n<meta property=\"og:url\" content=\"https:\/\/elpuucnoticias.com\/?p=13614\" \/>\n<meta property=\"og:site_name\" content=\"El Puuc Noticias\" \/>\n<meta property=\"article:published_time\" content=\"2024-06-17T18:58:54+00:00\" \/>\n<meta property=\"article:modified_time\" content=\"2024-06-17T18:58:55+00:00\" \/>\n<meta property=\"og:image\" content=\"https:\/\/elpuucnoticias.com\/wp-content\/uploads\/2023\/09\/fiscalia-merida-3.jpg\" \/>\n\t<meta property=\"og:image:width\" content=\"1492\" \/>\n\t<meta property=\"og:image:height\" content=\"995\" \/>\n\t<meta property=\"og:image:type\" content=\"image\/jpeg\" \/>\n<meta name=\"twitter:card\" content=\"summary_large_image\" \/>\n<meta name=\"twitter:label1\" content=\"Escrito por\" \/>\n\t<meta name=\"twitter:data1\" content=\"elpuucnoticias\" \/>\n\t<meta name=\"twitter:label2\" content=\"Tiempo de lectura\" \/>\n\t<meta name=\"twitter:data2\" content=\"1 minuto\" \/>\n<script type=\"application\/ld+json\" class=\"yoast-schema-graph\">{\"@context\":\"https:\/\/schema.org\",\"@graph\":[{\"@type\":\"WebSite\",\"@id\":\"https:\/\/elpuucnoticias.com\/#website\",\"url\":\"https:\/\/elpuucnoticias.com\/\",\"name\":\"El Puuc Noticias\",\"description\":\"Noticias - Entretenimiento - Deportes\",\"potentialAction\":[{\"@type\":\"SearchAction\",\"target\":{\"@type\":\"EntryPoint\",\"urlTemplate\":\"https:\/\/elpuucnoticias.com\/?s={search_term_string}\"},\"query-input\":\"required name=search_term_string\"}],\"inLanguage\":\"es\"},{\"@type\":\"ImageObject\",\"@id\":\"https:\/\/elpuucnoticias.com\/?p=13614#primaryimage\",\"inLanguage\":\"es\",\"url\":\"https:\/\/elpuucnoticias.com\/wp-content\/uploads\/2023\/09\/fiscalia-merida-3.jpg\",\"contentUrl\":\"https:\/\/elpuucnoticias.com\/wp-content\/uploads\/2023\/09\/fiscalia-merida-3.jpg\",\"width\":1492,\"height\":995},{\"@type\":\"WebPage\",\"@id\":\"https:\/\/elpuucnoticias.com\/?p=13614#webpage\",\"url\":\"https:\/\/elpuucnoticias.com\/?p=13614\",\"name\":\"Sentenciado a prisi\u00f3n por agresiones contra su hermana en M\u00e9rida - El Puuc Noticias\",\"isPartOf\":{\"@id\":\"https:\/\/elpuucnoticias.com\/#website\"},\"primaryImageOfPage\":{\"@id\":\"https:\/\/elpuucnoticias.com\/?p=13614#primaryimage\"},\"datePublished\":\"2024-06-17T18:58:54+00:00\",\"dateModified\":\"2024-06-17T18:58:55+00:00\",\"author\":{\"@id\":\"https:\/\/elpuucnoticias.com\/#\/schema\/person\/d2ea09e4c97f0160b11cdfb1d856bd9e\"},\"breadcrumb\":{\"@id\":\"https:\/\/elpuucnoticias.com\/?p=13614#breadcrumb\"},\"inLanguage\":\"es\",\"potentialAction\":[{\"@type\":\"ReadAction\",\"target\":[\"https:\/\/elpuucnoticias.com\/?p=13614\"]}]},{\"@type\":\"BreadcrumbList\",\"@id\":\"https:\/\/elpuucnoticias.com\/?p=13614#breadcrumb\",\"itemListElement\":[{\"@type\":\"ListItem\",\"position\":1,\"name\":\"Portada\",\"item\":\"https:\/\/elpuucnoticias.com\/\"},{\"@type\":\"ListItem\",\"position\":2,\"name\":\"Sentenciado a prisi\u00f3n por agresiones contra su hermana en M\u00e9rida\"}]},{\"@type\":\"Person\",\"@id\":\"https:\/\/elpuucnoticias.com\/#\/schema\/person\/d2ea09e4c97f0160b11cdfb1d856bd9e\",\"name\":\"elpuucnoticias\",\"image\":{\"@type\":\"ImageObject\",\"@id\":\"https:\/\/elpuucnoticias.com\/#personlogo\",\"inLanguage\":\"es\",\"url\":\"https:\/\/secure.gravatar.com\/avatar\/5290a43657c74ffa15701dbe5b846bd85cc71930d803c84e91046a7333de6ce2?s=96&d=mm&r=g\",\"contentUrl\":\"https:\/\/secure.gravatar.com\/avatar\/5290a43657c74ffa15701dbe5b846bd85cc71930d803c84e91046a7333de6ce2?s=96&d=mm&r=g\",\"caption\":\"elpuucnoticias\"},\"sameAs\":[\"https:\/\/elpuucnoticias.com\"],\"url\":\"https:\/\/elpuucnoticias.com\/?author=1\"}]}<\/script>\n<!-- \/ Yoast SEO plugin. -->","yoast_head_json":{"title":"Sentenciado a prisi\u00f3n por agresiones contra su hermana en M\u00e9rida - El Puuc Noticias","robots":{"index":"index","follow":"follow","max-snippet":"max-snippet:-1","max-image-preview":"max-image-preview:large","max-video-preview":"max-video-preview:-1"},"canonical":"https:\/\/elpuucnoticias.com\/?p=13614","og_locale":"es_ES","og_type":"article","og_title":"Sentenciado a prisi\u00f3n por agresiones contra su hermana en M\u00e9rida - El Puuc Noticias","og_description":"Tras la finalizaci\u00f3n de un juicio abreviado, G.A.M. fue encontrado penalmente responsable del delito de violencia familiar, por","og_url":"https:\/\/elpuucnoticias.com\/?p=13614","og_site_name":"El Puuc Noticias","article_published_time":"2024-06-17T18:58:54+00:00","article_modified_time":"2024-06-17T18:58:55+00:00","og_image":[{"width":1492,"height":995,"url":"https:\/\/elpuucnoticias.com\/wp-content\/uploads\/2023\/09\/fiscalia-merida-3.jpg","type":"image\/jpeg"}],"twitter_card":"summary_large_image","twitter_misc":{"Escrito por":"elpuucnoticias","Tiempo de lectura":"1 minuto"},"schema":{"@context":"https:\/\/schema.org","@graph":[{"@type":"WebSite","@id":"https:\/\/elpuucnoticias.com\/#website","url":"https:\/\/elpuucnoticias.com\/","name":"El Puuc Noticias","description":"Noticias - Entretenimiento - Deportes","potentialAction":[{"@type":"SearchAction","target":{"@type":"EntryPoint","urlTemplate":"https:\/\/elpuucnoticias.com\/?s={search_term_string}"},"query-input":"required name=search_term_string"}],"inLanguage":"es"},{"@type":"ImageObject","@id":"https:\/\/elpuucnoticias.com\/?p=13614#primaryimage","inLanguage":"es","url":"https:\/\/elpuucnoticias.com\/wp-content\/uploads\/2023\/09\/fiscalia-merida-3.jpg","contentUrl":"https:\/\/elpuucnoticias.com\/wp-content\/uploads\/2023\/09\/fiscalia-merida-3.jpg","width":1492,"height":995},{"@type":"WebPage","@id":"https:\/\/elpuucnoticias.com\/?p=13614#webpage","url":"https:\/\/elpuucnoticias.com\/?p=13614","name":"Sentenciado a prisi\u00f3n por agresiones contra su hermana en M\u00e9rida - El Puuc Noticias","isPartOf":{"@id":"https:\/\/elpuucnoticias.com\/#website"},"primaryImageOfPage":{"@id":"https:\/\/elpuucnoticias.com\/?p=13614#primaryimage"},"datePublished":"2024-06-17T18:58:54+00:00","dateModified":"2024-06-17T18:58:55+00:00","author":{"@id":"https:\/\/elpuucnoticias.com\/#\/schema\/person\/d2ea09e4c97f0160b11cdfb1d856bd9e"},"breadcrumb":{"@id":"https:\/\/elpuucnoticias.com\/?p=13614#breadcrumb"},"inLanguage":"es","potentialAction":[{"@type":"ReadAction","target":["https:\/\/elpuucnoticias.com\/?p=13614"]}]},{"@type":"BreadcrumbList","@id":"https:\/\/elpuucnoticias.com\/?p=13614#breadcrumb","itemListElement":[{"@type":"ListItem","position":1,"name":"Portada","item":"https:\/\/elpuucnoticias.com\/"},{"@type":"ListItem","position":2,"name":"Sentenciado a prisi\u00f3n por agresiones contra su hermana en M\u00e9rida"}]},{"@type":"Person","@id":"https:\/\/elpuucnoticias.com\/#\/schema\/person\/d2ea09e4c97f0160b11cdfb1d856bd9e","name":"elpuucnoticias","image":{"@type":"ImageObject","@id":"https:\/\/elpuucnoticias.com\/#personlogo","inLanguage":"es","url":"https:\/\/secure.gravatar.com\/avatar\/5290a43657c74ffa15701dbe5b846bd85cc71930d803c84e91046a7333de6ce2?s=96&d=mm&r=g","contentUrl":"https:\/\/secure.gravatar.com\/avatar\/5290a43657c74ffa15701dbe5b846bd85cc71930d803c84e91046a7333de6ce2?s=96&d=mm&r=g","caption":"elpuucnoticias"},"sameAs":["https:\/\/elpuucnoticias.com"],"url":"https:\/\/elpuucnoticias.com\/?author=1"}]}},"_links":{"self":[{"href":"https:\/\/elpuucnoticias.com\/index.php?rest_route=\/wp\/v2\/posts\/13614","targetHints":{"allow":["GET"]}}],"collection":[{"href":"https:\/\/elpuucnoticias.com\/index.php?rest_route=\/wp\/v2\/posts"}],"about":[{"href":"https:\/\/elpuucnoticias.com\/index.php?rest_route=\/wp\/v2\/types\/post"}],"author":[{"embeddable":true,"href":"https:\/\/elpuucnoticias.com\/index.php?rest_route=\/wp\/v2\/users\/1"}],"replies":[{"embeddable":true,"href":"https:\/\/elpuucnoticias.com\/index.php?rest_route=%2Fwp%2Fv2%2Fcomments&post=13614"}],"version-history":[{"count":1,"href":"https:\/\/elpuucnoticias.com\/index.php?rest_route=\/wp\/v2\/posts\/13614\/revisions"}],"predecessor-version":[{"id":13615,"href":"https:\/\/elpuucnoticias.com\/index.php?rest_route=\/wp\/v2\/posts\/13614\/revisions\/13615"}],"wp:featuredmedia":[{"embeddable":true,"href":"https:\/\/elpuucnoticias.com\/index.php?rest_route=\/wp\/v2\/media\/9267"}],"wp:attachment":[{"href":"https:\/\/elpuucnoticias.com\/index.php?rest_route=%2Fwp%2Fv2%2Fmedia&parent=13614"}],"wp:term":[{"taxonomy":"category","embeddable":true,"href":"https:\/\/elpuucnoticias.com\/index.php?rest_route=%2Fwp%2Fv2%2Fcategories&post=13614"},{"taxonomy":"post_tag","embeddable":true,"href":"https:\/\/elpuucnoticias.com\/index.php?rest_route=%2Fwp%2Fv2%2Ftags&post=13614"}],"curies":[{"name":"wp","href":"https:\/\/api.w.org\/{rel}","templated":true}]}}