{"id":13624,"date":"2024-06-17T13:14:29","date_gmt":"2024-06-17T19:14:29","guid":{"rendered":"https:\/\/elpuucnoticias.com\/?p=13624"},"modified":"2024-06-17T13:14:31","modified_gmt":"2024-06-17T19:14:31","slug":"vinculado-por-muerte-ocurrida-en-incidente-de-transito-en-merida","status":"publish","type":"post","link":"https:\/\/elpuucnoticias.com\/?p=13624","title":{"rendered":"Vinculado por muerte ocurrida en incidente de tr\u00e1nsito\u00a0en  M\u00e9rida"},"content":{"rendered":"\n<p>Acusado de provocar la muerte de una persona, J.A.M.D. fue vinculado a proceso por el delito de homicidio cometido por culpa y da\u00f1o en propiedad ajena, tras ser valorados los datos y elementos de prueba presentados por la Fiscal\u00eda General del Estado (FGE) por los hechos ocurridos en la colonia San Jos\u00e9 Vergel, de esta ciudad de M\u00e9rida.<\/p>\n\n\n\n<p>En la audiencia celebrada ante el Juzgado Primero de Control del Primer Distrito, los fiscales de litigaci\u00f3n expusieron los datos de prueba reunidos en la carpeta de investigaci\u00f3n de la causa penal 228\/2024 para resolver la situaci\u00f3n jur\u00eddica del acusado, por lo que la Juez de Control decret\u00f3 el auto de vinculaci\u00f3n a proceso y otorg\u00f3 un plazo de dos meses para el cierre de la investigaci\u00f3n complementaria.<\/p>\n\n\n\n<p>Con relaci\u00f3n a los hechos, esta representaci\u00f3n social estableci\u00f3 que ocurrieron el pasado ocho de junio, en horas de la tarde, cuando el encausado conduc\u00eda un veh\u00edculo marca Nissan por calles de la citada colonia y por no respetar el se\u00f1alamiento de alto colision\u00f3 con una motocicleta Honda que circulaba con preferencia de paso, por lo que provoc\u00f3 da\u00f1os materiales y lesiones en el motociclista que le provocaron la muerte.<\/p>\n\n\n\n<p>Antes de finalizar la audiencia, los fiscales de litigaci\u00f3n expusieron los argumentos para solicitar la imposici\u00f3n de medidas cautelares, por lo que la autoridad judicial estableci\u00f3 que el acusado deber\u00e1 presentarse de manera peri\u00f3dica ante el Centro Estatal de Medidas Cautelares, depositar una garant\u00eda econ\u00f3mica, tiene prohibido salir del Estado y estar\u00e1 bajo la vigilancia del mismo Centro, todo esto estar\u00e1 vigente por el tiempo que dure el proceso.<\/p>\n\n\n\n<p>Acusado de provocar la muerte de una persona, J.A.M.D. fue vinculado a proceso por el delito de homicidio cometido por culpa y da\u00f1o en propiedad ajena, tras ser valorados los datos y elementos de prueba presentados por la Fiscal\u00eda General del Estado (FGE) por los hechos ocurridos en la colonia San Jos\u00e9 Vergel, de esta ciudad de M\u00e9rida.<\/p>\n\n\n\n<p>En la audiencia celebrada ante el Juzgado Primero de Control del Primer Distrito, los fiscales de litigaci\u00f3n expusieron los datos de prueba reunidos en la carpeta de investigaci\u00f3n de la causa penal 228\/2024 para resolver la situaci\u00f3n jur\u00eddica del acusado, por lo que la Juez de Control decret\u00f3 el auto de vinculaci\u00f3n a proceso y otorg\u00f3 un plazo de dos meses para el cierre de la investigaci\u00f3n complementaria.<\/p>\n\n\n\n<p>Con relaci\u00f3n a los hechos, esta representaci\u00f3n social estableci\u00f3 que ocurrieron el pasado ocho de junio, en horas de la tarde, cuando el encausado conduc\u00eda un veh\u00edculo marca Nissan por calles de la citada colonia y por no respetar el se\u00f1alamiento de alto colision\u00f3 con una motocicleta Honda que circulaba con preferencia de paso, por lo que provoc\u00f3 da\u00f1os materiales y lesiones en el motociclista que le provocaron la muerte.<\/p>\n\n\n\n<p>Antes de finalizar la audiencia, los fiscales de litigaci\u00f3n expusieron los argumentos para solicitar la imposici\u00f3n de medidas cautelares, por lo que la autoridad judicial estableci\u00f3 que el acusado deber\u00e1 presentarse de manera peri\u00f3dica ante el Centro Estatal de Medidas Cautelares, depositar una garant\u00eda econ\u00f3mica, tiene prohibido salir del Estado y estar\u00e1 bajo la vigilancia del mismo Centro, todo esto estar\u00e1 vigente por el tiempo que dure el proceso.<\/p>\n","protected":false},"excerpt":{"rendered":"<p>Acusado de provocar la muerte de una persona, J.A.M.D. fue vinculado a proceso por el delito de homicidio<\/p>\n","protected":false},"author":1,"featured_media":9254,"comment_status":"closed","ping_status":"open","sticky":false,"template":"","format":"standard","meta":{"_monsterinsights_skip_tracking":false,"_monsterinsights_sitenote_active":false,"_monsterinsights_sitenote_note":"","_monsterinsights_sitenote_category":0,"footnotes":""},"categories":[11,3],"tags":[],"class_list":["post-13624","post","type-post","status-publish","format-standard","has-post-thumbnail","hentry","category-noticias","category-policiacas"],"yoast_head":"<!-- This site is optimized with the Yoast SEO plugin v18.3 - https:\/\/yoast.com\/wordpress\/plugins\/seo\/ -->\n<title>Vinculado por muerte ocurrida en incidente de tr\u00e1nsito\u00a0en M\u00e9rida - El Puuc Noticias<\/title>\n<meta name=\"robots\" content=\"index, follow, max-snippet:-1, max-image-preview:large, max-video-preview:-1\" \/>\n<link rel=\"canonical\" href=\"https:\/\/elpuucnoticias.com\/?p=13624\" \/>\n<meta property=\"og:locale\" content=\"es_ES\" \/>\n<meta property=\"og:type\" content=\"article\" \/>\n<meta property=\"og:title\" content=\"Vinculado por muerte ocurrida en incidente de tr\u00e1nsito\u00a0en M\u00e9rida - El Puuc Noticias\" \/>\n<meta property=\"og:description\" content=\"Acusado de provocar la muerte de una persona, J.A.M.D. fue vinculado a proceso por el delito de homicidio\" \/>\n<meta property=\"og:url\" content=\"https:\/\/elpuucnoticias.com\/?p=13624\" \/>\n<meta property=\"og:site_name\" content=\"El Puuc Noticias\" \/>\n<meta property=\"article:published_time\" content=\"2024-06-17T19:14:29+00:00\" \/>\n<meta property=\"article:modified_time\" content=\"2024-06-17T19:14:31+00:00\" \/>\n<meta property=\"og:image\" content=\"https:\/\/elpuucnoticias.com\/wp-content\/uploads\/2023\/09\/fiscalia-3.jpg\" \/>\n\t<meta property=\"og:image:width\" content=\"1466\" \/>\n\t<meta property=\"og:image:height\" content=\"978\" \/>\n\t<meta property=\"og:image:type\" content=\"image\/jpeg\" \/>\n<meta name=\"twitter:card\" content=\"summary_large_image\" \/>\n<meta name=\"twitter:label1\" content=\"Escrito por\" \/>\n\t<meta name=\"twitter:data1\" content=\"elpuucnoticias\" \/>\n\t<meta name=\"twitter:label2\" content=\"Tiempo de lectura\" \/>\n\t<meta name=\"twitter:data2\" content=\"3 minutos\" \/>\n<script type=\"application\/ld+json\" class=\"yoast-schema-graph\">{\"@context\":\"https:\/\/schema.org\",\"@graph\":[{\"@type\":\"WebSite\",\"@id\":\"https:\/\/elpuucnoticias.com\/#website\",\"url\":\"https:\/\/elpuucnoticias.com\/\",\"name\":\"El Puuc Noticias\",\"description\":\"Noticias - Entretenimiento - Deportes\",\"potentialAction\":[{\"@type\":\"SearchAction\",\"target\":{\"@type\":\"EntryPoint\",\"urlTemplate\":\"https:\/\/elpuucnoticias.com\/?s={search_term_string}\"},\"query-input\":\"required name=search_term_string\"}],\"inLanguage\":\"es\"},{\"@type\":\"ImageObject\",\"@id\":\"https:\/\/elpuucnoticias.com\/?p=13624#primaryimage\",\"inLanguage\":\"es\",\"url\":\"https:\/\/elpuucnoticias.com\/wp-content\/uploads\/2023\/09\/fiscalia-3.jpg\",\"contentUrl\":\"https:\/\/elpuucnoticias.com\/wp-content\/uploads\/2023\/09\/fiscalia-3.jpg\",\"width\":1466,\"height\":978},{\"@type\":\"WebPage\",\"@id\":\"https:\/\/elpuucnoticias.com\/?p=13624#webpage\",\"url\":\"https:\/\/elpuucnoticias.com\/?p=13624\",\"name\":\"Vinculado por muerte ocurrida en incidente de tr\u00e1nsito\u00a0en M\u00e9rida - El Puuc Noticias\",\"isPartOf\":{\"@id\":\"https:\/\/elpuucnoticias.com\/#website\"},\"primaryImageOfPage\":{\"@id\":\"https:\/\/elpuucnoticias.com\/?p=13624#primaryimage\"},\"datePublished\":\"2024-06-17T19:14:29+00:00\",\"dateModified\":\"2024-06-17T19:14:31+00:00\",\"author\":{\"@id\":\"https:\/\/elpuucnoticias.com\/#\/schema\/person\/d2ea09e4c97f0160b11cdfb1d856bd9e\"},\"breadcrumb\":{\"@id\":\"https:\/\/elpuucnoticias.com\/?p=13624#breadcrumb\"},\"inLanguage\":\"es\",\"potentialAction\":[{\"@type\":\"ReadAction\",\"target\":[\"https:\/\/elpuucnoticias.com\/?p=13624\"]}]},{\"@type\":\"BreadcrumbList\",\"@id\":\"https:\/\/elpuucnoticias.com\/?p=13624#breadcrumb\",\"itemListElement\":[{\"@type\":\"ListItem\",\"position\":1,\"name\":\"Portada\",\"item\":\"https:\/\/elpuucnoticias.com\/\"},{\"@type\":\"ListItem\",\"position\":2,\"name\":\"Vinculado por muerte ocurrida en incidente de tr\u00e1nsito\u00a0en M\u00e9rida\"}]},{\"@type\":\"Person\",\"@id\":\"https:\/\/elpuucnoticias.com\/#\/schema\/person\/d2ea09e4c97f0160b11cdfb1d856bd9e\",\"name\":\"elpuucnoticias\",\"image\":{\"@type\":\"ImageObject\",\"@id\":\"https:\/\/elpuucnoticias.com\/#personlogo\",\"inLanguage\":\"es\",\"url\":\"https:\/\/secure.gravatar.com\/avatar\/5290a43657c74ffa15701dbe5b846bd85cc71930d803c84e91046a7333de6ce2?s=96&d=mm&r=g\",\"contentUrl\":\"https:\/\/secure.gravatar.com\/avatar\/5290a43657c74ffa15701dbe5b846bd85cc71930d803c84e91046a7333de6ce2?s=96&d=mm&r=g\",\"caption\":\"elpuucnoticias\"},\"sameAs\":[\"https:\/\/elpuucnoticias.com\"],\"url\":\"https:\/\/elpuucnoticias.com\/?author=1\"}]}<\/script>\n<!-- \/ Yoast SEO plugin. -->","yoast_head_json":{"title":"Vinculado por muerte ocurrida en incidente de tr\u00e1nsito\u00a0en M\u00e9rida - El Puuc Noticias","robots":{"index":"index","follow":"follow","max-snippet":"max-snippet:-1","max-image-preview":"max-image-preview:large","max-video-preview":"max-video-preview:-1"},"canonical":"https:\/\/elpuucnoticias.com\/?p=13624","og_locale":"es_ES","og_type":"article","og_title":"Vinculado por muerte ocurrida en incidente de tr\u00e1nsito\u00a0en M\u00e9rida - El Puuc Noticias","og_description":"Acusado de provocar la muerte de una persona, J.A.M.D. fue vinculado a proceso por el delito de homicidio","og_url":"https:\/\/elpuucnoticias.com\/?p=13624","og_site_name":"El Puuc Noticias","article_published_time":"2024-06-17T19:14:29+00:00","article_modified_time":"2024-06-17T19:14:31+00:00","og_image":[{"width":1466,"height":978,"url":"https:\/\/elpuucnoticias.com\/wp-content\/uploads\/2023\/09\/fiscalia-3.jpg","type":"image\/jpeg"}],"twitter_card":"summary_large_image","twitter_misc":{"Escrito por":"elpuucnoticias","Tiempo de lectura":"3 minutos"},"schema":{"@context":"https:\/\/schema.org","@graph":[{"@type":"WebSite","@id":"https:\/\/elpuucnoticias.com\/#website","url":"https:\/\/elpuucnoticias.com\/","name":"El Puuc Noticias","description":"Noticias - Entretenimiento - Deportes","potentialAction":[{"@type":"SearchAction","target":{"@type":"EntryPoint","urlTemplate":"https:\/\/elpuucnoticias.com\/?s={search_term_string}"},"query-input":"required name=search_term_string"}],"inLanguage":"es"},{"@type":"ImageObject","@id":"https:\/\/elpuucnoticias.com\/?p=13624#primaryimage","inLanguage":"es","url":"https:\/\/elpuucnoticias.com\/wp-content\/uploads\/2023\/09\/fiscalia-3.jpg","contentUrl":"https:\/\/elpuucnoticias.com\/wp-content\/uploads\/2023\/09\/fiscalia-3.jpg","width":1466,"height":978},{"@type":"WebPage","@id":"https:\/\/elpuucnoticias.com\/?p=13624#webpage","url":"https:\/\/elpuucnoticias.com\/?p=13624","name":"Vinculado por muerte ocurrida en incidente de tr\u00e1nsito\u00a0en M\u00e9rida - El Puuc Noticias","isPartOf":{"@id":"https:\/\/elpuucnoticias.com\/#website"},"primaryImageOfPage":{"@id":"https:\/\/elpuucnoticias.com\/?p=13624#primaryimage"},"datePublished":"2024-06-17T19:14:29+00:00","dateModified":"2024-06-17T19:14:31+00:00","author":{"@id":"https:\/\/elpuucnoticias.com\/#\/schema\/person\/d2ea09e4c97f0160b11cdfb1d856bd9e"},"breadcrumb":{"@id":"https:\/\/elpuucnoticias.com\/?p=13624#breadcrumb"},"inLanguage":"es","potentialAction":[{"@type":"ReadAction","target":["https:\/\/elpuucnoticias.com\/?p=13624"]}]},{"@type":"BreadcrumbList","@id":"https:\/\/elpuucnoticias.com\/?p=13624#breadcrumb","itemListElement":[{"@type":"ListItem","position":1,"name":"Portada","item":"https:\/\/elpuucnoticias.com\/"},{"@type":"ListItem","position":2,"name":"Vinculado por muerte ocurrida en incidente de tr\u00e1nsito\u00a0en M\u00e9rida"}]},{"@type":"Person","@id":"https:\/\/elpuucnoticias.com\/#\/schema\/person\/d2ea09e4c97f0160b11cdfb1d856bd9e","name":"elpuucnoticias","image":{"@type":"ImageObject","@id":"https:\/\/elpuucnoticias.com\/#personlogo","inLanguage":"es","url":"https:\/\/secure.gravatar.com\/avatar\/5290a43657c74ffa15701dbe5b846bd85cc71930d803c84e91046a7333de6ce2?s=96&d=mm&r=g","contentUrl":"https:\/\/secure.gravatar.com\/avatar\/5290a43657c74ffa15701dbe5b846bd85cc71930d803c84e91046a7333de6ce2?s=96&d=mm&r=g","caption":"elpuucnoticias"},"sameAs":["https:\/\/elpuucnoticias.com"],"url":"https:\/\/elpuucnoticias.com\/?author=1"}]}},"_links":{"self":[{"href":"https:\/\/elpuucnoticias.com\/index.php?rest_route=\/wp\/v2\/posts\/13624","targetHints":{"allow":["GET"]}}],"collection":[{"href":"https:\/\/elpuucnoticias.com\/index.php?rest_route=\/wp\/v2\/posts"}],"about":[{"href":"https:\/\/elpuucnoticias.com\/index.php?rest_route=\/wp\/v2\/types\/post"}],"author":[{"embeddable":true,"href":"https:\/\/elpuucnoticias.com\/index.php?rest_route=\/wp\/v2\/users\/1"}],"replies":[{"embeddable":true,"href":"https:\/\/elpuucnoticias.com\/index.php?rest_route=%2Fwp%2Fv2%2Fcomments&post=13624"}],"version-history":[{"count":1,"href":"https:\/\/elpuucnoticias.com\/index.php?rest_route=\/wp\/v2\/posts\/13624\/revisions"}],"predecessor-version":[{"id":13625,"href":"https:\/\/elpuucnoticias.com\/index.php?rest_route=\/wp\/v2\/posts\/13624\/revisions\/13625"}],"wp:featuredmedia":[{"embeddable":true,"href":"https:\/\/elpuucnoticias.com\/index.php?rest_route=\/wp\/v2\/media\/9254"}],"wp:attachment":[{"href":"https:\/\/elpuucnoticias.com\/index.php?rest_route=%2Fwp%2Fv2%2Fmedia&parent=13624"}],"wp:term":[{"taxonomy":"category","embeddable":true,"href":"https:\/\/elpuucnoticias.com\/index.php?rest_route=%2Fwp%2Fv2%2Fcategories&post=13624"},{"taxonomy":"post_tag","embeddable":true,"href":"https:\/\/elpuucnoticias.com\/index.php?rest_route=%2Fwp%2Fv2%2Ftags&post=13624"}],"curies":[{"name":"wp","href":"https:\/\/api.w.org\/{rel}","templated":true}]}}