{"id":13669,"date":"2024-06-18T11:33:36","date_gmt":"2024-06-18T17:33:36","guid":{"rendered":"https:\/\/elpuucnoticias.com\/?p=13669"},"modified":"2024-06-18T11:33:37","modified_gmt":"2024-06-18T17:33:37","slug":"le-formulan-cargos-por-robo-en-ferreteria-de-la-azcorra-en-merida","status":"publish","type":"post","link":"https:\/\/elpuucnoticias.com\/?p=13669","title":{"rendered":"Le formulan cargos por robo en ferreter\u00eda de la Azcorra en M\u00e9rida\u00a0"},"content":{"rendered":"\n<p>Acusado de apoderarse de diversos botes de pintura y herramientas, E.J.Ch.E. fue imputado por la Fiscal\u00eda General del Estado (FGE) por el delito de robo calificado, denunciado despu\u00e9s de los hechos ocurridos en el mes de marzo del 2023 en una ferreter\u00eda ubicada en la colonia Azcorra de esta ciudad de M\u00e9rida.<\/p>\n\n\n\n<p>Tras ejecutarse una orden de aprehensi\u00f3n, en una labor coordinada entre la FGE y agentes de la Polic\u00eda Estatal de Investigaci\u00f3n (PEI) adscritos a la Secretar\u00eda de Seguridad P\u00fablica (SSP), el acusado fue presentado ante la Juez Primera de Control, donde los fiscales de litigaci\u00f3n le formularon la imputaci\u00f3n del delito y argumentaron la vinculaci\u00f3n a proceso, pero el encausado se acogi\u00f3 a la duplicidad del t\u00e9rmino constitucional para definir su situaci\u00f3n jur\u00eddica, misma que se definir\u00e1 en fecha pr\u00f3xima.<\/p>\n\n\n\n<p>Con relaci\u00f3n a los hechos, reunidos en la carpeta de investigaci\u00f3n de la causa penal 327\/2023, se establece que ocurrieron el tres de marzo del a\u00f1o pasado, cuando el imputado ingres\u00f3 a una ferreter\u00eda&nbsp; ubicada en la citada colonia, para lo cual da\u00f1\u00f3 una puerta trasera y una vez en el interior se apoder\u00f3 de diversos botes de pintura en aerosol, algunas herramientas y pegamentos, pero fue sorprendido por una ciudadana a la cual amenaz\u00f3 para darse a la fuga.<\/p>\n\n\n\n<p>Antes de concluir la audiencia, los fiscales de litigaci\u00f3n solicitaron que la medida cautelar fuera la prisi\u00f3n preventiva justificada, misma que fue concedida por la Juez de Control por todo el tiempo que dure el proceso, por lo que el encausado permanecer\u00e1 privado de su libertad hasta esclarecer su participaci\u00f3n en los hechos denunciados.<\/p>\n","protected":false},"excerpt":{"rendered":"<p>Acusado de apoderarse de diversos botes de pintura y herramientas, E.J.Ch.E. fue imputado por la Fiscal\u00eda General del<\/p>\n","protected":false},"author":1,"featured_media":9277,"comment_status":"closed","ping_status":"open","sticky":false,"template":"","format":"standard","meta":{"_monsterinsights_skip_tracking":false,"_monsterinsights_sitenote_active":false,"_monsterinsights_sitenote_note":"","_monsterinsights_sitenote_category":0,"footnotes":""},"categories":[11,3],"tags":[],"class_list":["post-13669","post","type-post","status-publish","format-standard","has-post-thumbnail","hentry","category-noticias","category-policiacas"],"yoast_head":"<!-- This site is optimized with the Yoast SEO plugin v18.3 - https:\/\/yoast.com\/wordpress\/plugins\/seo\/ -->\n<title>Le formulan cargos por robo en ferreter\u00eda de la Azcorra en M\u00e9rida\u00a0 - El Puuc Noticias<\/title>\n<meta name=\"robots\" content=\"index, follow, max-snippet:-1, max-image-preview:large, max-video-preview:-1\" \/>\n<link rel=\"canonical\" href=\"https:\/\/elpuucnoticias.com\/?p=13669\" \/>\n<meta property=\"og:locale\" content=\"es_ES\" \/>\n<meta property=\"og:type\" content=\"article\" \/>\n<meta property=\"og:title\" content=\"Le formulan cargos por robo en ferreter\u00eda de la Azcorra en M\u00e9rida\u00a0 - El Puuc Noticias\" \/>\n<meta property=\"og:description\" content=\"Acusado de apoderarse de diversos botes de pintura y herramientas, E.J.Ch.E. fue imputado por la Fiscal\u00eda General del\" \/>\n<meta property=\"og:url\" content=\"https:\/\/elpuucnoticias.com\/?p=13669\" \/>\n<meta property=\"og:site_name\" content=\"El Puuc Noticias\" \/>\n<meta property=\"article:published_time\" content=\"2024-06-18T17:33:36+00:00\" \/>\n<meta property=\"article:modified_time\" content=\"2024-06-18T17:33:37+00:00\" \/>\n<meta property=\"og:image\" content=\"https:\/\/elpuucnoticias.com\/wp-content\/uploads\/2023\/09\/fiscalia-dedos-2.jpg\" \/>\n\t<meta property=\"og:image:width\" content=\"1280\" \/>\n\t<meta property=\"og:image:height\" content=\"891\" \/>\n\t<meta property=\"og:image:type\" content=\"image\/jpeg\" \/>\n<meta name=\"twitter:card\" content=\"summary_large_image\" \/>\n<meta name=\"twitter:label1\" content=\"Escrito por\" \/>\n\t<meta name=\"twitter:data1\" content=\"elpuucnoticias\" \/>\n\t<meta name=\"twitter:label2\" content=\"Tiempo de lectura\" \/>\n\t<meta name=\"twitter:data2\" content=\"2 minutos\" \/>\n<script type=\"application\/ld+json\" class=\"yoast-schema-graph\">{\"@context\":\"https:\/\/schema.org\",\"@graph\":[{\"@type\":\"WebSite\",\"@id\":\"https:\/\/elpuucnoticias.com\/#website\",\"url\":\"https:\/\/elpuucnoticias.com\/\",\"name\":\"El Puuc Noticias\",\"description\":\"Noticias - Entretenimiento - Deportes\",\"potentialAction\":[{\"@type\":\"SearchAction\",\"target\":{\"@type\":\"EntryPoint\",\"urlTemplate\":\"https:\/\/elpuucnoticias.com\/?s={search_term_string}\"},\"query-input\":\"required name=search_term_string\"}],\"inLanguage\":\"es\"},{\"@type\":\"ImageObject\",\"@id\":\"https:\/\/elpuucnoticias.com\/?p=13669#primaryimage\",\"inLanguage\":\"es\",\"url\":\"https:\/\/elpuucnoticias.com\/wp-content\/uploads\/2023\/09\/fiscalia-dedos-2.jpg\",\"contentUrl\":\"https:\/\/elpuucnoticias.com\/wp-content\/uploads\/2023\/09\/fiscalia-dedos-2.jpg\",\"width\":1280,\"height\":891},{\"@type\":\"WebPage\",\"@id\":\"https:\/\/elpuucnoticias.com\/?p=13669#webpage\",\"url\":\"https:\/\/elpuucnoticias.com\/?p=13669\",\"name\":\"Le formulan cargos por robo en ferreter\u00eda de la Azcorra en M\u00e9rida\u00a0 - El Puuc Noticias\",\"isPartOf\":{\"@id\":\"https:\/\/elpuucnoticias.com\/#website\"},\"primaryImageOfPage\":{\"@id\":\"https:\/\/elpuucnoticias.com\/?p=13669#primaryimage\"},\"datePublished\":\"2024-06-18T17:33:36+00:00\",\"dateModified\":\"2024-06-18T17:33:37+00:00\",\"author\":{\"@id\":\"https:\/\/elpuucnoticias.com\/#\/schema\/person\/d2ea09e4c97f0160b11cdfb1d856bd9e\"},\"breadcrumb\":{\"@id\":\"https:\/\/elpuucnoticias.com\/?p=13669#breadcrumb\"},\"inLanguage\":\"es\",\"potentialAction\":[{\"@type\":\"ReadAction\",\"target\":[\"https:\/\/elpuucnoticias.com\/?p=13669\"]}]},{\"@type\":\"BreadcrumbList\",\"@id\":\"https:\/\/elpuucnoticias.com\/?p=13669#breadcrumb\",\"itemListElement\":[{\"@type\":\"ListItem\",\"position\":1,\"name\":\"Portada\",\"item\":\"https:\/\/elpuucnoticias.com\/\"},{\"@type\":\"ListItem\",\"position\":2,\"name\":\"Le formulan cargos por robo en ferreter\u00eda de la Azcorra en M\u00e9rida\u00a0\"}]},{\"@type\":\"Person\",\"@id\":\"https:\/\/elpuucnoticias.com\/#\/schema\/person\/d2ea09e4c97f0160b11cdfb1d856bd9e\",\"name\":\"elpuucnoticias\",\"image\":{\"@type\":\"ImageObject\",\"@id\":\"https:\/\/elpuucnoticias.com\/#personlogo\",\"inLanguage\":\"es\",\"url\":\"https:\/\/secure.gravatar.com\/avatar\/5290a43657c74ffa15701dbe5b846bd85cc71930d803c84e91046a7333de6ce2?s=96&d=mm&r=g\",\"contentUrl\":\"https:\/\/secure.gravatar.com\/avatar\/5290a43657c74ffa15701dbe5b846bd85cc71930d803c84e91046a7333de6ce2?s=96&d=mm&r=g\",\"caption\":\"elpuucnoticias\"},\"sameAs\":[\"https:\/\/elpuucnoticias.com\"],\"url\":\"https:\/\/elpuucnoticias.com\/?author=1\"}]}<\/script>\n<!-- \/ Yoast SEO plugin. -->","yoast_head_json":{"title":"Le formulan cargos por robo en ferreter\u00eda de la Azcorra en M\u00e9rida\u00a0 - El Puuc Noticias","robots":{"index":"index","follow":"follow","max-snippet":"max-snippet:-1","max-image-preview":"max-image-preview:large","max-video-preview":"max-video-preview:-1"},"canonical":"https:\/\/elpuucnoticias.com\/?p=13669","og_locale":"es_ES","og_type":"article","og_title":"Le formulan cargos por robo en ferreter\u00eda de la Azcorra en M\u00e9rida\u00a0 - El Puuc Noticias","og_description":"Acusado de apoderarse de diversos botes de pintura y herramientas, E.J.Ch.E. fue imputado por la Fiscal\u00eda General del","og_url":"https:\/\/elpuucnoticias.com\/?p=13669","og_site_name":"El Puuc Noticias","article_published_time":"2024-06-18T17:33:36+00:00","article_modified_time":"2024-06-18T17:33:37+00:00","og_image":[{"width":1280,"height":891,"url":"https:\/\/elpuucnoticias.com\/wp-content\/uploads\/2023\/09\/fiscalia-dedos-2.jpg","type":"image\/jpeg"}],"twitter_card":"summary_large_image","twitter_misc":{"Escrito por":"elpuucnoticias","Tiempo de lectura":"2 minutos"},"schema":{"@context":"https:\/\/schema.org","@graph":[{"@type":"WebSite","@id":"https:\/\/elpuucnoticias.com\/#website","url":"https:\/\/elpuucnoticias.com\/","name":"El Puuc Noticias","description":"Noticias - Entretenimiento - Deportes","potentialAction":[{"@type":"SearchAction","target":{"@type":"EntryPoint","urlTemplate":"https:\/\/elpuucnoticias.com\/?s={search_term_string}"},"query-input":"required name=search_term_string"}],"inLanguage":"es"},{"@type":"ImageObject","@id":"https:\/\/elpuucnoticias.com\/?p=13669#primaryimage","inLanguage":"es","url":"https:\/\/elpuucnoticias.com\/wp-content\/uploads\/2023\/09\/fiscalia-dedos-2.jpg","contentUrl":"https:\/\/elpuucnoticias.com\/wp-content\/uploads\/2023\/09\/fiscalia-dedos-2.jpg","width":1280,"height":891},{"@type":"WebPage","@id":"https:\/\/elpuucnoticias.com\/?p=13669#webpage","url":"https:\/\/elpuucnoticias.com\/?p=13669","name":"Le formulan cargos por robo en ferreter\u00eda de la Azcorra en M\u00e9rida\u00a0 - El Puuc Noticias","isPartOf":{"@id":"https:\/\/elpuucnoticias.com\/#website"},"primaryImageOfPage":{"@id":"https:\/\/elpuucnoticias.com\/?p=13669#primaryimage"},"datePublished":"2024-06-18T17:33:36+00:00","dateModified":"2024-06-18T17:33:37+00:00","author":{"@id":"https:\/\/elpuucnoticias.com\/#\/schema\/person\/d2ea09e4c97f0160b11cdfb1d856bd9e"},"breadcrumb":{"@id":"https:\/\/elpuucnoticias.com\/?p=13669#breadcrumb"},"inLanguage":"es","potentialAction":[{"@type":"ReadAction","target":["https:\/\/elpuucnoticias.com\/?p=13669"]}]},{"@type":"BreadcrumbList","@id":"https:\/\/elpuucnoticias.com\/?p=13669#breadcrumb","itemListElement":[{"@type":"ListItem","position":1,"name":"Portada","item":"https:\/\/elpuucnoticias.com\/"},{"@type":"ListItem","position":2,"name":"Le formulan cargos por robo en ferreter\u00eda de la Azcorra en M\u00e9rida\u00a0"}]},{"@type":"Person","@id":"https:\/\/elpuucnoticias.com\/#\/schema\/person\/d2ea09e4c97f0160b11cdfb1d856bd9e","name":"elpuucnoticias","image":{"@type":"ImageObject","@id":"https:\/\/elpuucnoticias.com\/#personlogo","inLanguage":"es","url":"https:\/\/secure.gravatar.com\/avatar\/5290a43657c74ffa15701dbe5b846bd85cc71930d803c84e91046a7333de6ce2?s=96&d=mm&r=g","contentUrl":"https:\/\/secure.gravatar.com\/avatar\/5290a43657c74ffa15701dbe5b846bd85cc71930d803c84e91046a7333de6ce2?s=96&d=mm&r=g","caption":"elpuucnoticias"},"sameAs":["https:\/\/elpuucnoticias.com"],"url":"https:\/\/elpuucnoticias.com\/?author=1"}]}},"_links":{"self":[{"href":"https:\/\/elpuucnoticias.com\/index.php?rest_route=\/wp\/v2\/posts\/13669","targetHints":{"allow":["GET"]}}],"collection":[{"href":"https:\/\/elpuucnoticias.com\/index.php?rest_route=\/wp\/v2\/posts"}],"about":[{"href":"https:\/\/elpuucnoticias.com\/index.php?rest_route=\/wp\/v2\/types\/post"}],"author":[{"embeddable":true,"href":"https:\/\/elpuucnoticias.com\/index.php?rest_route=\/wp\/v2\/users\/1"}],"replies":[{"embeddable":true,"href":"https:\/\/elpuucnoticias.com\/index.php?rest_route=%2Fwp%2Fv2%2Fcomments&post=13669"}],"version-history":[{"count":1,"href":"https:\/\/elpuucnoticias.com\/index.php?rest_route=\/wp\/v2\/posts\/13669\/revisions"}],"predecessor-version":[{"id":13670,"href":"https:\/\/elpuucnoticias.com\/index.php?rest_route=\/wp\/v2\/posts\/13669\/revisions\/13670"}],"wp:featuredmedia":[{"embeddable":true,"href":"https:\/\/elpuucnoticias.com\/index.php?rest_route=\/wp\/v2\/media\/9277"}],"wp:attachment":[{"href":"https:\/\/elpuucnoticias.com\/index.php?rest_route=%2Fwp%2Fv2%2Fmedia&parent=13669"}],"wp:term":[{"taxonomy":"category","embeddable":true,"href":"https:\/\/elpuucnoticias.com\/index.php?rest_route=%2Fwp%2Fv2%2Fcategories&post=13669"},{"taxonomy":"post_tag","embeddable":true,"href":"https:\/\/elpuucnoticias.com\/index.php?rest_route=%2Fwp%2Fv2%2Ftags&post=13669"}],"curies":[{"name":"wp","href":"https:\/\/api.w.org\/{rel}","templated":true}]}}