{"id":13719,"date":"2024-06-20T10:38:40","date_gmt":"2024-06-20T16:38:40","guid":{"rendered":"https:\/\/elpuucnoticias.com\/?p=13719"},"modified":"2024-06-20T10:38:41","modified_gmt":"2024-06-20T16:38:41","slug":"se-queda-en-prision-imputado-por-robo-con-violencia-en-merida","status":"publish","type":"post","link":"https:\/\/elpuucnoticias.com\/?p=13719","title":{"rendered":"Se queda en prisi\u00f3n imputado por robo con violencia en M\u00e9rida\u00a0"},"content":{"rendered":"\n<p>Acusado de apoderarse de dinero en efectivo, R.O.C.A. fue imputado por la Fiscal\u00eda General del Estado (FGE) por el delito de robo calificado cometido con violencia, denunciado tras los hechos ocurridos en d\u00edas pasados en un predio del fraccionamiento Pol\u00edgono 108 Itzimn\u00e1 de esta ciudad de M\u00e9rida.<\/p>\n\n\n\n<p>En la audiencia celebrada en el Centro de Justicia Oral de M\u00e9rida, esta representaci\u00f3n social imput\u00f3 el delito y expuso los datos de prueba para solicitar la vinculaci\u00f3n a proceso del acusado, quien se acogi\u00f3 a la ampliaci\u00f3n del t\u00e9rmino constitucional para resolver su situaci\u00f3n jur\u00eddica, por lo que la Juez Primero de Control cit\u00f3 a las partes para el pr\u00f3ximo 20 de junio.<\/p>\n\n\n\n<p>Con relaci\u00f3n a los hechos, los expertos de la Fiscal\u00eda establecieron que ocurrieron el pasado 12 de junio, en las primeras horas de la ma\u00f1ana, cuando el encausado encontr\u00e1ndose en el interior del predio ubicado en el citado fraccionamiento, recurri\u00f3 a la violencia para despojar a la v\u00edctima de una cantidad de d\u00f3lares americanos y pesos mexicanos que tra\u00eda consigo en una bolsa de mano.<\/p>\n\n\n\n<p>Acto seguido, el acusado se retir\u00f3 del lugar a bordo de un veh\u00edculo&nbsp; pero fue detenido por elementos policiacos y turnado a la Fiscal\u00eda para la denuncia correspondiente e integraci\u00f3n de la carpeta de investigaci\u00f3n que deriv\u00f3 en la causa penal 231\/2024.<\/p>\n\n\n\n<p>Finalmente, los fiscales expusieron argumentos para solicitar la medida cautelar de prisi\u00f3n preventiva oficiosa, misma que fue concedida por la autoridad judicial por todo el tiempo que dure el proceso.<\/p>\n","protected":false},"excerpt":{"rendered":"<p>Acusado de apoderarse de dinero en efectivo, R.O.C.A. fue imputado por la Fiscal\u00eda General del Estado (FGE) por<\/p>\n","protected":false},"author":1,"featured_media":9274,"comment_status":"closed","ping_status":"open","sticky":false,"template":"","format":"standard","meta":{"_monsterinsights_skip_tracking":false,"_monsterinsights_sitenote_active":false,"_monsterinsights_sitenote_note":"","_monsterinsights_sitenote_category":0,"footnotes":""},"categories":[11,3],"tags":[],"class_list":["post-13719","post","type-post","status-publish","format-standard","has-post-thumbnail","hentry","category-noticias","category-policiacas"],"yoast_head":"<!-- This site is optimized with the Yoast SEO plugin v18.3 - https:\/\/yoast.com\/wordpress\/plugins\/seo\/ -->\n<title>Se queda en prisi\u00f3n imputado por robo con violencia en M\u00e9rida\u00a0 - El Puuc Noticias<\/title>\n<meta name=\"robots\" content=\"index, follow, max-snippet:-1, max-image-preview:large, max-video-preview:-1\" \/>\n<link rel=\"canonical\" href=\"https:\/\/elpuucnoticias.com\/?p=13719\" \/>\n<meta property=\"og:locale\" content=\"es_ES\" \/>\n<meta property=\"og:type\" content=\"article\" \/>\n<meta property=\"og:title\" content=\"Se queda en prisi\u00f3n imputado por robo con violencia en M\u00e9rida\u00a0 - El Puuc Noticias\" \/>\n<meta property=\"og:description\" content=\"Acusado de apoderarse de dinero en efectivo, R.O.C.A. fue imputado por la Fiscal\u00eda General del Estado (FGE) por\" \/>\n<meta property=\"og:url\" content=\"https:\/\/elpuucnoticias.com\/?p=13719\" \/>\n<meta property=\"og:site_name\" content=\"El Puuc Noticias\" \/>\n<meta property=\"article:published_time\" content=\"2024-06-20T16:38:40+00:00\" \/>\n<meta property=\"article:modified_time\" content=\"2024-06-20T16:38:41+00:00\" \/>\n<meta property=\"og:image\" content=\"https:\/\/elpuucnoticias.com\/wp-content\/uploads\/2023\/09\/fiscalia-ciberneticos.jpg\" \/>\n\t<meta property=\"og:image:width\" content=\"1492\" \/>\n\t<meta property=\"og:image:height\" content=\"995\" \/>\n\t<meta property=\"og:image:type\" content=\"image\/jpeg\" \/>\n<meta name=\"twitter:card\" content=\"summary_large_image\" \/>\n<meta name=\"twitter:label1\" content=\"Escrito por\" \/>\n\t<meta name=\"twitter:data1\" content=\"elpuucnoticias\" \/>\n\t<meta name=\"twitter:label2\" content=\"Tiempo de lectura\" \/>\n\t<meta name=\"twitter:data2\" content=\"2 minutos\" \/>\n<script type=\"application\/ld+json\" class=\"yoast-schema-graph\">{\"@context\":\"https:\/\/schema.org\",\"@graph\":[{\"@type\":\"WebSite\",\"@id\":\"https:\/\/elpuucnoticias.com\/#website\",\"url\":\"https:\/\/elpuucnoticias.com\/\",\"name\":\"El Puuc Noticias\",\"description\":\"Noticias - Entretenimiento - Deportes\",\"potentialAction\":[{\"@type\":\"SearchAction\",\"target\":{\"@type\":\"EntryPoint\",\"urlTemplate\":\"https:\/\/elpuucnoticias.com\/?s={search_term_string}\"},\"query-input\":\"required name=search_term_string\"}],\"inLanguage\":\"es\"},{\"@type\":\"ImageObject\",\"@id\":\"https:\/\/elpuucnoticias.com\/?p=13719#primaryimage\",\"inLanguage\":\"es\",\"url\":\"https:\/\/elpuucnoticias.com\/wp-content\/uploads\/2023\/09\/fiscalia-ciberneticos.jpg\",\"contentUrl\":\"https:\/\/elpuucnoticias.com\/wp-content\/uploads\/2023\/09\/fiscalia-ciberneticos.jpg\",\"width\":1492,\"height\":995},{\"@type\":\"WebPage\",\"@id\":\"https:\/\/elpuucnoticias.com\/?p=13719#webpage\",\"url\":\"https:\/\/elpuucnoticias.com\/?p=13719\",\"name\":\"Se queda en prisi\u00f3n imputado por robo con violencia en M\u00e9rida\u00a0 - El Puuc Noticias\",\"isPartOf\":{\"@id\":\"https:\/\/elpuucnoticias.com\/#website\"},\"primaryImageOfPage\":{\"@id\":\"https:\/\/elpuucnoticias.com\/?p=13719#primaryimage\"},\"datePublished\":\"2024-06-20T16:38:40+00:00\",\"dateModified\":\"2024-06-20T16:38:41+00:00\",\"author\":{\"@id\":\"https:\/\/elpuucnoticias.com\/#\/schema\/person\/d2ea09e4c97f0160b11cdfb1d856bd9e\"},\"breadcrumb\":{\"@id\":\"https:\/\/elpuucnoticias.com\/?p=13719#breadcrumb\"},\"inLanguage\":\"es\",\"potentialAction\":[{\"@type\":\"ReadAction\",\"target\":[\"https:\/\/elpuucnoticias.com\/?p=13719\"]}]},{\"@type\":\"BreadcrumbList\",\"@id\":\"https:\/\/elpuucnoticias.com\/?p=13719#breadcrumb\",\"itemListElement\":[{\"@type\":\"ListItem\",\"position\":1,\"name\":\"Portada\",\"item\":\"https:\/\/elpuucnoticias.com\/\"},{\"@type\":\"ListItem\",\"position\":2,\"name\":\"Se queda en prisi\u00f3n imputado por robo con violencia en M\u00e9rida\u00a0\"}]},{\"@type\":\"Person\",\"@id\":\"https:\/\/elpuucnoticias.com\/#\/schema\/person\/d2ea09e4c97f0160b11cdfb1d856bd9e\",\"name\":\"elpuucnoticias\",\"image\":{\"@type\":\"ImageObject\",\"@id\":\"https:\/\/elpuucnoticias.com\/#personlogo\",\"inLanguage\":\"es\",\"url\":\"https:\/\/secure.gravatar.com\/avatar\/5290a43657c74ffa15701dbe5b846bd85cc71930d803c84e91046a7333de6ce2?s=96&d=mm&r=g\",\"contentUrl\":\"https:\/\/secure.gravatar.com\/avatar\/5290a43657c74ffa15701dbe5b846bd85cc71930d803c84e91046a7333de6ce2?s=96&d=mm&r=g\",\"caption\":\"elpuucnoticias\"},\"sameAs\":[\"https:\/\/elpuucnoticias.com\"],\"url\":\"https:\/\/elpuucnoticias.com\/?author=1\"}]}<\/script>\n<!-- \/ Yoast SEO plugin. -->","yoast_head_json":{"title":"Se queda en prisi\u00f3n imputado por robo con violencia en M\u00e9rida\u00a0 - El Puuc Noticias","robots":{"index":"index","follow":"follow","max-snippet":"max-snippet:-1","max-image-preview":"max-image-preview:large","max-video-preview":"max-video-preview:-1"},"canonical":"https:\/\/elpuucnoticias.com\/?p=13719","og_locale":"es_ES","og_type":"article","og_title":"Se queda en prisi\u00f3n imputado por robo con violencia en M\u00e9rida\u00a0 - El Puuc Noticias","og_description":"Acusado de apoderarse de dinero en efectivo, R.O.C.A. fue imputado por la Fiscal\u00eda General del Estado (FGE) por","og_url":"https:\/\/elpuucnoticias.com\/?p=13719","og_site_name":"El Puuc Noticias","article_published_time":"2024-06-20T16:38:40+00:00","article_modified_time":"2024-06-20T16:38:41+00:00","og_image":[{"width":1492,"height":995,"url":"https:\/\/elpuucnoticias.com\/wp-content\/uploads\/2023\/09\/fiscalia-ciberneticos.jpg","type":"image\/jpeg"}],"twitter_card":"summary_large_image","twitter_misc":{"Escrito por":"elpuucnoticias","Tiempo de lectura":"2 minutos"},"schema":{"@context":"https:\/\/schema.org","@graph":[{"@type":"WebSite","@id":"https:\/\/elpuucnoticias.com\/#website","url":"https:\/\/elpuucnoticias.com\/","name":"El Puuc Noticias","description":"Noticias - Entretenimiento - Deportes","potentialAction":[{"@type":"SearchAction","target":{"@type":"EntryPoint","urlTemplate":"https:\/\/elpuucnoticias.com\/?s={search_term_string}"},"query-input":"required name=search_term_string"}],"inLanguage":"es"},{"@type":"ImageObject","@id":"https:\/\/elpuucnoticias.com\/?p=13719#primaryimage","inLanguage":"es","url":"https:\/\/elpuucnoticias.com\/wp-content\/uploads\/2023\/09\/fiscalia-ciberneticos.jpg","contentUrl":"https:\/\/elpuucnoticias.com\/wp-content\/uploads\/2023\/09\/fiscalia-ciberneticos.jpg","width":1492,"height":995},{"@type":"WebPage","@id":"https:\/\/elpuucnoticias.com\/?p=13719#webpage","url":"https:\/\/elpuucnoticias.com\/?p=13719","name":"Se queda en prisi\u00f3n imputado por robo con violencia en M\u00e9rida\u00a0 - El Puuc Noticias","isPartOf":{"@id":"https:\/\/elpuucnoticias.com\/#website"},"primaryImageOfPage":{"@id":"https:\/\/elpuucnoticias.com\/?p=13719#primaryimage"},"datePublished":"2024-06-20T16:38:40+00:00","dateModified":"2024-06-20T16:38:41+00:00","author":{"@id":"https:\/\/elpuucnoticias.com\/#\/schema\/person\/d2ea09e4c97f0160b11cdfb1d856bd9e"},"breadcrumb":{"@id":"https:\/\/elpuucnoticias.com\/?p=13719#breadcrumb"},"inLanguage":"es","potentialAction":[{"@type":"ReadAction","target":["https:\/\/elpuucnoticias.com\/?p=13719"]}]},{"@type":"BreadcrumbList","@id":"https:\/\/elpuucnoticias.com\/?p=13719#breadcrumb","itemListElement":[{"@type":"ListItem","position":1,"name":"Portada","item":"https:\/\/elpuucnoticias.com\/"},{"@type":"ListItem","position":2,"name":"Se queda en prisi\u00f3n imputado por robo con violencia en M\u00e9rida\u00a0"}]},{"@type":"Person","@id":"https:\/\/elpuucnoticias.com\/#\/schema\/person\/d2ea09e4c97f0160b11cdfb1d856bd9e","name":"elpuucnoticias","image":{"@type":"ImageObject","@id":"https:\/\/elpuucnoticias.com\/#personlogo","inLanguage":"es","url":"https:\/\/secure.gravatar.com\/avatar\/5290a43657c74ffa15701dbe5b846bd85cc71930d803c84e91046a7333de6ce2?s=96&d=mm&r=g","contentUrl":"https:\/\/secure.gravatar.com\/avatar\/5290a43657c74ffa15701dbe5b846bd85cc71930d803c84e91046a7333de6ce2?s=96&d=mm&r=g","caption":"elpuucnoticias"},"sameAs":["https:\/\/elpuucnoticias.com"],"url":"https:\/\/elpuucnoticias.com\/?author=1"}]}},"_links":{"self":[{"href":"https:\/\/elpuucnoticias.com\/index.php?rest_route=\/wp\/v2\/posts\/13719","targetHints":{"allow":["GET"]}}],"collection":[{"href":"https:\/\/elpuucnoticias.com\/index.php?rest_route=\/wp\/v2\/posts"}],"about":[{"href":"https:\/\/elpuucnoticias.com\/index.php?rest_route=\/wp\/v2\/types\/post"}],"author":[{"embeddable":true,"href":"https:\/\/elpuucnoticias.com\/index.php?rest_route=\/wp\/v2\/users\/1"}],"replies":[{"embeddable":true,"href":"https:\/\/elpuucnoticias.com\/index.php?rest_route=%2Fwp%2Fv2%2Fcomments&post=13719"}],"version-history":[{"count":1,"href":"https:\/\/elpuucnoticias.com\/index.php?rest_route=\/wp\/v2\/posts\/13719\/revisions"}],"predecessor-version":[{"id":13720,"href":"https:\/\/elpuucnoticias.com\/index.php?rest_route=\/wp\/v2\/posts\/13719\/revisions\/13720"}],"wp:featuredmedia":[{"embeddable":true,"href":"https:\/\/elpuucnoticias.com\/index.php?rest_route=\/wp\/v2\/media\/9274"}],"wp:attachment":[{"href":"https:\/\/elpuucnoticias.com\/index.php?rest_route=%2Fwp%2Fv2%2Fmedia&parent=13719"}],"wp:term":[{"taxonomy":"category","embeddable":true,"href":"https:\/\/elpuucnoticias.com\/index.php?rest_route=%2Fwp%2Fv2%2Fcategories&post=13719"},{"taxonomy":"post_tag","embeddable":true,"href":"https:\/\/elpuucnoticias.com\/index.php?rest_route=%2Fwp%2Fv2%2Ftags&post=13719"}],"curies":[{"name":"wp","href":"https:\/\/api.w.org\/{rel}","templated":true}]}}