{"id":13733,"date":"2024-06-20T11:05:28","date_gmt":"2024-06-20T17:05:28","guid":{"rendered":"https:\/\/elpuucnoticias.com\/?p=13733"},"modified":"2024-06-20T11:08:16","modified_gmt":"2024-06-20T17:08:16","slug":"sentenciado-a-prision-en-juicio-oral-por-no-dar-pension-alimenticia-en-merida","status":"publish","type":"post","link":"https:\/\/elpuucnoticias.com\/?p=13733","title":{"rendered":"Sentenciado a prisi\u00f3n en juicio oral por no dar pensi\u00f3n alimenticia en M\u00e9rida"},"content":{"rendered":"\n<p>Tras ser encontrado penalmente responsable en un Juicio Oral por el delito de incumplimiento de obligaciones de asistencia familiar, L.A.E.C. fue sentenciado a dos a\u00f1os de prisi\u00f3n y el pago de 90 d\u00edas de multa, por dejar de proporcionar pensi\u00f3n alimenticia a favor de sus cuatro hijos menores de edad.<\/p>\n\n\n\n<p>La Fiscal\u00eda General del Estado (FGE) aport\u00f3 las pruebas periciales, documentales y testimoniales que fueron revisadas por el Tribunal Unitario de Enjuiciamiento, quienes otorgaron un fallo condenatorio por unanimidad de votos y sentenciaron al acusado adem\u00e1s de la pena de prisi\u00f3n, al pago de la reparaci\u00f3n del da\u00f1o por 352,553 pesos.<\/p>\n\n\n\n<p>Adem\u00e1s, le fueron suspendidos sus derechos pol\u00edticos, recibi\u00f3 una amonestaci\u00f3n p\u00fablica, tiene prohibido acercarse a la denunciante en un periodo de tres a\u00f1os una vez que cumpla con la sentencia y ser\u00e1 inscrito al Registro de Deudores Alimentarios del Estado.<\/p>\n\n\n\n<p>Cabe recordar que durante la etapa inicial del proceso, la carpeta de investigaci\u00f3n se desahog\u00f3 bajo la causa penal 246\/2021 ante el Juez Primero de Control, donde esta representaci\u00f3n social estableci\u00f3 que el sentenciado y la denunciante contrajeron matrimonio en 2006 y procrearon cuatro hijos.<\/p>\n\n\n\n<p>Es el caso que desde junio del a\u00f1o 2013, L.A.E.C. ha omitido proporcionar pensi\u00f3n alimenticia a los menores, esto pese a que en noviembre de 2017 un Juez Familiar le orden\u00f3 pagar un monto de 2,800 pesos mensuales.<\/p>\n\n\n\n<p>Antes de concluir la diligencia, se convoc\u00f3 a las partes para reunirse el pr\u00f3ximo 24 de junio para realizar la audiencia de lectura y explicaci\u00f3n de sentencia.<\/p>\n","protected":false},"excerpt":{"rendered":"<p>Tras ser encontrado penalmente responsable en un Juicio Oral por el delito de incumplimiento de obligaciones de asistencia<\/p>\n","protected":false},"author":1,"featured_media":9257,"comment_status":"closed","ping_status":"open","sticky":false,"template":"","format":"standard","meta":{"_monsterinsights_skip_tracking":false,"_monsterinsights_sitenote_active":false,"_monsterinsights_sitenote_note":"","_monsterinsights_sitenote_category":0,"footnotes":""},"categories":[11,3],"tags":[],"class_list":["post-13733","post","type-post","status-publish","format-standard","has-post-thumbnail","hentry","category-noticias","category-policiacas"],"yoast_head":"<!-- This site is optimized with the Yoast SEO plugin v18.3 - https:\/\/yoast.com\/wordpress\/plugins\/seo\/ -->\n<title>Sentenciado a prisi\u00f3n en juicio oral por no dar pensi\u00f3n alimenticia en M\u00e9rida - El Puuc Noticias<\/title>\n<meta name=\"robots\" content=\"index, follow, max-snippet:-1, max-image-preview:large, max-video-preview:-1\" \/>\n<link rel=\"canonical\" href=\"https:\/\/elpuucnoticias.com\/?p=13733\" \/>\n<meta property=\"og:locale\" content=\"es_ES\" \/>\n<meta property=\"og:type\" content=\"article\" \/>\n<meta property=\"og:title\" content=\"Sentenciado a prisi\u00f3n en juicio oral por no dar pensi\u00f3n alimenticia en M\u00e9rida - El Puuc Noticias\" \/>\n<meta property=\"og:description\" content=\"Tras ser encontrado penalmente responsable en un Juicio Oral por el delito de incumplimiento de obligaciones de asistencia\" \/>\n<meta property=\"og:url\" content=\"https:\/\/elpuucnoticias.com\/?p=13733\" \/>\n<meta property=\"og:site_name\" content=\"El Puuc Noticias\" \/>\n<meta property=\"article:published_time\" content=\"2024-06-20T17:05:28+00:00\" \/>\n<meta property=\"article:modified_time\" content=\"2024-06-20T17:08:16+00:00\" \/>\n<meta property=\"og:image\" content=\"https:\/\/elpuucnoticias.com\/wp-content\/uploads\/2023\/09\/fiscalia.jpg\" \/>\n\t<meta property=\"og:image:width\" content=\"300\" \/>\n\t<meta property=\"og:image:height\" content=\"199\" \/>\n\t<meta property=\"og:image:type\" content=\"image\/jpeg\" \/>\n<meta name=\"twitter:card\" content=\"summary_large_image\" \/>\n<meta name=\"twitter:label1\" content=\"Escrito por\" \/>\n\t<meta name=\"twitter:data1\" content=\"elpuucnoticias\" \/>\n\t<meta name=\"twitter:label2\" content=\"Tiempo de lectura\" \/>\n\t<meta name=\"twitter:data2\" content=\"2 minutos\" \/>\n<script type=\"application\/ld+json\" class=\"yoast-schema-graph\">{\"@context\":\"https:\/\/schema.org\",\"@graph\":[{\"@type\":\"WebSite\",\"@id\":\"https:\/\/elpuucnoticias.com\/#website\",\"url\":\"https:\/\/elpuucnoticias.com\/\",\"name\":\"El Puuc Noticias\",\"description\":\"Noticias - Entretenimiento - Deportes\",\"potentialAction\":[{\"@type\":\"SearchAction\",\"target\":{\"@type\":\"EntryPoint\",\"urlTemplate\":\"https:\/\/elpuucnoticias.com\/?s={search_term_string}\"},\"query-input\":\"required name=search_term_string\"}],\"inLanguage\":\"es\"},{\"@type\":\"ImageObject\",\"@id\":\"https:\/\/elpuucnoticias.com\/?p=13733#primaryimage\",\"inLanguage\":\"es\",\"url\":\"https:\/\/elpuucnoticias.com\/wp-content\/uploads\/2023\/09\/fiscalia.jpg\",\"contentUrl\":\"https:\/\/elpuucnoticias.com\/wp-content\/uploads\/2023\/09\/fiscalia.jpg\",\"width\":300,\"height\":199},{\"@type\":\"WebPage\",\"@id\":\"https:\/\/elpuucnoticias.com\/?p=13733#webpage\",\"url\":\"https:\/\/elpuucnoticias.com\/?p=13733\",\"name\":\"Sentenciado a prisi\u00f3n en juicio oral por no dar pensi\u00f3n alimenticia en M\u00e9rida - El Puuc Noticias\",\"isPartOf\":{\"@id\":\"https:\/\/elpuucnoticias.com\/#website\"},\"primaryImageOfPage\":{\"@id\":\"https:\/\/elpuucnoticias.com\/?p=13733#primaryimage\"},\"datePublished\":\"2024-06-20T17:05:28+00:00\",\"dateModified\":\"2024-06-20T17:08:16+00:00\",\"author\":{\"@id\":\"https:\/\/elpuucnoticias.com\/#\/schema\/person\/d2ea09e4c97f0160b11cdfb1d856bd9e\"},\"breadcrumb\":{\"@id\":\"https:\/\/elpuucnoticias.com\/?p=13733#breadcrumb\"},\"inLanguage\":\"es\",\"potentialAction\":[{\"@type\":\"ReadAction\",\"target\":[\"https:\/\/elpuucnoticias.com\/?p=13733\"]}]},{\"@type\":\"BreadcrumbList\",\"@id\":\"https:\/\/elpuucnoticias.com\/?p=13733#breadcrumb\",\"itemListElement\":[{\"@type\":\"ListItem\",\"position\":1,\"name\":\"Portada\",\"item\":\"https:\/\/elpuucnoticias.com\/\"},{\"@type\":\"ListItem\",\"position\":2,\"name\":\"Sentenciado a prisi\u00f3n en juicio oral por no dar pensi\u00f3n alimenticia en M\u00e9rida\"}]},{\"@type\":\"Person\",\"@id\":\"https:\/\/elpuucnoticias.com\/#\/schema\/person\/d2ea09e4c97f0160b11cdfb1d856bd9e\",\"name\":\"elpuucnoticias\",\"image\":{\"@type\":\"ImageObject\",\"@id\":\"https:\/\/elpuucnoticias.com\/#personlogo\",\"inLanguage\":\"es\",\"url\":\"https:\/\/secure.gravatar.com\/avatar\/5290a43657c74ffa15701dbe5b846bd85cc71930d803c84e91046a7333de6ce2?s=96&d=mm&r=g\",\"contentUrl\":\"https:\/\/secure.gravatar.com\/avatar\/5290a43657c74ffa15701dbe5b846bd85cc71930d803c84e91046a7333de6ce2?s=96&d=mm&r=g\",\"caption\":\"elpuucnoticias\"},\"sameAs\":[\"https:\/\/elpuucnoticias.com\"],\"url\":\"https:\/\/elpuucnoticias.com\/?author=1\"}]}<\/script>\n<!-- \/ Yoast SEO plugin. -->","yoast_head_json":{"title":"Sentenciado a prisi\u00f3n en juicio oral por no dar pensi\u00f3n alimenticia en M\u00e9rida - El Puuc Noticias","robots":{"index":"index","follow":"follow","max-snippet":"max-snippet:-1","max-image-preview":"max-image-preview:large","max-video-preview":"max-video-preview:-1"},"canonical":"https:\/\/elpuucnoticias.com\/?p=13733","og_locale":"es_ES","og_type":"article","og_title":"Sentenciado a prisi\u00f3n en juicio oral por no dar pensi\u00f3n alimenticia en M\u00e9rida - El Puuc Noticias","og_description":"Tras ser encontrado penalmente responsable en un Juicio Oral por el delito de incumplimiento de obligaciones de asistencia","og_url":"https:\/\/elpuucnoticias.com\/?p=13733","og_site_name":"El Puuc Noticias","article_published_time":"2024-06-20T17:05:28+00:00","article_modified_time":"2024-06-20T17:08:16+00:00","og_image":[{"width":300,"height":199,"url":"https:\/\/elpuucnoticias.com\/wp-content\/uploads\/2023\/09\/fiscalia.jpg","type":"image\/jpeg"}],"twitter_card":"summary_large_image","twitter_misc":{"Escrito por":"elpuucnoticias","Tiempo de lectura":"2 minutos"},"schema":{"@context":"https:\/\/schema.org","@graph":[{"@type":"WebSite","@id":"https:\/\/elpuucnoticias.com\/#website","url":"https:\/\/elpuucnoticias.com\/","name":"El Puuc Noticias","description":"Noticias - Entretenimiento - Deportes","potentialAction":[{"@type":"SearchAction","target":{"@type":"EntryPoint","urlTemplate":"https:\/\/elpuucnoticias.com\/?s={search_term_string}"},"query-input":"required name=search_term_string"}],"inLanguage":"es"},{"@type":"ImageObject","@id":"https:\/\/elpuucnoticias.com\/?p=13733#primaryimage","inLanguage":"es","url":"https:\/\/elpuucnoticias.com\/wp-content\/uploads\/2023\/09\/fiscalia.jpg","contentUrl":"https:\/\/elpuucnoticias.com\/wp-content\/uploads\/2023\/09\/fiscalia.jpg","width":300,"height":199},{"@type":"WebPage","@id":"https:\/\/elpuucnoticias.com\/?p=13733#webpage","url":"https:\/\/elpuucnoticias.com\/?p=13733","name":"Sentenciado a prisi\u00f3n en juicio oral por no dar pensi\u00f3n alimenticia en M\u00e9rida - El Puuc Noticias","isPartOf":{"@id":"https:\/\/elpuucnoticias.com\/#website"},"primaryImageOfPage":{"@id":"https:\/\/elpuucnoticias.com\/?p=13733#primaryimage"},"datePublished":"2024-06-20T17:05:28+00:00","dateModified":"2024-06-20T17:08:16+00:00","author":{"@id":"https:\/\/elpuucnoticias.com\/#\/schema\/person\/d2ea09e4c97f0160b11cdfb1d856bd9e"},"breadcrumb":{"@id":"https:\/\/elpuucnoticias.com\/?p=13733#breadcrumb"},"inLanguage":"es","potentialAction":[{"@type":"ReadAction","target":["https:\/\/elpuucnoticias.com\/?p=13733"]}]},{"@type":"BreadcrumbList","@id":"https:\/\/elpuucnoticias.com\/?p=13733#breadcrumb","itemListElement":[{"@type":"ListItem","position":1,"name":"Portada","item":"https:\/\/elpuucnoticias.com\/"},{"@type":"ListItem","position":2,"name":"Sentenciado a prisi\u00f3n en juicio oral por no dar pensi\u00f3n alimenticia en M\u00e9rida"}]},{"@type":"Person","@id":"https:\/\/elpuucnoticias.com\/#\/schema\/person\/d2ea09e4c97f0160b11cdfb1d856bd9e","name":"elpuucnoticias","image":{"@type":"ImageObject","@id":"https:\/\/elpuucnoticias.com\/#personlogo","inLanguage":"es","url":"https:\/\/secure.gravatar.com\/avatar\/5290a43657c74ffa15701dbe5b846bd85cc71930d803c84e91046a7333de6ce2?s=96&d=mm&r=g","contentUrl":"https:\/\/secure.gravatar.com\/avatar\/5290a43657c74ffa15701dbe5b846bd85cc71930d803c84e91046a7333de6ce2?s=96&d=mm&r=g","caption":"elpuucnoticias"},"sameAs":["https:\/\/elpuucnoticias.com"],"url":"https:\/\/elpuucnoticias.com\/?author=1"}]}},"_links":{"self":[{"href":"https:\/\/elpuucnoticias.com\/index.php?rest_route=\/wp\/v2\/posts\/13733","targetHints":{"allow":["GET"]}}],"collection":[{"href":"https:\/\/elpuucnoticias.com\/index.php?rest_route=\/wp\/v2\/posts"}],"about":[{"href":"https:\/\/elpuucnoticias.com\/index.php?rest_route=\/wp\/v2\/types\/post"}],"author":[{"embeddable":true,"href":"https:\/\/elpuucnoticias.com\/index.php?rest_route=\/wp\/v2\/users\/1"}],"replies":[{"embeddable":true,"href":"https:\/\/elpuucnoticias.com\/index.php?rest_route=%2Fwp%2Fv2%2Fcomments&post=13733"}],"version-history":[{"count":1,"href":"https:\/\/elpuucnoticias.com\/index.php?rest_route=\/wp\/v2\/posts\/13733\/revisions"}],"predecessor-version":[{"id":13734,"href":"https:\/\/elpuucnoticias.com\/index.php?rest_route=\/wp\/v2\/posts\/13733\/revisions\/13734"}],"wp:featuredmedia":[{"embeddable":true,"href":"https:\/\/elpuucnoticias.com\/index.php?rest_route=\/wp\/v2\/media\/9257"}],"wp:attachment":[{"href":"https:\/\/elpuucnoticias.com\/index.php?rest_route=%2Fwp%2Fv2%2Fmedia&parent=13733"}],"wp:term":[{"taxonomy":"category","embeddable":true,"href":"https:\/\/elpuucnoticias.com\/index.php?rest_route=%2Fwp%2Fv2%2Fcategories&post=13733"},{"taxonomy":"post_tag","embeddable":true,"href":"https:\/\/elpuucnoticias.com\/index.php?rest_route=%2Fwp%2Fv2%2Ftags&post=13733"}],"curies":[{"name":"wp","href":"https:\/\/api.w.org\/{rel}","templated":true}]}}