{"id":13752,"date":"2024-06-20T11:54:29","date_gmt":"2024-06-20T17:54:29","guid":{"rendered":"https:\/\/elpuucnoticias.com\/?p=13752"},"modified":"2024-06-20T11:54:30","modified_gmt":"2024-06-20T17:54:30","slug":"la-fundacion-de-parques-y-museos-invita-a-la-clausura-de-los-talleres-permanentes","status":"publish","type":"post","link":"https:\/\/elpuucnoticias.com\/?p=13752","title":{"rendered":"La Fundaci\u00f3n de Parques y Museos invita a la Clausura de los Talleres Permanentes"},"content":{"rendered":"\n<p>La Fundaci\u00f3n de Parques y Museos de Cozumel (FPMC) invita a la comunidad a la clausura del primer semestre de los Talleres Permanentes, el pr\u00f3ximo viernes 28 de junio,, en el BiblioAvi\u00f3n Gervasio. Durante el evento, las y los alumnos demostrar\u00e1n los conocimientos y habilidades adquiridos en este periodo.<\/p>\n\n\n\n<p>Conforme al Nuevo Acuerdo por el Bienestar y Desarrollo de Quintana Roo, que lidera la gobernadora Mara Lezama Espinosa, la FPMC ofrece espacios para el aprendizaje y la pr\u00e1ctica de diferentes expresiones art\u00edsticas y culturales para todas las edades, a trav\u00e9s de los Talleres Permanentes, a cargo de la Direcci\u00f3n de Pedagog\u00eda y Asistencia Social (PAS), destac\u00f3 el director general de la Instituci\u00f3n, Alejandro March\u00e1n Pay\u00e1n.<\/p>\n\n\n\n<figure class=\"wp-block-gallery has-nested-images columns-default is-cropped wp-block-gallery-1 is-layout-flex wp-block-gallery-is-layout-flex\">\n<figure class=\"wp-block-image size-large is-style-default\"><img loading=\"lazy\" decoding=\"async\" width=\"1024\" height=\"682\" data-id=\"13754\" src=\"https:\/\/elpuucnoticias.com\/wp-content\/uploads\/2024\/06\/mara2-1024x682.jpeg\" alt=\"\" class=\"wp-image-13754\" srcset=\"https:\/\/elpuucnoticias.com\/wp-content\/uploads\/2024\/06\/mara2-1024x682.jpeg 1024w, https:\/\/elpuucnoticias.com\/wp-content\/uploads\/2024\/06\/mara2-300x200.jpeg 300w, https:\/\/elpuucnoticias.com\/wp-content\/uploads\/2024\/06\/mara2-768x512.jpeg 768w, https:\/\/elpuucnoticias.com\/wp-content\/uploads\/2024\/06\/mara2-1536x1023.jpeg 1536w, https:\/\/elpuucnoticias.com\/wp-content\/uploads\/2024\/06\/mara2-600x400.jpeg 600w, https:\/\/elpuucnoticias.com\/wp-content\/uploads\/2024\/06\/mara2-320x213.jpeg 320w, https:\/\/elpuucnoticias.com\/wp-content\/uploads\/2024\/06\/mara2.jpeg 1600w\" sizes=\"auto, (max-width: 1024px) 100vw, 1024px\" \/><\/figure>\n\n\n\n<figure class=\"wp-block-image size-large is-style-default\"><img loading=\"lazy\" decoding=\"async\" width=\"1024\" height=\"682\" data-id=\"13755\" src=\"https:\/\/elpuucnoticias.com\/wp-content\/uploads\/2024\/06\/mara1-1-1024x682.jpeg\" alt=\"\" class=\"wp-image-13755\" srcset=\"https:\/\/elpuucnoticias.com\/wp-content\/uploads\/2024\/06\/mara1-1-1024x682.jpeg 1024w, https:\/\/elpuucnoticias.com\/wp-content\/uploads\/2024\/06\/mara1-1-300x200.jpeg 300w, https:\/\/elpuucnoticias.com\/wp-content\/uploads\/2024\/06\/mara1-1-768x512.jpeg 768w, https:\/\/elpuucnoticias.com\/wp-content\/uploads\/2024\/06\/mara1-1-1536x1023.jpeg 1536w, https:\/\/elpuucnoticias.com\/wp-content\/uploads\/2024\/06\/mara1-1-600x400.jpeg 600w, https:\/\/elpuucnoticias.com\/wp-content\/uploads\/2024\/06\/mara1-1-320x213.jpeg 320w, https:\/\/elpuucnoticias.com\/wp-content\/uploads\/2024\/06\/mara1-1.jpeg 1600w\" sizes=\"auto, (max-width: 1024px) 100vw, 1024px\" \/><\/figure>\n\n\n\n<figure class=\"wp-block-image size-large is-style-default\"><img loading=\"lazy\" decoding=\"async\" width=\"1024\" height=\"682\" data-id=\"13753\" src=\"https:\/\/elpuucnoticias.com\/wp-content\/uploads\/2024\/06\/mara4-1024x682.jpeg\" alt=\"\" class=\"wp-image-13753\" srcset=\"https:\/\/elpuucnoticias.com\/wp-content\/uploads\/2024\/06\/mara4-1024x682.jpeg 1024w, https:\/\/elpuucnoticias.com\/wp-content\/uploads\/2024\/06\/mara4-300x200.jpeg 300w, https:\/\/elpuucnoticias.com\/wp-content\/uploads\/2024\/06\/mara4-768x512.jpeg 768w, https:\/\/elpuucnoticias.com\/wp-content\/uploads\/2024\/06\/mara4-1536x1023.jpeg 1536w, https:\/\/elpuucnoticias.com\/wp-content\/uploads\/2024\/06\/mara4-600x400.jpeg 600w, https:\/\/elpuucnoticias.com\/wp-content\/uploads\/2024\/06\/mara4-320x213.jpeg 320w, https:\/\/elpuucnoticias.com\/wp-content\/uploads\/2024\/06\/mara4.jpeg 1600w\" sizes=\"auto, (max-width: 1024px) 100vw, 1024px\" \/><\/figure>\n<\/figure>\n\n\n\n<p>El programa de clausura iniciar\u00e1 a<br>las 6 de la tarde, donde se har\u00e1 la presentaci\u00f3n de las y los estudiantes del Taller de Bailes Latinos, a cargo de la maestra Lupita Pant\u00ed, quienes deleitar\u00e1n al p\u00fablico con las coreograf\u00edas aprendidas en los primeros seis meses del 2024. Mientras que integrantes de las clases de m\u00fasica y canto, dirigidos por Argelia Chac\u00f3n D\u00edaz, interpretar\u00e1n melod\u00edas, tanto de manera grupal como en solitario.<\/p>\n\n\n\n<p>Alejandro March\u00e1n explic\u00f3, que los y las alumnas de los talleres de Pintura Textil, impartido por Evangelina L\u00f3pez Mena; y de Pintura y Dibujo, a cargo de Arturo Casta\u00f1eda, exhibir\u00e1n los proyectos y obras pict\u00f3ricas que han creado en los \u00faltimos seis meses, permitiendo que el p\u00fablico asistente aprecie las t\u00e9cnicas aplicadas.<\/p>\n\n\n\n<p>Expres\u00f3, que este evento de clausura semestral ofrece a los alumnos la oportunidad de mostrar sus avances, adquirir confianza esc\u00e9nica y proyectarse art\u00edsticamente ante un p\u00fablico en vivo, incentivando su crecimiento art\u00edstico.<\/p>\n\n\n\n<p>Para finalizar, el director general de la FPMC, hizo extensiva la invitaci\u00f3n a toda la comunidad para que se acerquen al BiblioAvi\u00f3n Gervasio, ubicado en la avenida 130 entre las calles 7 Sur e Hidalgo, para conocer la oferta de talleres que imparte gratuitamente la instituci\u00f3n dirigido a las personas de todas las edades.<\/p>\n","protected":false},"excerpt":{"rendered":"<p>La Fundaci\u00f3n de Parques y Museos de Cozumel (FPMC) invita a la comunidad a la clausura del primer<\/p>\n","protected":false},"author":1,"featured_media":13756,"comment_status":"closed","ping_status":"open","sticky":false,"template":"","format":"standard","meta":{"_monsterinsights_skip_tracking":false,"_monsterinsights_sitenote_active":false,"_monsterinsights_sitenote_note":"","_monsterinsights_sitenote_category":0,"footnotes":""},"categories":[11,24],"tags":[],"class_list":["post-13752","post","type-post","status-publish","format-standard","has-post-thumbnail","hentry","category-noticias","category-quintana-roo"],"yoast_head":"<!-- This site is optimized with the Yoast SEO plugin v18.3 - https:\/\/yoast.com\/wordpress\/plugins\/seo\/ -->\n<title>La Fundaci\u00f3n de Parques y Museos invita a la Clausura de los Talleres Permanentes - El Puuc Noticias<\/title>\n<meta name=\"robots\" content=\"index, follow, max-snippet:-1, max-image-preview:large, max-video-preview:-1\" \/>\n<link rel=\"canonical\" href=\"https:\/\/elpuucnoticias.com\/?p=13752\" \/>\n<meta property=\"og:locale\" content=\"es_ES\" \/>\n<meta property=\"og:type\" content=\"article\" \/>\n<meta property=\"og:title\" content=\"La Fundaci\u00f3n de Parques y Museos invita a la Clausura de los Talleres Permanentes - El Puuc Noticias\" \/>\n<meta property=\"og:description\" content=\"La Fundaci\u00f3n de Parques y Museos de Cozumel (FPMC) invita a la comunidad a la clausura del primer\" \/>\n<meta property=\"og:url\" content=\"https:\/\/elpuucnoticias.com\/?p=13752\" \/>\n<meta property=\"og:site_name\" content=\"El Puuc Noticias\" \/>\n<meta property=\"article:published_time\" content=\"2024-06-20T17:54:29+00:00\" \/>\n<meta property=\"article:modified_time\" content=\"2024-06-20T17:54:30+00:00\" \/>\n<meta property=\"og:image\" content=\"https:\/\/elpuucnoticias.com\/wp-content\/uploads\/2024\/06\/mara-1.jpeg\" \/>\n\t<meta property=\"og:image:width\" content=\"1600\" \/>\n\t<meta property=\"og:image:height\" content=\"992\" \/>\n\t<meta property=\"og:image:type\" content=\"image\/jpeg\" \/>\n<meta name=\"twitter:card\" content=\"summary_large_image\" \/>\n<meta name=\"twitter:label1\" content=\"Escrito por\" \/>\n\t<meta name=\"twitter:data1\" content=\"elpuucnoticias\" \/>\n\t<meta name=\"twitter:label2\" content=\"Tiempo de lectura\" \/>\n\t<meta name=\"twitter:data2\" content=\"3 minutos\" \/>\n<script type=\"application\/ld+json\" class=\"yoast-schema-graph\">{\"@context\":\"https:\/\/schema.org\",\"@graph\":[{\"@type\":\"WebSite\",\"@id\":\"https:\/\/elpuucnoticias.com\/#website\",\"url\":\"https:\/\/elpuucnoticias.com\/\",\"name\":\"El Puuc Noticias\",\"description\":\"Noticias - Entretenimiento - Deportes\",\"potentialAction\":[{\"@type\":\"SearchAction\",\"target\":{\"@type\":\"EntryPoint\",\"urlTemplate\":\"https:\/\/elpuucnoticias.com\/?s={search_term_string}\"},\"query-input\":\"required name=search_term_string\"}],\"inLanguage\":\"es\"},{\"@type\":\"ImageObject\",\"@id\":\"https:\/\/elpuucnoticias.com\/?p=13752#primaryimage\",\"inLanguage\":\"es\",\"url\":\"https:\/\/elpuucnoticias.com\/wp-content\/uploads\/2024\/06\/mara-1.jpeg\",\"contentUrl\":\"https:\/\/elpuucnoticias.com\/wp-content\/uploads\/2024\/06\/mara-1.jpeg\",\"width\":1600,\"height\":992},{\"@type\":\"WebPage\",\"@id\":\"https:\/\/elpuucnoticias.com\/?p=13752#webpage\",\"url\":\"https:\/\/elpuucnoticias.com\/?p=13752\",\"name\":\"La Fundaci\u00f3n de Parques y Museos invita a la Clausura de los Talleres Permanentes - El Puuc Noticias\",\"isPartOf\":{\"@id\":\"https:\/\/elpuucnoticias.com\/#website\"},\"primaryImageOfPage\":{\"@id\":\"https:\/\/elpuucnoticias.com\/?p=13752#primaryimage\"},\"datePublished\":\"2024-06-20T17:54:29+00:00\",\"dateModified\":\"2024-06-20T17:54:30+00:00\",\"author\":{\"@id\":\"https:\/\/elpuucnoticias.com\/#\/schema\/person\/d2ea09e4c97f0160b11cdfb1d856bd9e\"},\"breadcrumb\":{\"@id\":\"https:\/\/elpuucnoticias.com\/?p=13752#breadcrumb\"},\"inLanguage\":\"es\",\"potentialAction\":[{\"@type\":\"ReadAction\",\"target\":[\"https:\/\/elpuucnoticias.com\/?p=13752\"]}]},{\"@type\":\"BreadcrumbList\",\"@id\":\"https:\/\/elpuucnoticias.com\/?p=13752#breadcrumb\",\"itemListElement\":[{\"@type\":\"ListItem\",\"position\":1,\"name\":\"Portada\",\"item\":\"https:\/\/elpuucnoticias.com\/\"},{\"@type\":\"ListItem\",\"position\":2,\"name\":\"La Fundaci\u00f3n de Parques y Museos invita a la Clausura de los Talleres Permanentes\"}]},{\"@type\":\"Person\",\"@id\":\"https:\/\/elpuucnoticias.com\/#\/schema\/person\/d2ea09e4c97f0160b11cdfb1d856bd9e\",\"name\":\"elpuucnoticias\",\"image\":{\"@type\":\"ImageObject\",\"@id\":\"https:\/\/elpuucnoticias.com\/#personlogo\",\"inLanguage\":\"es\",\"url\":\"https:\/\/secure.gravatar.com\/avatar\/5290a43657c74ffa15701dbe5b846bd85cc71930d803c84e91046a7333de6ce2?s=96&d=mm&r=g\",\"contentUrl\":\"https:\/\/secure.gravatar.com\/avatar\/5290a43657c74ffa15701dbe5b846bd85cc71930d803c84e91046a7333de6ce2?s=96&d=mm&r=g\",\"caption\":\"elpuucnoticias\"},\"sameAs\":[\"https:\/\/elpuucnoticias.com\"],\"url\":\"https:\/\/elpuucnoticias.com\/?author=1\"}]}<\/script>\n<!-- \/ Yoast SEO plugin. -->","yoast_head_json":{"title":"La Fundaci\u00f3n de Parques y Museos invita a la Clausura de los Talleres Permanentes - El Puuc Noticias","robots":{"index":"index","follow":"follow","max-snippet":"max-snippet:-1","max-image-preview":"max-image-preview:large","max-video-preview":"max-video-preview:-1"},"canonical":"https:\/\/elpuucnoticias.com\/?p=13752","og_locale":"es_ES","og_type":"article","og_title":"La Fundaci\u00f3n de Parques y Museos invita a la Clausura de los Talleres Permanentes - El Puuc Noticias","og_description":"La Fundaci\u00f3n de Parques y Museos de Cozumel (FPMC) invita a la comunidad a la clausura del primer","og_url":"https:\/\/elpuucnoticias.com\/?p=13752","og_site_name":"El Puuc Noticias","article_published_time":"2024-06-20T17:54:29+00:00","article_modified_time":"2024-06-20T17:54:30+00:00","og_image":[{"width":1600,"height":992,"url":"https:\/\/elpuucnoticias.com\/wp-content\/uploads\/2024\/06\/mara-1.jpeg","type":"image\/jpeg"}],"twitter_card":"summary_large_image","twitter_misc":{"Escrito por":"elpuucnoticias","Tiempo de lectura":"3 minutos"},"schema":{"@context":"https:\/\/schema.org","@graph":[{"@type":"WebSite","@id":"https:\/\/elpuucnoticias.com\/#website","url":"https:\/\/elpuucnoticias.com\/","name":"El Puuc Noticias","description":"Noticias - Entretenimiento - Deportes","potentialAction":[{"@type":"SearchAction","target":{"@type":"EntryPoint","urlTemplate":"https:\/\/elpuucnoticias.com\/?s={search_term_string}"},"query-input":"required name=search_term_string"}],"inLanguage":"es"},{"@type":"ImageObject","@id":"https:\/\/elpuucnoticias.com\/?p=13752#primaryimage","inLanguage":"es","url":"https:\/\/elpuucnoticias.com\/wp-content\/uploads\/2024\/06\/mara-1.jpeg","contentUrl":"https:\/\/elpuucnoticias.com\/wp-content\/uploads\/2024\/06\/mara-1.jpeg","width":1600,"height":992},{"@type":"WebPage","@id":"https:\/\/elpuucnoticias.com\/?p=13752#webpage","url":"https:\/\/elpuucnoticias.com\/?p=13752","name":"La Fundaci\u00f3n de Parques y Museos invita a la Clausura de los Talleres Permanentes - El Puuc Noticias","isPartOf":{"@id":"https:\/\/elpuucnoticias.com\/#website"},"primaryImageOfPage":{"@id":"https:\/\/elpuucnoticias.com\/?p=13752#primaryimage"},"datePublished":"2024-06-20T17:54:29+00:00","dateModified":"2024-06-20T17:54:30+00:00","author":{"@id":"https:\/\/elpuucnoticias.com\/#\/schema\/person\/d2ea09e4c97f0160b11cdfb1d856bd9e"},"breadcrumb":{"@id":"https:\/\/elpuucnoticias.com\/?p=13752#breadcrumb"},"inLanguage":"es","potentialAction":[{"@type":"ReadAction","target":["https:\/\/elpuucnoticias.com\/?p=13752"]}]},{"@type":"BreadcrumbList","@id":"https:\/\/elpuucnoticias.com\/?p=13752#breadcrumb","itemListElement":[{"@type":"ListItem","position":1,"name":"Portada","item":"https:\/\/elpuucnoticias.com\/"},{"@type":"ListItem","position":2,"name":"La Fundaci\u00f3n de Parques y Museos invita a la Clausura de los Talleres Permanentes"}]},{"@type":"Person","@id":"https:\/\/elpuucnoticias.com\/#\/schema\/person\/d2ea09e4c97f0160b11cdfb1d856bd9e","name":"elpuucnoticias","image":{"@type":"ImageObject","@id":"https:\/\/elpuucnoticias.com\/#personlogo","inLanguage":"es","url":"https:\/\/secure.gravatar.com\/avatar\/5290a43657c74ffa15701dbe5b846bd85cc71930d803c84e91046a7333de6ce2?s=96&d=mm&r=g","contentUrl":"https:\/\/secure.gravatar.com\/avatar\/5290a43657c74ffa15701dbe5b846bd85cc71930d803c84e91046a7333de6ce2?s=96&d=mm&r=g","caption":"elpuucnoticias"},"sameAs":["https:\/\/elpuucnoticias.com"],"url":"https:\/\/elpuucnoticias.com\/?author=1"}]}},"_links":{"self":[{"href":"https:\/\/elpuucnoticias.com\/index.php?rest_route=\/wp\/v2\/posts\/13752","targetHints":{"allow":["GET"]}}],"collection":[{"href":"https:\/\/elpuucnoticias.com\/index.php?rest_route=\/wp\/v2\/posts"}],"about":[{"href":"https:\/\/elpuucnoticias.com\/index.php?rest_route=\/wp\/v2\/types\/post"}],"author":[{"embeddable":true,"href":"https:\/\/elpuucnoticias.com\/index.php?rest_route=\/wp\/v2\/users\/1"}],"replies":[{"embeddable":true,"href":"https:\/\/elpuucnoticias.com\/index.php?rest_route=%2Fwp%2Fv2%2Fcomments&post=13752"}],"version-history":[{"count":1,"href":"https:\/\/elpuucnoticias.com\/index.php?rest_route=\/wp\/v2\/posts\/13752\/revisions"}],"predecessor-version":[{"id":13757,"href":"https:\/\/elpuucnoticias.com\/index.php?rest_route=\/wp\/v2\/posts\/13752\/revisions\/13757"}],"wp:featuredmedia":[{"embeddable":true,"href":"https:\/\/elpuucnoticias.com\/index.php?rest_route=\/wp\/v2\/media\/13756"}],"wp:attachment":[{"href":"https:\/\/elpuucnoticias.com\/index.php?rest_route=%2Fwp%2Fv2%2Fmedia&parent=13752"}],"wp:term":[{"taxonomy":"category","embeddable":true,"href":"https:\/\/elpuucnoticias.com\/index.php?rest_route=%2Fwp%2Fv2%2Fcategories&post=13752"},{"taxonomy":"post_tag","embeddable":true,"href":"https:\/\/elpuucnoticias.com\/index.php?rest_route=%2Fwp%2Fv2%2Ftags&post=13752"}],"curies":[{"name":"wp","href":"https:\/\/api.w.org\/{rel}","templated":true}]}}