{"id":13779,"date":"2024-06-20T12:52:30","date_gmt":"2024-06-20T18:52:30","guid":{"rendered":"https:\/\/elpuucnoticias.com\/?p=13779"},"modified":"2024-06-20T12:52:31","modified_gmt":"2024-06-20T18:52:31","slug":"alumnos-de-la-carrera-en-fisioterapia-del-cert-ticul-realizaron-taller-de-atencion-comunitaria","status":"publish","type":"post","link":"https:\/\/elpuucnoticias.com\/?p=13779","title":{"rendered":"Alumnos de la carrera en Fisioterapia del CERT Ticul realizaron taller de atenci\u00f3n comunitaria"},"content":{"rendered":"\n<p>En d\u00edas pasados los alumnos de cuarto a\u00f1o de Fisioterapia llevaron a cabo un taller de atenci\u00f3n comunitaria donde brindaron atenci\u00f3n fisioterap\u00e9utica a personal administrativo del plantel<\/p>\n\n\n\n<figure class=\"wp-block-gallery has-nested-images columns-default is-cropped wp-block-gallery-1 is-layout-flex wp-block-gallery-is-layout-flex\">\n<figure class=\"wp-block-image size-large is-style-default\"><img loading=\"lazy\" decoding=\"async\" width=\"771\" height=\"1024\" data-id=\"13781\" src=\"https:\/\/elpuucnoticias.com\/wp-content\/uploads\/2024\/06\/cert323-771x1024.jpg\" alt=\"\" class=\"wp-image-13781\" srcset=\"https:\/\/elpuucnoticias.com\/wp-content\/uploads\/2024\/06\/cert323-771x1024.jpg 771w, https:\/\/elpuucnoticias.com\/wp-content\/uploads\/2024\/06\/cert323-226x300.jpg 226w, https:\/\/elpuucnoticias.com\/wp-content\/uploads\/2024\/06\/cert323-768x1021.jpg 768w, https:\/\/elpuucnoticias.com\/wp-content\/uploads\/2024\/06\/cert323-1156x1536.jpg 1156w, https:\/\/elpuucnoticias.com\/wp-content\/uploads\/2024\/06\/cert323-241x320.jpg 241w, https:\/\/elpuucnoticias.com\/wp-content\/uploads\/2024\/06\/cert323.jpg 1204w\" sizes=\"auto, (max-width: 771px) 100vw, 771px\" \/><\/figure>\n\n\n\n<figure class=\"wp-block-image size-large is-style-default\"><img loading=\"lazy\" decoding=\"async\" width=\"1024\" height=\"768\" data-id=\"13782\" src=\"https:\/\/elpuucnoticias.com\/wp-content\/uploads\/2024\/06\/cert432-1024x768.jpg\" alt=\"\" class=\"wp-image-13782\" srcset=\"https:\/\/elpuucnoticias.com\/wp-content\/uploads\/2024\/06\/cert432-1024x768.jpg 1024w, https:\/\/elpuucnoticias.com\/wp-content\/uploads\/2024\/06\/cert432-300x225.jpg 300w, https:\/\/elpuucnoticias.com\/wp-content\/uploads\/2024\/06\/cert432-768x576.jpg 768w, https:\/\/elpuucnoticias.com\/wp-content\/uploads\/2024\/06\/cert432-1536x1152.jpg 1536w, https:\/\/elpuucnoticias.com\/wp-content\/uploads\/2024\/06\/cert432-800x600.jpg 800w, https:\/\/elpuucnoticias.com\/wp-content\/uploads\/2024\/06\/cert432-320x240.jpg 320w, https:\/\/elpuucnoticias.com\/wp-content\/uploads\/2024\/06\/cert432.jpg 1600w\" sizes=\"auto, (max-width: 1024px) 100vw, 1024px\" \/><\/figure>\n\n\n\n<figure class=\"wp-block-image size-large is-style-default\"><img loading=\"lazy\" decoding=\"async\" width=\"600\" height=\"450\" data-id=\"13780\" src=\"https:\/\/elpuucnoticias.com\/wp-content\/uploads\/2024\/06\/cert55.jpg\" alt=\"\" class=\"wp-image-13780\" srcset=\"https:\/\/elpuucnoticias.com\/wp-content\/uploads\/2024\/06\/cert55.jpg 600w, https:\/\/elpuucnoticias.com\/wp-content\/uploads\/2024\/06\/cert55-300x225.jpg 300w, https:\/\/elpuucnoticias.com\/wp-content\/uploads\/2024\/06\/cert55-320x240.jpg 320w\" sizes=\"auto, (max-width: 600px) 100vw, 600px\" \/><\/figure>\n<\/figure>\n\n\n\n<p>Durante la sesi\u00f3n, realizaron valoraciones y dieron una pl\u00e1tica sobre higiene postural. <\/p>\n\n\n\n<p>La LFR. Berenice Suaste Manzanilla y la Dra. Estefan\u00eda Ay estuvieron a cargo de esta actividad.<\/p>\n\n\n\n<p>\u00a1Felicitaciones a todos los participantes por su dedicaci\u00f3n y compromiso con la salud y el bienestar de nuestra comunidad!<\/p>\n","protected":false},"excerpt":{"rendered":"<p>En d\u00edas pasados los alumnos de cuarto a\u00f1o de Fisioterapia llevaron a cabo un taller de atenci\u00f3n comunitaria<\/p>\n","protected":false},"author":1,"featured_media":13783,"comment_status":"closed","ping_status":"open","sticky":false,"template":"","format":"standard","meta":{"_monsterinsights_skip_tracking":false,"_monsterinsights_sitenote_active":false,"_monsterinsights_sitenote_note":"","_monsterinsights_sitenote_category":0,"footnotes":""},"categories":[11,24],"tags":[],"class_list":["post-13779","post","type-post","status-publish","format-standard","has-post-thumbnail","hentry","category-noticias","category-quintana-roo"],"yoast_head":"<!-- This site is optimized with the Yoast SEO plugin v18.3 - https:\/\/yoast.com\/wordpress\/plugins\/seo\/ -->\n<title>Alumnos de la carrera en Fisioterapia del CERT Ticul realizaron taller de atenci\u00f3n comunitaria - El Puuc Noticias<\/title>\n<meta name=\"robots\" content=\"index, follow, max-snippet:-1, max-image-preview:large, max-video-preview:-1\" \/>\n<link rel=\"canonical\" href=\"https:\/\/elpuucnoticias.com\/?p=13779\" \/>\n<meta property=\"og:locale\" content=\"es_ES\" \/>\n<meta property=\"og:type\" content=\"article\" \/>\n<meta property=\"og:title\" content=\"Alumnos de la carrera en Fisioterapia del CERT Ticul realizaron taller de atenci\u00f3n comunitaria - El Puuc Noticias\" \/>\n<meta property=\"og:description\" content=\"En d\u00edas pasados los alumnos de cuarto a\u00f1o de Fisioterapia llevaron a cabo un taller de atenci\u00f3n comunitaria\" \/>\n<meta property=\"og:url\" content=\"https:\/\/elpuucnoticias.com\/?p=13779\" \/>\n<meta property=\"og:site_name\" content=\"El Puuc Noticias\" \/>\n<meta property=\"article:published_time\" content=\"2024-06-20T18:52:30+00:00\" \/>\n<meta property=\"article:modified_time\" content=\"2024-06-20T18:52:31+00:00\" \/>\n<meta property=\"og:image\" content=\"https:\/\/elpuucnoticias.com\/wp-content\/uploads\/2024\/06\/cert454.jpg\" \/>\n\t<meta property=\"og:image:width\" content=\"1600\" \/>\n\t<meta property=\"og:image:height\" content=\"1200\" \/>\n\t<meta property=\"og:image:type\" content=\"image\/jpeg\" \/>\n<meta name=\"twitter:card\" content=\"summary_large_image\" \/>\n<meta name=\"twitter:label1\" content=\"Escrito por\" \/>\n\t<meta name=\"twitter:data1\" content=\"elpuucnoticias\" \/>\n\t<meta name=\"twitter:label2\" content=\"Tiempo de lectura\" \/>\n\t<meta name=\"twitter:data2\" content=\"1 minuto\" \/>\n<script type=\"application\/ld+json\" class=\"yoast-schema-graph\">{\"@context\":\"https:\/\/schema.org\",\"@graph\":[{\"@type\":\"WebSite\",\"@id\":\"https:\/\/elpuucnoticias.com\/#website\",\"url\":\"https:\/\/elpuucnoticias.com\/\",\"name\":\"El Puuc Noticias\",\"description\":\"Noticias - Entretenimiento - Deportes\",\"potentialAction\":[{\"@type\":\"SearchAction\",\"target\":{\"@type\":\"EntryPoint\",\"urlTemplate\":\"https:\/\/elpuucnoticias.com\/?s={search_term_string}\"},\"query-input\":\"required name=search_term_string\"}],\"inLanguage\":\"es\"},{\"@type\":\"ImageObject\",\"@id\":\"https:\/\/elpuucnoticias.com\/?p=13779#primaryimage\",\"inLanguage\":\"es\",\"url\":\"https:\/\/elpuucnoticias.com\/wp-content\/uploads\/2024\/06\/cert454.jpg\",\"contentUrl\":\"https:\/\/elpuucnoticias.com\/wp-content\/uploads\/2024\/06\/cert454.jpg\",\"width\":1600,\"height\":1200},{\"@type\":\"WebPage\",\"@id\":\"https:\/\/elpuucnoticias.com\/?p=13779#webpage\",\"url\":\"https:\/\/elpuucnoticias.com\/?p=13779\",\"name\":\"Alumnos de la carrera en Fisioterapia del CERT Ticul realizaron taller de atenci\u00f3n comunitaria - El Puuc Noticias\",\"isPartOf\":{\"@id\":\"https:\/\/elpuucnoticias.com\/#website\"},\"primaryImageOfPage\":{\"@id\":\"https:\/\/elpuucnoticias.com\/?p=13779#primaryimage\"},\"datePublished\":\"2024-06-20T18:52:30+00:00\",\"dateModified\":\"2024-06-20T18:52:31+00:00\",\"author\":{\"@id\":\"https:\/\/elpuucnoticias.com\/#\/schema\/person\/d2ea09e4c97f0160b11cdfb1d856bd9e\"},\"breadcrumb\":{\"@id\":\"https:\/\/elpuucnoticias.com\/?p=13779#breadcrumb\"},\"inLanguage\":\"es\",\"potentialAction\":[{\"@type\":\"ReadAction\",\"target\":[\"https:\/\/elpuucnoticias.com\/?p=13779\"]}]},{\"@type\":\"BreadcrumbList\",\"@id\":\"https:\/\/elpuucnoticias.com\/?p=13779#breadcrumb\",\"itemListElement\":[{\"@type\":\"ListItem\",\"position\":1,\"name\":\"Portada\",\"item\":\"https:\/\/elpuucnoticias.com\/\"},{\"@type\":\"ListItem\",\"position\":2,\"name\":\"Alumnos de la carrera en Fisioterapia del CERT Ticul realizaron taller de atenci\u00f3n comunitaria\"}]},{\"@type\":\"Person\",\"@id\":\"https:\/\/elpuucnoticias.com\/#\/schema\/person\/d2ea09e4c97f0160b11cdfb1d856bd9e\",\"name\":\"elpuucnoticias\",\"image\":{\"@type\":\"ImageObject\",\"@id\":\"https:\/\/elpuucnoticias.com\/#personlogo\",\"inLanguage\":\"es\",\"url\":\"https:\/\/secure.gravatar.com\/avatar\/5290a43657c74ffa15701dbe5b846bd85cc71930d803c84e91046a7333de6ce2?s=96&d=mm&r=g\",\"contentUrl\":\"https:\/\/secure.gravatar.com\/avatar\/5290a43657c74ffa15701dbe5b846bd85cc71930d803c84e91046a7333de6ce2?s=96&d=mm&r=g\",\"caption\":\"elpuucnoticias\"},\"sameAs\":[\"https:\/\/elpuucnoticias.com\"],\"url\":\"https:\/\/elpuucnoticias.com\/?author=1\"}]}<\/script>\n<!-- \/ Yoast SEO plugin. -->","yoast_head_json":{"title":"Alumnos de la carrera en Fisioterapia del CERT Ticul realizaron taller de atenci\u00f3n comunitaria - El Puuc Noticias","robots":{"index":"index","follow":"follow","max-snippet":"max-snippet:-1","max-image-preview":"max-image-preview:large","max-video-preview":"max-video-preview:-1"},"canonical":"https:\/\/elpuucnoticias.com\/?p=13779","og_locale":"es_ES","og_type":"article","og_title":"Alumnos de la carrera en Fisioterapia del CERT Ticul realizaron taller de atenci\u00f3n comunitaria - El Puuc Noticias","og_description":"En d\u00edas pasados los alumnos de cuarto a\u00f1o de Fisioterapia llevaron a cabo un taller de atenci\u00f3n comunitaria","og_url":"https:\/\/elpuucnoticias.com\/?p=13779","og_site_name":"El Puuc Noticias","article_published_time":"2024-06-20T18:52:30+00:00","article_modified_time":"2024-06-20T18:52:31+00:00","og_image":[{"width":1600,"height":1200,"url":"https:\/\/elpuucnoticias.com\/wp-content\/uploads\/2024\/06\/cert454.jpg","type":"image\/jpeg"}],"twitter_card":"summary_large_image","twitter_misc":{"Escrito por":"elpuucnoticias","Tiempo de lectura":"1 minuto"},"schema":{"@context":"https:\/\/schema.org","@graph":[{"@type":"WebSite","@id":"https:\/\/elpuucnoticias.com\/#website","url":"https:\/\/elpuucnoticias.com\/","name":"El Puuc Noticias","description":"Noticias - Entretenimiento - Deportes","potentialAction":[{"@type":"SearchAction","target":{"@type":"EntryPoint","urlTemplate":"https:\/\/elpuucnoticias.com\/?s={search_term_string}"},"query-input":"required name=search_term_string"}],"inLanguage":"es"},{"@type":"ImageObject","@id":"https:\/\/elpuucnoticias.com\/?p=13779#primaryimage","inLanguage":"es","url":"https:\/\/elpuucnoticias.com\/wp-content\/uploads\/2024\/06\/cert454.jpg","contentUrl":"https:\/\/elpuucnoticias.com\/wp-content\/uploads\/2024\/06\/cert454.jpg","width":1600,"height":1200},{"@type":"WebPage","@id":"https:\/\/elpuucnoticias.com\/?p=13779#webpage","url":"https:\/\/elpuucnoticias.com\/?p=13779","name":"Alumnos de la carrera en Fisioterapia del CERT Ticul realizaron taller de atenci\u00f3n comunitaria - El Puuc Noticias","isPartOf":{"@id":"https:\/\/elpuucnoticias.com\/#website"},"primaryImageOfPage":{"@id":"https:\/\/elpuucnoticias.com\/?p=13779#primaryimage"},"datePublished":"2024-06-20T18:52:30+00:00","dateModified":"2024-06-20T18:52:31+00:00","author":{"@id":"https:\/\/elpuucnoticias.com\/#\/schema\/person\/d2ea09e4c97f0160b11cdfb1d856bd9e"},"breadcrumb":{"@id":"https:\/\/elpuucnoticias.com\/?p=13779#breadcrumb"},"inLanguage":"es","potentialAction":[{"@type":"ReadAction","target":["https:\/\/elpuucnoticias.com\/?p=13779"]}]},{"@type":"BreadcrumbList","@id":"https:\/\/elpuucnoticias.com\/?p=13779#breadcrumb","itemListElement":[{"@type":"ListItem","position":1,"name":"Portada","item":"https:\/\/elpuucnoticias.com\/"},{"@type":"ListItem","position":2,"name":"Alumnos de la carrera en Fisioterapia del CERT Ticul realizaron taller de atenci\u00f3n comunitaria"}]},{"@type":"Person","@id":"https:\/\/elpuucnoticias.com\/#\/schema\/person\/d2ea09e4c97f0160b11cdfb1d856bd9e","name":"elpuucnoticias","image":{"@type":"ImageObject","@id":"https:\/\/elpuucnoticias.com\/#personlogo","inLanguage":"es","url":"https:\/\/secure.gravatar.com\/avatar\/5290a43657c74ffa15701dbe5b846bd85cc71930d803c84e91046a7333de6ce2?s=96&d=mm&r=g","contentUrl":"https:\/\/secure.gravatar.com\/avatar\/5290a43657c74ffa15701dbe5b846bd85cc71930d803c84e91046a7333de6ce2?s=96&d=mm&r=g","caption":"elpuucnoticias"},"sameAs":["https:\/\/elpuucnoticias.com"],"url":"https:\/\/elpuucnoticias.com\/?author=1"}]}},"_links":{"self":[{"href":"https:\/\/elpuucnoticias.com\/index.php?rest_route=\/wp\/v2\/posts\/13779","targetHints":{"allow":["GET"]}}],"collection":[{"href":"https:\/\/elpuucnoticias.com\/index.php?rest_route=\/wp\/v2\/posts"}],"about":[{"href":"https:\/\/elpuucnoticias.com\/index.php?rest_route=\/wp\/v2\/types\/post"}],"author":[{"embeddable":true,"href":"https:\/\/elpuucnoticias.com\/index.php?rest_route=\/wp\/v2\/users\/1"}],"replies":[{"embeddable":true,"href":"https:\/\/elpuucnoticias.com\/index.php?rest_route=%2Fwp%2Fv2%2Fcomments&post=13779"}],"version-history":[{"count":1,"href":"https:\/\/elpuucnoticias.com\/index.php?rest_route=\/wp\/v2\/posts\/13779\/revisions"}],"predecessor-version":[{"id":13784,"href":"https:\/\/elpuucnoticias.com\/index.php?rest_route=\/wp\/v2\/posts\/13779\/revisions\/13784"}],"wp:featuredmedia":[{"embeddable":true,"href":"https:\/\/elpuucnoticias.com\/index.php?rest_route=\/wp\/v2\/media\/13783"}],"wp:attachment":[{"href":"https:\/\/elpuucnoticias.com\/index.php?rest_route=%2Fwp%2Fv2%2Fmedia&parent=13779"}],"wp:term":[{"taxonomy":"category","embeddable":true,"href":"https:\/\/elpuucnoticias.com\/index.php?rest_route=%2Fwp%2Fv2%2Fcategories&post=13779"},{"taxonomy":"post_tag","embeddable":true,"href":"https:\/\/elpuucnoticias.com\/index.php?rest_route=%2Fwp%2Fv2%2Ftags&post=13779"}],"curies":[{"name":"wp","href":"https:\/\/api.w.org\/{rel}","templated":true}]}}