{"id":13851,"date":"2024-06-25T12:19:55","date_gmt":"2024-06-25T18:19:55","guid":{"rendered":"https:\/\/elpuucnoticias.com\/?p=13851"},"modified":"2024-06-25T12:19:57","modified_gmt":"2024-06-25T18:19:57","slug":"continua-forjando-generaciones-conscientes-a-traves-del-congreso-de-las-ninas-y-los-ninos-por-el-medio-ambiente","status":"publish","type":"post","link":"https:\/\/elpuucnoticias.com\/?p=13851","title":{"rendered":"Contin\u00faa forjando generaciones conscientes a trav\u00e9s del \u201cCongreso de las Ni\u00f1as y los Ni\u00f1os por el Medio Ambiente\u201d"},"content":{"rendered":"\n<figure class=\"wp-block-image size-full is-style-default\"><img loading=\"lazy\" decoding=\"async\" width=\"585\" height=\"389\" src=\"https:\/\/elpuucnoticias.com\/wp-content\/uploads\/2024\/06\/img_0898-585x389-1.jpg\" alt=\"\" class=\"wp-image-13852\" srcset=\"https:\/\/elpuucnoticias.com\/wp-content\/uploads\/2024\/06\/img_0898-585x389-1.jpg 585w, https:\/\/elpuucnoticias.com\/wp-content\/uploads\/2024\/06\/img_0898-585x389-1-300x200.jpg 300w, https:\/\/elpuucnoticias.com\/wp-content\/uploads\/2024\/06\/img_0898-585x389-1-320x213.jpg 320w\" sizes=\"auto, (max-width: 585px) 100vw, 585px\" \/><\/figure>\n\n\n\n<p>El Congreso de las Ni\u00f1as y los Ni\u00f1os por el Medio Ambiente, organizado por la Fundaci\u00f3n de Parques y Museos de Cozumel (FPMC) desde hace 30 a\u00f1os, culmin\u00f3 exitosamente tras dos d\u00edas de intensas actividades. Este evento ha dejado una profunda huella en las generaciones que han participado a lo largo de los a\u00f1os, convirti\u00e9ndose en un pilar para la educaci\u00f3n ambiental de la ni\u00f1ez local, transform\u00e1ndolos en adultos m\u00e1s conscientes y comprometidos con el cuidado del medio ambiente.<\/p>\n\n\n\n<figure class=\"wp-block-image size-full is-style-default\"><img loading=\"lazy\" decoding=\"async\" width=\"585\" height=\"389\" src=\"https:\/\/elpuucnoticias.com\/wp-content\/uploads\/2024\/06\/img_0897-585x389-1.jpg\" alt=\"\" class=\"wp-image-13853\" srcset=\"https:\/\/elpuucnoticias.com\/wp-content\/uploads\/2024\/06\/img_0897-585x389-1.jpg 585w, https:\/\/elpuucnoticias.com\/wp-content\/uploads\/2024\/06\/img_0897-585x389-1-300x200.jpg 300w, https:\/\/elpuucnoticias.com\/wp-content\/uploads\/2024\/06\/img_0897-585x389-1-320x213.jpg 320w\" sizes=\"auto, (max-width: 585px) 100vw, 585px\" \/><\/figure>\n\n\n\n<p>En el marco del Nuevo Acuerdo por el Bienestar y Desarrollo de Quintana Roo, liderado por la Gobernadora Mara Lezama, la FPMC impulsa la educaci\u00f3n y la conservaci\u00f3n ambiental entre las y los ni\u00f1os. Este compromiso busca fomentar la conciencia sobre el cuidado del medio ambiente y formar generaciones m\u00e1s sensibles a la importancia de proteger la naturaleza.<\/p>\n\n\n\n<p>Durante el congreso, ni\u00f1as y ni\u00f1os de entre 10 y 12 a\u00f1os de edad participaron en conferencias, talleres y mesas de trabajo dise\u00f1adas para fomentar su inter\u00e9s y conocimiento sobre temas cruciales para la conservaci\u00f3n de la naturaleza. El segundo d\u00eda, en particular, se llevaron a cabo mesas de trabajo en el Centro de Conservaci\u00f3n y Educaci\u00f3n Ambiental, donde se abordaron temas esenciales para la isla de Cozumel.<\/p>\n\n\n\n<p>En las mesas de trabajo se trataron temas como \u201cLa Importancia de las ANP\u2019s de Cozumel\u201d por la Mtra. Itzel Arista, de la CONANP; de igual forma \u201cLos pl\u00e1sticos en la playa\u201d, con el apoyo de la Mtra. Cristina Mota, de IXPALBARCO; \u201cLos hongos de Cozumel\u201d, con la Bi\u00f3loga Yazlin Marrufo, del Planetario Cha\u2019an Ka\u2019an; \u201cLa Geolog\u00eda de Isla Cozumel\u201d, por el Ge\u00f3logo Enrique Benavides y \u201cTiburones y rayas indicadoras de salud en los arrecifes\u201d, impartido por integrantes de Ocean Research.<\/p>\n\n\n\n<p>El director general de la FPMC, Alejandro March\u00e1n Pay\u00e1n, agradeci\u00f3 el apoyo de todos los expertos que se sumaron a esta edici\u00f3n del congreso, destac\u00f3 la dedicaci\u00f3n de los organizadores y felicit\u00f3 a los j\u00f3venes congresistas, quienes se comprometieron a ser embajadores del mensaje de conservaci\u00f3n y mejora del medio ambiente en sus c\u00edrculos escolares y familiares.<\/p>\n\n\n\n<p>Al concluir el XXX Congreso de las Ni\u00f1as y los Ni\u00f1os por el Medio Ambiente, asever\u00f3 que la instituci\u00f3n mantiene firme su compromiso de seguir trabajando en la educaci\u00f3n ambiental de las nuevas generaciones, asegurando que eventos como este congreso sean una plataforma para formar adultos responsables y conscientes de la importancia de preservar los ecosistemas de la Isla.<\/p>\n","protected":false},"excerpt":{"rendered":"<p>El Congreso de las Ni\u00f1as y los Ni\u00f1os por el Medio Ambiente, organizado por la Fundaci\u00f3n de Parques<\/p>\n","protected":false},"author":1,"featured_media":13854,"comment_status":"closed","ping_status":"open","sticky":false,"template":"","format":"standard","meta":{"_monsterinsights_skip_tracking":false,"_monsterinsights_sitenote_active":false,"_monsterinsights_sitenote_note":"","_monsterinsights_sitenote_category":0,"footnotes":""},"categories":[11,24],"tags":[],"class_list":["post-13851","post","type-post","status-publish","format-standard","has-post-thumbnail","hentry","category-noticias","category-quintana-roo"],"yoast_head":"<!-- This site is optimized with the Yoast SEO plugin v18.3 - https:\/\/yoast.com\/wordpress\/plugins\/seo\/ -->\n<title>Contin\u00faa forjando generaciones conscientes a trav\u00e9s del \u201cCongreso de las Ni\u00f1as y los Ni\u00f1os por el Medio Ambiente\u201d - El Puuc Noticias<\/title>\n<meta name=\"robots\" content=\"index, follow, max-snippet:-1, max-image-preview:large, max-video-preview:-1\" \/>\n<link rel=\"canonical\" href=\"https:\/\/elpuucnoticias.com\/?p=13851\" \/>\n<meta property=\"og:locale\" content=\"es_ES\" \/>\n<meta property=\"og:type\" content=\"article\" \/>\n<meta property=\"og:title\" content=\"Contin\u00faa forjando generaciones conscientes a trav\u00e9s del \u201cCongreso de las Ni\u00f1as y los Ni\u00f1os por el Medio Ambiente\u201d - El Puuc Noticias\" \/>\n<meta property=\"og:description\" content=\"El Congreso de las Ni\u00f1as y los Ni\u00f1os por el Medio Ambiente, organizado por la Fundaci\u00f3n de Parques\" \/>\n<meta property=\"og:url\" content=\"https:\/\/elpuucnoticias.com\/?p=13851\" \/>\n<meta property=\"og:site_name\" content=\"El Puuc Noticias\" \/>\n<meta property=\"article:published_time\" content=\"2024-06-25T18:19:55+00:00\" \/>\n<meta property=\"article:modified_time\" content=\"2024-06-25T18:19:57+00:00\" \/>\n<meta property=\"og:image\" content=\"https:\/\/elpuucnoticias.com\/wp-content\/uploads\/2024\/06\/img_0895-585x390-1.jpg\" \/>\n\t<meta property=\"og:image:width\" content=\"585\" \/>\n\t<meta property=\"og:image:height\" content=\"390\" \/>\n\t<meta property=\"og:image:type\" content=\"image\/jpeg\" \/>\n<meta name=\"twitter:card\" content=\"summary_large_image\" \/>\n<meta name=\"twitter:label1\" content=\"Escrito por\" \/>\n\t<meta name=\"twitter:data1\" content=\"elpuucnoticias\" \/>\n\t<meta name=\"twitter:label2\" content=\"Tiempo de lectura\" \/>\n\t<meta name=\"twitter:data2\" content=\"3 minutos\" \/>\n<script type=\"application\/ld+json\" class=\"yoast-schema-graph\">{\"@context\":\"https:\/\/schema.org\",\"@graph\":[{\"@type\":\"WebSite\",\"@id\":\"https:\/\/elpuucnoticias.com\/#website\",\"url\":\"https:\/\/elpuucnoticias.com\/\",\"name\":\"El Puuc Noticias\",\"description\":\"Noticias - Entretenimiento - Deportes\",\"potentialAction\":[{\"@type\":\"SearchAction\",\"target\":{\"@type\":\"EntryPoint\",\"urlTemplate\":\"https:\/\/elpuucnoticias.com\/?s={search_term_string}\"},\"query-input\":\"required name=search_term_string\"}],\"inLanguage\":\"es\"},{\"@type\":\"ImageObject\",\"@id\":\"https:\/\/elpuucnoticias.com\/?p=13851#primaryimage\",\"inLanguage\":\"es\",\"url\":\"https:\/\/elpuucnoticias.com\/wp-content\/uploads\/2024\/06\/img_0895-585x390-1.jpg\",\"contentUrl\":\"https:\/\/elpuucnoticias.com\/wp-content\/uploads\/2024\/06\/img_0895-585x390-1.jpg\",\"width\":585,\"height\":390},{\"@type\":\"WebPage\",\"@id\":\"https:\/\/elpuucnoticias.com\/?p=13851#webpage\",\"url\":\"https:\/\/elpuucnoticias.com\/?p=13851\",\"name\":\"Contin\u00faa forjando generaciones conscientes a trav\u00e9s del \u201cCongreso de las Ni\u00f1as y los Ni\u00f1os por el Medio Ambiente\u201d - El Puuc Noticias\",\"isPartOf\":{\"@id\":\"https:\/\/elpuucnoticias.com\/#website\"},\"primaryImageOfPage\":{\"@id\":\"https:\/\/elpuucnoticias.com\/?p=13851#primaryimage\"},\"datePublished\":\"2024-06-25T18:19:55+00:00\",\"dateModified\":\"2024-06-25T18:19:57+00:00\",\"author\":{\"@id\":\"https:\/\/elpuucnoticias.com\/#\/schema\/person\/d2ea09e4c97f0160b11cdfb1d856bd9e\"},\"breadcrumb\":{\"@id\":\"https:\/\/elpuucnoticias.com\/?p=13851#breadcrumb\"},\"inLanguage\":\"es\",\"potentialAction\":[{\"@type\":\"ReadAction\",\"target\":[\"https:\/\/elpuucnoticias.com\/?p=13851\"]}]},{\"@type\":\"BreadcrumbList\",\"@id\":\"https:\/\/elpuucnoticias.com\/?p=13851#breadcrumb\",\"itemListElement\":[{\"@type\":\"ListItem\",\"position\":1,\"name\":\"Portada\",\"item\":\"https:\/\/elpuucnoticias.com\/\"},{\"@type\":\"ListItem\",\"position\":2,\"name\":\"Contin\u00faa forjando generaciones conscientes a trav\u00e9s del \u201cCongreso de las Ni\u00f1as y los Ni\u00f1os por el Medio Ambiente\u201d\"}]},{\"@type\":\"Person\",\"@id\":\"https:\/\/elpuucnoticias.com\/#\/schema\/person\/d2ea09e4c97f0160b11cdfb1d856bd9e\",\"name\":\"elpuucnoticias\",\"image\":{\"@type\":\"ImageObject\",\"@id\":\"https:\/\/elpuucnoticias.com\/#personlogo\",\"inLanguage\":\"es\",\"url\":\"https:\/\/secure.gravatar.com\/avatar\/5290a43657c74ffa15701dbe5b846bd85cc71930d803c84e91046a7333de6ce2?s=96&d=mm&r=g\",\"contentUrl\":\"https:\/\/secure.gravatar.com\/avatar\/5290a43657c74ffa15701dbe5b846bd85cc71930d803c84e91046a7333de6ce2?s=96&d=mm&r=g\",\"caption\":\"elpuucnoticias\"},\"sameAs\":[\"https:\/\/elpuucnoticias.com\"],\"url\":\"https:\/\/elpuucnoticias.com\/?author=1\"}]}<\/script>\n<!-- \/ Yoast SEO plugin. -->","yoast_head_json":{"title":"Contin\u00faa forjando generaciones conscientes a trav\u00e9s del \u201cCongreso de las Ni\u00f1as y los Ni\u00f1os por el Medio Ambiente\u201d - El Puuc Noticias","robots":{"index":"index","follow":"follow","max-snippet":"max-snippet:-1","max-image-preview":"max-image-preview:large","max-video-preview":"max-video-preview:-1"},"canonical":"https:\/\/elpuucnoticias.com\/?p=13851","og_locale":"es_ES","og_type":"article","og_title":"Contin\u00faa forjando generaciones conscientes a trav\u00e9s del \u201cCongreso de las Ni\u00f1as y los Ni\u00f1os por el Medio Ambiente\u201d - El Puuc Noticias","og_description":"El Congreso de las Ni\u00f1as y los Ni\u00f1os por el Medio Ambiente, organizado por la Fundaci\u00f3n de Parques","og_url":"https:\/\/elpuucnoticias.com\/?p=13851","og_site_name":"El Puuc Noticias","article_published_time":"2024-06-25T18:19:55+00:00","article_modified_time":"2024-06-25T18:19:57+00:00","og_image":[{"width":585,"height":390,"url":"https:\/\/elpuucnoticias.com\/wp-content\/uploads\/2024\/06\/img_0895-585x390-1.jpg","type":"image\/jpeg"}],"twitter_card":"summary_large_image","twitter_misc":{"Escrito por":"elpuucnoticias","Tiempo de lectura":"3 minutos"},"schema":{"@context":"https:\/\/schema.org","@graph":[{"@type":"WebSite","@id":"https:\/\/elpuucnoticias.com\/#website","url":"https:\/\/elpuucnoticias.com\/","name":"El Puuc Noticias","description":"Noticias - Entretenimiento - Deportes","potentialAction":[{"@type":"SearchAction","target":{"@type":"EntryPoint","urlTemplate":"https:\/\/elpuucnoticias.com\/?s={search_term_string}"},"query-input":"required name=search_term_string"}],"inLanguage":"es"},{"@type":"ImageObject","@id":"https:\/\/elpuucnoticias.com\/?p=13851#primaryimage","inLanguage":"es","url":"https:\/\/elpuucnoticias.com\/wp-content\/uploads\/2024\/06\/img_0895-585x390-1.jpg","contentUrl":"https:\/\/elpuucnoticias.com\/wp-content\/uploads\/2024\/06\/img_0895-585x390-1.jpg","width":585,"height":390},{"@type":"WebPage","@id":"https:\/\/elpuucnoticias.com\/?p=13851#webpage","url":"https:\/\/elpuucnoticias.com\/?p=13851","name":"Contin\u00faa forjando generaciones conscientes a trav\u00e9s del \u201cCongreso de las Ni\u00f1as y los Ni\u00f1os por el Medio Ambiente\u201d - El Puuc Noticias","isPartOf":{"@id":"https:\/\/elpuucnoticias.com\/#website"},"primaryImageOfPage":{"@id":"https:\/\/elpuucnoticias.com\/?p=13851#primaryimage"},"datePublished":"2024-06-25T18:19:55+00:00","dateModified":"2024-06-25T18:19:57+00:00","author":{"@id":"https:\/\/elpuucnoticias.com\/#\/schema\/person\/d2ea09e4c97f0160b11cdfb1d856bd9e"},"breadcrumb":{"@id":"https:\/\/elpuucnoticias.com\/?p=13851#breadcrumb"},"inLanguage":"es","potentialAction":[{"@type":"ReadAction","target":["https:\/\/elpuucnoticias.com\/?p=13851"]}]},{"@type":"BreadcrumbList","@id":"https:\/\/elpuucnoticias.com\/?p=13851#breadcrumb","itemListElement":[{"@type":"ListItem","position":1,"name":"Portada","item":"https:\/\/elpuucnoticias.com\/"},{"@type":"ListItem","position":2,"name":"Contin\u00faa forjando generaciones conscientes a trav\u00e9s del \u201cCongreso de las Ni\u00f1as y los Ni\u00f1os por el Medio Ambiente\u201d"}]},{"@type":"Person","@id":"https:\/\/elpuucnoticias.com\/#\/schema\/person\/d2ea09e4c97f0160b11cdfb1d856bd9e","name":"elpuucnoticias","image":{"@type":"ImageObject","@id":"https:\/\/elpuucnoticias.com\/#personlogo","inLanguage":"es","url":"https:\/\/secure.gravatar.com\/avatar\/5290a43657c74ffa15701dbe5b846bd85cc71930d803c84e91046a7333de6ce2?s=96&d=mm&r=g","contentUrl":"https:\/\/secure.gravatar.com\/avatar\/5290a43657c74ffa15701dbe5b846bd85cc71930d803c84e91046a7333de6ce2?s=96&d=mm&r=g","caption":"elpuucnoticias"},"sameAs":["https:\/\/elpuucnoticias.com"],"url":"https:\/\/elpuucnoticias.com\/?author=1"}]}},"_links":{"self":[{"href":"https:\/\/elpuucnoticias.com\/index.php?rest_route=\/wp\/v2\/posts\/13851","targetHints":{"allow":["GET"]}}],"collection":[{"href":"https:\/\/elpuucnoticias.com\/index.php?rest_route=\/wp\/v2\/posts"}],"about":[{"href":"https:\/\/elpuucnoticias.com\/index.php?rest_route=\/wp\/v2\/types\/post"}],"author":[{"embeddable":true,"href":"https:\/\/elpuucnoticias.com\/index.php?rest_route=\/wp\/v2\/users\/1"}],"replies":[{"embeddable":true,"href":"https:\/\/elpuucnoticias.com\/index.php?rest_route=%2Fwp%2Fv2%2Fcomments&post=13851"}],"version-history":[{"count":1,"href":"https:\/\/elpuucnoticias.com\/index.php?rest_route=\/wp\/v2\/posts\/13851\/revisions"}],"predecessor-version":[{"id":13855,"href":"https:\/\/elpuucnoticias.com\/index.php?rest_route=\/wp\/v2\/posts\/13851\/revisions\/13855"}],"wp:featuredmedia":[{"embeddable":true,"href":"https:\/\/elpuucnoticias.com\/index.php?rest_route=\/wp\/v2\/media\/13854"}],"wp:attachment":[{"href":"https:\/\/elpuucnoticias.com\/index.php?rest_route=%2Fwp%2Fv2%2Fmedia&parent=13851"}],"wp:term":[{"taxonomy":"category","embeddable":true,"href":"https:\/\/elpuucnoticias.com\/index.php?rest_route=%2Fwp%2Fv2%2Fcategories&post=13851"},{"taxonomy":"post_tag","embeddable":true,"href":"https:\/\/elpuucnoticias.com\/index.php?rest_route=%2Fwp%2Fv2%2Ftags&post=13851"}],"curies":[{"name":"wp","href":"https:\/\/api.w.org\/{rel}","templated":true}]}}