{"id":13915,"date":"2024-06-25T13:04:04","date_gmt":"2024-06-25T19:04:04","guid":{"rendered":"https:\/\/elpuucnoticias.com\/?p=13915"},"modified":"2024-06-25T13:04:05","modified_gmt":"2024-06-25T19:04:05","slug":"reanuda-aerolinea-gol-linhas-aereas-vuelos-directos-entre-brasilia-y-cancun","status":"publish","type":"post","link":"https:\/\/elpuucnoticias.com\/?p=13915","title":{"rendered":"Reanuda aerol\u00ednea Gol Linhas A\u00e9reas vuelos directos entre Brasilia y Canc\u00fan"},"content":{"rendered":"\n<p>La gobernadora de Quintana Roo, Mara Lezama Espinosa, anunci\u00f3 que la aerol\u00ednea Gol Linhas A\u00e9reas reanudar\u00e1 sus vuelos directos entre Brasilia y Canc\u00fan a partir del 10 de diciembre de 2024, con dos frecuencias semanales, lo cual atraer\u00e1 un mayor n\u00famero de visitantes en esta Nueva Era del Turismo.<\/p>\n\n\n\n<p>Esta nueva conexi\u00f3n a\u00e9rea se traducir\u00e1 en mayor n\u00famero de empleos, tal y como lo establece el Nuevo Acuerdo por el Bienestar y Desarrollo de Quintana Roo, de modo que el \u00e9xito tur\u00edstico y la prosperidad compartida se refleje en los bolsillos de los y las trabajadoras.<\/p>\n\n\n\n<figure class=\"wp-block-image size-full is-style-default\"><img loading=\"lazy\" decoding=\"async\" width=\"585\" height=\"585\" src=\"https:\/\/elpuucnoticias.com\/wp-content\/uploads\/2024\/06\/37bd4169-047e-41c4-bb46-a384caa0cb54-585x585-1.jpg\" alt=\"\" class=\"wp-image-13917\" srcset=\"https:\/\/elpuucnoticias.com\/wp-content\/uploads\/2024\/06\/37bd4169-047e-41c4-bb46-a384caa0cb54-585x585-1.jpg 585w, https:\/\/elpuucnoticias.com\/wp-content\/uploads\/2024\/06\/37bd4169-047e-41c4-bb46-a384caa0cb54-585x585-1-300x300.jpg 300w, https:\/\/elpuucnoticias.com\/wp-content\/uploads\/2024\/06\/37bd4169-047e-41c4-bb46-a384caa0cb54-585x585-1-150x150.jpg 150w, https:\/\/elpuucnoticias.com\/wp-content\/uploads\/2024\/06\/37bd4169-047e-41c4-bb46-a384caa0cb54-585x585-1-320x320.jpg 320w\" sizes=\"auto, (max-width: 585px) 100vw, 585px\" \/><\/figure>\n\n\n\n<p>Los vuelos directos entre Brasilia y Canc\u00fan fueron suspendidos en febrero de 2023 y ahora, con una recuperaci\u00f3n en la demanda y una visi\u00f3n renovada en la Nueva Era del Turismo en Quintana Roo, Gol ser\u00e1 la \u00fanica aerol\u00ednea en ofrecer esta ruta directa con dos frecuencias semanales.<\/p>\n\n\n\n<figure class=\"wp-block-image size-full is-style-default\"><img loading=\"lazy\" decoding=\"async\" width=\"585\" height=\"319\" src=\"https:\/\/elpuucnoticias.com\/wp-content\/uploads\/2024\/06\/e0b51c73-518e-4c8d-8585-922da3e94de8-585x319-1.jpg\" alt=\"\" class=\"wp-image-13918\" srcset=\"https:\/\/elpuucnoticias.com\/wp-content\/uploads\/2024\/06\/e0b51c73-518e-4c8d-8585-922da3e94de8-585x319-1.jpg 585w, https:\/\/elpuucnoticias.com\/wp-content\/uploads\/2024\/06\/e0b51c73-518e-4c8d-8585-922da3e94de8-585x319-1-300x164.jpg 300w, https:\/\/elpuucnoticias.com\/wp-content\/uploads\/2024\/06\/e0b51c73-518e-4c8d-8585-922da3e94de8-585x319-1-320x174.jpg 320w\" sizes=\"auto, (max-width: 585px) 100vw, 585px\" \/><\/figure>\n\n\n\n<p>\u201cLa viabilidad de las operaciones hacia Canc\u00fan, uno de los destinos tur\u00edsticos m\u00e1s grandes del mundo y que actualmente no cuenta con vuelos directos desde Brasil, representa una inmensa ganancia para brasile\u00f1os, mexicanos y otros viajeros de placer de toda Am\u00e9rica del Sur. El objetivo de Gol es acercar a nuestra gente y contribuir al desarrollo del turismo en toda la regi\u00f3n\u201d, expres\u00f3 Rafael Ara\u00fajo, director de Planificaci\u00f3n A\u00e9rea de Gol.<\/p>\n\n\n\n<figure class=\"wp-block-image size-full is-style-default\"><img loading=\"lazy\" decoding=\"async\" width=\"585\" height=\"329\" src=\"https:\/\/elpuucnoticias.com\/wp-content\/uploads\/2024\/06\/f411ec28-c543-425e-b56c-41e76c9a6f74-585x329-1.jpg\" alt=\"\" class=\"wp-image-13919\" srcset=\"https:\/\/elpuucnoticias.com\/wp-content\/uploads\/2024\/06\/f411ec28-c543-425e-b56c-41e76c9a6f74-585x329-1.jpg 585w, https:\/\/elpuucnoticias.com\/wp-content\/uploads\/2024\/06\/f411ec28-c543-425e-b56c-41e76c9a6f74-585x329-1-300x169.jpg 300w, https:\/\/elpuucnoticias.com\/wp-content\/uploads\/2024\/06\/f411ec28-c543-425e-b56c-41e76c9a6f74-585x329-1-320x180.jpg 320w\" sizes=\"auto, (max-width: 585px) 100vw, 585px\" \/><\/figure>\n\n\n\n<p>La reanudaci\u00f3n de vuelos a Canc\u00fan es parte de la expansi\u00f3n internacional de Gol, por lo que ahora Quintana Roo, cada vez m\u00e1s, est\u00e1 conectado con el mundo, trayendo m\u00e1s turistas y nuevas alternativas para que se conozcan las maravillas naturales de todos los destinos del norte, centro y sur.<\/p>\n","protected":false},"excerpt":{"rendered":"<p>La gobernadora de Quintana Roo, Mara Lezama Espinosa, anunci\u00f3 que la aerol\u00ednea Gol Linhas A\u00e9reas reanudar\u00e1 sus vuelos<\/p>\n","protected":false},"author":1,"featured_media":13920,"comment_status":"closed","ping_status":"open","sticky":false,"template":"","format":"standard","meta":{"_monsterinsights_skip_tracking":false,"_monsterinsights_sitenote_active":false,"_monsterinsights_sitenote_note":"","_monsterinsights_sitenote_category":0,"footnotes":""},"categories":[11,24],"tags":[],"class_list":["post-13915","post","type-post","status-publish","format-standard","has-post-thumbnail","hentry","category-noticias","category-quintana-roo"],"yoast_head":"<!-- This site is optimized with the Yoast SEO plugin v18.3 - https:\/\/yoast.com\/wordpress\/plugins\/seo\/ -->\n<title>Reanuda aerol\u00ednea Gol Linhas A\u00e9reas vuelos directos entre Brasilia y Canc\u00fan - El Puuc Noticias<\/title>\n<meta name=\"robots\" content=\"index, follow, max-snippet:-1, max-image-preview:large, max-video-preview:-1\" \/>\n<link rel=\"canonical\" href=\"https:\/\/elpuucnoticias.com\/?p=13915\" \/>\n<meta property=\"og:locale\" content=\"es_ES\" \/>\n<meta property=\"og:type\" content=\"article\" \/>\n<meta property=\"og:title\" content=\"Reanuda aerol\u00ednea Gol Linhas A\u00e9reas vuelos directos entre Brasilia y Canc\u00fan - El Puuc Noticias\" \/>\n<meta property=\"og:description\" content=\"La gobernadora de Quintana Roo, Mara Lezama Espinosa, anunci\u00f3 que la aerol\u00ednea Gol Linhas A\u00e9reas reanudar\u00e1 sus vuelos\" \/>\n<meta property=\"og:url\" content=\"https:\/\/elpuucnoticias.com\/?p=13915\" \/>\n<meta property=\"og:site_name\" content=\"El Puuc Noticias\" \/>\n<meta property=\"article:published_time\" content=\"2024-06-25T19:04:04+00:00\" \/>\n<meta property=\"article:modified_time\" content=\"2024-06-25T19:04:05+00:00\" \/>\n<meta property=\"og:image\" content=\"https:\/\/elpuucnoticias.com\/wp-content\/uploads\/2024\/06\/14ea41f8-e122-45da-9032-f2b03ffd1cc6-585x585-2.jpg\" \/>\n\t<meta property=\"og:image:width\" content=\"585\" \/>\n\t<meta property=\"og:image:height\" content=\"585\" \/>\n\t<meta property=\"og:image:type\" content=\"image\/jpeg\" \/>\n<meta name=\"twitter:card\" content=\"summary_large_image\" \/>\n<meta name=\"twitter:label1\" content=\"Escrito por\" \/>\n\t<meta name=\"twitter:data1\" content=\"elpuucnoticias\" \/>\n\t<meta name=\"twitter:label2\" content=\"Tiempo de lectura\" \/>\n\t<meta name=\"twitter:data2\" content=\"2 minutos\" \/>\n<script type=\"application\/ld+json\" class=\"yoast-schema-graph\">{\"@context\":\"https:\/\/schema.org\",\"@graph\":[{\"@type\":\"WebSite\",\"@id\":\"https:\/\/elpuucnoticias.com\/#website\",\"url\":\"https:\/\/elpuucnoticias.com\/\",\"name\":\"El Puuc Noticias\",\"description\":\"Noticias - Entretenimiento - Deportes\",\"potentialAction\":[{\"@type\":\"SearchAction\",\"target\":{\"@type\":\"EntryPoint\",\"urlTemplate\":\"https:\/\/elpuucnoticias.com\/?s={search_term_string}\"},\"query-input\":\"required name=search_term_string\"}],\"inLanguage\":\"es\"},{\"@type\":\"ImageObject\",\"@id\":\"https:\/\/elpuucnoticias.com\/?p=13915#primaryimage\",\"inLanguage\":\"es\",\"url\":\"https:\/\/elpuucnoticias.com\/wp-content\/uploads\/2024\/06\/14ea41f8-e122-45da-9032-f2b03ffd1cc6-585x585-2.jpg\",\"contentUrl\":\"https:\/\/elpuucnoticias.com\/wp-content\/uploads\/2024\/06\/14ea41f8-e122-45da-9032-f2b03ffd1cc6-585x585-2.jpg\",\"width\":585,\"height\":585},{\"@type\":\"WebPage\",\"@id\":\"https:\/\/elpuucnoticias.com\/?p=13915#webpage\",\"url\":\"https:\/\/elpuucnoticias.com\/?p=13915\",\"name\":\"Reanuda aerol\u00ednea Gol Linhas A\u00e9reas vuelos directos entre Brasilia y Canc\u00fan - El Puuc Noticias\",\"isPartOf\":{\"@id\":\"https:\/\/elpuucnoticias.com\/#website\"},\"primaryImageOfPage\":{\"@id\":\"https:\/\/elpuucnoticias.com\/?p=13915#primaryimage\"},\"datePublished\":\"2024-06-25T19:04:04+00:00\",\"dateModified\":\"2024-06-25T19:04:05+00:00\",\"author\":{\"@id\":\"https:\/\/elpuucnoticias.com\/#\/schema\/person\/d2ea09e4c97f0160b11cdfb1d856bd9e\"},\"breadcrumb\":{\"@id\":\"https:\/\/elpuucnoticias.com\/?p=13915#breadcrumb\"},\"inLanguage\":\"es\",\"potentialAction\":[{\"@type\":\"ReadAction\",\"target\":[\"https:\/\/elpuucnoticias.com\/?p=13915\"]}]},{\"@type\":\"BreadcrumbList\",\"@id\":\"https:\/\/elpuucnoticias.com\/?p=13915#breadcrumb\",\"itemListElement\":[{\"@type\":\"ListItem\",\"position\":1,\"name\":\"Portada\",\"item\":\"https:\/\/elpuucnoticias.com\/\"},{\"@type\":\"ListItem\",\"position\":2,\"name\":\"Reanuda aerol\u00ednea Gol Linhas A\u00e9reas vuelos directos entre Brasilia y Canc\u00fan\"}]},{\"@type\":\"Person\",\"@id\":\"https:\/\/elpuucnoticias.com\/#\/schema\/person\/d2ea09e4c97f0160b11cdfb1d856bd9e\",\"name\":\"elpuucnoticias\",\"image\":{\"@type\":\"ImageObject\",\"@id\":\"https:\/\/elpuucnoticias.com\/#personlogo\",\"inLanguage\":\"es\",\"url\":\"https:\/\/secure.gravatar.com\/avatar\/5290a43657c74ffa15701dbe5b846bd85cc71930d803c84e91046a7333de6ce2?s=96&d=mm&r=g\",\"contentUrl\":\"https:\/\/secure.gravatar.com\/avatar\/5290a43657c74ffa15701dbe5b846bd85cc71930d803c84e91046a7333de6ce2?s=96&d=mm&r=g\",\"caption\":\"elpuucnoticias\"},\"sameAs\":[\"https:\/\/elpuucnoticias.com\"],\"url\":\"https:\/\/elpuucnoticias.com\/?author=1\"}]}<\/script>\n<!-- \/ Yoast SEO plugin. -->","yoast_head_json":{"title":"Reanuda aerol\u00ednea Gol Linhas A\u00e9reas vuelos directos entre Brasilia y Canc\u00fan - El Puuc Noticias","robots":{"index":"index","follow":"follow","max-snippet":"max-snippet:-1","max-image-preview":"max-image-preview:large","max-video-preview":"max-video-preview:-1"},"canonical":"https:\/\/elpuucnoticias.com\/?p=13915","og_locale":"es_ES","og_type":"article","og_title":"Reanuda aerol\u00ednea Gol Linhas A\u00e9reas vuelos directos entre Brasilia y Canc\u00fan - El Puuc Noticias","og_description":"La gobernadora de Quintana Roo, Mara Lezama Espinosa, anunci\u00f3 que la aerol\u00ednea Gol Linhas A\u00e9reas reanudar\u00e1 sus vuelos","og_url":"https:\/\/elpuucnoticias.com\/?p=13915","og_site_name":"El Puuc Noticias","article_published_time":"2024-06-25T19:04:04+00:00","article_modified_time":"2024-06-25T19:04:05+00:00","og_image":[{"width":585,"height":585,"url":"https:\/\/elpuucnoticias.com\/wp-content\/uploads\/2024\/06\/14ea41f8-e122-45da-9032-f2b03ffd1cc6-585x585-2.jpg","type":"image\/jpeg"}],"twitter_card":"summary_large_image","twitter_misc":{"Escrito por":"elpuucnoticias","Tiempo de lectura":"2 minutos"},"schema":{"@context":"https:\/\/schema.org","@graph":[{"@type":"WebSite","@id":"https:\/\/elpuucnoticias.com\/#website","url":"https:\/\/elpuucnoticias.com\/","name":"El Puuc Noticias","description":"Noticias - Entretenimiento - Deportes","potentialAction":[{"@type":"SearchAction","target":{"@type":"EntryPoint","urlTemplate":"https:\/\/elpuucnoticias.com\/?s={search_term_string}"},"query-input":"required name=search_term_string"}],"inLanguage":"es"},{"@type":"ImageObject","@id":"https:\/\/elpuucnoticias.com\/?p=13915#primaryimage","inLanguage":"es","url":"https:\/\/elpuucnoticias.com\/wp-content\/uploads\/2024\/06\/14ea41f8-e122-45da-9032-f2b03ffd1cc6-585x585-2.jpg","contentUrl":"https:\/\/elpuucnoticias.com\/wp-content\/uploads\/2024\/06\/14ea41f8-e122-45da-9032-f2b03ffd1cc6-585x585-2.jpg","width":585,"height":585},{"@type":"WebPage","@id":"https:\/\/elpuucnoticias.com\/?p=13915#webpage","url":"https:\/\/elpuucnoticias.com\/?p=13915","name":"Reanuda aerol\u00ednea Gol Linhas A\u00e9reas vuelos directos entre Brasilia y Canc\u00fan - El Puuc Noticias","isPartOf":{"@id":"https:\/\/elpuucnoticias.com\/#website"},"primaryImageOfPage":{"@id":"https:\/\/elpuucnoticias.com\/?p=13915#primaryimage"},"datePublished":"2024-06-25T19:04:04+00:00","dateModified":"2024-06-25T19:04:05+00:00","author":{"@id":"https:\/\/elpuucnoticias.com\/#\/schema\/person\/d2ea09e4c97f0160b11cdfb1d856bd9e"},"breadcrumb":{"@id":"https:\/\/elpuucnoticias.com\/?p=13915#breadcrumb"},"inLanguage":"es","potentialAction":[{"@type":"ReadAction","target":["https:\/\/elpuucnoticias.com\/?p=13915"]}]},{"@type":"BreadcrumbList","@id":"https:\/\/elpuucnoticias.com\/?p=13915#breadcrumb","itemListElement":[{"@type":"ListItem","position":1,"name":"Portada","item":"https:\/\/elpuucnoticias.com\/"},{"@type":"ListItem","position":2,"name":"Reanuda aerol\u00ednea Gol Linhas A\u00e9reas vuelos directos entre Brasilia y Canc\u00fan"}]},{"@type":"Person","@id":"https:\/\/elpuucnoticias.com\/#\/schema\/person\/d2ea09e4c97f0160b11cdfb1d856bd9e","name":"elpuucnoticias","image":{"@type":"ImageObject","@id":"https:\/\/elpuucnoticias.com\/#personlogo","inLanguage":"es","url":"https:\/\/secure.gravatar.com\/avatar\/5290a43657c74ffa15701dbe5b846bd85cc71930d803c84e91046a7333de6ce2?s=96&d=mm&r=g","contentUrl":"https:\/\/secure.gravatar.com\/avatar\/5290a43657c74ffa15701dbe5b846bd85cc71930d803c84e91046a7333de6ce2?s=96&d=mm&r=g","caption":"elpuucnoticias"},"sameAs":["https:\/\/elpuucnoticias.com"],"url":"https:\/\/elpuucnoticias.com\/?author=1"}]}},"_links":{"self":[{"href":"https:\/\/elpuucnoticias.com\/index.php?rest_route=\/wp\/v2\/posts\/13915","targetHints":{"allow":["GET"]}}],"collection":[{"href":"https:\/\/elpuucnoticias.com\/index.php?rest_route=\/wp\/v2\/posts"}],"about":[{"href":"https:\/\/elpuucnoticias.com\/index.php?rest_route=\/wp\/v2\/types\/post"}],"author":[{"embeddable":true,"href":"https:\/\/elpuucnoticias.com\/index.php?rest_route=\/wp\/v2\/users\/1"}],"replies":[{"embeddable":true,"href":"https:\/\/elpuucnoticias.com\/index.php?rest_route=%2Fwp%2Fv2%2Fcomments&post=13915"}],"version-history":[{"count":1,"href":"https:\/\/elpuucnoticias.com\/index.php?rest_route=\/wp\/v2\/posts\/13915\/revisions"}],"predecessor-version":[{"id":13921,"href":"https:\/\/elpuucnoticias.com\/index.php?rest_route=\/wp\/v2\/posts\/13915\/revisions\/13921"}],"wp:featuredmedia":[{"embeddable":true,"href":"https:\/\/elpuucnoticias.com\/index.php?rest_route=\/wp\/v2\/media\/13920"}],"wp:attachment":[{"href":"https:\/\/elpuucnoticias.com\/index.php?rest_route=%2Fwp%2Fv2%2Fmedia&parent=13915"}],"wp:term":[{"taxonomy":"category","embeddable":true,"href":"https:\/\/elpuucnoticias.com\/index.php?rest_route=%2Fwp%2Fv2%2Fcategories&post=13915"},{"taxonomy":"post_tag","embeddable":true,"href":"https:\/\/elpuucnoticias.com\/index.php?rest_route=%2Fwp%2Fv2%2Ftags&post=13915"}],"curies":[{"name":"wp","href":"https:\/\/api.w.org\/{rel}","templated":true}]}}