{"id":13959,"date":"2024-06-27T11:22:22","date_gmt":"2024-06-27T17:22:22","guid":{"rendered":"https:\/\/elpuucnoticias.com\/?p=13959"},"modified":"2024-06-27T11:22:23","modified_gmt":"2024-06-27T17:22:23","slug":"alumnos-de-la-utr-sur-en-la-carrera-en-contaduria-participaron-junto-con-sus-profesores-en-conferencias-impartidas-por-expertos-en-areas-de-la-administracion-contable-y-gestion-empresarial","status":"publish","type":"post","link":"https:\/\/elpuucnoticias.com\/?p=13959","title":{"rendered":"Alumnos de la UTR Sur en la carrera en Contadur\u00eda, participaron junto con sus profesores en conferencias impartidas por expertos en \u00e1reas de la administraci\u00f3n contable y gesti\u00f3n empresarial,"},"content":{"rendered":"\n<p>Continuando con las actividades en el marco del d\u00eda del <a href=\"https:\/\/www.facebook.com\/hashtag\/tsu?__eep__=6&amp;__cft__[0]=AZVNdy7Yz0RKeiRkfi1oAur4pSKCVEMnGCfoa5BhedGopF-kmKJOsO2zoIc6rwXUlrrHenBCm0bQfS1yfLYLJx1u_9LKKEHuNkgQ_HAQZpfhgVKfp8DRzP98Z0UWpkB90kz__pqz-NRqgb92YGhZqQto3CObNZrbF8Vot1cOAX8GQ96Ccy-0jhKC3ABQVLGHuVmxsgpaOWa5ivt0PwiXYkPE&amp;__tn__=*NK-R\">#TSU<\/a>, las y los alumnos de la carrera en <a href=\"https:\/\/www.facebook.com\/hashtag\/contadur%C3%ADa?__eep__=6&amp;__cft__[0]=AZVNdy7Yz0RKeiRkfi1oAur4pSKCVEMnGCfoa5BhedGopF-kmKJOsO2zoIc6rwXUlrrHenBCm0bQfS1yfLYLJx1u_9LKKEHuNkgQ_HAQZpfhgVKfp8DRzP98Z0UWpkB90kz__pqz-NRqgb92YGhZqQto3CObNZrbF8Vot1cOAX8GQ96Ccy-0jhKC3ABQVLGHuVmxsgpaOWa5ivt0PwiXYkPE&amp;__tn__=*NK-R\">#Contadur\u00eda<\/a>, participaron junto con sus profesores en conferencias simult\u00e1neas impartidas por expertos en \u00e1reas de la administraci\u00f3n contable y gesti\u00f3n empresarial, abordando temas relacionados con el marketing en redes sociales y networking.<\/p>\n\n\n\n<figure class=\"wp-block-gallery has-nested-images columns-default is-cropped wp-block-gallery-1 is-layout-flex wp-block-gallery-is-layout-flex\">\n<figure class=\"wp-block-image size-large is-style-default\"><img loading=\"lazy\" decoding=\"async\" width=\"1024\" height=\"683\" data-id=\"13962\" src=\"https:\/\/elpuucnoticias.com\/wp-content\/uploads\/2024\/06\/u2-1024x683.jpg\" alt=\"\" class=\"wp-image-13962\" srcset=\"https:\/\/elpuucnoticias.com\/wp-content\/uploads\/2024\/06\/u2-1024x683.jpg 1024w, https:\/\/elpuucnoticias.com\/wp-content\/uploads\/2024\/06\/u2-300x200.jpg 300w, https:\/\/elpuucnoticias.com\/wp-content\/uploads\/2024\/06\/u2-768x512.jpg 768w, https:\/\/elpuucnoticias.com\/wp-content\/uploads\/2024\/06\/u2-1536x1024.jpg 1536w, https:\/\/elpuucnoticias.com\/wp-content\/uploads\/2024\/06\/u2-600x400.jpg 600w, https:\/\/elpuucnoticias.com\/wp-content\/uploads\/2024\/06\/u2-320x213.jpg 320w, https:\/\/elpuucnoticias.com\/wp-content\/uploads\/2024\/06\/u2.jpg 2048w\" sizes=\"auto, (max-width: 1024px) 100vw, 1024px\" \/><\/figure>\n\n\n\n<figure class=\"wp-block-image size-large is-style-default\"><img loading=\"lazy\" decoding=\"async\" width=\"1024\" height=\"683\" data-id=\"13961\" src=\"https:\/\/elpuucnoticias.com\/wp-content\/uploads\/2024\/06\/u1-1024x683.jpg\" alt=\"\" class=\"wp-image-13961\" srcset=\"https:\/\/elpuucnoticias.com\/wp-content\/uploads\/2024\/06\/u1-1024x683.jpg 1024w, https:\/\/elpuucnoticias.com\/wp-content\/uploads\/2024\/06\/u1-300x200.jpg 300w, https:\/\/elpuucnoticias.com\/wp-content\/uploads\/2024\/06\/u1-768x512.jpg 768w, https:\/\/elpuucnoticias.com\/wp-content\/uploads\/2024\/06\/u1-1536x1024.jpg 1536w, https:\/\/elpuucnoticias.com\/wp-content\/uploads\/2024\/06\/u1-600x400.jpg 600w, https:\/\/elpuucnoticias.com\/wp-content\/uploads\/2024\/06\/u1-320x213.jpg 320w, https:\/\/elpuucnoticias.com\/wp-content\/uploads\/2024\/06\/u1.jpg 2048w\" sizes=\"auto, (max-width: 1024px) 100vw, 1024px\" \/><\/figure>\n\n\n\n<figure class=\"wp-block-image size-large is-style-default\"><img loading=\"lazy\" decoding=\"async\" width=\"1024\" height=\"683\" data-id=\"13960\" src=\"https:\/\/elpuucnoticias.com\/wp-content\/uploads\/2024\/06\/u3-1024x683.jpg\" alt=\"\" class=\"wp-image-13960\" srcset=\"https:\/\/elpuucnoticias.com\/wp-content\/uploads\/2024\/06\/u3-1024x683.jpg 1024w, https:\/\/elpuucnoticias.com\/wp-content\/uploads\/2024\/06\/u3-300x200.jpg 300w, https:\/\/elpuucnoticias.com\/wp-content\/uploads\/2024\/06\/u3-768x512.jpg 768w, https:\/\/elpuucnoticias.com\/wp-content\/uploads\/2024\/06\/u3-1536x1024.jpg 1536w, https:\/\/elpuucnoticias.com\/wp-content\/uploads\/2024\/06\/u3-600x400.jpg 600w, https:\/\/elpuucnoticias.com\/wp-content\/uploads\/2024\/06\/u3-320x213.jpg 320w, https:\/\/elpuucnoticias.com\/wp-content\/uploads\/2024\/06\/u3.jpg 2048w\" sizes=\"auto, (max-width: 1024px) 100vw, 1024px\" \/><\/figure>\n<\/figure>\n\n\n\n<p>As\u00ed promovemos la visi\u00f3n de nuestro Rector, Mtro. <a href=\"https:\/\/www.facebook.com\/victor.m.sosa.96?__cft__[0]=AZVNdy7Yz0RKeiRkfi1oAur4pSKCVEMnGCfoa5BhedGopF-kmKJOsO2zoIc6rwXUlrrHenBCm0bQfS1yfLYLJx1u_9LKKEHuNkgQ_HAQZpfhgVKfp8DRzP98Z0UWpkB90kz__pqz-NRqgb92YGhZqQto3CObNZrbF8Vot1cOAX8GQ96Ccy-0jhKC3ABQVLGHuVmxsgpaOWa5ivt0PwiXYkPE&amp;__tn__=-]K-R\">Victor Marave Sosa<\/a>, fortaleciendo la vinculaci\u00f3n institucional a favor de la comunidad <a><\/a>universitaria <a href=\"https:\/\/www.facebook.com\/UTRSurTekax?__cft__[0]=AZVNdy7Yz0RKeiRkfi1oAur4pSKCVEMnGCfoa5BhedGopF-kmKJOsO2zoIc6rwXUlrrHenBCm0bQfS1yfLYLJx1u_9LKKEHuNkgQ_HAQZpfhgVKfp8DRzP98Z0UWpkB90kz__pqz-NRqgb92YGhZqQto3CObNZrbF8Vot1cOAX8GQ96Ccy-0jhKC3ABQVLGHuVmxsgpaOWa5ivt0PwiXYkPE&amp;__tn__=-]K-R\">UTR Sur<\/a>.<\/p>\n","protected":false},"excerpt":{"rendered":"<p>Continuando con las actividades en el marco del d\u00eda del #TSU, las y los alumnos de la carrera<\/p>\n","protected":false},"author":1,"featured_media":13963,"comment_status":"closed","ping_status":"open","sticky":false,"template":"","format":"standard","meta":{"_monsterinsights_skip_tracking":false,"_monsterinsights_sitenote_active":false,"_monsterinsights_sitenote_note":"","_monsterinsights_sitenote_category":0,"footnotes":""},"categories":[11,4],"tags":[],"class_list":["post-13959","post","type-post","status-publish","format-standard","has-post-thumbnail","hentry","category-noticias","category-tekax"],"yoast_head":"<!-- This site is optimized with the Yoast SEO plugin v18.3 - https:\/\/yoast.com\/wordpress\/plugins\/seo\/ -->\n<title>Alumnos de la UTR Sur en la carrera en Contadur\u00eda, participaron junto con sus profesores en conferencias impartidas por expertos en \u00e1reas de la administraci\u00f3n contable y gesti\u00f3n empresarial, - El Puuc Noticias<\/title>\n<meta name=\"robots\" content=\"index, follow, max-snippet:-1, max-image-preview:large, max-video-preview:-1\" \/>\n<link rel=\"canonical\" href=\"https:\/\/elpuucnoticias.com\/?p=13959\" \/>\n<meta property=\"og:locale\" content=\"es_ES\" \/>\n<meta property=\"og:type\" content=\"article\" \/>\n<meta property=\"og:title\" content=\"Alumnos de la UTR Sur en la carrera en Contadur\u00eda, participaron junto con sus profesores en conferencias impartidas por expertos en \u00e1reas de la administraci\u00f3n contable y gesti\u00f3n empresarial, - El Puuc Noticias\" \/>\n<meta property=\"og:description\" content=\"Continuando con las actividades en el marco del d\u00eda del #TSU, las y los alumnos de la carrera\" \/>\n<meta property=\"og:url\" content=\"https:\/\/elpuucnoticias.com\/?p=13959\" \/>\n<meta property=\"og:site_name\" content=\"El Puuc Noticias\" \/>\n<meta property=\"article:published_time\" content=\"2024-06-27T17:22:22+00:00\" \/>\n<meta property=\"article:modified_time\" content=\"2024-06-27T17:22:23+00:00\" \/>\n<meta property=\"og:image\" content=\"https:\/\/elpuucnoticias.com\/wp-content\/uploads\/2024\/06\/u.jpg\" \/>\n\t<meta property=\"og:image:width\" content=\"2048\" \/>\n\t<meta property=\"og:image:height\" content=\"1366\" \/>\n\t<meta property=\"og:image:type\" content=\"image\/jpeg\" \/>\n<meta name=\"twitter:card\" content=\"summary_large_image\" \/>\n<meta name=\"twitter:label1\" content=\"Escrito por\" \/>\n\t<meta name=\"twitter:data1\" content=\"elpuucnoticias\" \/>\n<script type=\"application\/ld+json\" class=\"yoast-schema-graph\">{\"@context\":\"https:\/\/schema.org\",\"@graph\":[{\"@type\":\"WebSite\",\"@id\":\"https:\/\/elpuucnoticias.com\/#website\",\"url\":\"https:\/\/elpuucnoticias.com\/\",\"name\":\"El Puuc Noticias\",\"description\":\"Noticias - Entretenimiento - Deportes\",\"potentialAction\":[{\"@type\":\"SearchAction\",\"target\":{\"@type\":\"EntryPoint\",\"urlTemplate\":\"https:\/\/elpuucnoticias.com\/?s={search_term_string}\"},\"query-input\":\"required name=search_term_string\"}],\"inLanguage\":\"es\"},{\"@type\":\"ImageObject\",\"@id\":\"https:\/\/elpuucnoticias.com\/?p=13959#primaryimage\",\"inLanguage\":\"es\",\"url\":\"https:\/\/elpuucnoticias.com\/wp-content\/uploads\/2024\/06\/u.jpg\",\"contentUrl\":\"https:\/\/elpuucnoticias.com\/wp-content\/uploads\/2024\/06\/u.jpg\",\"width\":2048,\"height\":1366},{\"@type\":\"WebPage\",\"@id\":\"https:\/\/elpuucnoticias.com\/?p=13959#webpage\",\"url\":\"https:\/\/elpuucnoticias.com\/?p=13959\",\"name\":\"Alumnos de la UTR Sur en la carrera en Contadur\u00eda, participaron junto con sus profesores en conferencias impartidas por expertos en \u00e1reas de la administraci\u00f3n contable y gesti\u00f3n empresarial, - El Puuc Noticias\",\"isPartOf\":{\"@id\":\"https:\/\/elpuucnoticias.com\/#website\"},\"primaryImageOfPage\":{\"@id\":\"https:\/\/elpuucnoticias.com\/?p=13959#primaryimage\"},\"datePublished\":\"2024-06-27T17:22:22+00:00\",\"dateModified\":\"2024-06-27T17:22:23+00:00\",\"author\":{\"@id\":\"https:\/\/elpuucnoticias.com\/#\/schema\/person\/d2ea09e4c97f0160b11cdfb1d856bd9e\"},\"breadcrumb\":{\"@id\":\"https:\/\/elpuucnoticias.com\/?p=13959#breadcrumb\"},\"inLanguage\":\"es\",\"potentialAction\":[{\"@type\":\"ReadAction\",\"target\":[\"https:\/\/elpuucnoticias.com\/?p=13959\"]}]},{\"@type\":\"BreadcrumbList\",\"@id\":\"https:\/\/elpuucnoticias.com\/?p=13959#breadcrumb\",\"itemListElement\":[{\"@type\":\"ListItem\",\"position\":1,\"name\":\"Portada\",\"item\":\"https:\/\/elpuucnoticias.com\/\"},{\"@type\":\"ListItem\",\"position\":2,\"name\":\"Alumnos de la UTR Sur en la carrera en Contadur\u00eda, participaron junto con sus profesores en conferencias impartidas por expertos en \u00e1reas de la administraci\u00f3n contable y gesti\u00f3n empresarial,\"}]},{\"@type\":\"Person\",\"@id\":\"https:\/\/elpuucnoticias.com\/#\/schema\/person\/d2ea09e4c97f0160b11cdfb1d856bd9e\",\"name\":\"elpuucnoticias\",\"image\":{\"@type\":\"ImageObject\",\"@id\":\"https:\/\/elpuucnoticias.com\/#personlogo\",\"inLanguage\":\"es\",\"url\":\"https:\/\/secure.gravatar.com\/avatar\/5290a43657c74ffa15701dbe5b846bd85cc71930d803c84e91046a7333de6ce2?s=96&d=mm&r=g\",\"contentUrl\":\"https:\/\/secure.gravatar.com\/avatar\/5290a43657c74ffa15701dbe5b846bd85cc71930d803c84e91046a7333de6ce2?s=96&d=mm&r=g\",\"caption\":\"elpuucnoticias\"},\"sameAs\":[\"https:\/\/elpuucnoticias.com\"],\"url\":\"https:\/\/elpuucnoticias.com\/?author=1\"}]}<\/script>\n<!-- \/ Yoast SEO plugin. -->","yoast_head_json":{"title":"Alumnos de la UTR Sur en la carrera en Contadur\u00eda, participaron junto con sus profesores en conferencias impartidas por expertos en \u00e1reas de la administraci\u00f3n contable y gesti\u00f3n empresarial, - El Puuc Noticias","robots":{"index":"index","follow":"follow","max-snippet":"max-snippet:-1","max-image-preview":"max-image-preview:large","max-video-preview":"max-video-preview:-1"},"canonical":"https:\/\/elpuucnoticias.com\/?p=13959","og_locale":"es_ES","og_type":"article","og_title":"Alumnos de la UTR Sur en la carrera en Contadur\u00eda, participaron junto con sus profesores en conferencias impartidas por expertos en \u00e1reas de la administraci\u00f3n contable y gesti\u00f3n empresarial, - El Puuc Noticias","og_description":"Continuando con las actividades en el marco del d\u00eda del #TSU, las y los alumnos de la carrera","og_url":"https:\/\/elpuucnoticias.com\/?p=13959","og_site_name":"El Puuc Noticias","article_published_time":"2024-06-27T17:22:22+00:00","article_modified_time":"2024-06-27T17:22:23+00:00","og_image":[{"width":2048,"height":1366,"url":"https:\/\/elpuucnoticias.com\/wp-content\/uploads\/2024\/06\/u.jpg","type":"image\/jpeg"}],"twitter_card":"summary_large_image","twitter_misc":{"Escrito por":"elpuucnoticias"},"schema":{"@context":"https:\/\/schema.org","@graph":[{"@type":"WebSite","@id":"https:\/\/elpuucnoticias.com\/#website","url":"https:\/\/elpuucnoticias.com\/","name":"El Puuc Noticias","description":"Noticias - Entretenimiento - Deportes","potentialAction":[{"@type":"SearchAction","target":{"@type":"EntryPoint","urlTemplate":"https:\/\/elpuucnoticias.com\/?s={search_term_string}"},"query-input":"required name=search_term_string"}],"inLanguage":"es"},{"@type":"ImageObject","@id":"https:\/\/elpuucnoticias.com\/?p=13959#primaryimage","inLanguage":"es","url":"https:\/\/elpuucnoticias.com\/wp-content\/uploads\/2024\/06\/u.jpg","contentUrl":"https:\/\/elpuucnoticias.com\/wp-content\/uploads\/2024\/06\/u.jpg","width":2048,"height":1366},{"@type":"WebPage","@id":"https:\/\/elpuucnoticias.com\/?p=13959#webpage","url":"https:\/\/elpuucnoticias.com\/?p=13959","name":"Alumnos de la UTR Sur en la carrera en Contadur\u00eda, participaron junto con sus profesores en conferencias impartidas por expertos en \u00e1reas de la administraci\u00f3n contable y gesti\u00f3n empresarial, - El Puuc Noticias","isPartOf":{"@id":"https:\/\/elpuucnoticias.com\/#website"},"primaryImageOfPage":{"@id":"https:\/\/elpuucnoticias.com\/?p=13959#primaryimage"},"datePublished":"2024-06-27T17:22:22+00:00","dateModified":"2024-06-27T17:22:23+00:00","author":{"@id":"https:\/\/elpuucnoticias.com\/#\/schema\/person\/d2ea09e4c97f0160b11cdfb1d856bd9e"},"breadcrumb":{"@id":"https:\/\/elpuucnoticias.com\/?p=13959#breadcrumb"},"inLanguage":"es","potentialAction":[{"@type":"ReadAction","target":["https:\/\/elpuucnoticias.com\/?p=13959"]}]},{"@type":"BreadcrumbList","@id":"https:\/\/elpuucnoticias.com\/?p=13959#breadcrumb","itemListElement":[{"@type":"ListItem","position":1,"name":"Portada","item":"https:\/\/elpuucnoticias.com\/"},{"@type":"ListItem","position":2,"name":"Alumnos de la UTR Sur en la carrera en Contadur\u00eda, participaron junto con sus profesores en conferencias impartidas por expertos en \u00e1reas de la administraci\u00f3n contable y gesti\u00f3n empresarial,"}]},{"@type":"Person","@id":"https:\/\/elpuucnoticias.com\/#\/schema\/person\/d2ea09e4c97f0160b11cdfb1d856bd9e","name":"elpuucnoticias","image":{"@type":"ImageObject","@id":"https:\/\/elpuucnoticias.com\/#personlogo","inLanguage":"es","url":"https:\/\/secure.gravatar.com\/avatar\/5290a43657c74ffa15701dbe5b846bd85cc71930d803c84e91046a7333de6ce2?s=96&d=mm&r=g","contentUrl":"https:\/\/secure.gravatar.com\/avatar\/5290a43657c74ffa15701dbe5b846bd85cc71930d803c84e91046a7333de6ce2?s=96&d=mm&r=g","caption":"elpuucnoticias"},"sameAs":["https:\/\/elpuucnoticias.com"],"url":"https:\/\/elpuucnoticias.com\/?author=1"}]}},"_links":{"self":[{"href":"https:\/\/elpuucnoticias.com\/index.php?rest_route=\/wp\/v2\/posts\/13959","targetHints":{"allow":["GET"]}}],"collection":[{"href":"https:\/\/elpuucnoticias.com\/index.php?rest_route=\/wp\/v2\/posts"}],"about":[{"href":"https:\/\/elpuucnoticias.com\/index.php?rest_route=\/wp\/v2\/types\/post"}],"author":[{"embeddable":true,"href":"https:\/\/elpuucnoticias.com\/index.php?rest_route=\/wp\/v2\/users\/1"}],"replies":[{"embeddable":true,"href":"https:\/\/elpuucnoticias.com\/index.php?rest_route=%2Fwp%2Fv2%2Fcomments&post=13959"}],"version-history":[{"count":1,"href":"https:\/\/elpuucnoticias.com\/index.php?rest_route=\/wp\/v2\/posts\/13959\/revisions"}],"predecessor-version":[{"id":13964,"href":"https:\/\/elpuucnoticias.com\/index.php?rest_route=\/wp\/v2\/posts\/13959\/revisions\/13964"}],"wp:featuredmedia":[{"embeddable":true,"href":"https:\/\/elpuucnoticias.com\/index.php?rest_route=\/wp\/v2\/media\/13963"}],"wp:attachment":[{"href":"https:\/\/elpuucnoticias.com\/index.php?rest_route=%2Fwp%2Fv2%2Fmedia&parent=13959"}],"wp:term":[{"taxonomy":"category","embeddable":true,"href":"https:\/\/elpuucnoticias.com\/index.php?rest_route=%2Fwp%2Fv2%2Fcategories&post=13959"},{"taxonomy":"post_tag","embeddable":true,"href":"https:\/\/elpuucnoticias.com\/index.php?rest_route=%2Fwp%2Fv2%2Ftags&post=13959"}],"curies":[{"name":"wp","href":"https:\/\/api.w.org\/{rel}","templated":true}]}}