{"id":14031,"date":"2024-06-28T12:37:43","date_gmt":"2024-06-28T18:37:43","guid":{"rendered":"https:\/\/elpuucnoticias.com\/?p=14031"},"modified":"2024-06-28T12:37:44","modified_gmt":"2024-06-28T18:37:44","slug":"orgullo-de-oxkutzcab-yelitza-interian-y-damian-martin-representaran-a-la-huerta-del-estado-en-vaqueria-de-merida-este-4-de-agosto","status":"publish","type":"post","link":"https:\/\/elpuucnoticias.com\/?p=14031","title":{"rendered":"Orgullo de Oxkutzcab. Yelitza Interi\u00e1n y Dami\u00e1n Mart\u00edn representar\u00e1n a la Huerta del Estado en vaquer\u00eda de M\u00e9rida este 4 de agosto"},"content":{"rendered":"\n<p>Yelitza Guadalupe Interi\u00e1n Cauich y Damian Antonio Mart\u00edn Coll\u00ed, de la escuela jaranera Sac Nict\u00e9 de Oxkutzcab, a cargo del reconocido maestro de jarana Jorge Daniel Bolivar Chan, maestro de su municipio y comisar\u00edas, fueron seleccionados para ser las \u00abAzucenas de Santiago\u00bb del gremio mas reconocido de Merida, la capital del estado, donde representar\u00e1n a la \u00abHuerta del Estado\u00bb en este magno evento, donde igual fueron seleccionados otras parejas de jaraneros para representar su municipio.<br>Yelitza Interian \u00abLa Cachita\u00bb famosa jaranera de Oxkutzcab por su exitosa jarana Hermanos Interian Cauich, compuesta por la superpoderosa orquesta Miguel Colli y Damian Interian campeones jaraneros en varios municipios de Yucat\u00e1n, seran los representantes de Oxkutzcab en dicho evento a nivel estatal.<\/p>\n\n\n\n<p>Yelitza nos comenta esto: \u00abHola me llamo Yelitza Guadalupe Interian Cauich soy originaria de Oxkutzcab, Yucat\u00e1n, \u00abLa Huerta del Estado\u00bb aprendi a bailar desde que tenia 3 a\u00f1os de edad, donde mis padres e incluso mi abuelita paterna vieron que es algo que me apasiona, por lo que me inscribieron a la escuela jaranera Sac Nicte, la academia mas grande y unica de mi ciudad, a cargo del maestro Jorge Daniel Bolivar, al que le agradezco todo lo que me ha ense\u00f1ado\u00bb.<br>\u00abSoy campeona jaranera en categoria infantil en varios lugares del estado de yucatan, representando a mi bella ciudad en Campeche, Yucat\u00e1n y Quintana Roo\u00bb.<br>\u00abPuedo decir que bailar jarana es algo que nos transmite hermosas emociones, donde el cuerpo se cansa y la mente descansa, un lugar donde te expresas sanamente y convives con varios jaraneros\u00bb.<br>\u00abEs un orgullo ser jaranera y un gran honor ser integrante de las hermosas \u00abAzucenas de Santiago\u00bb en la fiesta en honor al \u00abSanto Cristo de la Transfiguraci\u00f3n\u00bb de la parroquia de Santiago Ap\u00f3stol que el Gremio Se\u00f1oras y Se\u00f1oritas Cooperaci\u00f3n de Se\u00f1ores organiza\u00bb.<\/p>\n\n\n\n<p>\u00abSencillas y con aroma distintivo las Azucenas recorrer\u00e1n el barrio de Santiago llenas de alegr\u00eda al ritmo de jarana y voladores, venerando con fe y devoci\u00f3n al santo patrono\u00bb.<br>\u00abAmigos jaraneros y fieles devotos les hacemos una atenta y cordial invitaci\u00f3n para que nos acompa\u00f1en a la grandiosa vaquer\u00eda que se llevar\u00e1 a cabo el d\u00eda 4 de Agosto del a\u00f1o en curso en punto de las 2:00 p.m. en el Local del Sindicato de Molineros en la calle 63x 66, 66a y 68 del Centro de M\u00e9rida, amenizando estar\u00e1 la Orquesta \u00abNueva Generaci\u00f3n\u00bb de los Hermanos Na\u00e1l de Calkini Campeche\u00bb.<\/p>\n","protected":false},"excerpt":{"rendered":"<p>Yelitza Guadalupe Interi\u00e1n Cauich y Damian Antonio Mart\u00edn Coll\u00ed, de la escuela jaranera Sac Nict\u00e9 de Oxkutzcab, a<\/p>\n","protected":false},"author":1,"featured_media":14042,"comment_status":"closed","ping_status":"open","sticky":false,"template":"","format":"standard","meta":{"_monsterinsights_skip_tracking":false,"_monsterinsights_sitenote_active":false,"_monsterinsights_sitenote_note":"","_monsterinsights_sitenote_category":0,"footnotes":""},"categories":[11,14],"tags":[],"class_list":["post-14031","post","type-post","status-publish","format-standard","has-post-thumbnail","hentry","category-noticias","category-oxkutzcab"],"yoast_head":"<!-- This site is optimized with the Yoast SEO plugin v18.3 - https:\/\/yoast.com\/wordpress\/plugins\/seo\/ -->\n<title>Orgullo de Oxkutzcab. Yelitza Interi\u00e1n y Dami\u00e1n Mart\u00edn representar\u00e1n a la Huerta del Estado en vaquer\u00eda de M\u00e9rida este 4 de agosto - El Puuc Noticias<\/title>\n<meta name=\"robots\" content=\"index, follow, max-snippet:-1, max-image-preview:large, max-video-preview:-1\" \/>\n<link rel=\"canonical\" href=\"https:\/\/elpuucnoticias.com\/?p=14031\" \/>\n<meta property=\"og:locale\" content=\"es_ES\" \/>\n<meta property=\"og:type\" content=\"article\" \/>\n<meta property=\"og:title\" content=\"Orgullo de Oxkutzcab. Yelitza Interi\u00e1n y Dami\u00e1n Mart\u00edn representar\u00e1n a la Huerta del Estado en vaquer\u00eda de M\u00e9rida este 4 de agosto - El Puuc Noticias\" \/>\n<meta property=\"og:description\" content=\"Yelitza Guadalupe Interi\u00e1n Cauich y Damian Antonio Mart\u00edn Coll\u00ed, de la escuela jaranera Sac Nict\u00e9 de Oxkutzcab, a\" \/>\n<meta property=\"og:url\" content=\"https:\/\/elpuucnoticias.com\/?p=14031\" \/>\n<meta property=\"og:site_name\" content=\"El Puuc Noticias\" \/>\n<meta property=\"article:published_time\" content=\"2024-06-28T18:37:43+00:00\" \/>\n<meta property=\"article:modified_time\" content=\"2024-06-28T18:37:44+00:00\" \/>\n<meta property=\"og:image\" content=\"https:\/\/elpuucnoticias.com\/wp-content\/uploads\/2024\/06\/jaraneros-ox-scaled.jpg\" \/>\n\t<meta property=\"og:image:width\" content=\"2560\" \/>\n\t<meta property=\"og:image:height\" content=\"1860\" \/>\n\t<meta property=\"og:image:type\" content=\"image\/jpeg\" \/>\n<meta name=\"twitter:card\" content=\"summary_large_image\" \/>\n<meta name=\"twitter:label1\" content=\"Escrito por\" \/>\n\t<meta name=\"twitter:data1\" content=\"elpuucnoticias\" \/>\n\t<meta name=\"twitter:label2\" content=\"Tiempo de lectura\" \/>\n\t<meta name=\"twitter:data2\" content=\"2 minutos\" \/>\n<script type=\"application\/ld+json\" class=\"yoast-schema-graph\">{\"@context\":\"https:\/\/schema.org\",\"@graph\":[{\"@type\":\"WebSite\",\"@id\":\"https:\/\/elpuucnoticias.com\/#website\",\"url\":\"https:\/\/elpuucnoticias.com\/\",\"name\":\"El Puuc Noticias\",\"description\":\"Noticias - Entretenimiento - Deportes\",\"potentialAction\":[{\"@type\":\"SearchAction\",\"target\":{\"@type\":\"EntryPoint\",\"urlTemplate\":\"https:\/\/elpuucnoticias.com\/?s={search_term_string}\"},\"query-input\":\"required name=search_term_string\"}],\"inLanguage\":\"es\"},{\"@type\":\"ImageObject\",\"@id\":\"https:\/\/elpuucnoticias.com\/?p=14031#primaryimage\",\"inLanguage\":\"es\",\"url\":\"https:\/\/elpuucnoticias.com\/wp-content\/uploads\/2024\/06\/jaraneros-ox-scaled.jpg\",\"contentUrl\":\"https:\/\/elpuucnoticias.com\/wp-content\/uploads\/2024\/06\/jaraneros-ox-scaled.jpg\",\"width\":2560,\"height\":1860},{\"@type\":\"WebPage\",\"@id\":\"https:\/\/elpuucnoticias.com\/?p=14031#webpage\",\"url\":\"https:\/\/elpuucnoticias.com\/?p=14031\",\"name\":\"Orgullo de Oxkutzcab. Yelitza Interi\u00e1n y Dami\u00e1n Mart\u00edn representar\u00e1n a la Huerta del Estado en vaquer\u00eda de M\u00e9rida este 4 de agosto - El Puuc Noticias\",\"isPartOf\":{\"@id\":\"https:\/\/elpuucnoticias.com\/#website\"},\"primaryImageOfPage\":{\"@id\":\"https:\/\/elpuucnoticias.com\/?p=14031#primaryimage\"},\"datePublished\":\"2024-06-28T18:37:43+00:00\",\"dateModified\":\"2024-06-28T18:37:44+00:00\",\"author\":{\"@id\":\"https:\/\/elpuucnoticias.com\/#\/schema\/person\/d2ea09e4c97f0160b11cdfb1d856bd9e\"},\"breadcrumb\":{\"@id\":\"https:\/\/elpuucnoticias.com\/?p=14031#breadcrumb\"},\"inLanguage\":\"es\",\"potentialAction\":[{\"@type\":\"ReadAction\",\"target\":[\"https:\/\/elpuucnoticias.com\/?p=14031\"]}]},{\"@type\":\"BreadcrumbList\",\"@id\":\"https:\/\/elpuucnoticias.com\/?p=14031#breadcrumb\",\"itemListElement\":[{\"@type\":\"ListItem\",\"position\":1,\"name\":\"Portada\",\"item\":\"https:\/\/elpuucnoticias.com\/\"},{\"@type\":\"ListItem\",\"position\":2,\"name\":\"Orgullo de Oxkutzcab. Yelitza Interi\u00e1n y Dami\u00e1n Mart\u00edn representar\u00e1n a la Huerta del Estado en vaquer\u00eda de M\u00e9rida este 4 de agosto\"}]},{\"@type\":\"Person\",\"@id\":\"https:\/\/elpuucnoticias.com\/#\/schema\/person\/d2ea09e4c97f0160b11cdfb1d856bd9e\",\"name\":\"elpuucnoticias\",\"image\":{\"@type\":\"ImageObject\",\"@id\":\"https:\/\/elpuucnoticias.com\/#personlogo\",\"inLanguage\":\"es\",\"url\":\"https:\/\/secure.gravatar.com\/avatar\/5290a43657c74ffa15701dbe5b846bd85cc71930d803c84e91046a7333de6ce2?s=96&d=mm&r=g\",\"contentUrl\":\"https:\/\/secure.gravatar.com\/avatar\/5290a43657c74ffa15701dbe5b846bd85cc71930d803c84e91046a7333de6ce2?s=96&d=mm&r=g\",\"caption\":\"elpuucnoticias\"},\"sameAs\":[\"https:\/\/elpuucnoticias.com\"],\"url\":\"https:\/\/elpuucnoticias.com\/?author=1\"}]}<\/script>\n<!-- \/ Yoast SEO plugin. -->","yoast_head_json":{"title":"Orgullo de Oxkutzcab. Yelitza Interi\u00e1n y Dami\u00e1n Mart\u00edn representar\u00e1n a la Huerta del Estado en vaquer\u00eda de M\u00e9rida este 4 de agosto - El Puuc Noticias","robots":{"index":"index","follow":"follow","max-snippet":"max-snippet:-1","max-image-preview":"max-image-preview:large","max-video-preview":"max-video-preview:-1"},"canonical":"https:\/\/elpuucnoticias.com\/?p=14031","og_locale":"es_ES","og_type":"article","og_title":"Orgullo de Oxkutzcab. Yelitza Interi\u00e1n y Dami\u00e1n Mart\u00edn representar\u00e1n a la Huerta del Estado en vaquer\u00eda de M\u00e9rida este 4 de agosto - El Puuc Noticias","og_description":"Yelitza Guadalupe Interi\u00e1n Cauich y Damian Antonio Mart\u00edn Coll\u00ed, de la escuela jaranera Sac Nict\u00e9 de Oxkutzcab, a","og_url":"https:\/\/elpuucnoticias.com\/?p=14031","og_site_name":"El Puuc Noticias","article_published_time":"2024-06-28T18:37:43+00:00","article_modified_time":"2024-06-28T18:37:44+00:00","og_image":[{"width":2560,"height":1860,"url":"https:\/\/elpuucnoticias.com\/wp-content\/uploads\/2024\/06\/jaraneros-ox-scaled.jpg","type":"image\/jpeg"}],"twitter_card":"summary_large_image","twitter_misc":{"Escrito por":"elpuucnoticias","Tiempo de lectura":"2 minutos"},"schema":{"@context":"https:\/\/schema.org","@graph":[{"@type":"WebSite","@id":"https:\/\/elpuucnoticias.com\/#website","url":"https:\/\/elpuucnoticias.com\/","name":"El Puuc Noticias","description":"Noticias - Entretenimiento - Deportes","potentialAction":[{"@type":"SearchAction","target":{"@type":"EntryPoint","urlTemplate":"https:\/\/elpuucnoticias.com\/?s={search_term_string}"},"query-input":"required name=search_term_string"}],"inLanguage":"es"},{"@type":"ImageObject","@id":"https:\/\/elpuucnoticias.com\/?p=14031#primaryimage","inLanguage":"es","url":"https:\/\/elpuucnoticias.com\/wp-content\/uploads\/2024\/06\/jaraneros-ox-scaled.jpg","contentUrl":"https:\/\/elpuucnoticias.com\/wp-content\/uploads\/2024\/06\/jaraneros-ox-scaled.jpg","width":2560,"height":1860},{"@type":"WebPage","@id":"https:\/\/elpuucnoticias.com\/?p=14031#webpage","url":"https:\/\/elpuucnoticias.com\/?p=14031","name":"Orgullo de Oxkutzcab. Yelitza Interi\u00e1n y Dami\u00e1n Mart\u00edn representar\u00e1n a la Huerta del Estado en vaquer\u00eda de M\u00e9rida este 4 de agosto - El Puuc Noticias","isPartOf":{"@id":"https:\/\/elpuucnoticias.com\/#website"},"primaryImageOfPage":{"@id":"https:\/\/elpuucnoticias.com\/?p=14031#primaryimage"},"datePublished":"2024-06-28T18:37:43+00:00","dateModified":"2024-06-28T18:37:44+00:00","author":{"@id":"https:\/\/elpuucnoticias.com\/#\/schema\/person\/d2ea09e4c97f0160b11cdfb1d856bd9e"},"breadcrumb":{"@id":"https:\/\/elpuucnoticias.com\/?p=14031#breadcrumb"},"inLanguage":"es","potentialAction":[{"@type":"ReadAction","target":["https:\/\/elpuucnoticias.com\/?p=14031"]}]},{"@type":"BreadcrumbList","@id":"https:\/\/elpuucnoticias.com\/?p=14031#breadcrumb","itemListElement":[{"@type":"ListItem","position":1,"name":"Portada","item":"https:\/\/elpuucnoticias.com\/"},{"@type":"ListItem","position":2,"name":"Orgullo de Oxkutzcab. Yelitza Interi\u00e1n y Dami\u00e1n Mart\u00edn representar\u00e1n a la Huerta del Estado en vaquer\u00eda de M\u00e9rida este 4 de agosto"}]},{"@type":"Person","@id":"https:\/\/elpuucnoticias.com\/#\/schema\/person\/d2ea09e4c97f0160b11cdfb1d856bd9e","name":"elpuucnoticias","image":{"@type":"ImageObject","@id":"https:\/\/elpuucnoticias.com\/#personlogo","inLanguage":"es","url":"https:\/\/secure.gravatar.com\/avatar\/5290a43657c74ffa15701dbe5b846bd85cc71930d803c84e91046a7333de6ce2?s=96&d=mm&r=g","contentUrl":"https:\/\/secure.gravatar.com\/avatar\/5290a43657c74ffa15701dbe5b846bd85cc71930d803c84e91046a7333de6ce2?s=96&d=mm&r=g","caption":"elpuucnoticias"},"sameAs":["https:\/\/elpuucnoticias.com"],"url":"https:\/\/elpuucnoticias.com\/?author=1"}]}},"_links":{"self":[{"href":"https:\/\/elpuucnoticias.com\/index.php?rest_route=\/wp\/v2\/posts\/14031","targetHints":{"allow":["GET"]}}],"collection":[{"href":"https:\/\/elpuucnoticias.com\/index.php?rest_route=\/wp\/v2\/posts"}],"about":[{"href":"https:\/\/elpuucnoticias.com\/index.php?rest_route=\/wp\/v2\/types\/post"}],"author":[{"embeddable":true,"href":"https:\/\/elpuucnoticias.com\/index.php?rest_route=\/wp\/v2\/users\/1"}],"replies":[{"embeddable":true,"href":"https:\/\/elpuucnoticias.com\/index.php?rest_route=%2Fwp%2Fv2%2Fcomments&post=14031"}],"version-history":[{"count":1,"href":"https:\/\/elpuucnoticias.com\/index.php?rest_route=\/wp\/v2\/posts\/14031\/revisions"}],"predecessor-version":[{"id":14044,"href":"https:\/\/elpuucnoticias.com\/index.php?rest_route=\/wp\/v2\/posts\/14031\/revisions\/14044"}],"wp:featuredmedia":[{"embeddable":true,"href":"https:\/\/elpuucnoticias.com\/index.php?rest_route=\/wp\/v2\/media\/14042"}],"wp:attachment":[{"href":"https:\/\/elpuucnoticias.com\/index.php?rest_route=%2Fwp%2Fv2%2Fmedia&parent=14031"}],"wp:term":[{"taxonomy":"category","embeddable":true,"href":"https:\/\/elpuucnoticias.com\/index.php?rest_route=%2Fwp%2Fv2%2Fcategories&post=14031"},{"taxonomy":"post_tag","embeddable":true,"href":"https:\/\/elpuucnoticias.com\/index.php?rest_route=%2Fwp%2Fv2%2Ftags&post=14031"}],"curies":[{"name":"wp","href":"https:\/\/api.w.org\/{rel}","templated":true}]}}