{"id":14047,"date":"2024-06-28T12:46:01","date_gmt":"2024-06-28T18:46:01","guid":{"rendered":"https:\/\/elpuucnoticias.com\/?p=14047"},"modified":"2024-06-28T12:46:01","modified_gmt":"2024-06-28T18:46:01","slug":"el-gobierno-de-quintana-roo-conmemoro-el-128-aniversario-del-natalicio-de-don-javier-rojo-gomez","status":"publish","type":"post","link":"https:\/\/elpuucnoticias.com\/?p=14047","title":{"rendered":"El Gobierno de Quintana Roo conmemor\u00f3 el 128 aniversario del natalicio de don Javier Rojo G\u00f3mez"},"content":{"rendered":"\n<p>El Gobierno del Estado promueve entre la poblaci\u00f3n el sentido de pertenencia hacia nuestra entidad y a M\u00e9xico para valorar a las personalidades, que con su trabajo han contribuido al engrandecimiento y progreso de Quintana Roo, como es el caso del licenciado Javier Rojo G\u00f3mez al celebrar el 128 aniversario de su natalicio.<\/p>\n\n\n\n<p>A trav\u00e9s de la Secretar\u00eda de Finanzas y Planeaci\u00f3n (SEFIPLAN) se conmemor\u00f3 en Chetumal el 128 aniversario del natalicio del licenciado Javier Rojo G\u00f3mez, con una ceremonia c\u00edvica realizada al pie de su monumento, erigido en las confluencias de las avenidas Efra\u00edn Aguilar con Armada de M\u00e9xico.<\/p>\n\n\n\n<figure class=\"wp-block-image is-style-default\"><img decoding=\"async\" src=\"https:\/\/cgc.qroo.gob.mx\/cjg\/wp-content\/uploads\/2024\/06\/8f21cbec-2b2e-48a6-a7de-58a2117d0230-585x251.jpeg\" alt=\"\" title=\"8f21cbec-2b2e-48a6-a7de-58a2117d0230\"\/><\/figure>\n\n\n\n<p>Con la representaci\u00f3n de la gobernadora Mara Lezama Espinosa, el director general del Consejo Quintanarroense de Humanidades, Ciencias y Tecnolog\u00eda, Cristopher Malpica Morales, encabez\u00f3 la ceremonia c\u00edvica acompa\u00f1ado de autoridades civiles y militares.<\/p>\n\n\n\n<p>El discurso oficial estuvo a cargo Manuel Reyes Morales, reconocido y destacado director del Coro Instrumental \u201c\u00c9xodo\u201d, quien resalt\u00f3 la labor efectuada por Javier Rojo G\u00f3mez, que naci\u00f3 en el 28 de junio de 1896; en la hacienda de Bondojito, en Huichapan, Hidalgo, y fue gobernador del Territorio Federal de Quintana Roo en 1967.<\/p>\n\n\n\n<p>Rojo G\u00f3mez falleci\u00f3 en la Ciudad de M\u00e9xico el 31 de diciembre de 1970, siendo gobernador del Territorio.<\/p>\n\n\n\n<p>El ilustre estadista dej\u00f3 para la posteridad su mensaje motivador: \u201cQuintana Roo tiene derecho y obligaci\u00f3n de figurar entre los m\u00e1s pr\u00f3speros lugares del pa\u00eds, esto f\u00e1cilmente se puede conseguir si logramos que este pueblo se entusiasme y tenga fe en sus m\u00e1s altos destinos\u201d.<\/p>\n\n\n\n<figure class=\"wp-block-image is-style-default\"><img decoding=\"async\" src=\"https:\/\/cgc.qroo.gob.mx\/cjg\/wp-content\/uploads\/2024\/06\/df06e6a4-d482-4828-9122-ea8d3c8cc379-585x461.jpeg\" alt=\"\" title=\"df06e6a4-d482-4828-9122-ea8d3c8cc379\"\/><\/figure>\n\n\n\n<p>Durante el evento conmemorativo, el Coro y Banda de M\u00fasica del Gobierno del Estado, interpretaron la melod\u00eda \u201cMarcha Radetzky\u201d, \u201cOpera 228\u201d, de Johann Strauss. Tambi\u00e9n entonaron los himnos a Quintana Roo y Nacional Mexicano. La banda de guerra y escolta de la bandera fueron integradas por elementos de la Secretar\u00eda de Seguridad Ciudadana.<\/p>\n\n\n\n<p>Antes de llevar a cabo la ceremonia c\u00edvica, elementos de la Secretar\u00eda de Seguridad Ciudadana, izaron la Bandera Nacional Mexicana a toda asta en la plaza c\u00edvica situada frente a Palacio de Gobierno.<\/p>\n","protected":false},"excerpt":{"rendered":"<p>El Gobierno del Estado promueve entre la poblaci\u00f3n el sentido de pertenencia hacia nuestra entidad y a M\u00e9xico<\/p>\n","protected":false},"author":1,"featured_media":14049,"comment_status":"closed","ping_status":"open","sticky":false,"template":"","format":"standard","meta":{"_monsterinsights_skip_tracking":false,"_monsterinsights_sitenote_active":false,"_monsterinsights_sitenote_note":"","_monsterinsights_sitenote_category":0,"footnotes":""},"categories":[11,24],"tags":[],"class_list":["post-14047","post","type-post","status-publish","format-standard","has-post-thumbnail","hentry","category-noticias","category-quintana-roo"],"yoast_head":"<!-- This site is optimized with the Yoast SEO plugin v18.3 - https:\/\/yoast.com\/wordpress\/plugins\/seo\/ -->\n<title>El Gobierno de Quintana Roo conmemor\u00f3 el 128 aniversario del natalicio de don Javier Rojo G\u00f3mez - El Puuc Noticias<\/title>\n<meta name=\"robots\" content=\"index, follow, max-snippet:-1, max-image-preview:large, max-video-preview:-1\" \/>\n<link rel=\"canonical\" href=\"https:\/\/elpuucnoticias.com\/?p=14047\" \/>\n<meta property=\"og:locale\" content=\"es_ES\" \/>\n<meta property=\"og:type\" content=\"article\" \/>\n<meta property=\"og:title\" content=\"El Gobierno de Quintana Roo conmemor\u00f3 el 128 aniversario del natalicio de don Javier Rojo G\u00f3mez - El Puuc Noticias\" \/>\n<meta property=\"og:description\" content=\"El Gobierno del Estado promueve entre la poblaci\u00f3n el sentido de pertenencia hacia nuestra entidad y a M\u00e9xico\" \/>\n<meta property=\"og:url\" content=\"https:\/\/elpuucnoticias.com\/?p=14047\" \/>\n<meta property=\"og:site_name\" content=\"El Puuc Noticias\" \/>\n<meta property=\"article:published_time\" content=\"2024-06-28T18:46:01+00:00\" \/>\n<meta property=\"og:image\" content=\"https:\/\/elpuucnoticias.com\/wp-content\/uploads\/2024\/06\/y.jpeg\" \/>\n\t<meta property=\"og:image:width\" content=\"1600\" \/>\n\t<meta property=\"og:image:height\" content=\"1163\" \/>\n\t<meta property=\"og:image:type\" content=\"image\/jpeg\" \/>\n<meta name=\"twitter:card\" content=\"summary_large_image\" \/>\n<meta name=\"twitter:label1\" content=\"Escrito por\" \/>\n\t<meta name=\"twitter:data1\" content=\"elpuucnoticias\" \/>\n\t<meta name=\"twitter:label2\" content=\"Tiempo de lectura\" \/>\n\t<meta name=\"twitter:data2\" content=\"2 minutos\" \/>\n<script type=\"application\/ld+json\" class=\"yoast-schema-graph\">{\"@context\":\"https:\/\/schema.org\",\"@graph\":[{\"@type\":\"WebSite\",\"@id\":\"https:\/\/elpuucnoticias.com\/#website\",\"url\":\"https:\/\/elpuucnoticias.com\/\",\"name\":\"El Puuc Noticias\",\"description\":\"Noticias - Entretenimiento - Deportes\",\"potentialAction\":[{\"@type\":\"SearchAction\",\"target\":{\"@type\":\"EntryPoint\",\"urlTemplate\":\"https:\/\/elpuucnoticias.com\/?s={search_term_string}\"},\"query-input\":\"required name=search_term_string\"}],\"inLanguage\":\"es\"},{\"@type\":\"ImageObject\",\"@id\":\"https:\/\/elpuucnoticias.com\/?p=14047#primaryimage\",\"inLanguage\":\"es\",\"url\":\"https:\/\/elpuucnoticias.com\/wp-content\/uploads\/2024\/06\/y.jpeg\",\"contentUrl\":\"https:\/\/elpuucnoticias.com\/wp-content\/uploads\/2024\/06\/y.jpeg\",\"width\":1600,\"height\":1163},{\"@type\":\"WebPage\",\"@id\":\"https:\/\/elpuucnoticias.com\/?p=14047#webpage\",\"url\":\"https:\/\/elpuucnoticias.com\/?p=14047\",\"name\":\"El Gobierno de Quintana Roo conmemor\u00f3 el 128 aniversario del natalicio de don Javier Rojo G\u00f3mez - El Puuc Noticias\",\"isPartOf\":{\"@id\":\"https:\/\/elpuucnoticias.com\/#website\"},\"primaryImageOfPage\":{\"@id\":\"https:\/\/elpuucnoticias.com\/?p=14047#primaryimage\"},\"datePublished\":\"2024-06-28T18:46:01+00:00\",\"dateModified\":\"2024-06-28T18:46:01+00:00\",\"author\":{\"@id\":\"https:\/\/elpuucnoticias.com\/#\/schema\/person\/d2ea09e4c97f0160b11cdfb1d856bd9e\"},\"breadcrumb\":{\"@id\":\"https:\/\/elpuucnoticias.com\/?p=14047#breadcrumb\"},\"inLanguage\":\"es\",\"potentialAction\":[{\"@type\":\"ReadAction\",\"target\":[\"https:\/\/elpuucnoticias.com\/?p=14047\"]}]},{\"@type\":\"BreadcrumbList\",\"@id\":\"https:\/\/elpuucnoticias.com\/?p=14047#breadcrumb\",\"itemListElement\":[{\"@type\":\"ListItem\",\"position\":1,\"name\":\"Portada\",\"item\":\"https:\/\/elpuucnoticias.com\/\"},{\"@type\":\"ListItem\",\"position\":2,\"name\":\"El Gobierno de Quintana Roo conmemor\u00f3 el 128 aniversario del natalicio de don Javier Rojo G\u00f3mez\"}]},{\"@type\":\"Person\",\"@id\":\"https:\/\/elpuucnoticias.com\/#\/schema\/person\/d2ea09e4c97f0160b11cdfb1d856bd9e\",\"name\":\"elpuucnoticias\",\"image\":{\"@type\":\"ImageObject\",\"@id\":\"https:\/\/elpuucnoticias.com\/#personlogo\",\"inLanguage\":\"es\",\"url\":\"https:\/\/secure.gravatar.com\/avatar\/5290a43657c74ffa15701dbe5b846bd85cc71930d803c84e91046a7333de6ce2?s=96&d=mm&r=g\",\"contentUrl\":\"https:\/\/secure.gravatar.com\/avatar\/5290a43657c74ffa15701dbe5b846bd85cc71930d803c84e91046a7333de6ce2?s=96&d=mm&r=g\",\"caption\":\"elpuucnoticias\"},\"sameAs\":[\"https:\/\/elpuucnoticias.com\"],\"url\":\"https:\/\/elpuucnoticias.com\/?author=1\"}]}<\/script>\n<!-- \/ Yoast SEO plugin. -->","yoast_head_json":{"title":"El Gobierno de Quintana Roo conmemor\u00f3 el 128 aniversario del natalicio de don Javier Rojo G\u00f3mez - El Puuc Noticias","robots":{"index":"index","follow":"follow","max-snippet":"max-snippet:-1","max-image-preview":"max-image-preview:large","max-video-preview":"max-video-preview:-1"},"canonical":"https:\/\/elpuucnoticias.com\/?p=14047","og_locale":"es_ES","og_type":"article","og_title":"El Gobierno de Quintana Roo conmemor\u00f3 el 128 aniversario del natalicio de don Javier Rojo G\u00f3mez - El Puuc Noticias","og_description":"El Gobierno del Estado promueve entre la poblaci\u00f3n el sentido de pertenencia hacia nuestra entidad y a M\u00e9xico","og_url":"https:\/\/elpuucnoticias.com\/?p=14047","og_site_name":"El Puuc Noticias","article_published_time":"2024-06-28T18:46:01+00:00","og_image":[{"width":1600,"height":1163,"url":"https:\/\/elpuucnoticias.com\/wp-content\/uploads\/2024\/06\/y.jpeg","type":"image\/jpeg"}],"twitter_card":"summary_large_image","twitter_misc":{"Escrito por":"elpuucnoticias","Tiempo de lectura":"2 minutos"},"schema":{"@context":"https:\/\/schema.org","@graph":[{"@type":"WebSite","@id":"https:\/\/elpuucnoticias.com\/#website","url":"https:\/\/elpuucnoticias.com\/","name":"El Puuc Noticias","description":"Noticias - Entretenimiento - Deportes","potentialAction":[{"@type":"SearchAction","target":{"@type":"EntryPoint","urlTemplate":"https:\/\/elpuucnoticias.com\/?s={search_term_string}"},"query-input":"required name=search_term_string"}],"inLanguage":"es"},{"@type":"ImageObject","@id":"https:\/\/elpuucnoticias.com\/?p=14047#primaryimage","inLanguage":"es","url":"https:\/\/elpuucnoticias.com\/wp-content\/uploads\/2024\/06\/y.jpeg","contentUrl":"https:\/\/elpuucnoticias.com\/wp-content\/uploads\/2024\/06\/y.jpeg","width":1600,"height":1163},{"@type":"WebPage","@id":"https:\/\/elpuucnoticias.com\/?p=14047#webpage","url":"https:\/\/elpuucnoticias.com\/?p=14047","name":"El Gobierno de Quintana Roo conmemor\u00f3 el 128 aniversario del natalicio de don Javier Rojo G\u00f3mez - El Puuc Noticias","isPartOf":{"@id":"https:\/\/elpuucnoticias.com\/#website"},"primaryImageOfPage":{"@id":"https:\/\/elpuucnoticias.com\/?p=14047#primaryimage"},"datePublished":"2024-06-28T18:46:01+00:00","dateModified":"2024-06-28T18:46:01+00:00","author":{"@id":"https:\/\/elpuucnoticias.com\/#\/schema\/person\/d2ea09e4c97f0160b11cdfb1d856bd9e"},"breadcrumb":{"@id":"https:\/\/elpuucnoticias.com\/?p=14047#breadcrumb"},"inLanguage":"es","potentialAction":[{"@type":"ReadAction","target":["https:\/\/elpuucnoticias.com\/?p=14047"]}]},{"@type":"BreadcrumbList","@id":"https:\/\/elpuucnoticias.com\/?p=14047#breadcrumb","itemListElement":[{"@type":"ListItem","position":1,"name":"Portada","item":"https:\/\/elpuucnoticias.com\/"},{"@type":"ListItem","position":2,"name":"El Gobierno de Quintana Roo conmemor\u00f3 el 128 aniversario del natalicio de don Javier Rojo G\u00f3mez"}]},{"@type":"Person","@id":"https:\/\/elpuucnoticias.com\/#\/schema\/person\/d2ea09e4c97f0160b11cdfb1d856bd9e","name":"elpuucnoticias","image":{"@type":"ImageObject","@id":"https:\/\/elpuucnoticias.com\/#personlogo","inLanguage":"es","url":"https:\/\/secure.gravatar.com\/avatar\/5290a43657c74ffa15701dbe5b846bd85cc71930d803c84e91046a7333de6ce2?s=96&d=mm&r=g","contentUrl":"https:\/\/secure.gravatar.com\/avatar\/5290a43657c74ffa15701dbe5b846bd85cc71930d803c84e91046a7333de6ce2?s=96&d=mm&r=g","caption":"elpuucnoticias"},"sameAs":["https:\/\/elpuucnoticias.com"],"url":"https:\/\/elpuucnoticias.com\/?author=1"}]}},"_links":{"self":[{"href":"https:\/\/elpuucnoticias.com\/index.php?rest_route=\/wp\/v2\/posts\/14047","targetHints":{"allow":["GET"]}}],"collection":[{"href":"https:\/\/elpuucnoticias.com\/index.php?rest_route=\/wp\/v2\/posts"}],"about":[{"href":"https:\/\/elpuucnoticias.com\/index.php?rest_route=\/wp\/v2\/types\/post"}],"author":[{"embeddable":true,"href":"https:\/\/elpuucnoticias.com\/index.php?rest_route=\/wp\/v2\/users\/1"}],"replies":[{"embeddable":true,"href":"https:\/\/elpuucnoticias.com\/index.php?rest_route=%2Fwp%2Fv2%2Fcomments&post=14047"}],"version-history":[{"count":1,"href":"https:\/\/elpuucnoticias.com\/index.php?rest_route=\/wp\/v2\/posts\/14047\/revisions"}],"predecessor-version":[{"id":14052,"href":"https:\/\/elpuucnoticias.com\/index.php?rest_route=\/wp\/v2\/posts\/14047\/revisions\/14052"}],"wp:featuredmedia":[{"embeddable":true,"href":"https:\/\/elpuucnoticias.com\/index.php?rest_route=\/wp\/v2\/media\/14049"}],"wp:attachment":[{"href":"https:\/\/elpuucnoticias.com\/index.php?rest_route=%2Fwp%2Fv2%2Fmedia&parent=14047"}],"wp:term":[{"taxonomy":"category","embeddable":true,"href":"https:\/\/elpuucnoticias.com\/index.php?rest_route=%2Fwp%2Fv2%2Fcategories&post=14047"},{"taxonomy":"post_tag","embeddable":true,"href":"https:\/\/elpuucnoticias.com\/index.php?rest_route=%2Fwp%2Fv2%2Ftags&post=14047"}],"curies":[{"name":"wp","href":"https:\/\/api.w.org\/{rel}","templated":true}]}}