{"id":14101,"date":"2024-07-01T14:05:03","date_gmt":"2024-07-01T20:05:03","guid":{"rendered":"https:\/\/elpuucnoticias.com\/?p=14101"},"modified":"2024-07-01T14:05:04","modified_gmt":"2024-07-01T20:05:04","slug":"agepro-lidera-acciones-preventivas-y-convoca-a-su-personal-a-sumarse-a-las-brigadas-de-apoyo-a-la-ciudadania","status":"publish","type":"post","link":"https:\/\/elpuucnoticias.com\/?p=14101","title":{"rendered":"AGEPRO lidera acciones preventivas y convoca a su personal a sumarse a las brigadas de apoyo a la ciudadan\u00eda"},"content":{"rendered":"\n<p>Con el objetivo de proteger el patrimonio inmobiliario de la administraci\u00f3n p\u00fablica estatal, adscrito a la Agencia de Proyectos Estrat\u00e9gicos del Estado de Quintana Roo (AGEPRO), ante la posible llegada del hurac\u00e1n \u201cBeryl\u201d, Jos\u00e9 Alberto Alonso Ovando, titular de la AGEPRO, encabez\u00f3 una reuni\u00f3n para coordinar acciones de prevenci\u00f3n en las oficinas de Canc\u00fan, Cozumel, Mahahual, Tulum y Chetumal.<\/p>\n\n\n\n<p>En este gobierno de la transformaci\u00f3n profunda la prioridad es salvaguardar la vida de las y los ciudadanos as\u00ed como los bienes materiales de archivo, equipos de c\u00f3mputo, mobiliario de oficina, veh\u00edculos e infraestructuras.<\/p>\n\n\n\n<figure class=\"wp-block-gallery has-nested-images columns-default is-cropped wp-block-gallery-1 is-layout-flex wp-block-gallery-is-layout-flex\">\n<figure class=\"wp-block-image size-large is-style-default\"><img loading=\"lazy\" decoding=\"async\" width=\"1024\" height=\"682\" data-id=\"14102\" src=\"https:\/\/elpuucnoticias.com\/wp-content\/uploads\/2024\/07\/jyes-1024x682.jpeg\" alt=\"\" class=\"wp-image-14102\" srcset=\"https:\/\/elpuucnoticias.com\/wp-content\/uploads\/2024\/07\/jyes-1024x682.jpeg 1024w, https:\/\/elpuucnoticias.com\/wp-content\/uploads\/2024\/07\/jyes-300x200.jpeg 300w, https:\/\/elpuucnoticias.com\/wp-content\/uploads\/2024\/07\/jyes-768x512.jpeg 768w, https:\/\/elpuucnoticias.com\/wp-content\/uploads\/2024\/07\/jyes-600x400.jpeg 600w, https:\/\/elpuucnoticias.com\/wp-content\/uploads\/2024\/07\/jyes-320x213.jpeg 320w, https:\/\/elpuucnoticias.com\/wp-content\/uploads\/2024\/07\/jyes.jpeg 1280w\" sizes=\"auto, (max-width: 1024px) 100vw, 1024px\" \/><\/figure>\n\n\n\n<figure class=\"wp-block-image size-large is-style-default\"><img loading=\"lazy\" decoding=\"async\" width=\"1024\" height=\"643\" data-id=\"14103\" src=\"https:\/\/elpuucnoticias.com\/wp-content\/uploads\/2024\/07\/sths-1024x643.jpeg\" alt=\"\" class=\"wp-image-14103\" srcset=\"https:\/\/elpuucnoticias.com\/wp-content\/uploads\/2024\/07\/sths-1024x643.jpeg 1024w, https:\/\/elpuucnoticias.com\/wp-content\/uploads\/2024\/07\/sths-300x188.jpeg 300w, https:\/\/elpuucnoticias.com\/wp-content\/uploads\/2024\/07\/sths-768x482.jpeg 768w, https:\/\/elpuucnoticias.com\/wp-content\/uploads\/2024\/07\/sths-150x95.jpeg 150w, https:\/\/elpuucnoticias.com\/wp-content\/uploads\/2024\/07\/sths-400x250.jpeg 400w, https:\/\/elpuucnoticias.com\/wp-content\/uploads\/2024\/07\/sths-320x201.jpeg 320w, https:\/\/elpuucnoticias.com\/wp-content\/uploads\/2024\/07\/sths.jpeg 1280w\" sizes=\"auto, (max-width: 1024px) 100vw, 1024px\" \/><\/figure>\n<\/figure>\n\n\n\n<p>En la pol\u00edtica de la gobernadora Mara Lezama Espinosa la solidaridad con la ciudadan\u00eda y su compromiso con el Nuevo Acuerdo por el Bienestar y Desarrollo de Quintana Roo, promueve acciones preventivas para garantizar la seguridad y el bienestar de todas y todos.<\/p>\n\n\n\n<p>Alonso Ovando, convoc\u00f3 al personal a estar pendientes y ser solidarios para sumarse a las acciones de ayuda a la ciudadan\u00eda en caso de que el hurac\u00e1n llegue a Quintana Roo, integr\u00e1ndose a las brigadas organizadas por la AGEPRO.<\/p>\n\n\n\n<p>Los exhort\u00f3 a prepararse y resguardar sus pertenencias, anotar los n\u00fameros de tel\u00e9fono de emergencia, preparar un kit de suministros de emergencia y ubicar el refugio m\u00e1s cercano y las rutas de acceso, en caso de llegar a necesitarlos.<\/p>\n\n\n\n<p>Enfatiz\u00f3 la importancia de tener una reserva de alimentos, agua y medicamentos sin realizar compras de p\u00e1nico, e inst\u00f3 al personal a estar pendientes de la informaci\u00f3n respectiva al hurac\u00e1n en los medios oficiales.<\/p>\n","protected":false},"excerpt":{"rendered":"<p>Con el objetivo de proteger el patrimonio inmobiliario de la administraci\u00f3n p\u00fablica estatal, adscrito a la Agencia de<\/p>\n","protected":false},"author":1,"featured_media":14104,"comment_status":"closed","ping_status":"open","sticky":false,"template":"","format":"standard","meta":{"_monsterinsights_skip_tracking":false,"_monsterinsights_sitenote_active":false,"_monsterinsights_sitenote_note":"","_monsterinsights_sitenote_category":0,"footnotes":""},"categories":[11,24],"tags":[],"class_list":["post-14101","post","type-post","status-publish","format-standard","has-post-thumbnail","hentry","category-noticias","category-quintana-roo"],"yoast_head":"<!-- This site is optimized with the Yoast SEO plugin v18.3 - https:\/\/yoast.com\/wordpress\/plugins\/seo\/ -->\n<title>AGEPRO lidera acciones preventivas y convoca a su personal a sumarse a las brigadas de apoyo a la ciudadan\u00eda - El Puuc Noticias<\/title>\n<meta name=\"robots\" content=\"index, follow, max-snippet:-1, max-image-preview:large, max-video-preview:-1\" \/>\n<link rel=\"canonical\" href=\"https:\/\/elpuucnoticias.com\/?p=14101\" \/>\n<meta property=\"og:locale\" content=\"es_ES\" \/>\n<meta property=\"og:type\" content=\"article\" \/>\n<meta property=\"og:title\" content=\"AGEPRO lidera acciones preventivas y convoca a su personal a sumarse a las brigadas de apoyo a la ciudadan\u00eda - El Puuc Noticias\" \/>\n<meta property=\"og:description\" content=\"Con el objetivo de proteger el patrimonio inmobiliario de la administraci\u00f3n p\u00fablica estatal, adscrito a la Agencia de\" \/>\n<meta property=\"og:url\" content=\"https:\/\/elpuucnoticias.com\/?p=14101\" \/>\n<meta property=\"og:site_name\" content=\"El Puuc Noticias\" \/>\n<meta property=\"article:published_time\" content=\"2024-07-01T20:05:03+00:00\" \/>\n<meta property=\"article:modified_time\" content=\"2024-07-01T20:05:04+00:00\" \/>\n<meta property=\"og:image\" content=\"https:\/\/elpuucnoticias.com\/wp-content\/uploads\/2024\/07\/srdtn.jpeg\" \/>\n\t<meta property=\"og:image:width\" content=\"1280\" \/>\n\t<meta property=\"og:image:height\" content=\"960\" \/>\n\t<meta property=\"og:image:type\" content=\"image\/jpeg\" \/>\n<meta name=\"twitter:card\" content=\"summary_large_image\" \/>\n<meta name=\"twitter:label1\" content=\"Escrito por\" \/>\n\t<meta name=\"twitter:data1\" content=\"elpuucnoticias\" \/>\n\t<meta name=\"twitter:label2\" content=\"Tiempo de lectura\" \/>\n\t<meta name=\"twitter:data2\" content=\"1 minuto\" \/>\n<script type=\"application\/ld+json\" class=\"yoast-schema-graph\">{\"@context\":\"https:\/\/schema.org\",\"@graph\":[{\"@type\":\"WebSite\",\"@id\":\"https:\/\/elpuucnoticias.com\/#website\",\"url\":\"https:\/\/elpuucnoticias.com\/\",\"name\":\"El Puuc Noticias\",\"description\":\"Noticias - Entretenimiento - Deportes\",\"potentialAction\":[{\"@type\":\"SearchAction\",\"target\":{\"@type\":\"EntryPoint\",\"urlTemplate\":\"https:\/\/elpuucnoticias.com\/?s={search_term_string}\"},\"query-input\":\"required name=search_term_string\"}],\"inLanguage\":\"es\"},{\"@type\":\"ImageObject\",\"@id\":\"https:\/\/elpuucnoticias.com\/?p=14101#primaryimage\",\"inLanguage\":\"es\",\"url\":\"https:\/\/elpuucnoticias.com\/wp-content\/uploads\/2024\/07\/srdtn.jpeg\",\"contentUrl\":\"https:\/\/elpuucnoticias.com\/wp-content\/uploads\/2024\/07\/srdtn.jpeg\",\"width\":1280,\"height\":960},{\"@type\":\"WebPage\",\"@id\":\"https:\/\/elpuucnoticias.com\/?p=14101#webpage\",\"url\":\"https:\/\/elpuucnoticias.com\/?p=14101\",\"name\":\"AGEPRO lidera acciones preventivas y convoca a su personal a sumarse a las brigadas de apoyo a la ciudadan\u00eda - El Puuc Noticias\",\"isPartOf\":{\"@id\":\"https:\/\/elpuucnoticias.com\/#website\"},\"primaryImageOfPage\":{\"@id\":\"https:\/\/elpuucnoticias.com\/?p=14101#primaryimage\"},\"datePublished\":\"2024-07-01T20:05:03+00:00\",\"dateModified\":\"2024-07-01T20:05:04+00:00\",\"author\":{\"@id\":\"https:\/\/elpuucnoticias.com\/#\/schema\/person\/d2ea09e4c97f0160b11cdfb1d856bd9e\"},\"breadcrumb\":{\"@id\":\"https:\/\/elpuucnoticias.com\/?p=14101#breadcrumb\"},\"inLanguage\":\"es\",\"potentialAction\":[{\"@type\":\"ReadAction\",\"target\":[\"https:\/\/elpuucnoticias.com\/?p=14101\"]}]},{\"@type\":\"BreadcrumbList\",\"@id\":\"https:\/\/elpuucnoticias.com\/?p=14101#breadcrumb\",\"itemListElement\":[{\"@type\":\"ListItem\",\"position\":1,\"name\":\"Portada\",\"item\":\"https:\/\/elpuucnoticias.com\/\"},{\"@type\":\"ListItem\",\"position\":2,\"name\":\"AGEPRO lidera acciones preventivas y convoca a su personal a sumarse a las brigadas de apoyo a la ciudadan\u00eda\"}]},{\"@type\":\"Person\",\"@id\":\"https:\/\/elpuucnoticias.com\/#\/schema\/person\/d2ea09e4c97f0160b11cdfb1d856bd9e\",\"name\":\"elpuucnoticias\",\"image\":{\"@type\":\"ImageObject\",\"@id\":\"https:\/\/elpuucnoticias.com\/#personlogo\",\"inLanguage\":\"es\",\"url\":\"https:\/\/secure.gravatar.com\/avatar\/5290a43657c74ffa15701dbe5b846bd85cc71930d803c84e91046a7333de6ce2?s=96&d=mm&r=g\",\"contentUrl\":\"https:\/\/secure.gravatar.com\/avatar\/5290a43657c74ffa15701dbe5b846bd85cc71930d803c84e91046a7333de6ce2?s=96&d=mm&r=g\",\"caption\":\"elpuucnoticias\"},\"sameAs\":[\"https:\/\/elpuucnoticias.com\"],\"url\":\"https:\/\/elpuucnoticias.com\/?author=1\"}]}<\/script>\n<!-- \/ Yoast SEO plugin. -->","yoast_head_json":{"title":"AGEPRO lidera acciones preventivas y convoca a su personal a sumarse a las brigadas de apoyo a la ciudadan\u00eda - El Puuc Noticias","robots":{"index":"index","follow":"follow","max-snippet":"max-snippet:-1","max-image-preview":"max-image-preview:large","max-video-preview":"max-video-preview:-1"},"canonical":"https:\/\/elpuucnoticias.com\/?p=14101","og_locale":"es_ES","og_type":"article","og_title":"AGEPRO lidera acciones preventivas y convoca a su personal a sumarse a las brigadas de apoyo a la ciudadan\u00eda - El Puuc Noticias","og_description":"Con el objetivo de proteger el patrimonio inmobiliario de la administraci\u00f3n p\u00fablica estatal, adscrito a la Agencia de","og_url":"https:\/\/elpuucnoticias.com\/?p=14101","og_site_name":"El Puuc Noticias","article_published_time":"2024-07-01T20:05:03+00:00","article_modified_time":"2024-07-01T20:05:04+00:00","og_image":[{"width":1280,"height":960,"url":"https:\/\/elpuucnoticias.com\/wp-content\/uploads\/2024\/07\/srdtn.jpeg","type":"image\/jpeg"}],"twitter_card":"summary_large_image","twitter_misc":{"Escrito por":"elpuucnoticias","Tiempo de lectura":"1 minuto"},"schema":{"@context":"https:\/\/schema.org","@graph":[{"@type":"WebSite","@id":"https:\/\/elpuucnoticias.com\/#website","url":"https:\/\/elpuucnoticias.com\/","name":"El Puuc Noticias","description":"Noticias - Entretenimiento - Deportes","potentialAction":[{"@type":"SearchAction","target":{"@type":"EntryPoint","urlTemplate":"https:\/\/elpuucnoticias.com\/?s={search_term_string}"},"query-input":"required name=search_term_string"}],"inLanguage":"es"},{"@type":"ImageObject","@id":"https:\/\/elpuucnoticias.com\/?p=14101#primaryimage","inLanguage":"es","url":"https:\/\/elpuucnoticias.com\/wp-content\/uploads\/2024\/07\/srdtn.jpeg","contentUrl":"https:\/\/elpuucnoticias.com\/wp-content\/uploads\/2024\/07\/srdtn.jpeg","width":1280,"height":960},{"@type":"WebPage","@id":"https:\/\/elpuucnoticias.com\/?p=14101#webpage","url":"https:\/\/elpuucnoticias.com\/?p=14101","name":"AGEPRO lidera acciones preventivas y convoca a su personal a sumarse a las brigadas de apoyo a la ciudadan\u00eda - El Puuc Noticias","isPartOf":{"@id":"https:\/\/elpuucnoticias.com\/#website"},"primaryImageOfPage":{"@id":"https:\/\/elpuucnoticias.com\/?p=14101#primaryimage"},"datePublished":"2024-07-01T20:05:03+00:00","dateModified":"2024-07-01T20:05:04+00:00","author":{"@id":"https:\/\/elpuucnoticias.com\/#\/schema\/person\/d2ea09e4c97f0160b11cdfb1d856bd9e"},"breadcrumb":{"@id":"https:\/\/elpuucnoticias.com\/?p=14101#breadcrumb"},"inLanguage":"es","potentialAction":[{"@type":"ReadAction","target":["https:\/\/elpuucnoticias.com\/?p=14101"]}]},{"@type":"BreadcrumbList","@id":"https:\/\/elpuucnoticias.com\/?p=14101#breadcrumb","itemListElement":[{"@type":"ListItem","position":1,"name":"Portada","item":"https:\/\/elpuucnoticias.com\/"},{"@type":"ListItem","position":2,"name":"AGEPRO lidera acciones preventivas y convoca a su personal a sumarse a las brigadas de apoyo a la ciudadan\u00eda"}]},{"@type":"Person","@id":"https:\/\/elpuucnoticias.com\/#\/schema\/person\/d2ea09e4c97f0160b11cdfb1d856bd9e","name":"elpuucnoticias","image":{"@type":"ImageObject","@id":"https:\/\/elpuucnoticias.com\/#personlogo","inLanguage":"es","url":"https:\/\/secure.gravatar.com\/avatar\/5290a43657c74ffa15701dbe5b846bd85cc71930d803c84e91046a7333de6ce2?s=96&d=mm&r=g","contentUrl":"https:\/\/secure.gravatar.com\/avatar\/5290a43657c74ffa15701dbe5b846bd85cc71930d803c84e91046a7333de6ce2?s=96&d=mm&r=g","caption":"elpuucnoticias"},"sameAs":["https:\/\/elpuucnoticias.com"],"url":"https:\/\/elpuucnoticias.com\/?author=1"}]}},"_links":{"self":[{"href":"https:\/\/elpuucnoticias.com\/index.php?rest_route=\/wp\/v2\/posts\/14101","targetHints":{"allow":["GET"]}}],"collection":[{"href":"https:\/\/elpuucnoticias.com\/index.php?rest_route=\/wp\/v2\/posts"}],"about":[{"href":"https:\/\/elpuucnoticias.com\/index.php?rest_route=\/wp\/v2\/types\/post"}],"author":[{"embeddable":true,"href":"https:\/\/elpuucnoticias.com\/index.php?rest_route=\/wp\/v2\/users\/1"}],"replies":[{"embeddable":true,"href":"https:\/\/elpuucnoticias.com\/index.php?rest_route=%2Fwp%2Fv2%2Fcomments&post=14101"}],"version-history":[{"count":1,"href":"https:\/\/elpuucnoticias.com\/index.php?rest_route=\/wp\/v2\/posts\/14101\/revisions"}],"predecessor-version":[{"id":14105,"href":"https:\/\/elpuucnoticias.com\/index.php?rest_route=\/wp\/v2\/posts\/14101\/revisions\/14105"}],"wp:featuredmedia":[{"embeddable":true,"href":"https:\/\/elpuucnoticias.com\/index.php?rest_route=\/wp\/v2\/media\/14104"}],"wp:attachment":[{"href":"https:\/\/elpuucnoticias.com\/index.php?rest_route=%2Fwp%2Fv2%2Fmedia&parent=14101"}],"wp:term":[{"taxonomy":"category","embeddable":true,"href":"https:\/\/elpuucnoticias.com\/index.php?rest_route=%2Fwp%2Fv2%2Fcategories&post=14101"},{"taxonomy":"post_tag","embeddable":true,"href":"https:\/\/elpuucnoticias.com\/index.php?rest_route=%2Fwp%2Fv2%2Ftags&post=14101"}],"curies":[{"name":"wp","href":"https:\/\/api.w.org\/{rel}","templated":true}]}}