{"id":14133,"date":"2024-07-02T14:04:08","date_gmt":"2024-07-02T20:04:08","guid":{"rendered":"https:\/\/elpuucnoticias.com\/?p=14133"},"modified":"2024-07-02T14:04:09","modified_gmt":"2024-07-02T20:04:09","slug":"la-coordinadora-nacional-de-proteccion-nacional-encabezan-acciones-ante-la-llegada-del-huracan-beryl","status":"publish","type":"post","link":"https:\/\/elpuucnoticias.com\/?p=14133","title":{"rendered":"la Coordinadora Nacional de Protecci\u00f3n Nacional encabezan acciones ante la llegada del Hurac\u00e1n \u201cBeryl\u201d"},"content":{"rendered":"\n<p>Para fortalecer el trabajo de manera coordinada y preventiva y anticipar acciones ante los fen\u00f3menos metereol\u00f3gicos, principalmente por el hurac\u00e1n \u201cBeryl\u201d, la gobernadora Mara Lezama Espinosa se reuni\u00f3 con la coordinadora nacional de Protecci\u00f3n Civil Laura Vel\u00e1zquez Alz\u00faa.<\/p>\n\n\n\n<figure class=\"wp-block-image is-style-default\"><img decoding=\"async\" src=\"https:\/\/cgc.qroo.gob.mx\/cjg\/wp-content\/uploads\/2024\/07\/WhatsApp-Image-2024-07-02-at-12.58.02-2-585x390.jpeg\" alt=\"\" title=\"WhatsApp Image 2024-07-02 at 12.58.02 (2)\"\/><\/figure>\n\n\n\n<p>La titular del Ejecutivo destac\u00f3 la estrecha coordinaci\u00f3n con el gobierno federal, gobierno estatal, gobiernos municipales, as\u00ed como con las fuerzas armadas para informar puntualmente a la ciudadan\u00eda de las medidas preventivas y la evoluci\u00f3n del fen\u00f3meno.<\/p>\n\n\n\n<p>La coordinadora nacional de Protecci\u00f3n Civil precis\u00f3 que ser\u00e1 este mi\u00e9rcoles cuando se conozca a precisi\u00f3n el impacto que tendr\u00eda \u201cBeryl\u201d en territorio quintanarroense, mismo que ser\u00e1 informado oportunamente por los canales oficiales. \u201cSepan que el gobierno est\u00e1 unido y trabajando a favor de la gente\u201d, dijo.<\/p>\n\n\n\n<p>Por otra parte, Mara Lezama Inform\u00f3 que ha sostenido reuniones con representantes del sector salud, hospitales p\u00fablicos y privados de Quintana Roo para anticipar acciones que nos permitan contar con las capacidades necesarias para responder por la vida y bienestar de las y los quintanarroenses en temas de salud.<\/p>\n\n\n\n<figure class=\"wp-block-image is-style-default\"><img decoding=\"async\" src=\"https:\/\/cgc.qroo.gob.mx\/cjg\/wp-content\/uploads\/2024\/07\/WhatsApp-Image-2024-07-02-at-12.58.02-1-585x390.jpeg\" alt=\"\" title=\"WhatsApp Image 2024-07-02 at 12.58.02 (1)\"\/><\/figure>\n\n\n\n<p>Asimismo, ha hecho lo propio con el sector turismo, embajadas, aerol\u00edneas, hoteleros, navieras, etc., para darles a conocer los protocolos de actuaci\u00f3n. \u201cEn estos momentos, la prevenci\u00f3n es clave y se fortalece con la suma de esfuerzos y voluntades a trav\u00e9s del Nuevo Acuerdo por el Bienestar y Desarrollo de Quintana Roo\u201d, enfatiz\u00f3.<\/p>\n","protected":false},"excerpt":{"rendered":"<p>Para fortalecer el trabajo de manera coordinada y preventiva y anticipar acciones ante los fen\u00f3menos metereol\u00f3gicos, principalmente por<\/p>\n","protected":false},"author":1,"featured_media":14134,"comment_status":"closed","ping_status":"open","sticky":false,"template":"","format":"standard","meta":{"_monsterinsights_skip_tracking":false,"_monsterinsights_sitenote_active":false,"_monsterinsights_sitenote_note":"","_monsterinsights_sitenote_category":0,"footnotes":""},"categories":[11,24],"tags":[],"class_list":["post-14133","post","type-post","status-publish","format-standard","has-post-thumbnail","hentry","category-noticias","category-quintana-roo"],"yoast_head":"<!-- This site is optimized with the Yoast SEO plugin v18.3 - https:\/\/yoast.com\/wordpress\/plugins\/seo\/ -->\n<title>la Coordinadora Nacional de Protecci\u00f3n Nacional encabezan acciones ante la llegada del Hurac\u00e1n \u201cBeryl\u201d - El Puuc Noticias<\/title>\n<meta name=\"robots\" content=\"index, follow, max-snippet:-1, max-image-preview:large, max-video-preview:-1\" \/>\n<link rel=\"canonical\" href=\"https:\/\/elpuucnoticias.com\/?p=14133\" \/>\n<meta property=\"og:locale\" content=\"es_ES\" \/>\n<meta property=\"og:type\" content=\"article\" \/>\n<meta property=\"og:title\" content=\"la Coordinadora Nacional de Protecci\u00f3n Nacional encabezan acciones ante la llegada del Hurac\u00e1n \u201cBeryl\u201d - El Puuc Noticias\" \/>\n<meta property=\"og:description\" content=\"Para fortalecer el trabajo de manera coordinada y preventiva y anticipar acciones ante los fen\u00f3menos metereol\u00f3gicos, principalmente por\" \/>\n<meta property=\"og:url\" content=\"https:\/\/elpuucnoticias.com\/?p=14133\" \/>\n<meta property=\"og:site_name\" content=\"El Puuc Noticias\" \/>\n<meta property=\"article:published_time\" content=\"2024-07-02T20:04:08+00:00\" \/>\n<meta property=\"article:modified_time\" content=\"2024-07-02T20:04:09+00:00\" \/>\n<meta property=\"og:image\" content=\"https:\/\/elpuucnoticias.com\/wp-content\/uploads\/2024\/07\/d-1.jpeg\" \/>\n\t<meta property=\"og:image:width\" content=\"1600\" \/>\n\t<meta property=\"og:image:height\" content=\"1066\" \/>\n\t<meta property=\"og:image:type\" content=\"image\/jpeg\" \/>\n<meta name=\"twitter:card\" content=\"summary_large_image\" \/>\n<meta name=\"twitter:label1\" content=\"Escrito por\" \/>\n\t<meta name=\"twitter:data1\" content=\"elpuucnoticias\" \/>\n\t<meta name=\"twitter:label2\" content=\"Tiempo de lectura\" \/>\n\t<meta name=\"twitter:data2\" content=\"1 minuto\" \/>\n<script type=\"application\/ld+json\" class=\"yoast-schema-graph\">{\"@context\":\"https:\/\/schema.org\",\"@graph\":[{\"@type\":\"WebSite\",\"@id\":\"https:\/\/elpuucnoticias.com\/#website\",\"url\":\"https:\/\/elpuucnoticias.com\/\",\"name\":\"El Puuc Noticias\",\"description\":\"Noticias - Entretenimiento - Deportes\",\"potentialAction\":[{\"@type\":\"SearchAction\",\"target\":{\"@type\":\"EntryPoint\",\"urlTemplate\":\"https:\/\/elpuucnoticias.com\/?s={search_term_string}\"},\"query-input\":\"required name=search_term_string\"}],\"inLanguage\":\"es\"},{\"@type\":\"ImageObject\",\"@id\":\"https:\/\/elpuucnoticias.com\/?p=14133#primaryimage\",\"inLanguage\":\"es\",\"url\":\"https:\/\/elpuucnoticias.com\/wp-content\/uploads\/2024\/07\/d-1.jpeg\",\"contentUrl\":\"https:\/\/elpuucnoticias.com\/wp-content\/uploads\/2024\/07\/d-1.jpeg\",\"width\":1600,\"height\":1066},{\"@type\":\"WebPage\",\"@id\":\"https:\/\/elpuucnoticias.com\/?p=14133#webpage\",\"url\":\"https:\/\/elpuucnoticias.com\/?p=14133\",\"name\":\"la Coordinadora Nacional de Protecci\u00f3n Nacional encabezan acciones ante la llegada del Hurac\u00e1n \u201cBeryl\u201d - El Puuc Noticias\",\"isPartOf\":{\"@id\":\"https:\/\/elpuucnoticias.com\/#website\"},\"primaryImageOfPage\":{\"@id\":\"https:\/\/elpuucnoticias.com\/?p=14133#primaryimage\"},\"datePublished\":\"2024-07-02T20:04:08+00:00\",\"dateModified\":\"2024-07-02T20:04:09+00:00\",\"author\":{\"@id\":\"https:\/\/elpuucnoticias.com\/#\/schema\/person\/d2ea09e4c97f0160b11cdfb1d856bd9e\"},\"breadcrumb\":{\"@id\":\"https:\/\/elpuucnoticias.com\/?p=14133#breadcrumb\"},\"inLanguage\":\"es\",\"potentialAction\":[{\"@type\":\"ReadAction\",\"target\":[\"https:\/\/elpuucnoticias.com\/?p=14133\"]}]},{\"@type\":\"BreadcrumbList\",\"@id\":\"https:\/\/elpuucnoticias.com\/?p=14133#breadcrumb\",\"itemListElement\":[{\"@type\":\"ListItem\",\"position\":1,\"name\":\"Portada\",\"item\":\"https:\/\/elpuucnoticias.com\/\"},{\"@type\":\"ListItem\",\"position\":2,\"name\":\"la Coordinadora Nacional de Protecci\u00f3n Nacional encabezan acciones ante la llegada del Hurac\u00e1n \u201cBeryl\u201d\"}]},{\"@type\":\"Person\",\"@id\":\"https:\/\/elpuucnoticias.com\/#\/schema\/person\/d2ea09e4c97f0160b11cdfb1d856bd9e\",\"name\":\"elpuucnoticias\",\"image\":{\"@type\":\"ImageObject\",\"@id\":\"https:\/\/elpuucnoticias.com\/#personlogo\",\"inLanguage\":\"es\",\"url\":\"https:\/\/secure.gravatar.com\/avatar\/5290a43657c74ffa15701dbe5b846bd85cc71930d803c84e91046a7333de6ce2?s=96&d=mm&r=g\",\"contentUrl\":\"https:\/\/secure.gravatar.com\/avatar\/5290a43657c74ffa15701dbe5b846bd85cc71930d803c84e91046a7333de6ce2?s=96&d=mm&r=g\",\"caption\":\"elpuucnoticias\"},\"sameAs\":[\"https:\/\/elpuucnoticias.com\"],\"url\":\"https:\/\/elpuucnoticias.com\/?author=1\"}]}<\/script>\n<!-- \/ Yoast SEO plugin. -->","yoast_head_json":{"title":"la Coordinadora Nacional de Protecci\u00f3n Nacional encabezan acciones ante la llegada del Hurac\u00e1n \u201cBeryl\u201d - El Puuc Noticias","robots":{"index":"index","follow":"follow","max-snippet":"max-snippet:-1","max-image-preview":"max-image-preview:large","max-video-preview":"max-video-preview:-1"},"canonical":"https:\/\/elpuucnoticias.com\/?p=14133","og_locale":"es_ES","og_type":"article","og_title":"la Coordinadora Nacional de Protecci\u00f3n Nacional encabezan acciones ante la llegada del Hurac\u00e1n \u201cBeryl\u201d - El Puuc Noticias","og_description":"Para fortalecer el trabajo de manera coordinada y preventiva y anticipar acciones ante los fen\u00f3menos metereol\u00f3gicos, principalmente por","og_url":"https:\/\/elpuucnoticias.com\/?p=14133","og_site_name":"El Puuc Noticias","article_published_time":"2024-07-02T20:04:08+00:00","article_modified_time":"2024-07-02T20:04:09+00:00","og_image":[{"width":1600,"height":1066,"url":"https:\/\/elpuucnoticias.com\/wp-content\/uploads\/2024\/07\/d-1.jpeg","type":"image\/jpeg"}],"twitter_card":"summary_large_image","twitter_misc":{"Escrito por":"elpuucnoticias","Tiempo de lectura":"1 minuto"},"schema":{"@context":"https:\/\/schema.org","@graph":[{"@type":"WebSite","@id":"https:\/\/elpuucnoticias.com\/#website","url":"https:\/\/elpuucnoticias.com\/","name":"El Puuc Noticias","description":"Noticias - Entretenimiento - Deportes","potentialAction":[{"@type":"SearchAction","target":{"@type":"EntryPoint","urlTemplate":"https:\/\/elpuucnoticias.com\/?s={search_term_string}"},"query-input":"required name=search_term_string"}],"inLanguage":"es"},{"@type":"ImageObject","@id":"https:\/\/elpuucnoticias.com\/?p=14133#primaryimage","inLanguage":"es","url":"https:\/\/elpuucnoticias.com\/wp-content\/uploads\/2024\/07\/d-1.jpeg","contentUrl":"https:\/\/elpuucnoticias.com\/wp-content\/uploads\/2024\/07\/d-1.jpeg","width":1600,"height":1066},{"@type":"WebPage","@id":"https:\/\/elpuucnoticias.com\/?p=14133#webpage","url":"https:\/\/elpuucnoticias.com\/?p=14133","name":"la Coordinadora Nacional de Protecci\u00f3n Nacional encabezan acciones ante la llegada del Hurac\u00e1n \u201cBeryl\u201d - El Puuc Noticias","isPartOf":{"@id":"https:\/\/elpuucnoticias.com\/#website"},"primaryImageOfPage":{"@id":"https:\/\/elpuucnoticias.com\/?p=14133#primaryimage"},"datePublished":"2024-07-02T20:04:08+00:00","dateModified":"2024-07-02T20:04:09+00:00","author":{"@id":"https:\/\/elpuucnoticias.com\/#\/schema\/person\/d2ea09e4c97f0160b11cdfb1d856bd9e"},"breadcrumb":{"@id":"https:\/\/elpuucnoticias.com\/?p=14133#breadcrumb"},"inLanguage":"es","potentialAction":[{"@type":"ReadAction","target":["https:\/\/elpuucnoticias.com\/?p=14133"]}]},{"@type":"BreadcrumbList","@id":"https:\/\/elpuucnoticias.com\/?p=14133#breadcrumb","itemListElement":[{"@type":"ListItem","position":1,"name":"Portada","item":"https:\/\/elpuucnoticias.com\/"},{"@type":"ListItem","position":2,"name":"la Coordinadora Nacional de Protecci\u00f3n Nacional encabezan acciones ante la llegada del Hurac\u00e1n \u201cBeryl\u201d"}]},{"@type":"Person","@id":"https:\/\/elpuucnoticias.com\/#\/schema\/person\/d2ea09e4c97f0160b11cdfb1d856bd9e","name":"elpuucnoticias","image":{"@type":"ImageObject","@id":"https:\/\/elpuucnoticias.com\/#personlogo","inLanguage":"es","url":"https:\/\/secure.gravatar.com\/avatar\/5290a43657c74ffa15701dbe5b846bd85cc71930d803c84e91046a7333de6ce2?s=96&d=mm&r=g","contentUrl":"https:\/\/secure.gravatar.com\/avatar\/5290a43657c74ffa15701dbe5b846bd85cc71930d803c84e91046a7333de6ce2?s=96&d=mm&r=g","caption":"elpuucnoticias"},"sameAs":["https:\/\/elpuucnoticias.com"],"url":"https:\/\/elpuucnoticias.com\/?author=1"}]}},"_links":{"self":[{"href":"https:\/\/elpuucnoticias.com\/index.php?rest_route=\/wp\/v2\/posts\/14133","targetHints":{"allow":["GET"]}}],"collection":[{"href":"https:\/\/elpuucnoticias.com\/index.php?rest_route=\/wp\/v2\/posts"}],"about":[{"href":"https:\/\/elpuucnoticias.com\/index.php?rest_route=\/wp\/v2\/types\/post"}],"author":[{"embeddable":true,"href":"https:\/\/elpuucnoticias.com\/index.php?rest_route=\/wp\/v2\/users\/1"}],"replies":[{"embeddable":true,"href":"https:\/\/elpuucnoticias.com\/index.php?rest_route=%2Fwp%2Fv2%2Fcomments&post=14133"}],"version-history":[{"count":1,"href":"https:\/\/elpuucnoticias.com\/index.php?rest_route=\/wp\/v2\/posts\/14133\/revisions"}],"predecessor-version":[{"id":14135,"href":"https:\/\/elpuucnoticias.com\/index.php?rest_route=\/wp\/v2\/posts\/14133\/revisions\/14135"}],"wp:featuredmedia":[{"embeddable":true,"href":"https:\/\/elpuucnoticias.com\/index.php?rest_route=\/wp\/v2\/media\/14134"}],"wp:attachment":[{"href":"https:\/\/elpuucnoticias.com\/index.php?rest_route=%2Fwp%2Fv2%2Fmedia&parent=14133"}],"wp:term":[{"taxonomy":"category","embeddable":true,"href":"https:\/\/elpuucnoticias.com\/index.php?rest_route=%2Fwp%2Fv2%2Fcategories&post=14133"},{"taxonomy":"post_tag","embeddable":true,"href":"https:\/\/elpuucnoticias.com\/index.php?rest_route=%2Fwp%2Fv2%2Ftags&post=14133"}],"curies":[{"name":"wp","href":"https:\/\/api.w.org\/{rel}","templated":true}]}}