{"id":14139,"date":"2024-07-02T14:12:48","date_gmt":"2024-07-02T20:12:48","guid":{"rendered":"https:\/\/elpuucnoticias.com\/?p=14139"},"modified":"2024-07-02T14:12:49","modified_gmt":"2024-07-02T20:12:49","slug":"fortalece-quintana-roo-capacidades-instaladas-para-combate-de-trata-de-personas","status":"publish","type":"post","link":"https:\/\/elpuucnoticias.com\/?p=14139","title":{"rendered":"Fortalece Quintana Roo capacidades instaladas para combate de trata de personas"},"content":{"rendered":"\n<p>En colaboraci\u00f3n con la Organizaci\u00f3n Internacional para las Migraciones (OIM), el Gobierno de Quintana Roo desarrolla acciones para fortalecer sus capacidades de detecci\u00f3n, canalizaci\u00f3n y protecci\u00f3n de v\u00edctimas de delitos relacionados con la trata de personas.<\/p>\n\n\n\n<p>Un ejemplo es el curso Ruta de Detecci\u00f3n y Canalizaci\u00f3n de V\u00edctimas de Trata de Personas, realizado en esta ciudad y dirigido a integrantes de la Comisi\u00f3n Interinstitucional contra los Delitos en Materia de Trata de Personas del Estado de Quintana Roo.<\/p>\n\n\n\n<figure class=\"wp-block-image is-style-default\"><img decoding=\"async\" src=\"https:\/\/cgc.qroo.gob.mx\/cjg\/wp-content\/uploads\/2024\/07\/WhatsApp-Image-2024-07-02-at-13.42.08-3-585x390.jpeg\" alt=\"\" title=\"WhatsApp Image 2024-07-02 at 13.42.08 (3)\"\/><\/figure>\n\n\n\n<p>La capacitaci\u00f3n fue promovida por la Secretar\u00eda de Gobierno, en el marco del Nuevo Acuerdo por el Bienestar y Desarrollo que impulsa la gobernadora Mara Lezama y como parte de las acciones para consolidar un servicio p\u00fablico que privilegia el respeto de los derechos humanos.<\/p>\n\n\n\n<p>Desde 2023, la OIM brinda acompa\u00f1amiento t\u00e9cnico al Gobierno del Estado, a trav\u00e9s de esta Comisi\u00f3n Interinstitucional, como parte de las estrategias para el fortalecimiento de la capacidad instalada para prevenir y combatir los delitos en materia de trata de personas.<\/p>\n\n\n\n<p>La OIM tiene una perspectiva global de cara a la trata de personas y lucha contra todas las formas de explotaci\u00f3n de personas migrantes, y especialmente contra las graves violaciones de derechos humanos que sufren las personas v\u00edctimas o potenciales v\u00edctimas de trata.<\/p>\n\n\n\n<figure class=\"wp-block-image is-style-default\"><img decoding=\"async\" src=\"https:\/\/cgc.qroo.gob.mx\/cjg\/wp-content\/uploads\/2024\/07\/WhatsApp-Image-2024-07-02-at-13.42.09-585x390.jpeg\" alt=\"\" title=\"WhatsApp Image 2024-07-02 at 13.42.09\"\/><\/figure>\n\n\n\n<p>Las actividades de la OIM se implementan con aliados de la sociedad civil, organismos internacionales e instituciones gubernamentales, como es el caso de Quintana Roo, donde participa como invitada permanente de la Comisi\u00f3n Interinstitucional contra los Delitos en Materia de Trata de Personas.<\/p>\n\n\n\n<p>En el curso participaron representantes de las secretar\u00edas de Gobierno; Seguridad Ciudadana; Salud; Desarrollo social; Educaci\u00f3n; Desarrollo Econ\u00f3mico; Turismo; Sistema DIF y Trabajo y Previsi\u00f3n Social.<\/p>\n\n\n\n<p>Tambi\u00e9n formaron parte representantes de la Fiscal\u00eda General del Estado; Instituto Quintanarroense de la Mujer; Procuradur\u00eda para la Protecci\u00f3n de Ni\u00f1as, Ni\u00f1os y Adolescentes; Comisi\u00f3n de los Derechos Humanos del Estado de Quintana Roo y de los Ayuntamientos.<\/p>\n","protected":false},"excerpt":{"rendered":"<p>En colaboraci\u00f3n con la Organizaci\u00f3n Internacional para las Migraciones (OIM), el Gobierno de Quintana Roo desarrolla acciones para<\/p>\n","protected":false},"author":1,"featured_media":14140,"comment_status":"closed","ping_status":"open","sticky":false,"template":"","format":"standard","meta":{"_monsterinsights_skip_tracking":false,"_monsterinsights_sitenote_active":false,"_monsterinsights_sitenote_note":"","_monsterinsights_sitenote_category":0,"footnotes":""},"categories":[11,24],"tags":[],"class_list":["post-14139","post","type-post","status-publish","format-standard","has-post-thumbnail","hentry","category-noticias","category-quintana-roo"],"yoast_head":"<!-- This site is optimized with the Yoast SEO plugin v18.3 - https:\/\/yoast.com\/wordpress\/plugins\/seo\/ -->\n<title>Fortalece Quintana Roo capacidades instaladas para combate de trata de personas - El Puuc Noticias<\/title>\n<meta name=\"robots\" content=\"index, follow, max-snippet:-1, max-image-preview:large, max-video-preview:-1\" \/>\n<link rel=\"canonical\" href=\"https:\/\/elpuucnoticias.com\/?p=14139\" \/>\n<meta property=\"og:locale\" content=\"es_ES\" \/>\n<meta property=\"og:type\" content=\"article\" \/>\n<meta property=\"og:title\" content=\"Fortalece Quintana Roo capacidades instaladas para combate de trata de personas - El Puuc Noticias\" \/>\n<meta property=\"og:description\" content=\"En colaboraci\u00f3n con la Organizaci\u00f3n Internacional para las Migraciones (OIM), el Gobierno de Quintana Roo desarrolla acciones para\" \/>\n<meta property=\"og:url\" content=\"https:\/\/elpuucnoticias.com\/?p=14139\" \/>\n<meta property=\"og:site_name\" content=\"El Puuc Noticias\" \/>\n<meta property=\"article:published_time\" content=\"2024-07-02T20:12:48+00:00\" \/>\n<meta property=\"article:modified_time\" content=\"2024-07-02T20:12:49+00:00\" \/>\n<meta property=\"og:image\" content=\"https:\/\/elpuucnoticias.com\/wp-content\/uploads\/2024\/07\/sd-1.jpeg\" \/>\n\t<meta property=\"og:image:width\" content=\"1600\" \/>\n\t<meta property=\"og:image:height\" content=\"1066\" \/>\n\t<meta property=\"og:image:type\" content=\"image\/jpeg\" \/>\n<meta name=\"twitter:card\" content=\"summary_large_image\" \/>\n<meta name=\"twitter:label1\" content=\"Escrito por\" \/>\n\t<meta name=\"twitter:data1\" content=\"elpuucnoticias\" \/>\n\t<meta name=\"twitter:label2\" content=\"Tiempo de lectura\" \/>\n\t<meta name=\"twitter:data2\" content=\"2 minutos\" \/>\n<script type=\"application\/ld+json\" class=\"yoast-schema-graph\">{\"@context\":\"https:\/\/schema.org\",\"@graph\":[{\"@type\":\"WebSite\",\"@id\":\"https:\/\/elpuucnoticias.com\/#website\",\"url\":\"https:\/\/elpuucnoticias.com\/\",\"name\":\"El Puuc Noticias\",\"description\":\"Noticias - Entretenimiento - Deportes\",\"potentialAction\":[{\"@type\":\"SearchAction\",\"target\":{\"@type\":\"EntryPoint\",\"urlTemplate\":\"https:\/\/elpuucnoticias.com\/?s={search_term_string}\"},\"query-input\":\"required name=search_term_string\"}],\"inLanguage\":\"es\"},{\"@type\":\"ImageObject\",\"@id\":\"https:\/\/elpuucnoticias.com\/?p=14139#primaryimage\",\"inLanguage\":\"es\",\"url\":\"https:\/\/elpuucnoticias.com\/wp-content\/uploads\/2024\/07\/sd-1.jpeg\",\"contentUrl\":\"https:\/\/elpuucnoticias.com\/wp-content\/uploads\/2024\/07\/sd-1.jpeg\",\"width\":1600,\"height\":1066},{\"@type\":\"WebPage\",\"@id\":\"https:\/\/elpuucnoticias.com\/?p=14139#webpage\",\"url\":\"https:\/\/elpuucnoticias.com\/?p=14139\",\"name\":\"Fortalece Quintana Roo capacidades instaladas para combate de trata de personas - El Puuc Noticias\",\"isPartOf\":{\"@id\":\"https:\/\/elpuucnoticias.com\/#website\"},\"primaryImageOfPage\":{\"@id\":\"https:\/\/elpuucnoticias.com\/?p=14139#primaryimage\"},\"datePublished\":\"2024-07-02T20:12:48+00:00\",\"dateModified\":\"2024-07-02T20:12:49+00:00\",\"author\":{\"@id\":\"https:\/\/elpuucnoticias.com\/#\/schema\/person\/d2ea09e4c97f0160b11cdfb1d856bd9e\"},\"breadcrumb\":{\"@id\":\"https:\/\/elpuucnoticias.com\/?p=14139#breadcrumb\"},\"inLanguage\":\"es\",\"potentialAction\":[{\"@type\":\"ReadAction\",\"target\":[\"https:\/\/elpuucnoticias.com\/?p=14139\"]}]},{\"@type\":\"BreadcrumbList\",\"@id\":\"https:\/\/elpuucnoticias.com\/?p=14139#breadcrumb\",\"itemListElement\":[{\"@type\":\"ListItem\",\"position\":1,\"name\":\"Portada\",\"item\":\"https:\/\/elpuucnoticias.com\/\"},{\"@type\":\"ListItem\",\"position\":2,\"name\":\"Fortalece Quintana Roo capacidades instaladas para combate de trata de personas\"}]},{\"@type\":\"Person\",\"@id\":\"https:\/\/elpuucnoticias.com\/#\/schema\/person\/d2ea09e4c97f0160b11cdfb1d856bd9e\",\"name\":\"elpuucnoticias\",\"image\":{\"@type\":\"ImageObject\",\"@id\":\"https:\/\/elpuucnoticias.com\/#personlogo\",\"inLanguage\":\"es\",\"url\":\"https:\/\/secure.gravatar.com\/avatar\/5290a43657c74ffa15701dbe5b846bd85cc71930d803c84e91046a7333de6ce2?s=96&d=mm&r=g\",\"contentUrl\":\"https:\/\/secure.gravatar.com\/avatar\/5290a43657c74ffa15701dbe5b846bd85cc71930d803c84e91046a7333de6ce2?s=96&d=mm&r=g\",\"caption\":\"elpuucnoticias\"},\"sameAs\":[\"https:\/\/elpuucnoticias.com\"],\"url\":\"https:\/\/elpuucnoticias.com\/?author=1\"}]}<\/script>\n<!-- \/ Yoast SEO plugin. -->","yoast_head_json":{"title":"Fortalece Quintana Roo capacidades instaladas para combate de trata de personas - El Puuc Noticias","robots":{"index":"index","follow":"follow","max-snippet":"max-snippet:-1","max-image-preview":"max-image-preview:large","max-video-preview":"max-video-preview:-1"},"canonical":"https:\/\/elpuucnoticias.com\/?p=14139","og_locale":"es_ES","og_type":"article","og_title":"Fortalece Quintana Roo capacidades instaladas para combate de trata de personas - El Puuc Noticias","og_description":"En colaboraci\u00f3n con la Organizaci\u00f3n Internacional para las Migraciones (OIM), el Gobierno de Quintana Roo desarrolla acciones para","og_url":"https:\/\/elpuucnoticias.com\/?p=14139","og_site_name":"El Puuc Noticias","article_published_time":"2024-07-02T20:12:48+00:00","article_modified_time":"2024-07-02T20:12:49+00:00","og_image":[{"width":1600,"height":1066,"url":"https:\/\/elpuucnoticias.com\/wp-content\/uploads\/2024\/07\/sd-1.jpeg","type":"image\/jpeg"}],"twitter_card":"summary_large_image","twitter_misc":{"Escrito por":"elpuucnoticias","Tiempo de lectura":"2 minutos"},"schema":{"@context":"https:\/\/schema.org","@graph":[{"@type":"WebSite","@id":"https:\/\/elpuucnoticias.com\/#website","url":"https:\/\/elpuucnoticias.com\/","name":"El Puuc Noticias","description":"Noticias - Entretenimiento - Deportes","potentialAction":[{"@type":"SearchAction","target":{"@type":"EntryPoint","urlTemplate":"https:\/\/elpuucnoticias.com\/?s={search_term_string}"},"query-input":"required name=search_term_string"}],"inLanguage":"es"},{"@type":"ImageObject","@id":"https:\/\/elpuucnoticias.com\/?p=14139#primaryimage","inLanguage":"es","url":"https:\/\/elpuucnoticias.com\/wp-content\/uploads\/2024\/07\/sd-1.jpeg","contentUrl":"https:\/\/elpuucnoticias.com\/wp-content\/uploads\/2024\/07\/sd-1.jpeg","width":1600,"height":1066},{"@type":"WebPage","@id":"https:\/\/elpuucnoticias.com\/?p=14139#webpage","url":"https:\/\/elpuucnoticias.com\/?p=14139","name":"Fortalece Quintana Roo capacidades instaladas para combate de trata de personas - El Puuc Noticias","isPartOf":{"@id":"https:\/\/elpuucnoticias.com\/#website"},"primaryImageOfPage":{"@id":"https:\/\/elpuucnoticias.com\/?p=14139#primaryimage"},"datePublished":"2024-07-02T20:12:48+00:00","dateModified":"2024-07-02T20:12:49+00:00","author":{"@id":"https:\/\/elpuucnoticias.com\/#\/schema\/person\/d2ea09e4c97f0160b11cdfb1d856bd9e"},"breadcrumb":{"@id":"https:\/\/elpuucnoticias.com\/?p=14139#breadcrumb"},"inLanguage":"es","potentialAction":[{"@type":"ReadAction","target":["https:\/\/elpuucnoticias.com\/?p=14139"]}]},{"@type":"BreadcrumbList","@id":"https:\/\/elpuucnoticias.com\/?p=14139#breadcrumb","itemListElement":[{"@type":"ListItem","position":1,"name":"Portada","item":"https:\/\/elpuucnoticias.com\/"},{"@type":"ListItem","position":2,"name":"Fortalece Quintana Roo capacidades instaladas para combate de trata de personas"}]},{"@type":"Person","@id":"https:\/\/elpuucnoticias.com\/#\/schema\/person\/d2ea09e4c97f0160b11cdfb1d856bd9e","name":"elpuucnoticias","image":{"@type":"ImageObject","@id":"https:\/\/elpuucnoticias.com\/#personlogo","inLanguage":"es","url":"https:\/\/secure.gravatar.com\/avatar\/5290a43657c74ffa15701dbe5b846bd85cc71930d803c84e91046a7333de6ce2?s=96&d=mm&r=g","contentUrl":"https:\/\/secure.gravatar.com\/avatar\/5290a43657c74ffa15701dbe5b846bd85cc71930d803c84e91046a7333de6ce2?s=96&d=mm&r=g","caption":"elpuucnoticias"},"sameAs":["https:\/\/elpuucnoticias.com"],"url":"https:\/\/elpuucnoticias.com\/?author=1"}]}},"_links":{"self":[{"href":"https:\/\/elpuucnoticias.com\/index.php?rest_route=\/wp\/v2\/posts\/14139","targetHints":{"allow":["GET"]}}],"collection":[{"href":"https:\/\/elpuucnoticias.com\/index.php?rest_route=\/wp\/v2\/posts"}],"about":[{"href":"https:\/\/elpuucnoticias.com\/index.php?rest_route=\/wp\/v2\/types\/post"}],"author":[{"embeddable":true,"href":"https:\/\/elpuucnoticias.com\/index.php?rest_route=\/wp\/v2\/users\/1"}],"replies":[{"embeddable":true,"href":"https:\/\/elpuucnoticias.com\/index.php?rest_route=%2Fwp%2Fv2%2Fcomments&post=14139"}],"version-history":[{"count":1,"href":"https:\/\/elpuucnoticias.com\/index.php?rest_route=\/wp\/v2\/posts\/14139\/revisions"}],"predecessor-version":[{"id":14141,"href":"https:\/\/elpuucnoticias.com\/index.php?rest_route=\/wp\/v2\/posts\/14139\/revisions\/14141"}],"wp:featuredmedia":[{"embeddable":true,"href":"https:\/\/elpuucnoticias.com\/index.php?rest_route=\/wp\/v2\/media\/14140"}],"wp:attachment":[{"href":"https:\/\/elpuucnoticias.com\/index.php?rest_route=%2Fwp%2Fv2%2Fmedia&parent=14139"}],"wp:term":[{"taxonomy":"category","embeddable":true,"href":"https:\/\/elpuucnoticias.com\/index.php?rest_route=%2Fwp%2Fv2%2Fcategories&post=14139"},{"taxonomy":"post_tag","embeddable":true,"href":"https:\/\/elpuucnoticias.com\/index.php?rest_route=%2Fwp%2Fv2%2Ftags&post=14139"}],"curies":[{"name":"wp","href":"https:\/\/api.w.org\/{rel}","templated":true}]}}