{"id":14262,"date":"2024-07-10T13:22:26","date_gmt":"2024-07-10T19:22:26","guid":{"rendered":"https:\/\/elpuucnoticias.com\/?p=14262"},"modified":"2024-07-10T13:22:27","modified_gmt":"2024-07-10T19:22:27","slug":"por-el-delito-de-privacion-ilegal-de-la-libertad-hacia-sus-dos-hijos-un-sujeto-fue-vinculado-a-proceso-los-hechos-se-dieron-en-temozon","status":"publish","type":"post","link":"https:\/\/elpuucnoticias.com\/?p=14262","title":{"rendered":"Por el delito de privaci\u00f3n ilegal de la libertad hacia sus dos hijos un sujeto fue vinculado a proceso. Los hechos se dieron en Temoz\u00f3n"},"content":{"rendered":"\n<p>Tras ser valorados los datos y elementos de prueba presentados por la Fiscal\u00eda General del Estado (FGE), A.J.H.P. fue vinculado a proceso por los delitos de violencia vicaria y privaci\u00f3n ilegal de la libertad, denunciado despu\u00e9s de los hechos ocurridos en Temoz\u00f3n, en esta ciudad de M\u00e9rida.<\/p>\n\n\n\n<p>Durante la audiencia celebrada en el Juzgado Primero de Control del Primer Distrito, los fiscales de litigaci\u00f3n aportaron los datos y elementos de prueba de la causa penal 247\/2024, los cuales fueron suficientemente probatorios para que el Juez de Control decretara el citado auto de vinculaci\u00f3n a proceso por los delitos imputados y otorgara adem\u00e1s un plazo de cuatro meses para el cierre de la investigaci\u00f3n complementaria.<\/p>\n\n\n\n<p>Cabe recordar que durante la audiencia inicial, esta representaci\u00f3n social estableci\u00f3 que los hechos ocurrieron el pasado siete de abril, en un domicilio ubicado en la citada localidad, donde el encausado retuvo a sus dos hijos para evitar entreg\u00e1rselos a su madre y ocasionarle as\u00ed un da\u00f1o, adem\u00e1s que los mantuvo privado de su derecho a la educaci\u00f3n al no llevarlos durante d\u00edas a sus actividades escolares y&nbsp; extraescolares.<\/p>\n\n\n\n<p>Finalmente, antes de concluir la diligencia, fue ratificada la medida cautelar de prisi\u00f3n preventiva otorgada durante la audiencia inicial, misma que continuar\u00e1 vigente por todo el tiempo que dure el proceso.<\/p>\n\n\n\n<h6 class=\"wp-block-heading\"><\/h6>\n","protected":false},"excerpt":{"rendered":"<p>Tras ser valorados los datos y elementos de prueba presentados por la Fiscal\u00eda General del Estado (FGE), A.J.H.P.<\/p>\n","protected":false},"author":1,"featured_media":9266,"comment_status":"closed","ping_status":"open","sticky":false,"template":"","format":"standard","meta":{"_monsterinsights_skip_tracking":false,"_monsterinsights_sitenote_active":false,"_monsterinsights_sitenote_note":"","_monsterinsights_sitenote_category":0,"footnotes":""},"categories":[11,3],"tags":[],"class_list":["post-14262","post","type-post","status-publish","format-standard","has-post-thumbnail","hentry","category-noticias","category-policiacas"],"yoast_head":"<!-- This site is optimized with the Yoast SEO plugin v18.3 - https:\/\/yoast.com\/wordpress\/plugins\/seo\/ -->\n<title>Por el delito de privaci\u00f3n ilegal de la libertad hacia sus dos hijos un sujeto fue vinculado a proceso. Los hechos se dieron en Temoz\u00f3n - El Puuc Noticias<\/title>\n<meta name=\"robots\" content=\"index, follow, max-snippet:-1, max-image-preview:large, max-video-preview:-1\" \/>\n<link rel=\"canonical\" href=\"https:\/\/elpuucnoticias.com\/?p=14262\" \/>\n<meta property=\"og:locale\" content=\"es_ES\" \/>\n<meta property=\"og:type\" content=\"article\" \/>\n<meta property=\"og:title\" content=\"Por el delito de privaci\u00f3n ilegal de la libertad hacia sus dos hijos un sujeto fue vinculado a proceso. Los hechos se dieron en Temoz\u00f3n - El Puuc Noticias\" \/>\n<meta property=\"og:description\" content=\"Tras ser valorados los datos y elementos de prueba presentados por la Fiscal\u00eda General del Estado (FGE), A.J.H.P.\" \/>\n<meta property=\"og:url\" content=\"https:\/\/elpuucnoticias.com\/?p=14262\" \/>\n<meta property=\"og:site_name\" content=\"El Puuc Noticias\" \/>\n<meta property=\"article:published_time\" content=\"2024-07-10T19:22:26+00:00\" \/>\n<meta property=\"article:modified_time\" content=\"2024-07-10T19:22:27+00:00\" \/>\n<meta property=\"og:image\" content=\"https:\/\/elpuucnoticias.com\/wp-content\/uploads\/2023\/09\/fiscalia-investigacion.jpg\" \/>\n\t<meta property=\"og:image:width\" content=\"1600\" \/>\n\t<meta property=\"og:image:height\" content=\"1066\" \/>\n\t<meta property=\"og:image:type\" content=\"image\/jpeg\" \/>\n<meta name=\"twitter:card\" content=\"summary_large_image\" \/>\n<meta name=\"twitter:label1\" content=\"Escrito por\" \/>\n\t<meta name=\"twitter:data1\" content=\"elpuucnoticias\" \/>\n\t<meta name=\"twitter:label2\" content=\"Tiempo de lectura\" \/>\n\t<meta name=\"twitter:data2\" content=\"1 minuto\" \/>\n<script type=\"application\/ld+json\" class=\"yoast-schema-graph\">{\"@context\":\"https:\/\/schema.org\",\"@graph\":[{\"@type\":\"WebSite\",\"@id\":\"https:\/\/elpuucnoticias.com\/#website\",\"url\":\"https:\/\/elpuucnoticias.com\/\",\"name\":\"El Puuc Noticias\",\"description\":\"Noticias - Entretenimiento - Deportes\",\"potentialAction\":[{\"@type\":\"SearchAction\",\"target\":{\"@type\":\"EntryPoint\",\"urlTemplate\":\"https:\/\/elpuucnoticias.com\/?s={search_term_string}\"},\"query-input\":\"required name=search_term_string\"}],\"inLanguage\":\"es\"},{\"@type\":\"ImageObject\",\"@id\":\"https:\/\/elpuucnoticias.com\/?p=14262#primaryimage\",\"inLanguage\":\"es\",\"url\":\"https:\/\/elpuucnoticias.com\/wp-content\/uploads\/2023\/09\/fiscalia-investigacion.jpg\",\"contentUrl\":\"https:\/\/elpuucnoticias.com\/wp-content\/uploads\/2023\/09\/fiscalia-investigacion.jpg\",\"width\":1600,\"height\":1066},{\"@type\":\"WebPage\",\"@id\":\"https:\/\/elpuucnoticias.com\/?p=14262#webpage\",\"url\":\"https:\/\/elpuucnoticias.com\/?p=14262\",\"name\":\"Por el delito de privaci\u00f3n ilegal de la libertad hacia sus dos hijos un sujeto fue vinculado a proceso. Los hechos se dieron en Temoz\u00f3n - El Puuc Noticias\",\"isPartOf\":{\"@id\":\"https:\/\/elpuucnoticias.com\/#website\"},\"primaryImageOfPage\":{\"@id\":\"https:\/\/elpuucnoticias.com\/?p=14262#primaryimage\"},\"datePublished\":\"2024-07-10T19:22:26+00:00\",\"dateModified\":\"2024-07-10T19:22:27+00:00\",\"author\":{\"@id\":\"https:\/\/elpuucnoticias.com\/#\/schema\/person\/d2ea09e4c97f0160b11cdfb1d856bd9e\"},\"breadcrumb\":{\"@id\":\"https:\/\/elpuucnoticias.com\/?p=14262#breadcrumb\"},\"inLanguage\":\"es\",\"potentialAction\":[{\"@type\":\"ReadAction\",\"target\":[\"https:\/\/elpuucnoticias.com\/?p=14262\"]}]},{\"@type\":\"BreadcrumbList\",\"@id\":\"https:\/\/elpuucnoticias.com\/?p=14262#breadcrumb\",\"itemListElement\":[{\"@type\":\"ListItem\",\"position\":1,\"name\":\"Portada\",\"item\":\"https:\/\/elpuucnoticias.com\/\"},{\"@type\":\"ListItem\",\"position\":2,\"name\":\"Por el delito de privaci\u00f3n ilegal de la libertad hacia sus dos hijos un sujeto fue vinculado a proceso. Los hechos se dieron en Temoz\u00f3n\"}]},{\"@type\":\"Person\",\"@id\":\"https:\/\/elpuucnoticias.com\/#\/schema\/person\/d2ea09e4c97f0160b11cdfb1d856bd9e\",\"name\":\"elpuucnoticias\",\"image\":{\"@type\":\"ImageObject\",\"@id\":\"https:\/\/elpuucnoticias.com\/#personlogo\",\"inLanguage\":\"es\",\"url\":\"https:\/\/secure.gravatar.com\/avatar\/5290a43657c74ffa15701dbe5b846bd85cc71930d803c84e91046a7333de6ce2?s=96&d=mm&r=g\",\"contentUrl\":\"https:\/\/secure.gravatar.com\/avatar\/5290a43657c74ffa15701dbe5b846bd85cc71930d803c84e91046a7333de6ce2?s=96&d=mm&r=g\",\"caption\":\"elpuucnoticias\"},\"sameAs\":[\"https:\/\/elpuucnoticias.com\"],\"url\":\"https:\/\/elpuucnoticias.com\/?author=1\"}]}<\/script>\n<!-- \/ Yoast SEO plugin. -->","yoast_head_json":{"title":"Por el delito de privaci\u00f3n ilegal de la libertad hacia sus dos hijos un sujeto fue vinculado a proceso. Los hechos se dieron en Temoz\u00f3n - El Puuc Noticias","robots":{"index":"index","follow":"follow","max-snippet":"max-snippet:-1","max-image-preview":"max-image-preview:large","max-video-preview":"max-video-preview:-1"},"canonical":"https:\/\/elpuucnoticias.com\/?p=14262","og_locale":"es_ES","og_type":"article","og_title":"Por el delito de privaci\u00f3n ilegal de la libertad hacia sus dos hijos un sujeto fue vinculado a proceso. Los hechos se dieron en Temoz\u00f3n - El Puuc Noticias","og_description":"Tras ser valorados los datos y elementos de prueba presentados por la Fiscal\u00eda General del Estado (FGE), A.J.H.P.","og_url":"https:\/\/elpuucnoticias.com\/?p=14262","og_site_name":"El Puuc Noticias","article_published_time":"2024-07-10T19:22:26+00:00","article_modified_time":"2024-07-10T19:22:27+00:00","og_image":[{"width":1600,"height":1066,"url":"https:\/\/elpuucnoticias.com\/wp-content\/uploads\/2023\/09\/fiscalia-investigacion.jpg","type":"image\/jpeg"}],"twitter_card":"summary_large_image","twitter_misc":{"Escrito por":"elpuucnoticias","Tiempo de lectura":"1 minuto"},"schema":{"@context":"https:\/\/schema.org","@graph":[{"@type":"WebSite","@id":"https:\/\/elpuucnoticias.com\/#website","url":"https:\/\/elpuucnoticias.com\/","name":"El Puuc Noticias","description":"Noticias - Entretenimiento - Deportes","potentialAction":[{"@type":"SearchAction","target":{"@type":"EntryPoint","urlTemplate":"https:\/\/elpuucnoticias.com\/?s={search_term_string}"},"query-input":"required name=search_term_string"}],"inLanguage":"es"},{"@type":"ImageObject","@id":"https:\/\/elpuucnoticias.com\/?p=14262#primaryimage","inLanguage":"es","url":"https:\/\/elpuucnoticias.com\/wp-content\/uploads\/2023\/09\/fiscalia-investigacion.jpg","contentUrl":"https:\/\/elpuucnoticias.com\/wp-content\/uploads\/2023\/09\/fiscalia-investigacion.jpg","width":1600,"height":1066},{"@type":"WebPage","@id":"https:\/\/elpuucnoticias.com\/?p=14262#webpage","url":"https:\/\/elpuucnoticias.com\/?p=14262","name":"Por el delito de privaci\u00f3n ilegal de la libertad hacia sus dos hijos un sujeto fue vinculado a proceso. Los hechos se dieron en Temoz\u00f3n - El Puuc Noticias","isPartOf":{"@id":"https:\/\/elpuucnoticias.com\/#website"},"primaryImageOfPage":{"@id":"https:\/\/elpuucnoticias.com\/?p=14262#primaryimage"},"datePublished":"2024-07-10T19:22:26+00:00","dateModified":"2024-07-10T19:22:27+00:00","author":{"@id":"https:\/\/elpuucnoticias.com\/#\/schema\/person\/d2ea09e4c97f0160b11cdfb1d856bd9e"},"breadcrumb":{"@id":"https:\/\/elpuucnoticias.com\/?p=14262#breadcrumb"},"inLanguage":"es","potentialAction":[{"@type":"ReadAction","target":["https:\/\/elpuucnoticias.com\/?p=14262"]}]},{"@type":"BreadcrumbList","@id":"https:\/\/elpuucnoticias.com\/?p=14262#breadcrumb","itemListElement":[{"@type":"ListItem","position":1,"name":"Portada","item":"https:\/\/elpuucnoticias.com\/"},{"@type":"ListItem","position":2,"name":"Por el delito de privaci\u00f3n ilegal de la libertad hacia sus dos hijos un sujeto fue vinculado a proceso. Los hechos se dieron en Temoz\u00f3n"}]},{"@type":"Person","@id":"https:\/\/elpuucnoticias.com\/#\/schema\/person\/d2ea09e4c97f0160b11cdfb1d856bd9e","name":"elpuucnoticias","image":{"@type":"ImageObject","@id":"https:\/\/elpuucnoticias.com\/#personlogo","inLanguage":"es","url":"https:\/\/secure.gravatar.com\/avatar\/5290a43657c74ffa15701dbe5b846bd85cc71930d803c84e91046a7333de6ce2?s=96&d=mm&r=g","contentUrl":"https:\/\/secure.gravatar.com\/avatar\/5290a43657c74ffa15701dbe5b846bd85cc71930d803c84e91046a7333de6ce2?s=96&d=mm&r=g","caption":"elpuucnoticias"},"sameAs":["https:\/\/elpuucnoticias.com"],"url":"https:\/\/elpuucnoticias.com\/?author=1"}]}},"_links":{"self":[{"href":"https:\/\/elpuucnoticias.com\/index.php?rest_route=\/wp\/v2\/posts\/14262","targetHints":{"allow":["GET"]}}],"collection":[{"href":"https:\/\/elpuucnoticias.com\/index.php?rest_route=\/wp\/v2\/posts"}],"about":[{"href":"https:\/\/elpuucnoticias.com\/index.php?rest_route=\/wp\/v2\/types\/post"}],"author":[{"embeddable":true,"href":"https:\/\/elpuucnoticias.com\/index.php?rest_route=\/wp\/v2\/users\/1"}],"replies":[{"embeddable":true,"href":"https:\/\/elpuucnoticias.com\/index.php?rest_route=%2Fwp%2Fv2%2Fcomments&post=14262"}],"version-history":[{"count":1,"href":"https:\/\/elpuucnoticias.com\/index.php?rest_route=\/wp\/v2\/posts\/14262\/revisions"}],"predecessor-version":[{"id":14263,"href":"https:\/\/elpuucnoticias.com\/index.php?rest_route=\/wp\/v2\/posts\/14262\/revisions\/14263"}],"wp:featuredmedia":[{"embeddable":true,"href":"https:\/\/elpuucnoticias.com\/index.php?rest_route=\/wp\/v2\/media\/9266"}],"wp:attachment":[{"href":"https:\/\/elpuucnoticias.com\/index.php?rest_route=%2Fwp%2Fv2%2Fmedia&parent=14262"}],"wp:term":[{"taxonomy":"category","embeddable":true,"href":"https:\/\/elpuucnoticias.com\/index.php?rest_route=%2Fwp%2Fv2%2Fcategories&post=14262"},{"taxonomy":"post_tag","embeddable":true,"href":"https:\/\/elpuucnoticias.com\/index.php?rest_route=%2Fwp%2Fv2%2Ftags&post=14262"}],"curies":[{"name":"wp","href":"https:\/\/api.w.org\/{rel}","templated":true}]}}