{"id":1449,"date":"2022-05-09T14:41:31","date_gmt":"2022-05-09T20:41:31","guid":{"rendered":"https:\/\/elpuucnoticias.com\/?p=1449"},"modified":"2022-05-09T14:41:32","modified_gmt":"2022-05-09T20:41:32","slug":"renan-jimenez-celebra-el-dia-del-albanil-con-un-convivio-para-los-trabajadores-de-peto-y-anuncia-festejos-para-las-madres-y-los-maestros","status":"publish","type":"post","link":"https:\/\/elpuucnoticias.com\/?p=1449","title":{"rendered":"Ren\u00e1n Jim\u00e9nez celebra el D\u00eda del Alba\u00f1il con un convivio para los trabajadores de Peto y anuncia festejos para las madres y los maestros"},"content":{"rendered":"\n<p>En d\u00edas pasados el alcalde de Peto, Ren\u00e1n Jim\u00e9nez Tah, celebr\u00f3 el D\u00eda del Alba\u00f1il con un convivio que realiz\u00f3 con los alarifes de la comunidad en lo domos de la ex estaci\u00f3n del ferrocarril.<\/p>\n\n\n\n<figure class=\"wp-block-image size-large\"><img loading=\"lazy\" decoding=\"async\" width=\"1024\" height=\"682\" src=\"https:\/\/elpuucnoticias.com\/wp-content\/uploads\/2022\/05\/albaniles-peto-2-1024x682.jpeg\" alt=\"\" class=\"wp-image-1451\" srcset=\"https:\/\/elpuucnoticias.com\/wp-content\/uploads\/2022\/05\/albaniles-peto-2-1024x682.jpeg 1024w, https:\/\/elpuucnoticias.com\/wp-content\/uploads\/2022\/05\/albaniles-peto-2-300x200.jpeg 300w, https:\/\/elpuucnoticias.com\/wp-content\/uploads\/2022\/05\/albaniles-peto-2-768x512.jpeg 768w, https:\/\/elpuucnoticias.com\/wp-content\/uploads\/2022\/05\/albaniles-peto-2.jpeg 1280w\" sizes=\"auto, (max-width: 1024px) 100vw, 1024px\" \/><\/figure>\n\n\n\n<p>El primer edil reconoci\u00f3 la gran labor que realizan los alba\u00f1iles que a diario luchan para sacar adelante a sus familias y que sin duda forman parte importante de la comunidad.<\/p>\n\n\n\n<figure class=\"wp-block-image size-large is-resized\"><img loading=\"lazy\" decoding=\"async\" src=\"https:\/\/elpuucnoticias.com\/wp-content\/uploads\/2022\/05\/felino-flayer-1024x583.jpg\" alt=\"\" class=\"wp-image-1402\" width=\"408\" height=\"232\" srcset=\"https:\/\/elpuucnoticias.com\/wp-content\/uploads\/2022\/05\/felino-flayer-1024x583.jpg 1024w, https:\/\/elpuucnoticias.com\/wp-content\/uploads\/2022\/05\/felino-flayer-300x171.jpg 300w, https:\/\/elpuucnoticias.com\/wp-content\/uploads\/2022\/05\/felino-flayer-768x437.jpg 768w, https:\/\/elpuucnoticias.com\/wp-content\/uploads\/2022\/05\/felino-flayer.jpg 1237w\" sizes=\"auto, (max-width: 408px) 100vw, 408px\" \/><\/figure>\n\n\n\n<p>A manera de reconocer el trabajo que realizan, durante el evento hubo regalos y sorpresas para los presentes, en un ambiente de diversi\u00f3n.<\/p>\n\n\n\n<figure class=\"wp-block-image size-large\"><img loading=\"lazy\" decoding=\"async\" width=\"1024\" height=\"682\" src=\"https:\/\/elpuucnoticias.com\/wp-content\/uploads\/2022\/05\/albaniles-peto-1-1024x682.jpeg\" alt=\"\" class=\"wp-image-1452\" srcset=\"https:\/\/elpuucnoticias.com\/wp-content\/uploads\/2022\/05\/albaniles-peto-1-1024x682.jpeg 1024w, https:\/\/elpuucnoticias.com\/wp-content\/uploads\/2022\/05\/albaniles-peto-1-300x200.jpeg 300w, https:\/\/elpuucnoticias.com\/wp-content\/uploads\/2022\/05\/albaniles-peto-1-768x512.jpeg 768w, https:\/\/elpuucnoticias.com\/wp-content\/uploads\/2022\/05\/albaniles-peto-1.jpeg 1280w\" sizes=\"auto, (max-width: 1024px) 100vw, 1024px\" \/><\/figure>\n\n\n\n<p>Ren\u00e1n Jim\u00e9nez se\u00f1al\u00f3 que tambi\u00e9n se est\u00e1n preparando para celebrar el D\u00eda de las Madres, as\u00ed como el D\u00eda del Maestro.<\/p>\n\n\n\n<figure class=\"wp-block-image size-large\"><img loading=\"lazy\" decoding=\"async\" width=\"1024\" height=\"682\" src=\"https:\/\/elpuucnoticias.com\/wp-content\/uploads\/2022\/05\/albaniles-peto-4-1024x682.jpeg\" alt=\"\" class=\"wp-image-1453\" srcset=\"https:\/\/elpuucnoticias.com\/wp-content\/uploads\/2022\/05\/albaniles-peto-4-1024x682.jpeg 1024w, https:\/\/elpuucnoticias.com\/wp-content\/uploads\/2022\/05\/albaniles-peto-4-300x200.jpeg 300w, https:\/\/elpuucnoticias.com\/wp-content\/uploads\/2022\/05\/albaniles-peto-4-768x512.jpeg 768w, https:\/\/elpuucnoticias.com\/wp-content\/uploads\/2022\/05\/albaniles-peto-4.jpeg 1280w\" sizes=\"auto, (max-width: 1024px) 100vw, 1024px\" \/><\/figure>\n\n\n\n<p>\u00abNo podemos dejar pasar estas fechas importantes y reconocer el trabajo, esfuerzo y dedicaci\u00f3n de todas las personas de Peto, por eso hace poco celebramos tambi\u00e9n a los ni\u00f1os en su d\u00eda\u00bb.\u2014 <em>El Puuc Noticias<\/em><\/p>\n\n\n\n<figure class=\"wp-block-image size-large\"><img loading=\"lazy\" decoding=\"async\" width=\"1024\" height=\"682\" src=\"https:\/\/elpuucnoticias.com\/wp-content\/uploads\/2022\/05\/albaniles-peto-5-1024x682.jpeg\" alt=\"\" class=\"wp-image-1454\" srcset=\"https:\/\/elpuucnoticias.com\/wp-content\/uploads\/2022\/05\/albaniles-peto-5-1024x682.jpeg 1024w, https:\/\/elpuucnoticias.com\/wp-content\/uploads\/2022\/05\/albaniles-peto-5-300x200.jpeg 300w, https:\/\/elpuucnoticias.com\/wp-content\/uploads\/2022\/05\/albaniles-peto-5-768x512.jpeg 768w, https:\/\/elpuucnoticias.com\/wp-content\/uploads\/2022\/05\/albaniles-peto-5.jpeg 1280w\" sizes=\"auto, (max-width: 1024px) 100vw, 1024px\" \/><\/figure>\n","protected":false},"excerpt":{"rendered":"<p>En d\u00edas pasados el alcalde de Peto, Ren\u00e1n Jim\u00e9nez Tah, celebr\u00f3 el D\u00eda del Alba\u00f1il con un convivio<\/p>\n","protected":false},"author":1,"featured_media":1450,"comment_status":"closed","ping_status":"open","sticky":false,"template":"","format":"standard","meta":{"_monsterinsights_skip_tracking":false,"_monsterinsights_sitenote_active":false,"_monsterinsights_sitenote_note":"","_monsterinsights_sitenote_category":0,"footnotes":""},"categories":[11,20],"tags":[],"class_list":["post-1449","post","type-post","status-publish","format-standard","has-post-thumbnail","hentry","category-noticias","category-peto"],"yoast_head":"<!-- This site is optimized with the Yoast SEO plugin v18.3 - https:\/\/yoast.com\/wordpress\/plugins\/seo\/ -->\n<title>Ren\u00e1n Jim\u00e9nez celebra el D\u00eda del Alba\u00f1il con un convivio para los trabajadores de Peto y anuncia festejos para las madres y los maestros - El Puuc Noticias<\/title>\n<meta name=\"robots\" content=\"index, follow, max-snippet:-1, max-image-preview:large, max-video-preview:-1\" \/>\n<link rel=\"canonical\" href=\"https:\/\/elpuucnoticias.com\/?p=1449\" \/>\n<meta property=\"og:locale\" content=\"es_ES\" \/>\n<meta property=\"og:type\" content=\"article\" \/>\n<meta property=\"og:title\" content=\"Ren\u00e1n Jim\u00e9nez celebra el D\u00eda del Alba\u00f1il con un convivio para los trabajadores de Peto y anuncia festejos para las madres y los maestros - El Puuc Noticias\" \/>\n<meta property=\"og:description\" content=\"En d\u00edas pasados el alcalde de Peto, Ren\u00e1n Jim\u00e9nez Tah, celebr\u00f3 el D\u00eda del Alba\u00f1il con un convivio\" \/>\n<meta property=\"og:url\" content=\"https:\/\/elpuucnoticias.com\/?p=1449\" \/>\n<meta property=\"og:site_name\" content=\"El Puuc Noticias\" \/>\n<meta property=\"article:published_time\" content=\"2022-05-09T20:41:31+00:00\" \/>\n<meta property=\"article:modified_time\" content=\"2022-05-09T20:41:32+00:00\" \/>\n<meta property=\"og:image\" content=\"https:\/\/elpuucnoticias.com\/wp-content\/uploads\/2022\/05\/albaniles-peto-3.jpeg\" \/>\n\t<meta property=\"og:image:width\" content=\"1280\" \/>\n\t<meta property=\"og:image:height\" content=\"853\" \/>\n\t<meta property=\"og:image:type\" content=\"image\/jpeg\" \/>\n<meta name=\"twitter:card\" content=\"summary_large_image\" \/>\n<meta name=\"twitter:label1\" content=\"Escrito por\" \/>\n\t<meta name=\"twitter:data1\" content=\"elpuucnoticias\" \/>\n\t<meta name=\"twitter:label2\" content=\"Tiempo de lectura\" \/>\n\t<meta name=\"twitter:data2\" content=\"2 minutos\" \/>\n<script type=\"application\/ld+json\" class=\"yoast-schema-graph\">{\"@context\":\"https:\/\/schema.org\",\"@graph\":[{\"@type\":\"WebSite\",\"@id\":\"https:\/\/elpuucnoticias.com\/#website\",\"url\":\"https:\/\/elpuucnoticias.com\/\",\"name\":\"El Puuc Noticias\",\"description\":\"Noticias - Entretenimiento - Deportes\",\"potentialAction\":[{\"@type\":\"SearchAction\",\"target\":{\"@type\":\"EntryPoint\",\"urlTemplate\":\"https:\/\/elpuucnoticias.com\/?s={search_term_string}\"},\"query-input\":\"required name=search_term_string\"}],\"inLanguage\":\"es\"},{\"@type\":\"ImageObject\",\"@id\":\"https:\/\/elpuucnoticias.com\/?p=1449#primaryimage\",\"inLanguage\":\"es\",\"url\":\"https:\/\/elpuucnoticias.com\/wp-content\/uploads\/2022\/05\/albaniles-peto-3.jpeg\",\"contentUrl\":\"https:\/\/elpuucnoticias.com\/wp-content\/uploads\/2022\/05\/albaniles-peto-3.jpeg\",\"width\":1280,\"height\":853},{\"@type\":\"WebPage\",\"@id\":\"https:\/\/elpuucnoticias.com\/?p=1449#webpage\",\"url\":\"https:\/\/elpuucnoticias.com\/?p=1449\",\"name\":\"Ren\u00e1n Jim\u00e9nez celebra el D\u00eda del Alba\u00f1il con un convivio para los trabajadores de Peto y anuncia festejos para las madres y los maestros - El Puuc Noticias\",\"isPartOf\":{\"@id\":\"https:\/\/elpuucnoticias.com\/#website\"},\"primaryImageOfPage\":{\"@id\":\"https:\/\/elpuucnoticias.com\/?p=1449#primaryimage\"},\"datePublished\":\"2022-05-09T20:41:31+00:00\",\"dateModified\":\"2022-05-09T20:41:32+00:00\",\"author\":{\"@id\":\"https:\/\/elpuucnoticias.com\/#\/schema\/person\/d2ea09e4c97f0160b11cdfb1d856bd9e\"},\"breadcrumb\":{\"@id\":\"https:\/\/elpuucnoticias.com\/?p=1449#breadcrumb\"},\"inLanguage\":\"es\",\"potentialAction\":[{\"@type\":\"ReadAction\",\"target\":[\"https:\/\/elpuucnoticias.com\/?p=1449\"]}]},{\"@type\":\"BreadcrumbList\",\"@id\":\"https:\/\/elpuucnoticias.com\/?p=1449#breadcrumb\",\"itemListElement\":[{\"@type\":\"ListItem\",\"position\":1,\"name\":\"Portada\",\"item\":\"https:\/\/elpuucnoticias.com\/\"},{\"@type\":\"ListItem\",\"position\":2,\"name\":\"Ren\u00e1n Jim\u00e9nez celebra el D\u00eda del Alba\u00f1il con un convivio para los trabajadores de Peto y anuncia festejos para las madres y los maestros\"}]},{\"@type\":\"Person\",\"@id\":\"https:\/\/elpuucnoticias.com\/#\/schema\/person\/d2ea09e4c97f0160b11cdfb1d856bd9e\",\"name\":\"elpuucnoticias\",\"image\":{\"@type\":\"ImageObject\",\"@id\":\"https:\/\/elpuucnoticias.com\/#personlogo\",\"inLanguage\":\"es\",\"url\":\"https:\/\/secure.gravatar.com\/avatar\/5290a43657c74ffa15701dbe5b846bd85cc71930d803c84e91046a7333de6ce2?s=96&d=mm&r=g\",\"contentUrl\":\"https:\/\/secure.gravatar.com\/avatar\/5290a43657c74ffa15701dbe5b846bd85cc71930d803c84e91046a7333de6ce2?s=96&d=mm&r=g\",\"caption\":\"elpuucnoticias\"},\"sameAs\":[\"https:\/\/elpuucnoticias.com\"],\"url\":\"https:\/\/elpuucnoticias.com\/?author=1\"}]}<\/script>\n<!-- \/ Yoast SEO plugin. -->","yoast_head_json":{"title":"Ren\u00e1n Jim\u00e9nez celebra el D\u00eda del Alba\u00f1il con un convivio para los trabajadores de Peto y anuncia festejos para las madres y los maestros - El Puuc Noticias","robots":{"index":"index","follow":"follow","max-snippet":"max-snippet:-1","max-image-preview":"max-image-preview:large","max-video-preview":"max-video-preview:-1"},"canonical":"https:\/\/elpuucnoticias.com\/?p=1449","og_locale":"es_ES","og_type":"article","og_title":"Ren\u00e1n Jim\u00e9nez celebra el D\u00eda del Alba\u00f1il con un convivio para los trabajadores de Peto y anuncia festejos para las madres y los maestros - El Puuc Noticias","og_description":"En d\u00edas pasados el alcalde de Peto, Ren\u00e1n Jim\u00e9nez Tah, celebr\u00f3 el D\u00eda del Alba\u00f1il con un convivio","og_url":"https:\/\/elpuucnoticias.com\/?p=1449","og_site_name":"El Puuc Noticias","article_published_time":"2022-05-09T20:41:31+00:00","article_modified_time":"2022-05-09T20:41:32+00:00","og_image":[{"width":1280,"height":853,"url":"https:\/\/elpuucnoticias.com\/wp-content\/uploads\/2022\/05\/albaniles-peto-3.jpeg","type":"image\/jpeg"}],"twitter_card":"summary_large_image","twitter_misc":{"Escrito por":"elpuucnoticias","Tiempo de lectura":"2 minutos"},"schema":{"@context":"https:\/\/schema.org","@graph":[{"@type":"WebSite","@id":"https:\/\/elpuucnoticias.com\/#website","url":"https:\/\/elpuucnoticias.com\/","name":"El Puuc Noticias","description":"Noticias - Entretenimiento - Deportes","potentialAction":[{"@type":"SearchAction","target":{"@type":"EntryPoint","urlTemplate":"https:\/\/elpuucnoticias.com\/?s={search_term_string}"},"query-input":"required name=search_term_string"}],"inLanguage":"es"},{"@type":"ImageObject","@id":"https:\/\/elpuucnoticias.com\/?p=1449#primaryimage","inLanguage":"es","url":"https:\/\/elpuucnoticias.com\/wp-content\/uploads\/2022\/05\/albaniles-peto-3.jpeg","contentUrl":"https:\/\/elpuucnoticias.com\/wp-content\/uploads\/2022\/05\/albaniles-peto-3.jpeg","width":1280,"height":853},{"@type":"WebPage","@id":"https:\/\/elpuucnoticias.com\/?p=1449#webpage","url":"https:\/\/elpuucnoticias.com\/?p=1449","name":"Ren\u00e1n Jim\u00e9nez celebra el D\u00eda del Alba\u00f1il con un convivio para los trabajadores de Peto y anuncia festejos para las madres y los maestros - El Puuc Noticias","isPartOf":{"@id":"https:\/\/elpuucnoticias.com\/#website"},"primaryImageOfPage":{"@id":"https:\/\/elpuucnoticias.com\/?p=1449#primaryimage"},"datePublished":"2022-05-09T20:41:31+00:00","dateModified":"2022-05-09T20:41:32+00:00","author":{"@id":"https:\/\/elpuucnoticias.com\/#\/schema\/person\/d2ea09e4c97f0160b11cdfb1d856bd9e"},"breadcrumb":{"@id":"https:\/\/elpuucnoticias.com\/?p=1449#breadcrumb"},"inLanguage":"es","potentialAction":[{"@type":"ReadAction","target":["https:\/\/elpuucnoticias.com\/?p=1449"]}]},{"@type":"BreadcrumbList","@id":"https:\/\/elpuucnoticias.com\/?p=1449#breadcrumb","itemListElement":[{"@type":"ListItem","position":1,"name":"Portada","item":"https:\/\/elpuucnoticias.com\/"},{"@type":"ListItem","position":2,"name":"Ren\u00e1n Jim\u00e9nez celebra el D\u00eda del Alba\u00f1il con un convivio para los trabajadores de Peto y anuncia festejos para las madres y los maestros"}]},{"@type":"Person","@id":"https:\/\/elpuucnoticias.com\/#\/schema\/person\/d2ea09e4c97f0160b11cdfb1d856bd9e","name":"elpuucnoticias","image":{"@type":"ImageObject","@id":"https:\/\/elpuucnoticias.com\/#personlogo","inLanguage":"es","url":"https:\/\/secure.gravatar.com\/avatar\/5290a43657c74ffa15701dbe5b846bd85cc71930d803c84e91046a7333de6ce2?s=96&d=mm&r=g","contentUrl":"https:\/\/secure.gravatar.com\/avatar\/5290a43657c74ffa15701dbe5b846bd85cc71930d803c84e91046a7333de6ce2?s=96&d=mm&r=g","caption":"elpuucnoticias"},"sameAs":["https:\/\/elpuucnoticias.com"],"url":"https:\/\/elpuucnoticias.com\/?author=1"}]}},"_links":{"self":[{"href":"https:\/\/elpuucnoticias.com\/index.php?rest_route=\/wp\/v2\/posts\/1449","targetHints":{"allow":["GET"]}}],"collection":[{"href":"https:\/\/elpuucnoticias.com\/index.php?rest_route=\/wp\/v2\/posts"}],"about":[{"href":"https:\/\/elpuucnoticias.com\/index.php?rest_route=\/wp\/v2\/types\/post"}],"author":[{"embeddable":true,"href":"https:\/\/elpuucnoticias.com\/index.php?rest_route=\/wp\/v2\/users\/1"}],"replies":[{"embeddable":true,"href":"https:\/\/elpuucnoticias.com\/index.php?rest_route=%2Fwp%2Fv2%2Fcomments&post=1449"}],"version-history":[{"count":1,"href":"https:\/\/elpuucnoticias.com\/index.php?rest_route=\/wp\/v2\/posts\/1449\/revisions"}],"predecessor-version":[{"id":1455,"href":"https:\/\/elpuucnoticias.com\/index.php?rest_route=\/wp\/v2\/posts\/1449\/revisions\/1455"}],"wp:featuredmedia":[{"embeddable":true,"href":"https:\/\/elpuucnoticias.com\/index.php?rest_route=\/wp\/v2\/media\/1450"}],"wp:attachment":[{"href":"https:\/\/elpuucnoticias.com\/index.php?rest_route=%2Fwp%2Fv2%2Fmedia&parent=1449"}],"wp:term":[{"taxonomy":"category","embeddable":true,"href":"https:\/\/elpuucnoticias.com\/index.php?rest_route=%2Fwp%2Fv2%2Fcategories&post=1449"},{"taxonomy":"post_tag","embeddable":true,"href":"https:\/\/elpuucnoticias.com\/index.php?rest_route=%2Fwp%2Fv2%2Ftags&post=1449"}],"curies":[{"name":"wp","href":"https:\/\/api.w.org\/{rel}","templated":true}]}}