{"id":1478,"date":"2022-05-10T12:25:37","date_gmt":"2022-05-10T18:25:37","guid":{"rendered":"https:\/\/elpuucnoticias.com\/?p=1478"},"modified":"2022-05-10T12:25:38","modified_gmt":"2022-05-10T18:25:38","slug":"ofrenda-floral-en-tixmehuac-en-el-dia-de-las-madres-angelica-panti-cervera-felicita-a-las-mamas-guerreras-de-su-comunidad","status":"publish","type":"post","link":"https:\/\/elpuucnoticias.com\/?p=1478","title":{"rendered":"Ofrenda floral en Tixm\u00e9huac en el D\u00eda de las Madres. Ang\u00e9lica Pant\u00ed Cervera felicita a las mam\u00e1s guerreras de su comunidad"},"content":{"rendered":"\n<p>Con una ofrenda floral que se coloc\u00f3 esta ma\u00f1ana en el monumento a la madre, la alcaldesa de Tixm\u00e9huac, profesora Ang\u00e9lica Pant\u00ed Cervera, felicit\u00f3 a las mujeres guerreras de su municipio.<\/p>\n\n\n\n<figure class=\"wp-block-image size-large\"><img loading=\"lazy\" decoding=\"async\" width=\"1024\" height=\"768\" src=\"https:\/\/elpuucnoticias.com\/wp-content\/uploads\/2022\/05\/madres-2-1024x768.jpg\" alt=\"\" class=\"wp-image-1480\" srcset=\"https:\/\/elpuucnoticias.com\/wp-content\/uploads\/2022\/05\/madres-2-1024x768.jpg 1024w, https:\/\/elpuucnoticias.com\/wp-content\/uploads\/2022\/05\/madres-2-300x225.jpg 300w, https:\/\/elpuucnoticias.com\/wp-content\/uploads\/2022\/05\/madres-2-768x576.jpg 768w, https:\/\/elpuucnoticias.com\/wp-content\/uploads\/2022\/05\/madres-2-1536x1152.jpg 1536w, https:\/\/elpuucnoticias.com\/wp-content\/uploads\/2022\/05\/madres-2.jpg 1600w\" sizes=\"auto, (max-width: 1024px) 100vw, 1024px\" \/><\/figure>\n\n\n\n<p>\u00abLas mujeres de Tixm\u00e9huac y las comisar\u00edas todos los d\u00edas se levantan desde temprano para ver por sus familias. A todas ellas un saludo y una felicitaci\u00f3n\u00bb, refiri\u00f3 la primera edil.<\/p>\n\n\n\n<figure class=\"wp-block-image size-large is-resized\"><img loading=\"lazy\" decoding=\"async\" src=\"https:\/\/elpuucnoticias.com\/wp-content\/uploads\/2022\/05\/felino-flayer-1024x583.jpg\" alt=\"\" class=\"wp-image-1402\" width=\"390\" height=\"222\" srcset=\"https:\/\/elpuucnoticias.com\/wp-content\/uploads\/2022\/05\/felino-flayer-1024x583.jpg 1024w, https:\/\/elpuucnoticias.com\/wp-content\/uploads\/2022\/05\/felino-flayer-300x171.jpg 300w, https:\/\/elpuucnoticias.com\/wp-content\/uploads\/2022\/05\/felino-flayer-768x437.jpg 768w, https:\/\/elpuucnoticias.com\/wp-content\/uploads\/2022\/05\/felino-flayer.jpg 1237w\" sizes=\"auto, (max-width: 390px) 100vw, 390px\" \/><\/figure>\n\n\n\n<p>La alcaldesa coloc\u00f3 una ofrenda floral debajo del monumento a las madres, a unos metros del Palacio Municipal. Estuvo acompa\u00f1ada de trabajadoras del Ayuntamiento.<\/p>\n\n\n\n<figure class=\"wp-block-image size-large\"><img loading=\"lazy\" decoding=\"async\" width=\"1024\" height=\"768\" src=\"https:\/\/elpuucnoticias.com\/wp-content\/uploads\/2022\/05\/madres-3-1024x768.jpg\" alt=\"\" class=\"wp-image-1481\" srcset=\"https:\/\/elpuucnoticias.com\/wp-content\/uploads\/2022\/05\/madres-3-1024x768.jpg 1024w, https:\/\/elpuucnoticias.com\/wp-content\/uploads\/2022\/05\/madres-3-300x225.jpg 300w, https:\/\/elpuucnoticias.com\/wp-content\/uploads\/2022\/05\/madres-3-768x576.jpg 768w, https:\/\/elpuucnoticias.com\/wp-content\/uploads\/2022\/05\/madres-3-1536x1152.jpg 1536w, https:\/\/elpuucnoticias.com\/wp-content\/uploads\/2022\/05\/madres-3.jpg 1600w\" sizes=\"auto, (max-width: 1024px) 100vw, 1024px\" \/><\/figure>\n\n\n\n<p>\u00abIniciamos este d\u00eda tan especial con una ofrenda floral para honrar y celebrar a todas las mam\u00e1s guerreras de nuestro municipio y de todas nuestras comisar\u00edas\u00bb, refiri\u00f3.<\/p>\n\n\n\n<p>\u00abGracias por tanto amor\u00bb, indic\u00f3.\u2014 <em>El Puuc Noticias<\/em><\/p>\n","protected":false},"excerpt":{"rendered":"<p>Con una ofrenda floral que se coloc\u00f3 esta ma\u00f1ana en el monumento a la madre, la alcaldesa de<\/p>\n","protected":false},"author":1,"featured_media":1479,"comment_status":"closed","ping_status":"open","sticky":false,"template":"","format":"standard","meta":{"_monsterinsights_skip_tracking":false,"_monsterinsights_sitenote_active":false,"_monsterinsights_sitenote_note":"","_monsterinsights_sitenote_category":0,"footnotes":""},"categories":[11,15],"tags":[],"class_list":["post-1478","post","type-post","status-publish","format-standard","has-post-thumbnail","hentry","category-noticias","category-tixmehuac"],"yoast_head":"<!-- This site is optimized with the Yoast SEO plugin v18.3 - https:\/\/yoast.com\/wordpress\/plugins\/seo\/ -->\n<title>Ofrenda floral en Tixm\u00e9huac en el D\u00eda de las Madres. Ang\u00e9lica Pant\u00ed Cervera felicita a las mam\u00e1s guerreras de su comunidad - El Puuc Noticias<\/title>\n<meta name=\"robots\" content=\"index, follow, max-snippet:-1, max-image-preview:large, max-video-preview:-1\" \/>\n<link rel=\"canonical\" href=\"https:\/\/elpuucnoticias.com\/?p=1478\" \/>\n<meta property=\"og:locale\" content=\"es_ES\" \/>\n<meta property=\"og:type\" content=\"article\" \/>\n<meta property=\"og:title\" content=\"Ofrenda floral en Tixm\u00e9huac en el D\u00eda de las Madres. Ang\u00e9lica Pant\u00ed Cervera felicita a las mam\u00e1s guerreras de su comunidad - El Puuc Noticias\" \/>\n<meta property=\"og:description\" content=\"Con una ofrenda floral que se coloc\u00f3 esta ma\u00f1ana en el monumento a la madre, la alcaldesa de\" \/>\n<meta property=\"og:url\" content=\"https:\/\/elpuucnoticias.com\/?p=1478\" \/>\n<meta property=\"og:site_name\" content=\"El Puuc Noticias\" \/>\n<meta property=\"article:published_time\" content=\"2022-05-10T18:25:37+00:00\" \/>\n<meta property=\"article:modified_time\" content=\"2022-05-10T18:25:38+00:00\" \/>\n<meta property=\"og:image\" content=\"https:\/\/elpuucnoticias.com\/wp-content\/uploads\/2022\/05\/madres-1.jpg\" \/>\n\t<meta property=\"og:image:width\" content=\"1600\" \/>\n\t<meta property=\"og:image:height\" content=\"1200\" \/>\n\t<meta property=\"og:image:type\" content=\"image\/jpeg\" \/>\n<meta name=\"twitter:card\" content=\"summary_large_image\" \/>\n<meta name=\"twitter:label1\" content=\"Escrito por\" \/>\n\t<meta name=\"twitter:data1\" content=\"elpuucnoticias\" \/>\n\t<meta name=\"twitter:label2\" content=\"Tiempo de lectura\" \/>\n\t<meta name=\"twitter:data2\" content=\"2 minutos\" \/>\n<script type=\"application\/ld+json\" class=\"yoast-schema-graph\">{\"@context\":\"https:\/\/schema.org\",\"@graph\":[{\"@type\":\"WebSite\",\"@id\":\"https:\/\/elpuucnoticias.com\/#website\",\"url\":\"https:\/\/elpuucnoticias.com\/\",\"name\":\"El Puuc Noticias\",\"description\":\"Noticias - Entretenimiento - Deportes\",\"potentialAction\":[{\"@type\":\"SearchAction\",\"target\":{\"@type\":\"EntryPoint\",\"urlTemplate\":\"https:\/\/elpuucnoticias.com\/?s={search_term_string}\"},\"query-input\":\"required name=search_term_string\"}],\"inLanguage\":\"es\"},{\"@type\":\"ImageObject\",\"@id\":\"https:\/\/elpuucnoticias.com\/?p=1478#primaryimage\",\"inLanguage\":\"es\",\"url\":\"https:\/\/elpuucnoticias.com\/wp-content\/uploads\/2022\/05\/madres-1.jpg\",\"contentUrl\":\"https:\/\/elpuucnoticias.com\/wp-content\/uploads\/2022\/05\/madres-1.jpg\",\"width\":1600,\"height\":1200},{\"@type\":\"WebPage\",\"@id\":\"https:\/\/elpuucnoticias.com\/?p=1478#webpage\",\"url\":\"https:\/\/elpuucnoticias.com\/?p=1478\",\"name\":\"Ofrenda floral en Tixm\u00e9huac en el D\u00eda de las Madres. Ang\u00e9lica Pant\u00ed Cervera felicita a las mam\u00e1s guerreras de su comunidad - El Puuc Noticias\",\"isPartOf\":{\"@id\":\"https:\/\/elpuucnoticias.com\/#website\"},\"primaryImageOfPage\":{\"@id\":\"https:\/\/elpuucnoticias.com\/?p=1478#primaryimage\"},\"datePublished\":\"2022-05-10T18:25:37+00:00\",\"dateModified\":\"2022-05-10T18:25:38+00:00\",\"author\":{\"@id\":\"https:\/\/elpuucnoticias.com\/#\/schema\/person\/d2ea09e4c97f0160b11cdfb1d856bd9e\"},\"breadcrumb\":{\"@id\":\"https:\/\/elpuucnoticias.com\/?p=1478#breadcrumb\"},\"inLanguage\":\"es\",\"potentialAction\":[{\"@type\":\"ReadAction\",\"target\":[\"https:\/\/elpuucnoticias.com\/?p=1478\"]}]},{\"@type\":\"BreadcrumbList\",\"@id\":\"https:\/\/elpuucnoticias.com\/?p=1478#breadcrumb\",\"itemListElement\":[{\"@type\":\"ListItem\",\"position\":1,\"name\":\"Portada\",\"item\":\"https:\/\/elpuucnoticias.com\/\"},{\"@type\":\"ListItem\",\"position\":2,\"name\":\"Ofrenda floral en Tixm\u00e9huac en el D\u00eda de las Madres. Ang\u00e9lica Pant\u00ed Cervera felicita a las mam\u00e1s guerreras de su comunidad\"}]},{\"@type\":\"Person\",\"@id\":\"https:\/\/elpuucnoticias.com\/#\/schema\/person\/d2ea09e4c97f0160b11cdfb1d856bd9e\",\"name\":\"elpuucnoticias\",\"image\":{\"@type\":\"ImageObject\",\"@id\":\"https:\/\/elpuucnoticias.com\/#personlogo\",\"inLanguage\":\"es\",\"url\":\"https:\/\/secure.gravatar.com\/avatar\/5290a43657c74ffa15701dbe5b846bd85cc71930d803c84e91046a7333de6ce2?s=96&d=mm&r=g\",\"contentUrl\":\"https:\/\/secure.gravatar.com\/avatar\/5290a43657c74ffa15701dbe5b846bd85cc71930d803c84e91046a7333de6ce2?s=96&d=mm&r=g\",\"caption\":\"elpuucnoticias\"},\"sameAs\":[\"https:\/\/elpuucnoticias.com\"],\"url\":\"https:\/\/elpuucnoticias.com\/?author=1\"}]}<\/script>\n<!-- \/ Yoast SEO plugin. -->","yoast_head_json":{"title":"Ofrenda floral en Tixm\u00e9huac en el D\u00eda de las Madres. Ang\u00e9lica Pant\u00ed Cervera felicita a las mam\u00e1s guerreras de su comunidad - El Puuc Noticias","robots":{"index":"index","follow":"follow","max-snippet":"max-snippet:-1","max-image-preview":"max-image-preview:large","max-video-preview":"max-video-preview:-1"},"canonical":"https:\/\/elpuucnoticias.com\/?p=1478","og_locale":"es_ES","og_type":"article","og_title":"Ofrenda floral en Tixm\u00e9huac en el D\u00eda de las Madres. Ang\u00e9lica Pant\u00ed Cervera felicita a las mam\u00e1s guerreras de su comunidad - El Puuc Noticias","og_description":"Con una ofrenda floral que se coloc\u00f3 esta ma\u00f1ana en el monumento a la madre, la alcaldesa de","og_url":"https:\/\/elpuucnoticias.com\/?p=1478","og_site_name":"El Puuc Noticias","article_published_time":"2022-05-10T18:25:37+00:00","article_modified_time":"2022-05-10T18:25:38+00:00","og_image":[{"width":1600,"height":1200,"url":"https:\/\/elpuucnoticias.com\/wp-content\/uploads\/2022\/05\/madres-1.jpg","type":"image\/jpeg"}],"twitter_card":"summary_large_image","twitter_misc":{"Escrito por":"elpuucnoticias","Tiempo de lectura":"2 minutos"},"schema":{"@context":"https:\/\/schema.org","@graph":[{"@type":"WebSite","@id":"https:\/\/elpuucnoticias.com\/#website","url":"https:\/\/elpuucnoticias.com\/","name":"El Puuc Noticias","description":"Noticias - Entretenimiento - Deportes","potentialAction":[{"@type":"SearchAction","target":{"@type":"EntryPoint","urlTemplate":"https:\/\/elpuucnoticias.com\/?s={search_term_string}"},"query-input":"required name=search_term_string"}],"inLanguage":"es"},{"@type":"ImageObject","@id":"https:\/\/elpuucnoticias.com\/?p=1478#primaryimage","inLanguage":"es","url":"https:\/\/elpuucnoticias.com\/wp-content\/uploads\/2022\/05\/madres-1.jpg","contentUrl":"https:\/\/elpuucnoticias.com\/wp-content\/uploads\/2022\/05\/madres-1.jpg","width":1600,"height":1200},{"@type":"WebPage","@id":"https:\/\/elpuucnoticias.com\/?p=1478#webpage","url":"https:\/\/elpuucnoticias.com\/?p=1478","name":"Ofrenda floral en Tixm\u00e9huac en el D\u00eda de las Madres. Ang\u00e9lica Pant\u00ed Cervera felicita a las mam\u00e1s guerreras de su comunidad - El Puuc Noticias","isPartOf":{"@id":"https:\/\/elpuucnoticias.com\/#website"},"primaryImageOfPage":{"@id":"https:\/\/elpuucnoticias.com\/?p=1478#primaryimage"},"datePublished":"2022-05-10T18:25:37+00:00","dateModified":"2022-05-10T18:25:38+00:00","author":{"@id":"https:\/\/elpuucnoticias.com\/#\/schema\/person\/d2ea09e4c97f0160b11cdfb1d856bd9e"},"breadcrumb":{"@id":"https:\/\/elpuucnoticias.com\/?p=1478#breadcrumb"},"inLanguage":"es","potentialAction":[{"@type":"ReadAction","target":["https:\/\/elpuucnoticias.com\/?p=1478"]}]},{"@type":"BreadcrumbList","@id":"https:\/\/elpuucnoticias.com\/?p=1478#breadcrumb","itemListElement":[{"@type":"ListItem","position":1,"name":"Portada","item":"https:\/\/elpuucnoticias.com\/"},{"@type":"ListItem","position":2,"name":"Ofrenda floral en Tixm\u00e9huac en el D\u00eda de las Madres. Ang\u00e9lica Pant\u00ed Cervera felicita a las mam\u00e1s guerreras de su comunidad"}]},{"@type":"Person","@id":"https:\/\/elpuucnoticias.com\/#\/schema\/person\/d2ea09e4c97f0160b11cdfb1d856bd9e","name":"elpuucnoticias","image":{"@type":"ImageObject","@id":"https:\/\/elpuucnoticias.com\/#personlogo","inLanguage":"es","url":"https:\/\/secure.gravatar.com\/avatar\/5290a43657c74ffa15701dbe5b846bd85cc71930d803c84e91046a7333de6ce2?s=96&d=mm&r=g","contentUrl":"https:\/\/secure.gravatar.com\/avatar\/5290a43657c74ffa15701dbe5b846bd85cc71930d803c84e91046a7333de6ce2?s=96&d=mm&r=g","caption":"elpuucnoticias"},"sameAs":["https:\/\/elpuucnoticias.com"],"url":"https:\/\/elpuucnoticias.com\/?author=1"}]}},"_links":{"self":[{"href":"https:\/\/elpuucnoticias.com\/index.php?rest_route=\/wp\/v2\/posts\/1478","targetHints":{"allow":["GET"]}}],"collection":[{"href":"https:\/\/elpuucnoticias.com\/index.php?rest_route=\/wp\/v2\/posts"}],"about":[{"href":"https:\/\/elpuucnoticias.com\/index.php?rest_route=\/wp\/v2\/types\/post"}],"author":[{"embeddable":true,"href":"https:\/\/elpuucnoticias.com\/index.php?rest_route=\/wp\/v2\/users\/1"}],"replies":[{"embeddable":true,"href":"https:\/\/elpuucnoticias.com\/index.php?rest_route=%2Fwp%2Fv2%2Fcomments&post=1478"}],"version-history":[{"count":1,"href":"https:\/\/elpuucnoticias.com\/index.php?rest_route=\/wp\/v2\/posts\/1478\/revisions"}],"predecessor-version":[{"id":1482,"href":"https:\/\/elpuucnoticias.com\/index.php?rest_route=\/wp\/v2\/posts\/1478\/revisions\/1482"}],"wp:featuredmedia":[{"embeddable":true,"href":"https:\/\/elpuucnoticias.com\/index.php?rest_route=\/wp\/v2\/media\/1479"}],"wp:attachment":[{"href":"https:\/\/elpuucnoticias.com\/index.php?rest_route=%2Fwp%2Fv2%2Fmedia&parent=1478"}],"wp:term":[{"taxonomy":"category","embeddable":true,"href":"https:\/\/elpuucnoticias.com\/index.php?rest_route=%2Fwp%2Fv2%2Fcategories&post=1478"},{"taxonomy":"post_tag","embeddable":true,"href":"https:\/\/elpuucnoticias.com\/index.php?rest_route=%2Fwp%2Fv2%2Ftags&post=1478"}],"curies":[{"name":"wp","href":"https:\/\/api.w.org\/{rel}","templated":true}]}}