{"id":1497,"date":"2022-05-10T20:24:50","date_gmt":"2022-05-11T02:24:50","guid":{"rendered":"https:\/\/elpuucnoticias.com\/?p=1497"},"modified":"2022-05-10T20:24:52","modified_gmt":"2022-05-11T02:24:52","slug":"anuencia-en-ticul-para-la-realizacion-de-corridas-de-toros-a-semanas-que-su-alcalde-se-opuso-a-eventos-donde-se-exhibe-el-maltrato-animal","status":"publish","type":"post","link":"https:\/\/elpuucnoticias.com\/?p=1497","title":{"rendered":"Anuencia en Ticul para la realizaci\u00f3n de corridas de toros, a semanas que su alcalde se opuso a eventos donde se exhibe el maltrato animal"},"content":{"rendered":"\n<p>En La Perla del Sur, municipio del Sur con numerosas pol\u00e9micas contra su Ayuntamiento por una supuesta mala priorizaci\u00f3n de obras, esta semana se inici\u00f3 el levantamiento de un coso taurino en el campo de b\u00e9isbol de la Colonia Obrera.<\/p>\n\n\n\n<p>Sin embargo, en las redes los usuarios lamentan que Rafael Gerardo Montalvo Mata, haya dado esa anuencia a unas semanas de que lament\u00f3 y conden\u00f3 ese tipo de eventos en los que, incluso, se exhibe el maltrato animal.<\/p>\n\n\n\n<figure class=\"wp-block-image size-large is-resized\"><img loading=\"lazy\" decoding=\"async\" src=\"https:\/\/elpuucnoticias.com\/wp-content\/uploads\/2022\/05\/felino-flayer-1024x583.jpg\" alt=\"\" class=\"wp-image-1402\" width=\"406\" height=\"231\" srcset=\"https:\/\/elpuucnoticias.com\/wp-content\/uploads\/2022\/05\/felino-flayer-1024x583.jpg 1024w, https:\/\/elpuucnoticias.com\/wp-content\/uploads\/2022\/05\/felino-flayer-300x171.jpg 300w, https:\/\/elpuucnoticias.com\/wp-content\/uploads\/2022\/05\/felino-flayer-768x437.jpg 768w, https:\/\/elpuucnoticias.com\/wp-content\/uploads\/2022\/05\/felino-flayer.jpg 1237w\" sizes=\"auto, (max-width: 406px) 100vw, 406px\" \/><\/figure>\n\n\n\n<p>Lo anterior ocurri\u00f3 luego que se difundi\u00f3 la realizaci\u00f3n de un evento en el que un caballo termin\u00f3 destripado, y un jinete result\u00f3 con diversas lesiones. Empero, en el campo de b\u00e9isbol de la Colonia Obrera se ha iniciado el levantamiento de un coso, para la realizaci\u00f3n de corridas, no se ha informado si habr\u00e1 torneos de lazo.<\/p>\n\n\n\n<p>Seg\u00fan se averigu\u00f3 las corridas se realizar\u00edan en el campo de f\u00fatbol de esa colonia, pero a manifestaci\u00f3n de deportistas se traslad\u00f3 al de b\u00e9isbol, donde hasta el momento, quienes practican ese deporte no le han recriminado a Rafael Montalvo por permitir que se use ese espacio.<\/p>\n\n\n\n<p>En las redes se han generado diversas pol\u00e9micas, algunos a favor de estos eventos taurinos y otros considerando que se deben trasladar a otros espacios m\u00e1s seguros y alejados de la zona urbana, principalmente ante la posibilidad de que alg\u00fan toro se escape y pueda lesionar a alguna persona que cruza por esas calles, como ocurri\u00f3 en Chumayel recientemente.\u2014 <em>El Puuc Noticias<\/em><\/p>\n","protected":false},"excerpt":{"rendered":"<p>En La Perla del Sur, municipio del Sur con numerosas pol\u00e9micas contra su Ayuntamiento por una supuesta mala<\/p>\n","protected":false},"author":1,"featured_media":1498,"comment_status":"closed","ping_status":"open","sticky":false,"template":"","format":"standard","meta":{"_monsterinsights_skip_tracking":false,"_monsterinsights_sitenote_active":false,"_monsterinsights_sitenote_note":"","_monsterinsights_sitenote_category":0,"footnotes":""},"categories":[11,13],"tags":[],"class_list":["post-1497","post","type-post","status-publish","format-standard","has-post-thumbnail","hentry","category-noticias","category-ticul"],"yoast_head":"<!-- This site is optimized with the Yoast SEO plugin v18.3 - https:\/\/yoast.com\/wordpress\/plugins\/seo\/ -->\n<title>Anuencia en Ticul para la realizaci\u00f3n de corridas de toros, a semanas que su alcalde se opuso a eventos donde se exhibe el maltrato animal - El Puuc Noticias<\/title>\n<meta name=\"robots\" content=\"index, follow, max-snippet:-1, max-image-preview:large, max-video-preview:-1\" \/>\n<link rel=\"canonical\" href=\"https:\/\/elpuucnoticias.com\/?p=1497\" \/>\n<meta property=\"og:locale\" content=\"es_ES\" \/>\n<meta property=\"og:type\" content=\"article\" \/>\n<meta property=\"og:title\" content=\"Anuencia en Ticul para la realizaci\u00f3n de corridas de toros, a semanas que su alcalde se opuso a eventos donde se exhibe el maltrato animal - El Puuc Noticias\" \/>\n<meta property=\"og:description\" content=\"En La Perla del Sur, municipio del Sur con numerosas pol\u00e9micas contra su Ayuntamiento por una supuesta mala\" \/>\n<meta property=\"og:url\" content=\"https:\/\/elpuucnoticias.com\/?p=1497\" \/>\n<meta property=\"og:site_name\" content=\"El Puuc Noticias\" \/>\n<meta property=\"article:published_time\" content=\"2022-05-11T02:24:50+00:00\" \/>\n<meta property=\"article:modified_time\" content=\"2022-05-11T02:24:52+00:00\" \/>\n<meta property=\"og:image\" content=\"https:\/\/elpuucnoticias.com\/wp-content\/uploads\/2022\/05\/corridas-ticul.jpeg\" \/>\n\t<meta property=\"og:image:width\" content=\"1600\" \/>\n\t<meta property=\"og:image:height\" content=\"1005\" \/>\n\t<meta property=\"og:image:type\" content=\"image\/jpeg\" \/>\n<meta name=\"twitter:card\" content=\"summary_large_image\" \/>\n<meta name=\"twitter:label1\" content=\"Escrito por\" \/>\n\t<meta name=\"twitter:data1\" content=\"elpuucnoticias\" \/>\n\t<meta name=\"twitter:label2\" content=\"Tiempo de lectura\" \/>\n\t<meta name=\"twitter:data2\" content=\"2 minutos\" \/>\n<script type=\"application\/ld+json\" class=\"yoast-schema-graph\">{\"@context\":\"https:\/\/schema.org\",\"@graph\":[{\"@type\":\"WebSite\",\"@id\":\"https:\/\/elpuucnoticias.com\/#website\",\"url\":\"https:\/\/elpuucnoticias.com\/\",\"name\":\"El Puuc Noticias\",\"description\":\"Noticias - Entretenimiento - Deportes\",\"potentialAction\":[{\"@type\":\"SearchAction\",\"target\":{\"@type\":\"EntryPoint\",\"urlTemplate\":\"https:\/\/elpuucnoticias.com\/?s={search_term_string}\"},\"query-input\":\"required name=search_term_string\"}],\"inLanguage\":\"es\"},{\"@type\":\"ImageObject\",\"@id\":\"https:\/\/elpuucnoticias.com\/?p=1497#primaryimage\",\"inLanguage\":\"es\",\"url\":\"https:\/\/elpuucnoticias.com\/wp-content\/uploads\/2022\/05\/corridas-ticul.jpeg\",\"contentUrl\":\"https:\/\/elpuucnoticias.com\/wp-content\/uploads\/2022\/05\/corridas-ticul.jpeg\",\"width\":1600,\"height\":1005},{\"@type\":\"WebPage\",\"@id\":\"https:\/\/elpuucnoticias.com\/?p=1497#webpage\",\"url\":\"https:\/\/elpuucnoticias.com\/?p=1497\",\"name\":\"Anuencia en Ticul para la realizaci\u00f3n de corridas de toros, a semanas que su alcalde se opuso a eventos donde se exhibe el maltrato animal - El Puuc Noticias\",\"isPartOf\":{\"@id\":\"https:\/\/elpuucnoticias.com\/#website\"},\"primaryImageOfPage\":{\"@id\":\"https:\/\/elpuucnoticias.com\/?p=1497#primaryimage\"},\"datePublished\":\"2022-05-11T02:24:50+00:00\",\"dateModified\":\"2022-05-11T02:24:52+00:00\",\"author\":{\"@id\":\"https:\/\/elpuucnoticias.com\/#\/schema\/person\/d2ea09e4c97f0160b11cdfb1d856bd9e\"},\"breadcrumb\":{\"@id\":\"https:\/\/elpuucnoticias.com\/?p=1497#breadcrumb\"},\"inLanguage\":\"es\",\"potentialAction\":[{\"@type\":\"ReadAction\",\"target\":[\"https:\/\/elpuucnoticias.com\/?p=1497\"]}]},{\"@type\":\"BreadcrumbList\",\"@id\":\"https:\/\/elpuucnoticias.com\/?p=1497#breadcrumb\",\"itemListElement\":[{\"@type\":\"ListItem\",\"position\":1,\"name\":\"Portada\",\"item\":\"https:\/\/elpuucnoticias.com\/\"},{\"@type\":\"ListItem\",\"position\":2,\"name\":\"Anuencia en Ticul para la realizaci\u00f3n de corridas de toros, a semanas que su alcalde se opuso a eventos donde se exhibe el maltrato animal\"}]},{\"@type\":\"Person\",\"@id\":\"https:\/\/elpuucnoticias.com\/#\/schema\/person\/d2ea09e4c97f0160b11cdfb1d856bd9e\",\"name\":\"elpuucnoticias\",\"image\":{\"@type\":\"ImageObject\",\"@id\":\"https:\/\/elpuucnoticias.com\/#personlogo\",\"inLanguage\":\"es\",\"url\":\"https:\/\/secure.gravatar.com\/avatar\/5290a43657c74ffa15701dbe5b846bd85cc71930d803c84e91046a7333de6ce2?s=96&d=mm&r=g\",\"contentUrl\":\"https:\/\/secure.gravatar.com\/avatar\/5290a43657c74ffa15701dbe5b846bd85cc71930d803c84e91046a7333de6ce2?s=96&d=mm&r=g\",\"caption\":\"elpuucnoticias\"},\"sameAs\":[\"https:\/\/elpuucnoticias.com\"],\"url\":\"https:\/\/elpuucnoticias.com\/?author=1\"}]}<\/script>\n<!-- \/ Yoast SEO plugin. -->","yoast_head_json":{"title":"Anuencia en Ticul para la realizaci\u00f3n de corridas de toros, a semanas que su alcalde se opuso a eventos donde se exhibe el maltrato animal - El Puuc Noticias","robots":{"index":"index","follow":"follow","max-snippet":"max-snippet:-1","max-image-preview":"max-image-preview:large","max-video-preview":"max-video-preview:-1"},"canonical":"https:\/\/elpuucnoticias.com\/?p=1497","og_locale":"es_ES","og_type":"article","og_title":"Anuencia en Ticul para la realizaci\u00f3n de corridas de toros, a semanas que su alcalde se opuso a eventos donde se exhibe el maltrato animal - El Puuc Noticias","og_description":"En La Perla del Sur, municipio del Sur con numerosas pol\u00e9micas contra su Ayuntamiento por una supuesta mala","og_url":"https:\/\/elpuucnoticias.com\/?p=1497","og_site_name":"El Puuc Noticias","article_published_time":"2022-05-11T02:24:50+00:00","article_modified_time":"2022-05-11T02:24:52+00:00","og_image":[{"width":1600,"height":1005,"url":"https:\/\/elpuucnoticias.com\/wp-content\/uploads\/2022\/05\/corridas-ticul.jpeg","type":"image\/jpeg"}],"twitter_card":"summary_large_image","twitter_misc":{"Escrito por":"elpuucnoticias","Tiempo de lectura":"2 minutos"},"schema":{"@context":"https:\/\/schema.org","@graph":[{"@type":"WebSite","@id":"https:\/\/elpuucnoticias.com\/#website","url":"https:\/\/elpuucnoticias.com\/","name":"El Puuc Noticias","description":"Noticias - Entretenimiento - Deportes","potentialAction":[{"@type":"SearchAction","target":{"@type":"EntryPoint","urlTemplate":"https:\/\/elpuucnoticias.com\/?s={search_term_string}"},"query-input":"required name=search_term_string"}],"inLanguage":"es"},{"@type":"ImageObject","@id":"https:\/\/elpuucnoticias.com\/?p=1497#primaryimage","inLanguage":"es","url":"https:\/\/elpuucnoticias.com\/wp-content\/uploads\/2022\/05\/corridas-ticul.jpeg","contentUrl":"https:\/\/elpuucnoticias.com\/wp-content\/uploads\/2022\/05\/corridas-ticul.jpeg","width":1600,"height":1005},{"@type":"WebPage","@id":"https:\/\/elpuucnoticias.com\/?p=1497#webpage","url":"https:\/\/elpuucnoticias.com\/?p=1497","name":"Anuencia en Ticul para la realizaci\u00f3n de corridas de toros, a semanas que su alcalde se opuso a eventos donde se exhibe el maltrato animal - El Puuc Noticias","isPartOf":{"@id":"https:\/\/elpuucnoticias.com\/#website"},"primaryImageOfPage":{"@id":"https:\/\/elpuucnoticias.com\/?p=1497#primaryimage"},"datePublished":"2022-05-11T02:24:50+00:00","dateModified":"2022-05-11T02:24:52+00:00","author":{"@id":"https:\/\/elpuucnoticias.com\/#\/schema\/person\/d2ea09e4c97f0160b11cdfb1d856bd9e"},"breadcrumb":{"@id":"https:\/\/elpuucnoticias.com\/?p=1497#breadcrumb"},"inLanguage":"es","potentialAction":[{"@type":"ReadAction","target":["https:\/\/elpuucnoticias.com\/?p=1497"]}]},{"@type":"BreadcrumbList","@id":"https:\/\/elpuucnoticias.com\/?p=1497#breadcrumb","itemListElement":[{"@type":"ListItem","position":1,"name":"Portada","item":"https:\/\/elpuucnoticias.com\/"},{"@type":"ListItem","position":2,"name":"Anuencia en Ticul para la realizaci\u00f3n de corridas de toros, a semanas que su alcalde se opuso a eventos donde se exhibe el maltrato animal"}]},{"@type":"Person","@id":"https:\/\/elpuucnoticias.com\/#\/schema\/person\/d2ea09e4c97f0160b11cdfb1d856bd9e","name":"elpuucnoticias","image":{"@type":"ImageObject","@id":"https:\/\/elpuucnoticias.com\/#personlogo","inLanguage":"es","url":"https:\/\/secure.gravatar.com\/avatar\/5290a43657c74ffa15701dbe5b846bd85cc71930d803c84e91046a7333de6ce2?s=96&d=mm&r=g","contentUrl":"https:\/\/secure.gravatar.com\/avatar\/5290a43657c74ffa15701dbe5b846bd85cc71930d803c84e91046a7333de6ce2?s=96&d=mm&r=g","caption":"elpuucnoticias"},"sameAs":["https:\/\/elpuucnoticias.com"],"url":"https:\/\/elpuucnoticias.com\/?author=1"}]}},"_links":{"self":[{"href":"https:\/\/elpuucnoticias.com\/index.php?rest_route=\/wp\/v2\/posts\/1497","targetHints":{"allow":["GET"]}}],"collection":[{"href":"https:\/\/elpuucnoticias.com\/index.php?rest_route=\/wp\/v2\/posts"}],"about":[{"href":"https:\/\/elpuucnoticias.com\/index.php?rest_route=\/wp\/v2\/types\/post"}],"author":[{"embeddable":true,"href":"https:\/\/elpuucnoticias.com\/index.php?rest_route=\/wp\/v2\/users\/1"}],"replies":[{"embeddable":true,"href":"https:\/\/elpuucnoticias.com\/index.php?rest_route=%2Fwp%2Fv2%2Fcomments&post=1497"}],"version-history":[{"count":1,"href":"https:\/\/elpuucnoticias.com\/index.php?rest_route=\/wp\/v2\/posts\/1497\/revisions"}],"predecessor-version":[{"id":1499,"href":"https:\/\/elpuucnoticias.com\/index.php?rest_route=\/wp\/v2\/posts\/1497\/revisions\/1499"}],"wp:featuredmedia":[{"embeddable":true,"href":"https:\/\/elpuucnoticias.com\/index.php?rest_route=\/wp\/v2\/media\/1498"}],"wp:attachment":[{"href":"https:\/\/elpuucnoticias.com\/index.php?rest_route=%2Fwp%2Fv2%2Fmedia&parent=1497"}],"wp:term":[{"taxonomy":"category","embeddable":true,"href":"https:\/\/elpuucnoticias.com\/index.php?rest_route=%2Fwp%2Fv2%2Fcategories&post=1497"},{"taxonomy":"post_tag","embeddable":true,"href":"https:\/\/elpuucnoticias.com\/index.php?rest_route=%2Fwp%2Fv2%2Ftags&post=1497"}],"curies":[{"name":"wp","href":"https:\/\/api.w.org\/{rel}","templated":true}]}}