{"id":15344,"date":"2024-08-23T11:11:59","date_gmt":"2024-08-23T17:11:59","guid":{"rendered":"https:\/\/elpuucnoticias.com\/?p=15344"},"modified":"2024-08-23T11:12:00","modified_gmt":"2024-08-23T17:12:00","slug":"aspira-la-atleta-quintanarroense-scarlett-gongora-en-competir-en-juegos-paraolimpicos-del-2028","status":"publish","type":"post","link":"https:\/\/elpuucnoticias.com\/?p=15344","title":{"rendered":"Aspira la atleta quintanarroense Scarlett G\u00f3ngora en competir en Juegos Paraol\u00edmpicos del 2028"},"content":{"rendered":"\n<p>Con la motivaci\u00f3n de llegar a representar a M\u00e9xico y a Quintana Roo en los pr\u00f3ximos Juegos Paraol\u00edmpicos a celebrarse en Los \u00c1ngeles 2028, la atleta chetumale\u00f1a en la disciplina de paratenis de mesa, Scarlett G\u00f3ngora Maga\u00f1a, anunci\u00f3 que iniciar\u00e1 pronto con su proceso preparaci\u00f3n ol\u00edmpica, y lo har\u00e1 contando con el respaldo de la Comisi\u00f3n del Deporte de Quintana Roo (CODEQ), presidida Jacobo Arzate Hop.<\/p>\n\n\n\n<p>En del Nuevo Acuerdo por el Bienestar y Desarrollo de Quintana Roo promovido por la gobernadora Mara Lezama Espinosa, se prioriza el apoyo y respaldo de las y los atletas quintanarroenses, para que cumplan con sus objetivos deportivos, por eso a trav\u00e9s de la CODEQ, se sigue trabajando #ANivelDeCancha y muy de cerca con las y los deportistas de la entidad.<\/p>\n\n\n\n<p>\u201cTenemos programado hacer un proceso con grandes expectativas y mucha ilusi\u00f3n, y para ello pondr\u00e9 todo mi esfuerzo. Para conseguir el ansiado boleto a los Juegos Paraol\u00edmpicos se ha trazado metas muy claras y precisas\u201d, coment\u00f3 Scarlett G\u00f3ngora al reunirse con el titular de la CODEQ.<\/p>\n\n\n\n<figure class=\"wp-block-image is-style-default\"><img decoding=\"async\" src=\"https:\/\/cgc.qroo.gob.mx\/cjg\/wp-content\/uploads\/2024\/08\/WhatsApp-Image-2024-08-22-at-12.28.32-585x390.jpeg\" alt=\"\" title=\"WhatsApp Image 2024-08-22 at 12.28.32\"\/><\/figure>\n\n\n\n<p>Cabe destacar que la originaria de Chetumal, ha demostrado su gran nivel y es multimedallista en competencias de gran realce, como los Parapanamericanos de Santiago de Chile 2023, donde consigui\u00f3 tres medallas de bronce para M\u00e9xico, resultado que la coloc\u00f3 a solo dos puntos de conseguir su plaza Paral\u00edmpica para Par\u00eds 2024.<\/p>\n\n\n\n<p>Para conseguir el boleto paral\u00edmpico, la jugadora quintanarroense resalt\u00f3 que entre los objetivos dentro de este proceso est\u00e1 \u201cproclamarse campeona en los Paracentroamericanos, clasificar y obtener el t\u00edtulo en los Paraanamericanos de Tenis de Mesa y obtener la medalla de oro en los Parapanamericanos de Lima, Per\u00fa del 2027\u201d, destac\u00f3.<\/p>\n\n\n\n<p>\u201cQuiero agradecer a nuestra gobernadora Mara Lezama y al presidente de la CODEQ, Jacobo Arzate, por brindarme su apoyo en este largo camino que tengo programado, estoy segura que lograremos el objetivo\u201d, dijo la atleta, quien se siente inspirada para lograr la meta de llegar a Los \u00c1ngeles.<\/p>\n\n\n\n<p><\/p>\n","protected":false},"excerpt":{"rendered":"<p>Con la motivaci\u00f3n de llegar a representar a M\u00e9xico y a Quintana Roo en los pr\u00f3ximos Juegos Paraol\u00edmpicos<\/p>\n","protected":false},"author":1,"featured_media":15345,"comment_status":"closed","ping_status":"open","sticky":false,"template":"","format":"standard","meta":{"_monsterinsights_skip_tracking":false,"_monsterinsights_sitenote_active":false,"_monsterinsights_sitenote_note":"","_monsterinsights_sitenote_category":0,"footnotes":""},"categories":[11,24],"tags":[],"class_list":["post-15344","post","type-post","status-publish","format-standard","has-post-thumbnail","hentry","category-noticias","category-quintana-roo"],"yoast_head":"<!-- This site is optimized with the Yoast SEO plugin v18.3 - https:\/\/yoast.com\/wordpress\/plugins\/seo\/ -->\n<title>Aspira la atleta quintanarroense Scarlett G\u00f3ngora en competir en Juegos Paraol\u00edmpicos del 2028 - El Puuc Noticias<\/title>\n<meta name=\"robots\" content=\"index, follow, max-snippet:-1, max-image-preview:large, max-video-preview:-1\" \/>\n<link rel=\"canonical\" href=\"https:\/\/elpuucnoticias.com\/?p=15344\" \/>\n<meta property=\"og:locale\" content=\"es_ES\" \/>\n<meta property=\"og:type\" content=\"article\" \/>\n<meta property=\"og:title\" content=\"Aspira la atleta quintanarroense Scarlett G\u00f3ngora en competir en Juegos Paraol\u00edmpicos del 2028 - El Puuc Noticias\" \/>\n<meta property=\"og:description\" content=\"Con la motivaci\u00f3n de llegar a representar a M\u00e9xico y a Quintana Roo en los pr\u00f3ximos Juegos Paraol\u00edmpicos\" \/>\n<meta property=\"og:url\" content=\"https:\/\/elpuucnoticias.com\/?p=15344\" \/>\n<meta property=\"og:site_name\" content=\"El Puuc Noticias\" \/>\n<meta property=\"article:published_time\" content=\"2024-08-23T17:11:59+00:00\" \/>\n<meta property=\"article:modified_time\" content=\"2024-08-23T17:12:00+00:00\" \/>\n<meta property=\"og:image\" content=\"https:\/\/elpuucnoticias.com\/wp-content\/uploads\/2024\/08\/yg.jpeg\" \/>\n\t<meta property=\"og:image:width\" content=\"1600\" \/>\n\t<meta property=\"og:image:height\" content=\"1066\" \/>\n\t<meta property=\"og:image:type\" content=\"image\/jpeg\" \/>\n<meta name=\"twitter:card\" content=\"summary_large_image\" \/>\n<meta name=\"twitter:label1\" content=\"Escrito por\" \/>\n\t<meta name=\"twitter:data1\" content=\"elpuucnoticias\" \/>\n\t<meta name=\"twitter:label2\" content=\"Tiempo de lectura\" \/>\n\t<meta name=\"twitter:data2\" content=\"2 minutos\" \/>\n<script type=\"application\/ld+json\" class=\"yoast-schema-graph\">{\"@context\":\"https:\/\/schema.org\",\"@graph\":[{\"@type\":\"WebSite\",\"@id\":\"https:\/\/elpuucnoticias.com\/#website\",\"url\":\"https:\/\/elpuucnoticias.com\/\",\"name\":\"El Puuc Noticias\",\"description\":\"Noticias - Entretenimiento - Deportes\",\"potentialAction\":[{\"@type\":\"SearchAction\",\"target\":{\"@type\":\"EntryPoint\",\"urlTemplate\":\"https:\/\/elpuucnoticias.com\/?s={search_term_string}\"},\"query-input\":\"required name=search_term_string\"}],\"inLanguage\":\"es\"},{\"@type\":\"ImageObject\",\"@id\":\"https:\/\/elpuucnoticias.com\/?p=15344#primaryimage\",\"inLanguage\":\"es\",\"url\":\"https:\/\/elpuucnoticias.com\/wp-content\/uploads\/2024\/08\/yg.jpeg\",\"contentUrl\":\"https:\/\/elpuucnoticias.com\/wp-content\/uploads\/2024\/08\/yg.jpeg\",\"width\":1600,\"height\":1066},{\"@type\":\"WebPage\",\"@id\":\"https:\/\/elpuucnoticias.com\/?p=15344#webpage\",\"url\":\"https:\/\/elpuucnoticias.com\/?p=15344\",\"name\":\"Aspira la atleta quintanarroense Scarlett G\u00f3ngora en competir en Juegos Paraol\u00edmpicos del 2028 - El Puuc Noticias\",\"isPartOf\":{\"@id\":\"https:\/\/elpuucnoticias.com\/#website\"},\"primaryImageOfPage\":{\"@id\":\"https:\/\/elpuucnoticias.com\/?p=15344#primaryimage\"},\"datePublished\":\"2024-08-23T17:11:59+00:00\",\"dateModified\":\"2024-08-23T17:12:00+00:00\",\"author\":{\"@id\":\"https:\/\/elpuucnoticias.com\/#\/schema\/person\/d2ea09e4c97f0160b11cdfb1d856bd9e\"},\"breadcrumb\":{\"@id\":\"https:\/\/elpuucnoticias.com\/?p=15344#breadcrumb\"},\"inLanguage\":\"es\",\"potentialAction\":[{\"@type\":\"ReadAction\",\"target\":[\"https:\/\/elpuucnoticias.com\/?p=15344\"]}]},{\"@type\":\"BreadcrumbList\",\"@id\":\"https:\/\/elpuucnoticias.com\/?p=15344#breadcrumb\",\"itemListElement\":[{\"@type\":\"ListItem\",\"position\":1,\"name\":\"Portada\",\"item\":\"https:\/\/elpuucnoticias.com\/\"},{\"@type\":\"ListItem\",\"position\":2,\"name\":\"Aspira la atleta quintanarroense Scarlett G\u00f3ngora en competir en Juegos Paraol\u00edmpicos del 2028\"}]},{\"@type\":\"Person\",\"@id\":\"https:\/\/elpuucnoticias.com\/#\/schema\/person\/d2ea09e4c97f0160b11cdfb1d856bd9e\",\"name\":\"elpuucnoticias\",\"image\":{\"@type\":\"ImageObject\",\"@id\":\"https:\/\/elpuucnoticias.com\/#personlogo\",\"inLanguage\":\"es\",\"url\":\"https:\/\/secure.gravatar.com\/avatar\/5290a43657c74ffa15701dbe5b846bd85cc71930d803c84e91046a7333de6ce2?s=96&d=mm&r=g\",\"contentUrl\":\"https:\/\/secure.gravatar.com\/avatar\/5290a43657c74ffa15701dbe5b846bd85cc71930d803c84e91046a7333de6ce2?s=96&d=mm&r=g\",\"caption\":\"elpuucnoticias\"},\"sameAs\":[\"https:\/\/elpuucnoticias.com\"],\"url\":\"https:\/\/elpuucnoticias.com\/?author=1\"}]}<\/script>\n<!-- \/ Yoast SEO plugin. -->","yoast_head_json":{"title":"Aspira la atleta quintanarroense Scarlett G\u00f3ngora en competir en Juegos Paraol\u00edmpicos del 2028 - El Puuc Noticias","robots":{"index":"index","follow":"follow","max-snippet":"max-snippet:-1","max-image-preview":"max-image-preview:large","max-video-preview":"max-video-preview:-1"},"canonical":"https:\/\/elpuucnoticias.com\/?p=15344","og_locale":"es_ES","og_type":"article","og_title":"Aspira la atleta quintanarroense Scarlett G\u00f3ngora en competir en Juegos Paraol\u00edmpicos del 2028 - El Puuc Noticias","og_description":"Con la motivaci\u00f3n de llegar a representar a M\u00e9xico y a Quintana Roo en los pr\u00f3ximos Juegos Paraol\u00edmpicos","og_url":"https:\/\/elpuucnoticias.com\/?p=15344","og_site_name":"El Puuc Noticias","article_published_time":"2024-08-23T17:11:59+00:00","article_modified_time":"2024-08-23T17:12:00+00:00","og_image":[{"width":1600,"height":1066,"url":"https:\/\/elpuucnoticias.com\/wp-content\/uploads\/2024\/08\/yg.jpeg","type":"image\/jpeg"}],"twitter_card":"summary_large_image","twitter_misc":{"Escrito por":"elpuucnoticias","Tiempo de lectura":"2 minutos"},"schema":{"@context":"https:\/\/schema.org","@graph":[{"@type":"WebSite","@id":"https:\/\/elpuucnoticias.com\/#website","url":"https:\/\/elpuucnoticias.com\/","name":"El Puuc Noticias","description":"Noticias - Entretenimiento - Deportes","potentialAction":[{"@type":"SearchAction","target":{"@type":"EntryPoint","urlTemplate":"https:\/\/elpuucnoticias.com\/?s={search_term_string}"},"query-input":"required name=search_term_string"}],"inLanguage":"es"},{"@type":"ImageObject","@id":"https:\/\/elpuucnoticias.com\/?p=15344#primaryimage","inLanguage":"es","url":"https:\/\/elpuucnoticias.com\/wp-content\/uploads\/2024\/08\/yg.jpeg","contentUrl":"https:\/\/elpuucnoticias.com\/wp-content\/uploads\/2024\/08\/yg.jpeg","width":1600,"height":1066},{"@type":"WebPage","@id":"https:\/\/elpuucnoticias.com\/?p=15344#webpage","url":"https:\/\/elpuucnoticias.com\/?p=15344","name":"Aspira la atleta quintanarroense Scarlett G\u00f3ngora en competir en Juegos Paraol\u00edmpicos del 2028 - El Puuc Noticias","isPartOf":{"@id":"https:\/\/elpuucnoticias.com\/#website"},"primaryImageOfPage":{"@id":"https:\/\/elpuucnoticias.com\/?p=15344#primaryimage"},"datePublished":"2024-08-23T17:11:59+00:00","dateModified":"2024-08-23T17:12:00+00:00","author":{"@id":"https:\/\/elpuucnoticias.com\/#\/schema\/person\/d2ea09e4c97f0160b11cdfb1d856bd9e"},"breadcrumb":{"@id":"https:\/\/elpuucnoticias.com\/?p=15344#breadcrumb"},"inLanguage":"es","potentialAction":[{"@type":"ReadAction","target":["https:\/\/elpuucnoticias.com\/?p=15344"]}]},{"@type":"BreadcrumbList","@id":"https:\/\/elpuucnoticias.com\/?p=15344#breadcrumb","itemListElement":[{"@type":"ListItem","position":1,"name":"Portada","item":"https:\/\/elpuucnoticias.com\/"},{"@type":"ListItem","position":2,"name":"Aspira la atleta quintanarroense Scarlett G\u00f3ngora en competir en Juegos Paraol\u00edmpicos del 2028"}]},{"@type":"Person","@id":"https:\/\/elpuucnoticias.com\/#\/schema\/person\/d2ea09e4c97f0160b11cdfb1d856bd9e","name":"elpuucnoticias","image":{"@type":"ImageObject","@id":"https:\/\/elpuucnoticias.com\/#personlogo","inLanguage":"es","url":"https:\/\/secure.gravatar.com\/avatar\/5290a43657c74ffa15701dbe5b846bd85cc71930d803c84e91046a7333de6ce2?s=96&d=mm&r=g","contentUrl":"https:\/\/secure.gravatar.com\/avatar\/5290a43657c74ffa15701dbe5b846bd85cc71930d803c84e91046a7333de6ce2?s=96&d=mm&r=g","caption":"elpuucnoticias"},"sameAs":["https:\/\/elpuucnoticias.com"],"url":"https:\/\/elpuucnoticias.com\/?author=1"}]}},"_links":{"self":[{"href":"https:\/\/elpuucnoticias.com\/index.php?rest_route=\/wp\/v2\/posts\/15344","targetHints":{"allow":["GET"]}}],"collection":[{"href":"https:\/\/elpuucnoticias.com\/index.php?rest_route=\/wp\/v2\/posts"}],"about":[{"href":"https:\/\/elpuucnoticias.com\/index.php?rest_route=\/wp\/v2\/types\/post"}],"author":[{"embeddable":true,"href":"https:\/\/elpuucnoticias.com\/index.php?rest_route=\/wp\/v2\/users\/1"}],"replies":[{"embeddable":true,"href":"https:\/\/elpuucnoticias.com\/index.php?rest_route=%2Fwp%2Fv2%2Fcomments&post=15344"}],"version-history":[{"count":1,"href":"https:\/\/elpuucnoticias.com\/index.php?rest_route=\/wp\/v2\/posts\/15344\/revisions"}],"predecessor-version":[{"id":15346,"href":"https:\/\/elpuucnoticias.com\/index.php?rest_route=\/wp\/v2\/posts\/15344\/revisions\/15346"}],"wp:featuredmedia":[{"embeddable":true,"href":"https:\/\/elpuucnoticias.com\/index.php?rest_route=\/wp\/v2\/media\/15345"}],"wp:attachment":[{"href":"https:\/\/elpuucnoticias.com\/index.php?rest_route=%2Fwp%2Fv2%2Fmedia&parent=15344"}],"wp:term":[{"taxonomy":"category","embeddable":true,"href":"https:\/\/elpuucnoticias.com\/index.php?rest_route=%2Fwp%2Fv2%2Fcategories&post=15344"},{"taxonomy":"post_tag","embeddable":true,"href":"https:\/\/elpuucnoticias.com\/index.php?rest_route=%2Fwp%2Fv2%2Ftags&post=15344"}],"curies":[{"name":"wp","href":"https:\/\/api.w.org\/{rel}","templated":true}]}}