{"id":15357,"date":"2024-08-23T15:17:08","date_gmt":"2024-08-23T21:17:08","guid":{"rendered":"https:\/\/elpuucnoticias.com\/?p=15357"},"modified":"2024-08-23T15:17:09","modified_gmt":"2024-08-23T21:17:09","slug":"se-reune-mara-lezama-con-proximo-secretario-de-la-sict-para-analizar-proyectos-de-movilidad-en-beneficio-de-la-poblacion-quintanarroense","status":"publish","type":"post","link":"https:\/\/elpuucnoticias.com\/?p=15357","title":{"rendered":"Se re\u00fane Mara Lezama con pr\u00f3ximo secretario de la SICT para analizar proyectos de movilidad en beneficio de la poblaci\u00f3n quintanarroense"},"content":{"rendered":"\n<p>La gobernadora Mara Lezama Espinosa se reuni\u00f3 con Jes\u00fas Antonio Esteva, quien ser\u00e1 el titular de la Secretar\u00eda de Infraestructura, Comunicaciones y Transportes (SICT) en el gobierno de la presidenta electa Claudia Sheinbaum.<\/p>\n\n\n\n<figure class=\"wp-block-image is-style-default\"><img decoding=\"async\" src=\"https:\/\/cgc.qroo.gob.mx\/cjg\/wp-content\/uploads\/2024\/08\/WhatsApp-Image-2024-08-23-at-09.07.21-585x329.jpeg\" alt=\"\" title=\"WhatsApp Image 2024-08-23 at 09.07.21\"\/><\/figure>\n\n\n\n<p>La titular del Ejecutivo present\u00f3 los proyectos prioritarios de infraestructura para la movilidad y el bienestar en el estado de Quintana Roo, con el objetivo de cerrar las brechas de desigualdad y garantizar que la prosperidad compartida beneficie de forma directa a la poblaci\u00f3n.<\/p>\n\n\n\n<figure class=\"wp-block-image is-style-default\"><img decoding=\"async\" src=\"https:\/\/cgc.qroo.gob.mx\/cjg\/wp-content\/uploads\/2024\/08\/WhatsApp-Image-2024-08-23-at-09.07.20-1-585x439.jpeg\" alt=\"\" title=\"WhatsApp Image 2024-08-23 at 09.07.20 (1)\"\/><\/figure>\n\n\n\n<p>Adem\u00e1s, estos proyectos permitir\u00e1n la generaci\u00f3n de nuevas inversiones, nuevos atractivos, mayor movilidad y, desde luego, mayor desarrollo econ\u00f3mico, reafirmando el potencial de Quintana Roo en el pa\u00eds y en Am\u00e9rica Latina.<\/p>\n\n\n\n<p>Por el gobierno de Quintana Roo acompa\u00f1aron a la Gobernadora los secretarios de Finanzas y Planeaci\u00f3n, Eugenio Segura; de Ecolog\u00eda y Medio Ambiente, \u00d3scar R\u00e9bora; de Desarrollo Territorial Urbano Sustentable, Armando Lara De Nigris; el titular de la AGEPRO, Jos\u00e9 Alberto Alonso Ovando; del IFEQROO, Jos\u00e9 Rafael Lara D\u00edaz, y del IMOVEQROO, Rodrigo Alc\u00e1zar.<\/p>\n","protected":false},"excerpt":{"rendered":"<p>La gobernadora Mara Lezama Espinosa se reuni\u00f3 con Jes\u00fas Antonio Esteva, quien ser\u00e1 el titular de la Secretar\u00eda<\/p>\n","protected":false},"author":1,"featured_media":15358,"comment_status":"closed","ping_status":"open","sticky":false,"template":"","format":"standard","meta":{"_monsterinsights_skip_tracking":false,"_monsterinsights_sitenote_active":false,"_monsterinsights_sitenote_note":"","_monsterinsights_sitenote_category":0,"footnotes":""},"categories":[11,24],"tags":[],"class_list":["post-15357","post","type-post","status-publish","format-standard","has-post-thumbnail","hentry","category-noticias","category-quintana-roo"],"yoast_head":"<!-- This site is optimized with the Yoast SEO plugin v18.3 - https:\/\/yoast.com\/wordpress\/plugins\/seo\/ -->\n<title>Se re\u00fane Mara Lezama con pr\u00f3ximo secretario de la SICT para analizar proyectos de movilidad en beneficio de la poblaci\u00f3n quintanarroense - El Puuc Noticias<\/title>\n<meta name=\"robots\" content=\"index, follow, max-snippet:-1, max-image-preview:large, max-video-preview:-1\" \/>\n<link rel=\"canonical\" href=\"https:\/\/elpuucnoticias.com\/?p=15357\" \/>\n<meta property=\"og:locale\" content=\"es_ES\" \/>\n<meta property=\"og:type\" content=\"article\" \/>\n<meta property=\"og:title\" content=\"Se re\u00fane Mara Lezama con pr\u00f3ximo secretario de la SICT para analizar proyectos de movilidad en beneficio de la poblaci\u00f3n quintanarroense - El Puuc Noticias\" \/>\n<meta property=\"og:description\" content=\"La gobernadora Mara Lezama Espinosa se reuni\u00f3 con Jes\u00fas Antonio Esteva, quien ser\u00e1 el titular de la Secretar\u00eda\" \/>\n<meta property=\"og:url\" content=\"https:\/\/elpuucnoticias.com\/?p=15357\" \/>\n<meta property=\"og:site_name\" content=\"El Puuc Noticias\" \/>\n<meta property=\"article:published_time\" content=\"2024-08-23T21:17:08+00:00\" \/>\n<meta property=\"article:modified_time\" content=\"2024-08-23T21:17:09+00:00\" \/>\n<meta property=\"og:image\" content=\"https:\/\/elpuucnoticias.com\/wp-content\/uploads\/2024\/08\/rrytuy.jpeg\" \/>\n\t<meta property=\"og:image:width\" content=\"1600\" \/>\n\t<meta property=\"og:image:height\" content=\"900\" \/>\n\t<meta property=\"og:image:type\" content=\"image\/jpeg\" \/>\n<meta name=\"twitter:card\" content=\"summary_large_image\" \/>\n<meta name=\"twitter:label1\" content=\"Escrito por\" \/>\n\t<meta name=\"twitter:data1\" content=\"elpuucnoticias\" \/>\n\t<meta name=\"twitter:label2\" content=\"Tiempo de lectura\" \/>\n\t<meta name=\"twitter:data2\" content=\"1 minuto\" \/>\n<script type=\"application\/ld+json\" class=\"yoast-schema-graph\">{\"@context\":\"https:\/\/schema.org\",\"@graph\":[{\"@type\":\"WebSite\",\"@id\":\"https:\/\/elpuucnoticias.com\/#website\",\"url\":\"https:\/\/elpuucnoticias.com\/\",\"name\":\"El Puuc Noticias\",\"description\":\"Noticias - Entretenimiento - Deportes\",\"potentialAction\":[{\"@type\":\"SearchAction\",\"target\":{\"@type\":\"EntryPoint\",\"urlTemplate\":\"https:\/\/elpuucnoticias.com\/?s={search_term_string}\"},\"query-input\":\"required name=search_term_string\"}],\"inLanguage\":\"es\"},{\"@type\":\"ImageObject\",\"@id\":\"https:\/\/elpuucnoticias.com\/?p=15357#primaryimage\",\"inLanguage\":\"es\",\"url\":\"https:\/\/elpuucnoticias.com\/wp-content\/uploads\/2024\/08\/rrytuy.jpeg\",\"contentUrl\":\"https:\/\/elpuucnoticias.com\/wp-content\/uploads\/2024\/08\/rrytuy.jpeg\",\"width\":1600,\"height\":900},{\"@type\":\"WebPage\",\"@id\":\"https:\/\/elpuucnoticias.com\/?p=15357#webpage\",\"url\":\"https:\/\/elpuucnoticias.com\/?p=15357\",\"name\":\"Se re\u00fane Mara Lezama con pr\u00f3ximo secretario de la SICT para analizar proyectos de movilidad en beneficio de la poblaci\u00f3n quintanarroense - El Puuc Noticias\",\"isPartOf\":{\"@id\":\"https:\/\/elpuucnoticias.com\/#website\"},\"primaryImageOfPage\":{\"@id\":\"https:\/\/elpuucnoticias.com\/?p=15357#primaryimage\"},\"datePublished\":\"2024-08-23T21:17:08+00:00\",\"dateModified\":\"2024-08-23T21:17:09+00:00\",\"author\":{\"@id\":\"https:\/\/elpuucnoticias.com\/#\/schema\/person\/d2ea09e4c97f0160b11cdfb1d856bd9e\"},\"breadcrumb\":{\"@id\":\"https:\/\/elpuucnoticias.com\/?p=15357#breadcrumb\"},\"inLanguage\":\"es\",\"potentialAction\":[{\"@type\":\"ReadAction\",\"target\":[\"https:\/\/elpuucnoticias.com\/?p=15357\"]}]},{\"@type\":\"BreadcrumbList\",\"@id\":\"https:\/\/elpuucnoticias.com\/?p=15357#breadcrumb\",\"itemListElement\":[{\"@type\":\"ListItem\",\"position\":1,\"name\":\"Portada\",\"item\":\"https:\/\/elpuucnoticias.com\/\"},{\"@type\":\"ListItem\",\"position\":2,\"name\":\"Se re\u00fane Mara Lezama con pr\u00f3ximo secretario de la SICT para analizar proyectos de movilidad en beneficio de la poblaci\u00f3n quintanarroense\"}]},{\"@type\":\"Person\",\"@id\":\"https:\/\/elpuucnoticias.com\/#\/schema\/person\/d2ea09e4c97f0160b11cdfb1d856bd9e\",\"name\":\"elpuucnoticias\",\"image\":{\"@type\":\"ImageObject\",\"@id\":\"https:\/\/elpuucnoticias.com\/#personlogo\",\"inLanguage\":\"es\",\"url\":\"https:\/\/secure.gravatar.com\/avatar\/5290a43657c74ffa15701dbe5b846bd85cc71930d803c84e91046a7333de6ce2?s=96&d=mm&r=g\",\"contentUrl\":\"https:\/\/secure.gravatar.com\/avatar\/5290a43657c74ffa15701dbe5b846bd85cc71930d803c84e91046a7333de6ce2?s=96&d=mm&r=g\",\"caption\":\"elpuucnoticias\"},\"sameAs\":[\"https:\/\/elpuucnoticias.com\"],\"url\":\"https:\/\/elpuucnoticias.com\/?author=1\"}]}<\/script>\n<!-- \/ Yoast SEO plugin. -->","yoast_head_json":{"title":"Se re\u00fane Mara Lezama con pr\u00f3ximo secretario de la SICT para analizar proyectos de movilidad en beneficio de la poblaci\u00f3n quintanarroense - El Puuc Noticias","robots":{"index":"index","follow":"follow","max-snippet":"max-snippet:-1","max-image-preview":"max-image-preview:large","max-video-preview":"max-video-preview:-1"},"canonical":"https:\/\/elpuucnoticias.com\/?p=15357","og_locale":"es_ES","og_type":"article","og_title":"Se re\u00fane Mara Lezama con pr\u00f3ximo secretario de la SICT para analizar proyectos de movilidad en beneficio de la poblaci\u00f3n quintanarroense - El Puuc Noticias","og_description":"La gobernadora Mara Lezama Espinosa se reuni\u00f3 con Jes\u00fas Antonio Esteva, quien ser\u00e1 el titular de la Secretar\u00eda","og_url":"https:\/\/elpuucnoticias.com\/?p=15357","og_site_name":"El Puuc Noticias","article_published_time":"2024-08-23T21:17:08+00:00","article_modified_time":"2024-08-23T21:17:09+00:00","og_image":[{"width":1600,"height":900,"url":"https:\/\/elpuucnoticias.com\/wp-content\/uploads\/2024\/08\/rrytuy.jpeg","type":"image\/jpeg"}],"twitter_card":"summary_large_image","twitter_misc":{"Escrito por":"elpuucnoticias","Tiempo de lectura":"1 minuto"},"schema":{"@context":"https:\/\/schema.org","@graph":[{"@type":"WebSite","@id":"https:\/\/elpuucnoticias.com\/#website","url":"https:\/\/elpuucnoticias.com\/","name":"El Puuc Noticias","description":"Noticias - Entretenimiento - Deportes","potentialAction":[{"@type":"SearchAction","target":{"@type":"EntryPoint","urlTemplate":"https:\/\/elpuucnoticias.com\/?s={search_term_string}"},"query-input":"required name=search_term_string"}],"inLanguage":"es"},{"@type":"ImageObject","@id":"https:\/\/elpuucnoticias.com\/?p=15357#primaryimage","inLanguage":"es","url":"https:\/\/elpuucnoticias.com\/wp-content\/uploads\/2024\/08\/rrytuy.jpeg","contentUrl":"https:\/\/elpuucnoticias.com\/wp-content\/uploads\/2024\/08\/rrytuy.jpeg","width":1600,"height":900},{"@type":"WebPage","@id":"https:\/\/elpuucnoticias.com\/?p=15357#webpage","url":"https:\/\/elpuucnoticias.com\/?p=15357","name":"Se re\u00fane Mara Lezama con pr\u00f3ximo secretario de la SICT para analizar proyectos de movilidad en beneficio de la poblaci\u00f3n quintanarroense - El Puuc Noticias","isPartOf":{"@id":"https:\/\/elpuucnoticias.com\/#website"},"primaryImageOfPage":{"@id":"https:\/\/elpuucnoticias.com\/?p=15357#primaryimage"},"datePublished":"2024-08-23T21:17:08+00:00","dateModified":"2024-08-23T21:17:09+00:00","author":{"@id":"https:\/\/elpuucnoticias.com\/#\/schema\/person\/d2ea09e4c97f0160b11cdfb1d856bd9e"},"breadcrumb":{"@id":"https:\/\/elpuucnoticias.com\/?p=15357#breadcrumb"},"inLanguage":"es","potentialAction":[{"@type":"ReadAction","target":["https:\/\/elpuucnoticias.com\/?p=15357"]}]},{"@type":"BreadcrumbList","@id":"https:\/\/elpuucnoticias.com\/?p=15357#breadcrumb","itemListElement":[{"@type":"ListItem","position":1,"name":"Portada","item":"https:\/\/elpuucnoticias.com\/"},{"@type":"ListItem","position":2,"name":"Se re\u00fane Mara Lezama con pr\u00f3ximo secretario de la SICT para analizar proyectos de movilidad en beneficio de la poblaci\u00f3n quintanarroense"}]},{"@type":"Person","@id":"https:\/\/elpuucnoticias.com\/#\/schema\/person\/d2ea09e4c97f0160b11cdfb1d856bd9e","name":"elpuucnoticias","image":{"@type":"ImageObject","@id":"https:\/\/elpuucnoticias.com\/#personlogo","inLanguage":"es","url":"https:\/\/secure.gravatar.com\/avatar\/5290a43657c74ffa15701dbe5b846bd85cc71930d803c84e91046a7333de6ce2?s=96&d=mm&r=g","contentUrl":"https:\/\/secure.gravatar.com\/avatar\/5290a43657c74ffa15701dbe5b846bd85cc71930d803c84e91046a7333de6ce2?s=96&d=mm&r=g","caption":"elpuucnoticias"},"sameAs":["https:\/\/elpuucnoticias.com"],"url":"https:\/\/elpuucnoticias.com\/?author=1"}]}},"_links":{"self":[{"href":"https:\/\/elpuucnoticias.com\/index.php?rest_route=\/wp\/v2\/posts\/15357","targetHints":{"allow":["GET"]}}],"collection":[{"href":"https:\/\/elpuucnoticias.com\/index.php?rest_route=\/wp\/v2\/posts"}],"about":[{"href":"https:\/\/elpuucnoticias.com\/index.php?rest_route=\/wp\/v2\/types\/post"}],"author":[{"embeddable":true,"href":"https:\/\/elpuucnoticias.com\/index.php?rest_route=\/wp\/v2\/users\/1"}],"replies":[{"embeddable":true,"href":"https:\/\/elpuucnoticias.com\/index.php?rest_route=%2Fwp%2Fv2%2Fcomments&post=15357"}],"version-history":[{"count":1,"href":"https:\/\/elpuucnoticias.com\/index.php?rest_route=\/wp\/v2\/posts\/15357\/revisions"}],"predecessor-version":[{"id":15359,"href":"https:\/\/elpuucnoticias.com\/index.php?rest_route=\/wp\/v2\/posts\/15357\/revisions\/15359"}],"wp:featuredmedia":[{"embeddable":true,"href":"https:\/\/elpuucnoticias.com\/index.php?rest_route=\/wp\/v2\/media\/15358"}],"wp:attachment":[{"href":"https:\/\/elpuucnoticias.com\/index.php?rest_route=%2Fwp%2Fv2%2Fmedia&parent=15357"}],"wp:term":[{"taxonomy":"category","embeddable":true,"href":"https:\/\/elpuucnoticias.com\/index.php?rest_route=%2Fwp%2Fv2%2Fcategories&post=15357"},{"taxonomy":"post_tag","embeddable":true,"href":"https:\/\/elpuucnoticias.com\/index.php?rest_route=%2Fwp%2Fv2%2Ftags&post=15357"}],"curies":[{"name":"wp","href":"https:\/\/api.w.org\/{rel}","templated":true}]}}