{"id":15517,"date":"2024-08-30T20:04:31","date_gmt":"2024-08-31T02:04:31","guid":{"rendered":"https:\/\/elpuucnoticias.com\/?p=15517"},"modified":"2024-08-30T20:04:31","modified_gmt":"2024-08-31T02:04:31","slug":"le-formulan-cargos-por-violacion-a-una-adolescente-en-el-fraccionamiento-paseo-verde-la-joya","status":"publish","type":"post","link":"https:\/\/elpuucnoticias.com\/?p=15517","title":{"rendered":"Le formulan cargos por violaci\u00f3n a una adolescente en el fraccionamiento Paseo Verde La Joya"},"content":{"rendered":"\n<p>Acusado de agredir sexualmente a una adolescente&nbsp; en el fraccionamiento Paseo Verde Secci\u00f3n Diamante La Joya, M.A.P.G. fue imputado por la Fiscal\u00eda General del Estado (FGE) por el delito de violaci\u00f3n equiparada agravada, denunciado tras los hechos ocurridos en d\u00edas pasados.<\/p>\n\n\n\n<p>Los fiscales de litigaci\u00f3n, durante la audiencia inicial, establecieron que los hechos ocurrieron el pasado 26 de agosto, cuando el imputado se encontraba junto con la adolescente en el interior de un veh\u00edculo estacionado en la calle 28 del citado fraccionamiento, en donde en un momento determinado realiz\u00f3 actos lascivos en agravio de la menor hasta llegar a la c\u00f3pula, pero fueron descubiertos por elementos de la Secretar\u00eda de Seguridad P\u00fablica (SSP), quienes detuvieron al encausado.&nbsp;<\/p>\n\n\n\n<p>Durante la audiencia celebrada en el Centro de Justicia Oral de M\u00e9rida, el Juez Segundo de Control declar\u00f3 de legal la detenci\u00f3n y a continuaci\u00f3n los fiscales de litigaci\u00f3n imputaron el delito y argumentaron la vinculaci\u00f3n a proceso, pero el acusado solicit\u00f3 que su situaci\u00f3n se resolviera dentro del plazo constitucional, por lo que se cit\u00f3 a las partes para el pr\u00f3ximo tres de septiembre definir la condici\u00f3n jur\u00eddica del imputado por la causa penal 332\/2024.&nbsp;<\/p>\n\n\n\n<p>Por \u00faltimo, esta representaci\u00f3n social expuso los argumentos para sustentar la solicitud de la prisi\u00f3n preventiva justificada como medida cautelar de prisi\u00f3n preventiva justificada, la cual fue concedida por el Juez de Control por todo el tiempo que dure el proceso.<\/p>\n","protected":false},"excerpt":{"rendered":"<p>Acusado de agredir sexualmente a una adolescente&nbsp; en el fraccionamiento Paseo Verde Secci\u00f3n Diamante La Joya, M.A.P.G. fue<\/p>\n","protected":false},"author":1,"featured_media":9274,"comment_status":"closed","ping_status":"open","sticky":false,"template":"","format":"standard","meta":{"_monsterinsights_skip_tracking":false,"_monsterinsights_sitenote_active":false,"_monsterinsights_sitenote_note":"","_monsterinsights_sitenote_category":0,"footnotes":""},"categories":[11,3],"tags":[],"class_list":["post-15517","post","type-post","status-publish","format-standard","has-post-thumbnail","hentry","category-noticias","category-policiacas"],"yoast_head":"<!-- This site is optimized with the Yoast SEO plugin v18.3 - https:\/\/yoast.com\/wordpress\/plugins\/seo\/ -->\n<title>Le formulan cargos por violaci\u00f3n a una adolescente en el fraccionamiento Paseo Verde La Joya - El Puuc Noticias<\/title>\n<meta name=\"robots\" content=\"index, follow, max-snippet:-1, max-image-preview:large, max-video-preview:-1\" \/>\n<link rel=\"canonical\" href=\"https:\/\/elpuucnoticias.com\/?p=15517\" \/>\n<meta property=\"og:locale\" content=\"es_ES\" \/>\n<meta property=\"og:type\" content=\"article\" \/>\n<meta property=\"og:title\" content=\"Le formulan cargos por violaci\u00f3n a una adolescente en el fraccionamiento Paseo Verde La Joya - El Puuc Noticias\" \/>\n<meta property=\"og:description\" content=\"Acusado de agredir sexualmente a una adolescente&nbsp; en el fraccionamiento Paseo Verde Secci\u00f3n Diamante La Joya, M.A.P.G. fue\" \/>\n<meta property=\"og:url\" content=\"https:\/\/elpuucnoticias.com\/?p=15517\" \/>\n<meta property=\"og:site_name\" content=\"El Puuc Noticias\" \/>\n<meta property=\"article:published_time\" content=\"2024-08-31T02:04:31+00:00\" \/>\n<meta property=\"og:image\" content=\"https:\/\/elpuucnoticias.com\/wp-content\/uploads\/2023\/09\/fiscalia-ciberneticos.jpg\" \/>\n\t<meta property=\"og:image:width\" content=\"1492\" \/>\n\t<meta property=\"og:image:height\" content=\"995\" \/>\n\t<meta property=\"og:image:type\" content=\"image\/jpeg\" \/>\n<meta name=\"twitter:card\" content=\"summary_large_image\" \/>\n<meta name=\"twitter:label1\" content=\"Escrito por\" \/>\n\t<meta name=\"twitter:data1\" content=\"elpuucnoticias\" \/>\n\t<meta name=\"twitter:label2\" content=\"Tiempo de lectura\" \/>\n\t<meta name=\"twitter:data2\" content=\"1 minuto\" \/>\n<script type=\"application\/ld+json\" class=\"yoast-schema-graph\">{\"@context\":\"https:\/\/schema.org\",\"@graph\":[{\"@type\":\"WebSite\",\"@id\":\"https:\/\/elpuucnoticias.com\/#website\",\"url\":\"https:\/\/elpuucnoticias.com\/\",\"name\":\"El Puuc Noticias\",\"description\":\"Noticias - Entretenimiento - Deportes\",\"potentialAction\":[{\"@type\":\"SearchAction\",\"target\":{\"@type\":\"EntryPoint\",\"urlTemplate\":\"https:\/\/elpuucnoticias.com\/?s={search_term_string}\"},\"query-input\":\"required name=search_term_string\"}],\"inLanguage\":\"es\"},{\"@type\":\"ImageObject\",\"@id\":\"https:\/\/elpuucnoticias.com\/?p=15517#primaryimage\",\"inLanguage\":\"es\",\"url\":\"https:\/\/elpuucnoticias.com\/wp-content\/uploads\/2023\/09\/fiscalia-ciberneticos.jpg\",\"contentUrl\":\"https:\/\/elpuucnoticias.com\/wp-content\/uploads\/2023\/09\/fiscalia-ciberneticos.jpg\",\"width\":1492,\"height\":995},{\"@type\":\"WebPage\",\"@id\":\"https:\/\/elpuucnoticias.com\/?p=15517#webpage\",\"url\":\"https:\/\/elpuucnoticias.com\/?p=15517\",\"name\":\"Le formulan cargos por violaci\u00f3n a una adolescente en el fraccionamiento Paseo Verde La Joya - El Puuc Noticias\",\"isPartOf\":{\"@id\":\"https:\/\/elpuucnoticias.com\/#website\"},\"primaryImageOfPage\":{\"@id\":\"https:\/\/elpuucnoticias.com\/?p=15517#primaryimage\"},\"datePublished\":\"2024-08-31T02:04:31+00:00\",\"dateModified\":\"2024-08-31T02:04:31+00:00\",\"author\":{\"@id\":\"https:\/\/elpuucnoticias.com\/#\/schema\/person\/d2ea09e4c97f0160b11cdfb1d856bd9e\"},\"breadcrumb\":{\"@id\":\"https:\/\/elpuucnoticias.com\/?p=15517#breadcrumb\"},\"inLanguage\":\"es\",\"potentialAction\":[{\"@type\":\"ReadAction\",\"target\":[\"https:\/\/elpuucnoticias.com\/?p=15517\"]}]},{\"@type\":\"BreadcrumbList\",\"@id\":\"https:\/\/elpuucnoticias.com\/?p=15517#breadcrumb\",\"itemListElement\":[{\"@type\":\"ListItem\",\"position\":1,\"name\":\"Portada\",\"item\":\"https:\/\/elpuucnoticias.com\/\"},{\"@type\":\"ListItem\",\"position\":2,\"name\":\"Le formulan cargos por violaci\u00f3n a una adolescente en el fraccionamiento Paseo Verde La Joya\"}]},{\"@type\":\"Person\",\"@id\":\"https:\/\/elpuucnoticias.com\/#\/schema\/person\/d2ea09e4c97f0160b11cdfb1d856bd9e\",\"name\":\"elpuucnoticias\",\"image\":{\"@type\":\"ImageObject\",\"@id\":\"https:\/\/elpuucnoticias.com\/#personlogo\",\"inLanguage\":\"es\",\"url\":\"https:\/\/secure.gravatar.com\/avatar\/5290a43657c74ffa15701dbe5b846bd85cc71930d803c84e91046a7333de6ce2?s=96&d=mm&r=g\",\"contentUrl\":\"https:\/\/secure.gravatar.com\/avatar\/5290a43657c74ffa15701dbe5b846bd85cc71930d803c84e91046a7333de6ce2?s=96&d=mm&r=g\",\"caption\":\"elpuucnoticias\"},\"sameAs\":[\"https:\/\/elpuucnoticias.com\"],\"url\":\"https:\/\/elpuucnoticias.com\/?author=1\"}]}<\/script>\n<!-- \/ Yoast SEO plugin. -->","yoast_head_json":{"title":"Le formulan cargos por violaci\u00f3n a una adolescente en el fraccionamiento Paseo Verde La Joya - El Puuc Noticias","robots":{"index":"index","follow":"follow","max-snippet":"max-snippet:-1","max-image-preview":"max-image-preview:large","max-video-preview":"max-video-preview:-1"},"canonical":"https:\/\/elpuucnoticias.com\/?p=15517","og_locale":"es_ES","og_type":"article","og_title":"Le formulan cargos por violaci\u00f3n a una adolescente en el fraccionamiento Paseo Verde La Joya - El Puuc Noticias","og_description":"Acusado de agredir sexualmente a una adolescente&nbsp; en el fraccionamiento Paseo Verde Secci\u00f3n Diamante La Joya, M.A.P.G. fue","og_url":"https:\/\/elpuucnoticias.com\/?p=15517","og_site_name":"El Puuc Noticias","article_published_time":"2024-08-31T02:04:31+00:00","og_image":[{"width":1492,"height":995,"url":"https:\/\/elpuucnoticias.com\/wp-content\/uploads\/2023\/09\/fiscalia-ciberneticos.jpg","type":"image\/jpeg"}],"twitter_card":"summary_large_image","twitter_misc":{"Escrito por":"elpuucnoticias","Tiempo de lectura":"1 minuto"},"schema":{"@context":"https:\/\/schema.org","@graph":[{"@type":"WebSite","@id":"https:\/\/elpuucnoticias.com\/#website","url":"https:\/\/elpuucnoticias.com\/","name":"El Puuc Noticias","description":"Noticias - Entretenimiento - Deportes","potentialAction":[{"@type":"SearchAction","target":{"@type":"EntryPoint","urlTemplate":"https:\/\/elpuucnoticias.com\/?s={search_term_string}"},"query-input":"required name=search_term_string"}],"inLanguage":"es"},{"@type":"ImageObject","@id":"https:\/\/elpuucnoticias.com\/?p=15517#primaryimage","inLanguage":"es","url":"https:\/\/elpuucnoticias.com\/wp-content\/uploads\/2023\/09\/fiscalia-ciberneticos.jpg","contentUrl":"https:\/\/elpuucnoticias.com\/wp-content\/uploads\/2023\/09\/fiscalia-ciberneticos.jpg","width":1492,"height":995},{"@type":"WebPage","@id":"https:\/\/elpuucnoticias.com\/?p=15517#webpage","url":"https:\/\/elpuucnoticias.com\/?p=15517","name":"Le formulan cargos por violaci\u00f3n a una adolescente en el fraccionamiento Paseo Verde La Joya - El Puuc Noticias","isPartOf":{"@id":"https:\/\/elpuucnoticias.com\/#website"},"primaryImageOfPage":{"@id":"https:\/\/elpuucnoticias.com\/?p=15517#primaryimage"},"datePublished":"2024-08-31T02:04:31+00:00","dateModified":"2024-08-31T02:04:31+00:00","author":{"@id":"https:\/\/elpuucnoticias.com\/#\/schema\/person\/d2ea09e4c97f0160b11cdfb1d856bd9e"},"breadcrumb":{"@id":"https:\/\/elpuucnoticias.com\/?p=15517#breadcrumb"},"inLanguage":"es","potentialAction":[{"@type":"ReadAction","target":["https:\/\/elpuucnoticias.com\/?p=15517"]}]},{"@type":"BreadcrumbList","@id":"https:\/\/elpuucnoticias.com\/?p=15517#breadcrumb","itemListElement":[{"@type":"ListItem","position":1,"name":"Portada","item":"https:\/\/elpuucnoticias.com\/"},{"@type":"ListItem","position":2,"name":"Le formulan cargos por violaci\u00f3n a una adolescente en el fraccionamiento Paseo Verde La Joya"}]},{"@type":"Person","@id":"https:\/\/elpuucnoticias.com\/#\/schema\/person\/d2ea09e4c97f0160b11cdfb1d856bd9e","name":"elpuucnoticias","image":{"@type":"ImageObject","@id":"https:\/\/elpuucnoticias.com\/#personlogo","inLanguage":"es","url":"https:\/\/secure.gravatar.com\/avatar\/5290a43657c74ffa15701dbe5b846bd85cc71930d803c84e91046a7333de6ce2?s=96&d=mm&r=g","contentUrl":"https:\/\/secure.gravatar.com\/avatar\/5290a43657c74ffa15701dbe5b846bd85cc71930d803c84e91046a7333de6ce2?s=96&d=mm&r=g","caption":"elpuucnoticias"},"sameAs":["https:\/\/elpuucnoticias.com"],"url":"https:\/\/elpuucnoticias.com\/?author=1"}]}},"_links":{"self":[{"href":"https:\/\/elpuucnoticias.com\/index.php?rest_route=\/wp\/v2\/posts\/15517","targetHints":{"allow":["GET"]}}],"collection":[{"href":"https:\/\/elpuucnoticias.com\/index.php?rest_route=\/wp\/v2\/posts"}],"about":[{"href":"https:\/\/elpuucnoticias.com\/index.php?rest_route=\/wp\/v2\/types\/post"}],"author":[{"embeddable":true,"href":"https:\/\/elpuucnoticias.com\/index.php?rest_route=\/wp\/v2\/users\/1"}],"replies":[{"embeddable":true,"href":"https:\/\/elpuucnoticias.com\/index.php?rest_route=%2Fwp%2Fv2%2Fcomments&post=15517"}],"version-history":[{"count":1,"href":"https:\/\/elpuucnoticias.com\/index.php?rest_route=\/wp\/v2\/posts\/15517\/revisions"}],"predecessor-version":[{"id":15518,"href":"https:\/\/elpuucnoticias.com\/index.php?rest_route=\/wp\/v2\/posts\/15517\/revisions\/15518"}],"wp:featuredmedia":[{"embeddable":true,"href":"https:\/\/elpuucnoticias.com\/index.php?rest_route=\/wp\/v2\/media\/9274"}],"wp:attachment":[{"href":"https:\/\/elpuucnoticias.com\/index.php?rest_route=%2Fwp%2Fv2%2Fmedia&parent=15517"}],"wp:term":[{"taxonomy":"category","embeddable":true,"href":"https:\/\/elpuucnoticias.com\/index.php?rest_route=%2Fwp%2Fv2%2Fcategories&post=15517"},{"taxonomy":"post_tag","embeddable":true,"href":"https:\/\/elpuucnoticias.com\/index.php?rest_route=%2Fwp%2Fv2%2Ftags&post=15517"}],"curies":[{"name":"wp","href":"https:\/\/api.w.org\/{rel}","templated":true}]}}