{"id":15716,"date":"2024-09-06T15:15:04","date_gmt":"2024-09-06T21:15:04","guid":{"rendered":"https:\/\/elpuucnoticias.com\/?p=15716"},"modified":"2024-09-06T15:15:05","modified_gmt":"2024-09-06T21:15:05","slug":"lo-declaran-culpable-del-homicidio-de-su-padre-en-kini-comisaria-de-motul","status":"publish","type":"post","link":"https:\/\/elpuucnoticias.com\/?p=15716","title":{"rendered":"Lo declaran culpable del homicidio de su padre en Kin\u00ed comisaria de Motul"},"content":{"rendered":"\n<p>Tras ser analizadas las pruebas periciales, documentales y testimoniales presentadas por la Fiscal\u00eda General del Estado (FGE), se dict\u00f3 un fallo condenatorio en contra de D.C.D.C. al ser encontrado penalmente responsable del delito de homicidio en raz\u00f3n de parentesco, denunciado despu\u00e9s de los hechos ocurridos en julio del 2023 en la localidad de Kin\u00ed, comisar\u00eda de Motul, en agravio de su padre.<\/p>\n\n\n\n<p>En el desarrollo de un juicio oral ante el Tribunal Colegiado Segundo de Enjuiciamiento, esta representaci\u00f3n social expuso las pruebas necesarias para establecer la responsabilidad del acusado en los hechos registrados el 16 de julio del a\u00f1o pasado, cuando se encontraba junto con su padre en el patio del predio de la citada localidad, donde atac\u00f3 con un hacha a su progenitor, caus\u00e1ndole lesiones que a la postre le provocaron la muerte a consecuencia de un traumatismo cervical abierto secundario a herida de arma blanca, tal como dictamin\u00f3 un perito del Servicio M\u00e9dico Forense de la FGE.<\/p>\n\n\n\n<p>Cabe recordar que, durante la etapa inicial del proceso, \u00e9ste se resolvi\u00f3 ante el Juez primero de Control del Primer Distrito Judicial bajo la causa penal 246\/2023, donde los especialistas de la Fiscal\u00eda reunieron los datos y elementos de prueba suficientes para vincularlo a proceso en su momento y posteriormente presentarlo ante el Tribunal de Enjuiciamiento para resolver su situaci\u00f3n penal.<\/p>\n\n\n\n<p>Por \u00faltimo, antes de concluir la diligencia del d\u00eda, se cit\u00f3 a las partes para el pr\u00f3ximo 10 de septiembre, cuando se conocer\u00e1 la sanci\u00f3n por el delito cometido.<\/p>\n","protected":false},"excerpt":{"rendered":"<p>Tras ser analizadas las pruebas periciales, documentales y testimoniales presentadas por la Fiscal\u00eda General del Estado (FGE), se<\/p>\n","protected":false},"author":1,"featured_media":9272,"comment_status":"closed","ping_status":"open","sticky":false,"template":"","format":"standard","meta":{"_monsterinsights_skip_tracking":false,"_monsterinsights_sitenote_active":false,"_monsterinsights_sitenote_note":"","_monsterinsights_sitenote_category":0,"footnotes":""},"categories":[11,3],"tags":[],"class_list":["post-15716","post","type-post","status-publish","format-standard","has-post-thumbnail","hentry","category-noticias","category-policiacas"],"yoast_head":"<!-- This site is optimized with the Yoast SEO plugin v18.3 - https:\/\/yoast.com\/wordpress\/plugins\/seo\/ -->\n<title>Lo declaran culpable del homicidio de su padre en Kin\u00ed comisaria de Motul - El Puuc Noticias<\/title>\n<meta name=\"robots\" content=\"index, follow, max-snippet:-1, max-image-preview:large, max-video-preview:-1\" \/>\n<link rel=\"canonical\" href=\"https:\/\/elpuucnoticias.com\/?p=15716\" \/>\n<meta property=\"og:locale\" content=\"es_ES\" \/>\n<meta property=\"og:type\" content=\"article\" \/>\n<meta property=\"og:title\" content=\"Lo declaran culpable del homicidio de su padre en Kin\u00ed comisaria de Motul - El Puuc Noticias\" \/>\n<meta property=\"og:description\" content=\"Tras ser analizadas las pruebas periciales, documentales y testimoniales presentadas por la Fiscal\u00eda General del Estado (FGE), se\" \/>\n<meta property=\"og:url\" content=\"https:\/\/elpuucnoticias.com\/?p=15716\" \/>\n<meta property=\"og:site_name\" content=\"El Puuc Noticias\" \/>\n<meta property=\"article:published_time\" content=\"2024-09-06T21:15:04+00:00\" \/>\n<meta property=\"article:modified_time\" content=\"2024-09-06T21:15:05+00:00\" \/>\n<meta property=\"og:image\" content=\"https:\/\/elpuucnoticias.com\/wp-content\/uploads\/2023\/09\/fiscalia-peritos.jpg\" \/>\n\t<meta property=\"og:image:width\" content=\"1492\" \/>\n\t<meta property=\"og:image:height\" content=\"995\" \/>\n\t<meta property=\"og:image:type\" content=\"image\/jpeg\" \/>\n<meta name=\"twitter:card\" content=\"summary_large_image\" \/>\n<meta name=\"twitter:label1\" content=\"Escrito por\" \/>\n\t<meta name=\"twitter:data1\" content=\"elpuucnoticias\" \/>\n\t<meta name=\"twitter:label2\" content=\"Tiempo de lectura\" \/>\n\t<meta name=\"twitter:data2\" content=\"1 minuto\" \/>\n<script type=\"application\/ld+json\" class=\"yoast-schema-graph\">{\"@context\":\"https:\/\/schema.org\",\"@graph\":[{\"@type\":\"WebSite\",\"@id\":\"https:\/\/elpuucnoticias.com\/#website\",\"url\":\"https:\/\/elpuucnoticias.com\/\",\"name\":\"El Puuc Noticias\",\"description\":\"Noticias - Entretenimiento - Deportes\",\"potentialAction\":[{\"@type\":\"SearchAction\",\"target\":{\"@type\":\"EntryPoint\",\"urlTemplate\":\"https:\/\/elpuucnoticias.com\/?s={search_term_string}\"},\"query-input\":\"required name=search_term_string\"}],\"inLanguage\":\"es\"},{\"@type\":\"ImageObject\",\"@id\":\"https:\/\/elpuucnoticias.com\/?p=15716#primaryimage\",\"inLanguage\":\"es\",\"url\":\"https:\/\/elpuucnoticias.com\/wp-content\/uploads\/2023\/09\/fiscalia-peritos.jpg\",\"contentUrl\":\"https:\/\/elpuucnoticias.com\/wp-content\/uploads\/2023\/09\/fiscalia-peritos.jpg\",\"width\":1492,\"height\":995},{\"@type\":\"WebPage\",\"@id\":\"https:\/\/elpuucnoticias.com\/?p=15716#webpage\",\"url\":\"https:\/\/elpuucnoticias.com\/?p=15716\",\"name\":\"Lo declaran culpable del homicidio de su padre en Kin\u00ed comisaria de Motul - El Puuc Noticias\",\"isPartOf\":{\"@id\":\"https:\/\/elpuucnoticias.com\/#website\"},\"primaryImageOfPage\":{\"@id\":\"https:\/\/elpuucnoticias.com\/?p=15716#primaryimage\"},\"datePublished\":\"2024-09-06T21:15:04+00:00\",\"dateModified\":\"2024-09-06T21:15:05+00:00\",\"author\":{\"@id\":\"https:\/\/elpuucnoticias.com\/#\/schema\/person\/d2ea09e4c97f0160b11cdfb1d856bd9e\"},\"breadcrumb\":{\"@id\":\"https:\/\/elpuucnoticias.com\/?p=15716#breadcrumb\"},\"inLanguage\":\"es\",\"potentialAction\":[{\"@type\":\"ReadAction\",\"target\":[\"https:\/\/elpuucnoticias.com\/?p=15716\"]}]},{\"@type\":\"BreadcrumbList\",\"@id\":\"https:\/\/elpuucnoticias.com\/?p=15716#breadcrumb\",\"itemListElement\":[{\"@type\":\"ListItem\",\"position\":1,\"name\":\"Portada\",\"item\":\"https:\/\/elpuucnoticias.com\/\"},{\"@type\":\"ListItem\",\"position\":2,\"name\":\"Lo declaran culpable del homicidio de su padre en Kin\u00ed comisaria de Motul\"}]},{\"@type\":\"Person\",\"@id\":\"https:\/\/elpuucnoticias.com\/#\/schema\/person\/d2ea09e4c97f0160b11cdfb1d856bd9e\",\"name\":\"elpuucnoticias\",\"image\":{\"@type\":\"ImageObject\",\"@id\":\"https:\/\/elpuucnoticias.com\/#personlogo\",\"inLanguage\":\"es\",\"url\":\"https:\/\/secure.gravatar.com\/avatar\/5290a43657c74ffa15701dbe5b846bd85cc71930d803c84e91046a7333de6ce2?s=96&d=mm&r=g\",\"contentUrl\":\"https:\/\/secure.gravatar.com\/avatar\/5290a43657c74ffa15701dbe5b846bd85cc71930d803c84e91046a7333de6ce2?s=96&d=mm&r=g\",\"caption\":\"elpuucnoticias\"},\"sameAs\":[\"https:\/\/elpuucnoticias.com\"],\"url\":\"https:\/\/elpuucnoticias.com\/?author=1\"}]}<\/script>\n<!-- \/ Yoast SEO plugin. -->","yoast_head_json":{"title":"Lo declaran culpable del homicidio de su padre en Kin\u00ed comisaria de Motul - El Puuc Noticias","robots":{"index":"index","follow":"follow","max-snippet":"max-snippet:-1","max-image-preview":"max-image-preview:large","max-video-preview":"max-video-preview:-1"},"canonical":"https:\/\/elpuucnoticias.com\/?p=15716","og_locale":"es_ES","og_type":"article","og_title":"Lo declaran culpable del homicidio de su padre en Kin\u00ed comisaria de Motul - El Puuc Noticias","og_description":"Tras ser analizadas las pruebas periciales, documentales y testimoniales presentadas por la Fiscal\u00eda General del Estado (FGE), se","og_url":"https:\/\/elpuucnoticias.com\/?p=15716","og_site_name":"El Puuc Noticias","article_published_time":"2024-09-06T21:15:04+00:00","article_modified_time":"2024-09-06T21:15:05+00:00","og_image":[{"width":1492,"height":995,"url":"https:\/\/elpuucnoticias.com\/wp-content\/uploads\/2023\/09\/fiscalia-peritos.jpg","type":"image\/jpeg"}],"twitter_card":"summary_large_image","twitter_misc":{"Escrito por":"elpuucnoticias","Tiempo de lectura":"1 minuto"},"schema":{"@context":"https:\/\/schema.org","@graph":[{"@type":"WebSite","@id":"https:\/\/elpuucnoticias.com\/#website","url":"https:\/\/elpuucnoticias.com\/","name":"El Puuc Noticias","description":"Noticias - Entretenimiento - Deportes","potentialAction":[{"@type":"SearchAction","target":{"@type":"EntryPoint","urlTemplate":"https:\/\/elpuucnoticias.com\/?s={search_term_string}"},"query-input":"required name=search_term_string"}],"inLanguage":"es"},{"@type":"ImageObject","@id":"https:\/\/elpuucnoticias.com\/?p=15716#primaryimage","inLanguage":"es","url":"https:\/\/elpuucnoticias.com\/wp-content\/uploads\/2023\/09\/fiscalia-peritos.jpg","contentUrl":"https:\/\/elpuucnoticias.com\/wp-content\/uploads\/2023\/09\/fiscalia-peritos.jpg","width":1492,"height":995},{"@type":"WebPage","@id":"https:\/\/elpuucnoticias.com\/?p=15716#webpage","url":"https:\/\/elpuucnoticias.com\/?p=15716","name":"Lo declaran culpable del homicidio de su padre en Kin\u00ed comisaria de Motul - El Puuc Noticias","isPartOf":{"@id":"https:\/\/elpuucnoticias.com\/#website"},"primaryImageOfPage":{"@id":"https:\/\/elpuucnoticias.com\/?p=15716#primaryimage"},"datePublished":"2024-09-06T21:15:04+00:00","dateModified":"2024-09-06T21:15:05+00:00","author":{"@id":"https:\/\/elpuucnoticias.com\/#\/schema\/person\/d2ea09e4c97f0160b11cdfb1d856bd9e"},"breadcrumb":{"@id":"https:\/\/elpuucnoticias.com\/?p=15716#breadcrumb"},"inLanguage":"es","potentialAction":[{"@type":"ReadAction","target":["https:\/\/elpuucnoticias.com\/?p=15716"]}]},{"@type":"BreadcrumbList","@id":"https:\/\/elpuucnoticias.com\/?p=15716#breadcrumb","itemListElement":[{"@type":"ListItem","position":1,"name":"Portada","item":"https:\/\/elpuucnoticias.com\/"},{"@type":"ListItem","position":2,"name":"Lo declaran culpable del homicidio de su padre en Kin\u00ed comisaria de Motul"}]},{"@type":"Person","@id":"https:\/\/elpuucnoticias.com\/#\/schema\/person\/d2ea09e4c97f0160b11cdfb1d856bd9e","name":"elpuucnoticias","image":{"@type":"ImageObject","@id":"https:\/\/elpuucnoticias.com\/#personlogo","inLanguage":"es","url":"https:\/\/secure.gravatar.com\/avatar\/5290a43657c74ffa15701dbe5b846bd85cc71930d803c84e91046a7333de6ce2?s=96&d=mm&r=g","contentUrl":"https:\/\/secure.gravatar.com\/avatar\/5290a43657c74ffa15701dbe5b846bd85cc71930d803c84e91046a7333de6ce2?s=96&d=mm&r=g","caption":"elpuucnoticias"},"sameAs":["https:\/\/elpuucnoticias.com"],"url":"https:\/\/elpuucnoticias.com\/?author=1"}]}},"_links":{"self":[{"href":"https:\/\/elpuucnoticias.com\/index.php?rest_route=\/wp\/v2\/posts\/15716","targetHints":{"allow":["GET"]}}],"collection":[{"href":"https:\/\/elpuucnoticias.com\/index.php?rest_route=\/wp\/v2\/posts"}],"about":[{"href":"https:\/\/elpuucnoticias.com\/index.php?rest_route=\/wp\/v2\/types\/post"}],"author":[{"embeddable":true,"href":"https:\/\/elpuucnoticias.com\/index.php?rest_route=\/wp\/v2\/users\/1"}],"replies":[{"embeddable":true,"href":"https:\/\/elpuucnoticias.com\/index.php?rest_route=%2Fwp%2Fv2%2Fcomments&post=15716"}],"version-history":[{"count":1,"href":"https:\/\/elpuucnoticias.com\/index.php?rest_route=\/wp\/v2\/posts\/15716\/revisions"}],"predecessor-version":[{"id":15717,"href":"https:\/\/elpuucnoticias.com\/index.php?rest_route=\/wp\/v2\/posts\/15716\/revisions\/15717"}],"wp:featuredmedia":[{"embeddable":true,"href":"https:\/\/elpuucnoticias.com\/index.php?rest_route=\/wp\/v2\/media\/9272"}],"wp:attachment":[{"href":"https:\/\/elpuucnoticias.com\/index.php?rest_route=%2Fwp%2Fv2%2Fmedia&parent=15716"}],"wp:term":[{"taxonomy":"category","embeddable":true,"href":"https:\/\/elpuucnoticias.com\/index.php?rest_route=%2Fwp%2Fv2%2Fcategories&post=15716"},{"taxonomy":"post_tag","embeddable":true,"href":"https:\/\/elpuucnoticias.com\/index.php?rest_route=%2Fwp%2Fv2%2Ftags&post=15716"}],"curies":[{"name":"wp","href":"https:\/\/api.w.org\/{rel}","templated":true}]}}