{"id":15718,"date":"2024-09-06T15:17:53","date_gmt":"2024-09-06T21:17:53","guid":{"rendered":"https:\/\/elpuucnoticias.com\/?p=15718"},"modified":"2024-09-06T15:17:54","modified_gmt":"2024-09-06T21:17:54","slug":"el-cecyte-quintana-roo-reconoce-a-las-y-los-trabajadores-de-la-educacion-durante-la-celebracion-de-su-28-aniversario","status":"publish","type":"post","link":"https:\/\/elpuucnoticias.com\/?p=15718","title":{"rendered":"El CECyTE Quintana Roo reconoce a las y los trabajadores de la educaci\u00f3n durante la celebraci\u00f3n de su 28 Aniversario"},"content":{"rendered":"\n<p>En un emotivo evento realizado en el plantel Playa del Carmen el Colegio de Estudios Cient\u00edficos y Tecnol\u00f3gicos del Estado de Quintana Roo (CECyTE Quintana Roo) celebr\u00f3 su 28 aniversario con una ceremonia c\u00edvica que reuni\u00f3 a m\u00e1s de 300 asistentes entre estudiantes, docentes, padres de familia, personal administrativo y directivo.<\/p>\n\n\n\n<figure class=\"wp-block-image is-style-default\"><img decoding=\"async\" src=\"https:\/\/cgc.qroo.gob.mx\/cjg\/wp-content\/uploads\/2024\/09\/WhatsApp-Image-2024-09-06-at-11.26.11-585x390.jpeg\" alt=\"\" title=\"WhatsApp Image 2024-09-06 at 11.26.11\"\/><\/figure>\n\n\n\n<p>Durante el evento, se resaltaron los logros alcanzados a lo largo de estos 28 a\u00f1os, desde la formaci\u00f3n de miles de j\u00f3venes hasta su consolidaci\u00f3n como una de las instituciones educativas m\u00e1s importantes del estado.<\/p>\n\n\n\n<p>La directora general del CECyTE Quintana Roo, Silvia Mendoza, dijo sentirse orgullosa de ser parte de estos 28 a\u00f1os de historia, se\u00f1alando que cada logro alcanzado es reflejo del arduo trabajo y la pasi\u00f3n de las y los docentes, as\u00ed como del personal administrativo y directivo, quienes a diario se dedican a formar ciudadanas y ciudadanos responsables, cr\u00edticos y con un alto compromiso social.<\/p>\n\n\n\n<p>En este evento la titular de la instituci\u00f3n, hizo entrega del reconocimiento por 20 a\u00f1os de servicio al personal docente Rafael Ceballos, a quien felicit\u00f3 y lo invit\u00f3 a seguir contribuyendo al desarrollo de la comunidad educativa para que juntas y juntos sigan construyendo un porvenir lleno de \u00e9xitos para las futuras generaciones.<\/p>\n\n\n\n<figure class=\"wp-block-image is-style-default\"><img decoding=\"async\" src=\"https:\/\/cgc.qroo.gob.mx\/cjg\/wp-content\/uploads\/2024\/09\/WhatsApp-Image-2024-09-06-at-11.26.11-3-585x380.jpeg\" alt=\"\" title=\"WhatsApp Image 2024-09-06 at 11.26.11 (3)\"\/><\/figure>\n\n\n\n<p>Como parte de los festejos y atendiendo el Nuevo Acuerdo por el Bienestar y Desarrollo de Quintana Roo que impulsa la gobernadora Mara Lezama Espinosa, la titular del CECyTE Quintana Roo reconoci\u00f3 el esfuerzo y dedicaci\u00f3n de todas y todos los que forman parte de la instituci\u00f3n, siendo un total de 32 docentes y administrativos quienes recibieron de manos de sus directores de plantel el reconocimiento por sus a\u00f1os de servicio.<\/p>\n\n\n\n<p>Las celebraciones continuar\u00e1n con diversas actividades en todos los planteles, organizadas precisamente para conmemorar esta fecha tan especial. El CECyTE Quintana Roo, reafirma su compromiso con la formaci\u00f3n integral de las y los j\u00f3venes, impulsando el desarrollo de competencias que los preparen para enfrentar los desaf\u00edos del mundo actual.<\/p>\n","protected":false},"excerpt":{"rendered":"<p>En un emotivo evento realizado en el plantel Playa del Carmen el Colegio de Estudios Cient\u00edficos y Tecnol\u00f3gicos<\/p>\n","protected":false},"author":1,"featured_media":15719,"comment_status":"closed","ping_status":"open","sticky":false,"template":"","format":"standard","meta":{"_monsterinsights_skip_tracking":false,"_monsterinsights_sitenote_active":false,"_monsterinsights_sitenote_note":"","_monsterinsights_sitenote_category":0,"footnotes":""},"categories":[11,24],"tags":[],"class_list":["post-15718","post","type-post","status-publish","format-standard","has-post-thumbnail","hentry","category-noticias","category-quintana-roo"],"yoast_head":"<!-- This site is optimized with the Yoast SEO plugin v18.3 - https:\/\/yoast.com\/wordpress\/plugins\/seo\/ -->\n<title>El CECyTE Quintana Roo reconoce a las y los trabajadores de la educaci\u00f3n durante la celebraci\u00f3n de su 28 Aniversario - El Puuc Noticias<\/title>\n<meta name=\"robots\" content=\"index, follow, max-snippet:-1, max-image-preview:large, max-video-preview:-1\" \/>\n<link rel=\"canonical\" href=\"https:\/\/elpuucnoticias.com\/?p=15718\" \/>\n<meta property=\"og:locale\" content=\"es_ES\" \/>\n<meta property=\"og:type\" content=\"article\" \/>\n<meta property=\"og:title\" content=\"El CECyTE Quintana Roo reconoce a las y los trabajadores de la educaci\u00f3n durante la celebraci\u00f3n de su 28 Aniversario - El Puuc Noticias\" \/>\n<meta property=\"og:description\" content=\"En un emotivo evento realizado en el plantel Playa del Carmen el Colegio de Estudios Cient\u00edficos y Tecnol\u00f3gicos\" \/>\n<meta property=\"og:url\" content=\"https:\/\/elpuucnoticias.com\/?p=15718\" \/>\n<meta property=\"og:site_name\" content=\"El Puuc Noticias\" \/>\n<meta property=\"article:published_time\" content=\"2024-09-06T21:17:53+00:00\" \/>\n<meta property=\"article:modified_time\" content=\"2024-09-06T21:17:54+00:00\" \/>\n<meta property=\"og:image\" content=\"https:\/\/elpuucnoticias.com\/wp-content\/uploads\/2024\/09\/yrtehhhhtj.jpeg\" \/>\n\t<meta property=\"og:image:width\" content=\"1280\" \/>\n\t<meta property=\"og:image:height\" content=\"785\" \/>\n\t<meta property=\"og:image:type\" content=\"image\/jpeg\" \/>\n<meta name=\"twitter:card\" content=\"summary_large_image\" \/>\n<meta name=\"twitter:label1\" content=\"Escrito por\" \/>\n\t<meta name=\"twitter:data1\" content=\"elpuucnoticias\" \/>\n\t<meta name=\"twitter:label2\" content=\"Tiempo de lectura\" \/>\n\t<meta name=\"twitter:data2\" content=\"2 minutos\" \/>\n<script type=\"application\/ld+json\" class=\"yoast-schema-graph\">{\"@context\":\"https:\/\/schema.org\",\"@graph\":[{\"@type\":\"WebSite\",\"@id\":\"https:\/\/elpuucnoticias.com\/#website\",\"url\":\"https:\/\/elpuucnoticias.com\/\",\"name\":\"El Puuc Noticias\",\"description\":\"Noticias - Entretenimiento - Deportes\",\"potentialAction\":[{\"@type\":\"SearchAction\",\"target\":{\"@type\":\"EntryPoint\",\"urlTemplate\":\"https:\/\/elpuucnoticias.com\/?s={search_term_string}\"},\"query-input\":\"required name=search_term_string\"}],\"inLanguage\":\"es\"},{\"@type\":\"ImageObject\",\"@id\":\"https:\/\/elpuucnoticias.com\/?p=15718#primaryimage\",\"inLanguage\":\"es\",\"url\":\"https:\/\/elpuucnoticias.com\/wp-content\/uploads\/2024\/09\/yrtehhhhtj.jpeg\",\"contentUrl\":\"https:\/\/elpuucnoticias.com\/wp-content\/uploads\/2024\/09\/yrtehhhhtj.jpeg\",\"width\":1280,\"height\":785},{\"@type\":\"WebPage\",\"@id\":\"https:\/\/elpuucnoticias.com\/?p=15718#webpage\",\"url\":\"https:\/\/elpuucnoticias.com\/?p=15718\",\"name\":\"El CECyTE Quintana Roo reconoce a las y los trabajadores de la educaci\u00f3n durante la celebraci\u00f3n de su 28 Aniversario - El Puuc Noticias\",\"isPartOf\":{\"@id\":\"https:\/\/elpuucnoticias.com\/#website\"},\"primaryImageOfPage\":{\"@id\":\"https:\/\/elpuucnoticias.com\/?p=15718#primaryimage\"},\"datePublished\":\"2024-09-06T21:17:53+00:00\",\"dateModified\":\"2024-09-06T21:17:54+00:00\",\"author\":{\"@id\":\"https:\/\/elpuucnoticias.com\/#\/schema\/person\/d2ea09e4c97f0160b11cdfb1d856bd9e\"},\"breadcrumb\":{\"@id\":\"https:\/\/elpuucnoticias.com\/?p=15718#breadcrumb\"},\"inLanguage\":\"es\",\"potentialAction\":[{\"@type\":\"ReadAction\",\"target\":[\"https:\/\/elpuucnoticias.com\/?p=15718\"]}]},{\"@type\":\"BreadcrumbList\",\"@id\":\"https:\/\/elpuucnoticias.com\/?p=15718#breadcrumb\",\"itemListElement\":[{\"@type\":\"ListItem\",\"position\":1,\"name\":\"Portada\",\"item\":\"https:\/\/elpuucnoticias.com\/\"},{\"@type\":\"ListItem\",\"position\":2,\"name\":\"El CECyTE Quintana Roo reconoce a las y los trabajadores de la educaci\u00f3n durante la celebraci\u00f3n de su 28 Aniversario\"}]},{\"@type\":\"Person\",\"@id\":\"https:\/\/elpuucnoticias.com\/#\/schema\/person\/d2ea09e4c97f0160b11cdfb1d856bd9e\",\"name\":\"elpuucnoticias\",\"image\":{\"@type\":\"ImageObject\",\"@id\":\"https:\/\/elpuucnoticias.com\/#personlogo\",\"inLanguage\":\"es\",\"url\":\"https:\/\/secure.gravatar.com\/avatar\/5290a43657c74ffa15701dbe5b846bd85cc71930d803c84e91046a7333de6ce2?s=96&d=mm&r=g\",\"contentUrl\":\"https:\/\/secure.gravatar.com\/avatar\/5290a43657c74ffa15701dbe5b846bd85cc71930d803c84e91046a7333de6ce2?s=96&d=mm&r=g\",\"caption\":\"elpuucnoticias\"},\"sameAs\":[\"https:\/\/elpuucnoticias.com\"],\"url\":\"https:\/\/elpuucnoticias.com\/?author=1\"}]}<\/script>\n<!-- \/ Yoast SEO plugin. -->","yoast_head_json":{"title":"El CECyTE Quintana Roo reconoce a las y los trabajadores de la educaci\u00f3n durante la celebraci\u00f3n de su 28 Aniversario - El Puuc Noticias","robots":{"index":"index","follow":"follow","max-snippet":"max-snippet:-1","max-image-preview":"max-image-preview:large","max-video-preview":"max-video-preview:-1"},"canonical":"https:\/\/elpuucnoticias.com\/?p=15718","og_locale":"es_ES","og_type":"article","og_title":"El CECyTE Quintana Roo reconoce a las y los trabajadores de la educaci\u00f3n durante la celebraci\u00f3n de su 28 Aniversario - El Puuc Noticias","og_description":"En un emotivo evento realizado en el plantel Playa del Carmen el Colegio de Estudios Cient\u00edficos y Tecnol\u00f3gicos","og_url":"https:\/\/elpuucnoticias.com\/?p=15718","og_site_name":"El Puuc Noticias","article_published_time":"2024-09-06T21:17:53+00:00","article_modified_time":"2024-09-06T21:17:54+00:00","og_image":[{"width":1280,"height":785,"url":"https:\/\/elpuucnoticias.com\/wp-content\/uploads\/2024\/09\/yrtehhhhtj.jpeg","type":"image\/jpeg"}],"twitter_card":"summary_large_image","twitter_misc":{"Escrito por":"elpuucnoticias","Tiempo de lectura":"2 minutos"},"schema":{"@context":"https:\/\/schema.org","@graph":[{"@type":"WebSite","@id":"https:\/\/elpuucnoticias.com\/#website","url":"https:\/\/elpuucnoticias.com\/","name":"El Puuc Noticias","description":"Noticias - Entretenimiento - Deportes","potentialAction":[{"@type":"SearchAction","target":{"@type":"EntryPoint","urlTemplate":"https:\/\/elpuucnoticias.com\/?s={search_term_string}"},"query-input":"required name=search_term_string"}],"inLanguage":"es"},{"@type":"ImageObject","@id":"https:\/\/elpuucnoticias.com\/?p=15718#primaryimage","inLanguage":"es","url":"https:\/\/elpuucnoticias.com\/wp-content\/uploads\/2024\/09\/yrtehhhhtj.jpeg","contentUrl":"https:\/\/elpuucnoticias.com\/wp-content\/uploads\/2024\/09\/yrtehhhhtj.jpeg","width":1280,"height":785},{"@type":"WebPage","@id":"https:\/\/elpuucnoticias.com\/?p=15718#webpage","url":"https:\/\/elpuucnoticias.com\/?p=15718","name":"El CECyTE Quintana Roo reconoce a las y los trabajadores de la educaci\u00f3n durante la celebraci\u00f3n de su 28 Aniversario - El Puuc Noticias","isPartOf":{"@id":"https:\/\/elpuucnoticias.com\/#website"},"primaryImageOfPage":{"@id":"https:\/\/elpuucnoticias.com\/?p=15718#primaryimage"},"datePublished":"2024-09-06T21:17:53+00:00","dateModified":"2024-09-06T21:17:54+00:00","author":{"@id":"https:\/\/elpuucnoticias.com\/#\/schema\/person\/d2ea09e4c97f0160b11cdfb1d856bd9e"},"breadcrumb":{"@id":"https:\/\/elpuucnoticias.com\/?p=15718#breadcrumb"},"inLanguage":"es","potentialAction":[{"@type":"ReadAction","target":["https:\/\/elpuucnoticias.com\/?p=15718"]}]},{"@type":"BreadcrumbList","@id":"https:\/\/elpuucnoticias.com\/?p=15718#breadcrumb","itemListElement":[{"@type":"ListItem","position":1,"name":"Portada","item":"https:\/\/elpuucnoticias.com\/"},{"@type":"ListItem","position":2,"name":"El CECyTE Quintana Roo reconoce a las y los trabajadores de la educaci\u00f3n durante la celebraci\u00f3n de su 28 Aniversario"}]},{"@type":"Person","@id":"https:\/\/elpuucnoticias.com\/#\/schema\/person\/d2ea09e4c97f0160b11cdfb1d856bd9e","name":"elpuucnoticias","image":{"@type":"ImageObject","@id":"https:\/\/elpuucnoticias.com\/#personlogo","inLanguage":"es","url":"https:\/\/secure.gravatar.com\/avatar\/5290a43657c74ffa15701dbe5b846bd85cc71930d803c84e91046a7333de6ce2?s=96&d=mm&r=g","contentUrl":"https:\/\/secure.gravatar.com\/avatar\/5290a43657c74ffa15701dbe5b846bd85cc71930d803c84e91046a7333de6ce2?s=96&d=mm&r=g","caption":"elpuucnoticias"},"sameAs":["https:\/\/elpuucnoticias.com"],"url":"https:\/\/elpuucnoticias.com\/?author=1"}]}},"_links":{"self":[{"href":"https:\/\/elpuucnoticias.com\/index.php?rest_route=\/wp\/v2\/posts\/15718","targetHints":{"allow":["GET"]}}],"collection":[{"href":"https:\/\/elpuucnoticias.com\/index.php?rest_route=\/wp\/v2\/posts"}],"about":[{"href":"https:\/\/elpuucnoticias.com\/index.php?rest_route=\/wp\/v2\/types\/post"}],"author":[{"embeddable":true,"href":"https:\/\/elpuucnoticias.com\/index.php?rest_route=\/wp\/v2\/users\/1"}],"replies":[{"embeddable":true,"href":"https:\/\/elpuucnoticias.com\/index.php?rest_route=%2Fwp%2Fv2%2Fcomments&post=15718"}],"version-history":[{"count":1,"href":"https:\/\/elpuucnoticias.com\/index.php?rest_route=\/wp\/v2\/posts\/15718\/revisions"}],"predecessor-version":[{"id":15720,"href":"https:\/\/elpuucnoticias.com\/index.php?rest_route=\/wp\/v2\/posts\/15718\/revisions\/15720"}],"wp:featuredmedia":[{"embeddable":true,"href":"https:\/\/elpuucnoticias.com\/index.php?rest_route=\/wp\/v2\/media\/15719"}],"wp:attachment":[{"href":"https:\/\/elpuucnoticias.com\/index.php?rest_route=%2Fwp%2Fv2%2Fmedia&parent=15718"}],"wp:term":[{"taxonomy":"category","embeddable":true,"href":"https:\/\/elpuucnoticias.com\/index.php?rest_route=%2Fwp%2Fv2%2Fcategories&post=15718"},{"taxonomy":"post_tag","embeddable":true,"href":"https:\/\/elpuucnoticias.com\/index.php?rest_route=%2Fwp%2Fv2%2Ftags&post=15718"}],"curies":[{"name":"wp","href":"https:\/\/api.w.org\/{rel}","templated":true}]}}