{"id":15868,"date":"2024-09-16T11:27:14","date_gmt":"2024-09-16T17:27:14","guid":{"rendered":"https:\/\/elpuucnoticias.com\/?p=15868"},"modified":"2024-09-16T11:27:15","modified_gmt":"2024-09-16T17:27:15","slug":"entrada-de-una-escuela-secundaria-de-tekax-seria-utilizada-como-bano-publico-durante-las-fiestas-patrias","status":"publish","type":"post","link":"https:\/\/elpuucnoticias.com\/?p=15868","title":{"rendered":"Entrada de una escuela secundaria de Tekax ser\u00eda utilizada como ba\u00f1o p\u00fablico durante las fiestas patrias"},"content":{"rendered":"\n<p>J\u00f3venes de la secundaria nocturna de Tekax, lamentan llegar a clases y percibir los malos olores en la entrada de su escuela, debido a que personas inconscientes utilizan el lugar como ba\u00f1o p\u00fablico.<\/p>\n\n\n\n<p>Debido a las fiesta patrias, el Ayuntamiento encabezado por Herb\u00e9 Manuel Vallejos Sansores autoriz\u00f3 la instalaci\u00f3n de juegos mec\u00e1nicos en la Avenida del Maestro que pasa frente a la secundaria nocturna.<\/p>\n\n\n\n<p>Sin embargo, los quejosos aseguran que en la semana que llevan los juegos en ese lugar han tenido que aguantar los malos olores por personas que utilizan los alrededores para hacer sus necesidades fisiol\u00f3gicas, y es que a unos metros del plantel indebidamente autorizaron la instalaci\u00f3n de un bar con venta de bebidas alcoh\u00f3licas.<\/p>\n\n\n\n<p>\u00abEsperamos que este martes, cuando lleguemos a clases el lugar ya est\u00e9 despejado, o al menos limpio, ya que dan una mala imagen, tanto para la poblaci\u00f3n tekaxe\u00f1a como para los visitantes\u00bb, indican.<\/p>\n\n\n\n<p>Adem\u00e1s de la secundaria, los juegos obstruyen las calles de acceso a varios negocios, como una tienda de abarrotes, un banco, un hotel, entre otros.<\/p>\n","protected":false},"excerpt":{"rendered":"<p>J\u00f3venes de la secundaria nocturna de Tekax, lamentan llegar a clases y percibir los malos olores en la<\/p>\n","protected":false},"author":1,"featured_media":15869,"comment_status":"closed","ping_status":"open","sticky":false,"template":"","format":"standard","meta":{"_monsterinsights_skip_tracking":false,"_monsterinsights_sitenote_active":false,"_monsterinsights_sitenote_note":"","_monsterinsights_sitenote_category":0,"footnotes":""},"categories":[16,4],"tags":[],"class_list":["post-15868","post","type-post","status-publish","format-standard","has-post-thumbnail","hentry","category-exclusiva","category-tekax"],"yoast_head":"<!-- This site is optimized with the Yoast SEO plugin v18.3 - https:\/\/yoast.com\/wordpress\/plugins\/seo\/ -->\n<title>Entrada de una escuela secundaria de Tekax ser\u00eda utilizada como ba\u00f1o p\u00fablico durante las fiestas patrias - El Puuc Noticias<\/title>\n<meta name=\"robots\" content=\"index, follow, max-snippet:-1, max-image-preview:large, max-video-preview:-1\" \/>\n<link rel=\"canonical\" href=\"https:\/\/elpuucnoticias.com\/?p=15868\" \/>\n<meta property=\"og:locale\" content=\"es_ES\" \/>\n<meta property=\"og:type\" content=\"article\" \/>\n<meta property=\"og:title\" content=\"Entrada de una escuela secundaria de Tekax ser\u00eda utilizada como ba\u00f1o p\u00fablico durante las fiestas patrias - El Puuc Noticias\" \/>\n<meta property=\"og:description\" content=\"J\u00f3venes de la secundaria nocturna de Tekax, lamentan llegar a clases y percibir los malos olores en la\" \/>\n<meta property=\"og:url\" content=\"https:\/\/elpuucnoticias.com\/?p=15868\" \/>\n<meta property=\"og:site_name\" content=\"El Puuc Noticias\" \/>\n<meta property=\"article:published_time\" content=\"2024-09-16T17:27:14+00:00\" \/>\n<meta property=\"article:modified_time\" content=\"2024-09-16T17:27:15+00:00\" \/>\n<meta property=\"og:image\" content=\"https:\/\/elpuucnoticias.com\/wp-content\/uploads\/2024\/09\/whatsapp-image-2024-09-16-at-11.26.03-am.jpeg\" \/>\n\t<meta property=\"og:image:width\" content=\"1280\" \/>\n\t<meta property=\"og:image:height\" content=\"960\" \/>\n\t<meta property=\"og:image:type\" content=\"image\/jpeg\" \/>\n<meta name=\"twitter:card\" content=\"summary_large_image\" \/>\n<meta name=\"twitter:label1\" content=\"Escrito por\" \/>\n\t<meta name=\"twitter:data1\" content=\"elpuucnoticias\" \/>\n\t<meta name=\"twitter:label2\" content=\"Tiempo de lectura\" \/>\n\t<meta name=\"twitter:data2\" content=\"1 minuto\" \/>\n<script type=\"application\/ld+json\" class=\"yoast-schema-graph\">{\"@context\":\"https:\/\/schema.org\",\"@graph\":[{\"@type\":\"WebSite\",\"@id\":\"https:\/\/elpuucnoticias.com\/#website\",\"url\":\"https:\/\/elpuucnoticias.com\/\",\"name\":\"El Puuc Noticias\",\"description\":\"Noticias - Entretenimiento - Deportes\",\"potentialAction\":[{\"@type\":\"SearchAction\",\"target\":{\"@type\":\"EntryPoint\",\"urlTemplate\":\"https:\/\/elpuucnoticias.com\/?s={search_term_string}\"},\"query-input\":\"required name=search_term_string\"}],\"inLanguage\":\"es\"},{\"@type\":\"ImageObject\",\"@id\":\"https:\/\/elpuucnoticias.com\/?p=15868#primaryimage\",\"inLanguage\":\"es\",\"url\":\"https:\/\/elpuucnoticias.com\/wp-content\/uploads\/2024\/09\/whatsapp-image-2024-09-16-at-11.26.03-am.jpeg\",\"contentUrl\":\"https:\/\/elpuucnoticias.com\/wp-content\/uploads\/2024\/09\/whatsapp-image-2024-09-16-at-11.26.03-am.jpeg\",\"width\":1280,\"height\":960},{\"@type\":\"WebPage\",\"@id\":\"https:\/\/elpuucnoticias.com\/?p=15868#webpage\",\"url\":\"https:\/\/elpuucnoticias.com\/?p=15868\",\"name\":\"Entrada de una escuela secundaria de Tekax ser\u00eda utilizada como ba\u00f1o p\u00fablico durante las fiestas patrias - El Puuc Noticias\",\"isPartOf\":{\"@id\":\"https:\/\/elpuucnoticias.com\/#website\"},\"primaryImageOfPage\":{\"@id\":\"https:\/\/elpuucnoticias.com\/?p=15868#primaryimage\"},\"datePublished\":\"2024-09-16T17:27:14+00:00\",\"dateModified\":\"2024-09-16T17:27:15+00:00\",\"author\":{\"@id\":\"https:\/\/elpuucnoticias.com\/#\/schema\/person\/d2ea09e4c97f0160b11cdfb1d856bd9e\"},\"breadcrumb\":{\"@id\":\"https:\/\/elpuucnoticias.com\/?p=15868#breadcrumb\"},\"inLanguage\":\"es\",\"potentialAction\":[{\"@type\":\"ReadAction\",\"target\":[\"https:\/\/elpuucnoticias.com\/?p=15868\"]}]},{\"@type\":\"BreadcrumbList\",\"@id\":\"https:\/\/elpuucnoticias.com\/?p=15868#breadcrumb\",\"itemListElement\":[{\"@type\":\"ListItem\",\"position\":1,\"name\":\"Portada\",\"item\":\"https:\/\/elpuucnoticias.com\/\"},{\"@type\":\"ListItem\",\"position\":2,\"name\":\"Entrada de una escuela secundaria de Tekax ser\u00eda utilizada como ba\u00f1o p\u00fablico durante las fiestas patrias\"}]},{\"@type\":\"Person\",\"@id\":\"https:\/\/elpuucnoticias.com\/#\/schema\/person\/d2ea09e4c97f0160b11cdfb1d856bd9e\",\"name\":\"elpuucnoticias\",\"image\":{\"@type\":\"ImageObject\",\"@id\":\"https:\/\/elpuucnoticias.com\/#personlogo\",\"inLanguage\":\"es\",\"url\":\"https:\/\/secure.gravatar.com\/avatar\/5290a43657c74ffa15701dbe5b846bd85cc71930d803c84e91046a7333de6ce2?s=96&d=mm&r=g\",\"contentUrl\":\"https:\/\/secure.gravatar.com\/avatar\/5290a43657c74ffa15701dbe5b846bd85cc71930d803c84e91046a7333de6ce2?s=96&d=mm&r=g\",\"caption\":\"elpuucnoticias\"},\"sameAs\":[\"https:\/\/elpuucnoticias.com\"],\"url\":\"https:\/\/elpuucnoticias.com\/?author=1\"}]}<\/script>\n<!-- \/ Yoast SEO plugin. -->","yoast_head_json":{"title":"Entrada de una escuela secundaria de Tekax ser\u00eda utilizada como ba\u00f1o p\u00fablico durante las fiestas patrias - El Puuc Noticias","robots":{"index":"index","follow":"follow","max-snippet":"max-snippet:-1","max-image-preview":"max-image-preview:large","max-video-preview":"max-video-preview:-1"},"canonical":"https:\/\/elpuucnoticias.com\/?p=15868","og_locale":"es_ES","og_type":"article","og_title":"Entrada de una escuela secundaria de Tekax ser\u00eda utilizada como ba\u00f1o p\u00fablico durante las fiestas patrias - El Puuc Noticias","og_description":"J\u00f3venes de la secundaria nocturna de Tekax, lamentan llegar a clases y percibir los malos olores en la","og_url":"https:\/\/elpuucnoticias.com\/?p=15868","og_site_name":"El Puuc Noticias","article_published_time":"2024-09-16T17:27:14+00:00","article_modified_time":"2024-09-16T17:27:15+00:00","og_image":[{"width":1280,"height":960,"url":"https:\/\/elpuucnoticias.com\/wp-content\/uploads\/2024\/09\/whatsapp-image-2024-09-16-at-11.26.03-am.jpeg","type":"image\/jpeg"}],"twitter_card":"summary_large_image","twitter_misc":{"Escrito por":"elpuucnoticias","Tiempo de lectura":"1 minuto"},"schema":{"@context":"https:\/\/schema.org","@graph":[{"@type":"WebSite","@id":"https:\/\/elpuucnoticias.com\/#website","url":"https:\/\/elpuucnoticias.com\/","name":"El Puuc Noticias","description":"Noticias - Entretenimiento - Deportes","potentialAction":[{"@type":"SearchAction","target":{"@type":"EntryPoint","urlTemplate":"https:\/\/elpuucnoticias.com\/?s={search_term_string}"},"query-input":"required name=search_term_string"}],"inLanguage":"es"},{"@type":"ImageObject","@id":"https:\/\/elpuucnoticias.com\/?p=15868#primaryimage","inLanguage":"es","url":"https:\/\/elpuucnoticias.com\/wp-content\/uploads\/2024\/09\/whatsapp-image-2024-09-16-at-11.26.03-am.jpeg","contentUrl":"https:\/\/elpuucnoticias.com\/wp-content\/uploads\/2024\/09\/whatsapp-image-2024-09-16-at-11.26.03-am.jpeg","width":1280,"height":960},{"@type":"WebPage","@id":"https:\/\/elpuucnoticias.com\/?p=15868#webpage","url":"https:\/\/elpuucnoticias.com\/?p=15868","name":"Entrada de una escuela secundaria de Tekax ser\u00eda utilizada como ba\u00f1o p\u00fablico durante las fiestas patrias - El Puuc Noticias","isPartOf":{"@id":"https:\/\/elpuucnoticias.com\/#website"},"primaryImageOfPage":{"@id":"https:\/\/elpuucnoticias.com\/?p=15868#primaryimage"},"datePublished":"2024-09-16T17:27:14+00:00","dateModified":"2024-09-16T17:27:15+00:00","author":{"@id":"https:\/\/elpuucnoticias.com\/#\/schema\/person\/d2ea09e4c97f0160b11cdfb1d856bd9e"},"breadcrumb":{"@id":"https:\/\/elpuucnoticias.com\/?p=15868#breadcrumb"},"inLanguage":"es","potentialAction":[{"@type":"ReadAction","target":["https:\/\/elpuucnoticias.com\/?p=15868"]}]},{"@type":"BreadcrumbList","@id":"https:\/\/elpuucnoticias.com\/?p=15868#breadcrumb","itemListElement":[{"@type":"ListItem","position":1,"name":"Portada","item":"https:\/\/elpuucnoticias.com\/"},{"@type":"ListItem","position":2,"name":"Entrada de una escuela secundaria de Tekax ser\u00eda utilizada como ba\u00f1o p\u00fablico durante las fiestas patrias"}]},{"@type":"Person","@id":"https:\/\/elpuucnoticias.com\/#\/schema\/person\/d2ea09e4c97f0160b11cdfb1d856bd9e","name":"elpuucnoticias","image":{"@type":"ImageObject","@id":"https:\/\/elpuucnoticias.com\/#personlogo","inLanguage":"es","url":"https:\/\/secure.gravatar.com\/avatar\/5290a43657c74ffa15701dbe5b846bd85cc71930d803c84e91046a7333de6ce2?s=96&d=mm&r=g","contentUrl":"https:\/\/secure.gravatar.com\/avatar\/5290a43657c74ffa15701dbe5b846bd85cc71930d803c84e91046a7333de6ce2?s=96&d=mm&r=g","caption":"elpuucnoticias"},"sameAs":["https:\/\/elpuucnoticias.com"],"url":"https:\/\/elpuucnoticias.com\/?author=1"}]}},"_links":{"self":[{"href":"https:\/\/elpuucnoticias.com\/index.php?rest_route=\/wp\/v2\/posts\/15868","targetHints":{"allow":["GET"]}}],"collection":[{"href":"https:\/\/elpuucnoticias.com\/index.php?rest_route=\/wp\/v2\/posts"}],"about":[{"href":"https:\/\/elpuucnoticias.com\/index.php?rest_route=\/wp\/v2\/types\/post"}],"author":[{"embeddable":true,"href":"https:\/\/elpuucnoticias.com\/index.php?rest_route=\/wp\/v2\/users\/1"}],"replies":[{"embeddable":true,"href":"https:\/\/elpuucnoticias.com\/index.php?rest_route=%2Fwp%2Fv2%2Fcomments&post=15868"}],"version-history":[{"count":1,"href":"https:\/\/elpuucnoticias.com\/index.php?rest_route=\/wp\/v2\/posts\/15868\/revisions"}],"predecessor-version":[{"id":15870,"href":"https:\/\/elpuucnoticias.com\/index.php?rest_route=\/wp\/v2\/posts\/15868\/revisions\/15870"}],"wp:featuredmedia":[{"embeddable":true,"href":"https:\/\/elpuucnoticias.com\/index.php?rest_route=\/wp\/v2\/media\/15869"}],"wp:attachment":[{"href":"https:\/\/elpuucnoticias.com\/index.php?rest_route=%2Fwp%2Fv2%2Fmedia&parent=15868"}],"wp:term":[{"taxonomy":"category","embeddable":true,"href":"https:\/\/elpuucnoticias.com\/index.php?rest_route=%2Fwp%2Fv2%2Fcategories&post=15868"},{"taxonomy":"post_tag","embeddable":true,"href":"https:\/\/elpuucnoticias.com\/index.php?rest_route=%2Fwp%2Fv2%2Ftags&post=15868"}],"curies":[{"name":"wp","href":"https:\/\/api.w.org\/{rel}","templated":true}]}}