{"id":15964,"date":"2024-09-18T20:25:27","date_gmt":"2024-09-19T02:25:27","guid":{"rendered":"https:\/\/elpuucnoticias.com\/?p=15964"},"modified":"2024-09-18T20:25:28","modified_gmt":"2024-09-19T02:25:28","slug":"concluyen-actividades-de-la-feria-de-la-salud-mental-dirigido-a-estudiantes-de-secundaria","status":"publish","type":"post","link":"https:\/\/elpuucnoticias.com\/?p=15964","title":{"rendered":"Concluyen actividades de la \u201cFeria de la Salud Mental\u201d dirigido a estudiantes de secundaria"},"content":{"rendered":"\n<p>Con el prop\u00f3sito de promover la salud mental y erradicar el estigma que existe sobre la conducta suicida, los Servicios Educativos de Quintana Roo (SEQ), en el marco del Programa Estatal de Educaci\u00f3n para la Paz, y en conmemoraci\u00f3n del D\u00eda Mundial para la Prevenci\u00f3n del Suicidio, realiz\u00f3 el cierre de las actividades de la \u201cFeria de la Salud Mental\u201d, en la secundaria t\u00e9cnica n\u00famero 27 \u201cRosario Mar\u00eda Guti\u00e9rrez Eskildsen\u201d.<\/p>\n\n\n\n<figure class=\"wp-block-image is-style-default\"><img decoding=\"async\" src=\"https:\/\/cgc.qroo.gob.mx\/cjg\/wp-content\/uploads\/2024\/09\/e51073f6-778e-4204-89ab-db78c0f228e2-585x390.jpeg\" alt=\"\" title=\"e51073f6-778e-4204-89ab-db78c0f228e2\"\/><\/figure>\n\n\n\n<p>A trav\u00e9s del Nuevo Acuerdo por el Bienestar y Desarrollo de Quintana Roo que impulsa la gobernadora Mara Lezama Espinosa, se promueven estrategias transversales que se traducen en acciones en beneficio de nuestras alumnas y alumnos para fortalecer su salud mental.<\/p>\n\n\n\n<p>La feria promueve el autocuidado mediante estrategias l\u00fadicas e introspectivas para detectar casos que vulneren a las y los estudiantes de secundaria, a no sentirse solos, e invitarles a buscar apoyo de especialistas que les ayuden en su proceso de atenci\u00f3n psicoemocional.<\/p>\n\n\n\n<p>En representaci\u00f3n del titular de los SEQ, Carlos Gorocica Moreno, el coordinador general de Educaci\u00f3n B\u00e1sica, Jos\u00e9 Luis Lavadores Montero, se\u00f1al\u00f3 que: \u201cNuestras ni\u00f1as, ni\u00f1os, j\u00f3venes y adolescentes en el estado, son piezas fundamentales de la conducci\u00f3n de una sociedad quintanarroense respetada y con valores en el que destacan nuestras actitudes y calidad humana\u201d.<\/p>\n\n\n\n<figure class=\"wp-block-image is-style-default\"><img decoding=\"async\" src=\"https:\/\/cgc.qroo.gob.mx\/cjg\/wp-content\/uploads\/2024\/09\/0e42e630-9b8f-4ff2-9db1-fe435b94ebd1-585x453.jpeg\" alt=\"\" title=\"0e42e630-9b8f-4ff2-9db1-fe435b94ebd1\"\/><\/figure>\n\n\n\n<p>Por ese motivo, subray\u00f3: \u201cEn el sector educativo debemos velar no solo por su educaci\u00f3n, sino por el cuidado de cada uno de ellos y ellas, en el que se promueva la salud mental, buscando erradicar el estigma sobre la conducta suicida, promoviendo el autocuidado a trav\u00e9s de estrategias l\u00fadicas e introspectivas, para la detecci\u00f3n de casos de vulnerabilidad y resaltar que nuestros estudiantes no est\u00e1n solos en este asunto\u201d.<\/p>\n\n\n\n<p>El secretario general del Ayuntamiento de Oth\u00f3n P. Blanco, Oscar Luis Dzib Cocom, agradeci\u00f3 a los SEQ por la invitaci\u00f3n para participar en el evento, destacando la importancia de realizar este tipo de acciones en beneficio de la salud mental de nuestra ni\u00f1ez y juventud, derribando estigmas y barreras respecto al tema del suicidio.<\/p>\n","protected":false},"excerpt":{"rendered":"<p>Con el prop\u00f3sito de promover la salud mental y erradicar el estigma que existe sobre la conducta suicida,<\/p>\n","protected":false},"author":1,"featured_media":15965,"comment_status":"closed","ping_status":"open","sticky":false,"template":"","format":"standard","meta":{"_monsterinsights_skip_tracking":false,"_monsterinsights_sitenote_active":false,"_monsterinsights_sitenote_note":"","_monsterinsights_sitenote_category":0,"footnotes":""},"categories":[11,24],"tags":[],"class_list":["post-15964","post","type-post","status-publish","format-standard","has-post-thumbnail","hentry","category-noticias","category-quintana-roo"],"yoast_head":"<!-- This site is optimized with the Yoast SEO plugin v18.3 - https:\/\/yoast.com\/wordpress\/plugins\/seo\/ -->\n<title>Concluyen actividades de la \u201cFeria de la Salud Mental\u201d dirigido a estudiantes de secundaria - El Puuc Noticias<\/title>\n<meta name=\"robots\" content=\"index, follow, max-snippet:-1, max-image-preview:large, max-video-preview:-1\" \/>\n<link rel=\"canonical\" href=\"https:\/\/elpuucnoticias.com\/?p=15964\" \/>\n<meta property=\"og:locale\" content=\"es_ES\" \/>\n<meta property=\"og:type\" content=\"article\" \/>\n<meta property=\"og:title\" content=\"Concluyen actividades de la \u201cFeria de la Salud Mental\u201d dirigido a estudiantes de secundaria - El Puuc Noticias\" \/>\n<meta property=\"og:description\" content=\"Con el prop\u00f3sito de promover la salud mental y erradicar el estigma que existe sobre la conducta suicida,\" \/>\n<meta property=\"og:url\" content=\"https:\/\/elpuucnoticias.com\/?p=15964\" \/>\n<meta property=\"og:site_name\" content=\"El Puuc Noticias\" \/>\n<meta property=\"article:published_time\" content=\"2024-09-19T02:25:27+00:00\" \/>\n<meta property=\"article:modified_time\" content=\"2024-09-19T02:25:28+00:00\" \/>\n<meta property=\"og:image\" content=\"https:\/\/elpuucnoticias.com\/wp-content\/uploads\/2024\/09\/ftingyoi.jpeg\" \/>\n\t<meta property=\"og:image:width\" content=\"1280\" \/>\n\t<meta property=\"og:image:height\" content=\"854\" \/>\n\t<meta property=\"og:image:type\" content=\"image\/jpeg\" \/>\n<meta name=\"twitter:card\" content=\"summary_large_image\" \/>\n<meta name=\"twitter:label1\" content=\"Escrito por\" \/>\n\t<meta name=\"twitter:data1\" content=\"elpuucnoticias\" \/>\n\t<meta name=\"twitter:label2\" content=\"Tiempo de lectura\" \/>\n\t<meta name=\"twitter:data2\" content=\"2 minutos\" \/>\n<script type=\"application\/ld+json\" class=\"yoast-schema-graph\">{\"@context\":\"https:\/\/schema.org\",\"@graph\":[{\"@type\":\"WebSite\",\"@id\":\"https:\/\/elpuucnoticias.com\/#website\",\"url\":\"https:\/\/elpuucnoticias.com\/\",\"name\":\"El Puuc Noticias\",\"description\":\"Noticias - Entretenimiento - Deportes\",\"potentialAction\":[{\"@type\":\"SearchAction\",\"target\":{\"@type\":\"EntryPoint\",\"urlTemplate\":\"https:\/\/elpuucnoticias.com\/?s={search_term_string}\"},\"query-input\":\"required name=search_term_string\"}],\"inLanguage\":\"es\"},{\"@type\":\"ImageObject\",\"@id\":\"https:\/\/elpuucnoticias.com\/?p=15964#primaryimage\",\"inLanguage\":\"es\",\"url\":\"https:\/\/elpuucnoticias.com\/wp-content\/uploads\/2024\/09\/ftingyoi.jpeg\",\"contentUrl\":\"https:\/\/elpuucnoticias.com\/wp-content\/uploads\/2024\/09\/ftingyoi.jpeg\",\"width\":1280,\"height\":854},{\"@type\":\"WebPage\",\"@id\":\"https:\/\/elpuucnoticias.com\/?p=15964#webpage\",\"url\":\"https:\/\/elpuucnoticias.com\/?p=15964\",\"name\":\"Concluyen actividades de la \u201cFeria de la Salud Mental\u201d dirigido a estudiantes de secundaria - El Puuc Noticias\",\"isPartOf\":{\"@id\":\"https:\/\/elpuucnoticias.com\/#website\"},\"primaryImageOfPage\":{\"@id\":\"https:\/\/elpuucnoticias.com\/?p=15964#primaryimage\"},\"datePublished\":\"2024-09-19T02:25:27+00:00\",\"dateModified\":\"2024-09-19T02:25:28+00:00\",\"author\":{\"@id\":\"https:\/\/elpuucnoticias.com\/#\/schema\/person\/d2ea09e4c97f0160b11cdfb1d856bd9e\"},\"breadcrumb\":{\"@id\":\"https:\/\/elpuucnoticias.com\/?p=15964#breadcrumb\"},\"inLanguage\":\"es\",\"potentialAction\":[{\"@type\":\"ReadAction\",\"target\":[\"https:\/\/elpuucnoticias.com\/?p=15964\"]}]},{\"@type\":\"BreadcrumbList\",\"@id\":\"https:\/\/elpuucnoticias.com\/?p=15964#breadcrumb\",\"itemListElement\":[{\"@type\":\"ListItem\",\"position\":1,\"name\":\"Portada\",\"item\":\"https:\/\/elpuucnoticias.com\/\"},{\"@type\":\"ListItem\",\"position\":2,\"name\":\"Concluyen actividades de la \u201cFeria de la Salud Mental\u201d dirigido a estudiantes de secundaria\"}]},{\"@type\":\"Person\",\"@id\":\"https:\/\/elpuucnoticias.com\/#\/schema\/person\/d2ea09e4c97f0160b11cdfb1d856bd9e\",\"name\":\"elpuucnoticias\",\"image\":{\"@type\":\"ImageObject\",\"@id\":\"https:\/\/elpuucnoticias.com\/#personlogo\",\"inLanguage\":\"es\",\"url\":\"https:\/\/secure.gravatar.com\/avatar\/5290a43657c74ffa15701dbe5b846bd85cc71930d803c84e91046a7333de6ce2?s=96&d=mm&r=g\",\"contentUrl\":\"https:\/\/secure.gravatar.com\/avatar\/5290a43657c74ffa15701dbe5b846bd85cc71930d803c84e91046a7333de6ce2?s=96&d=mm&r=g\",\"caption\":\"elpuucnoticias\"},\"sameAs\":[\"https:\/\/elpuucnoticias.com\"],\"url\":\"https:\/\/elpuucnoticias.com\/?author=1\"}]}<\/script>\n<!-- \/ Yoast SEO plugin. -->","yoast_head_json":{"title":"Concluyen actividades de la \u201cFeria de la Salud Mental\u201d dirigido a estudiantes de secundaria - El Puuc Noticias","robots":{"index":"index","follow":"follow","max-snippet":"max-snippet:-1","max-image-preview":"max-image-preview:large","max-video-preview":"max-video-preview:-1"},"canonical":"https:\/\/elpuucnoticias.com\/?p=15964","og_locale":"es_ES","og_type":"article","og_title":"Concluyen actividades de la \u201cFeria de la Salud Mental\u201d dirigido a estudiantes de secundaria - El Puuc Noticias","og_description":"Con el prop\u00f3sito de promover la salud mental y erradicar el estigma que existe sobre la conducta suicida,","og_url":"https:\/\/elpuucnoticias.com\/?p=15964","og_site_name":"El Puuc Noticias","article_published_time":"2024-09-19T02:25:27+00:00","article_modified_time":"2024-09-19T02:25:28+00:00","og_image":[{"width":1280,"height":854,"url":"https:\/\/elpuucnoticias.com\/wp-content\/uploads\/2024\/09\/ftingyoi.jpeg","type":"image\/jpeg"}],"twitter_card":"summary_large_image","twitter_misc":{"Escrito por":"elpuucnoticias","Tiempo de lectura":"2 minutos"},"schema":{"@context":"https:\/\/schema.org","@graph":[{"@type":"WebSite","@id":"https:\/\/elpuucnoticias.com\/#website","url":"https:\/\/elpuucnoticias.com\/","name":"El Puuc Noticias","description":"Noticias - Entretenimiento - Deportes","potentialAction":[{"@type":"SearchAction","target":{"@type":"EntryPoint","urlTemplate":"https:\/\/elpuucnoticias.com\/?s={search_term_string}"},"query-input":"required name=search_term_string"}],"inLanguage":"es"},{"@type":"ImageObject","@id":"https:\/\/elpuucnoticias.com\/?p=15964#primaryimage","inLanguage":"es","url":"https:\/\/elpuucnoticias.com\/wp-content\/uploads\/2024\/09\/ftingyoi.jpeg","contentUrl":"https:\/\/elpuucnoticias.com\/wp-content\/uploads\/2024\/09\/ftingyoi.jpeg","width":1280,"height":854},{"@type":"WebPage","@id":"https:\/\/elpuucnoticias.com\/?p=15964#webpage","url":"https:\/\/elpuucnoticias.com\/?p=15964","name":"Concluyen actividades de la \u201cFeria de la Salud Mental\u201d dirigido a estudiantes de secundaria - El Puuc Noticias","isPartOf":{"@id":"https:\/\/elpuucnoticias.com\/#website"},"primaryImageOfPage":{"@id":"https:\/\/elpuucnoticias.com\/?p=15964#primaryimage"},"datePublished":"2024-09-19T02:25:27+00:00","dateModified":"2024-09-19T02:25:28+00:00","author":{"@id":"https:\/\/elpuucnoticias.com\/#\/schema\/person\/d2ea09e4c97f0160b11cdfb1d856bd9e"},"breadcrumb":{"@id":"https:\/\/elpuucnoticias.com\/?p=15964#breadcrumb"},"inLanguage":"es","potentialAction":[{"@type":"ReadAction","target":["https:\/\/elpuucnoticias.com\/?p=15964"]}]},{"@type":"BreadcrumbList","@id":"https:\/\/elpuucnoticias.com\/?p=15964#breadcrumb","itemListElement":[{"@type":"ListItem","position":1,"name":"Portada","item":"https:\/\/elpuucnoticias.com\/"},{"@type":"ListItem","position":2,"name":"Concluyen actividades de la \u201cFeria de la Salud Mental\u201d dirigido a estudiantes de secundaria"}]},{"@type":"Person","@id":"https:\/\/elpuucnoticias.com\/#\/schema\/person\/d2ea09e4c97f0160b11cdfb1d856bd9e","name":"elpuucnoticias","image":{"@type":"ImageObject","@id":"https:\/\/elpuucnoticias.com\/#personlogo","inLanguage":"es","url":"https:\/\/secure.gravatar.com\/avatar\/5290a43657c74ffa15701dbe5b846bd85cc71930d803c84e91046a7333de6ce2?s=96&d=mm&r=g","contentUrl":"https:\/\/secure.gravatar.com\/avatar\/5290a43657c74ffa15701dbe5b846bd85cc71930d803c84e91046a7333de6ce2?s=96&d=mm&r=g","caption":"elpuucnoticias"},"sameAs":["https:\/\/elpuucnoticias.com"],"url":"https:\/\/elpuucnoticias.com\/?author=1"}]}},"_links":{"self":[{"href":"https:\/\/elpuucnoticias.com\/index.php?rest_route=\/wp\/v2\/posts\/15964","targetHints":{"allow":["GET"]}}],"collection":[{"href":"https:\/\/elpuucnoticias.com\/index.php?rest_route=\/wp\/v2\/posts"}],"about":[{"href":"https:\/\/elpuucnoticias.com\/index.php?rest_route=\/wp\/v2\/types\/post"}],"author":[{"embeddable":true,"href":"https:\/\/elpuucnoticias.com\/index.php?rest_route=\/wp\/v2\/users\/1"}],"replies":[{"embeddable":true,"href":"https:\/\/elpuucnoticias.com\/index.php?rest_route=%2Fwp%2Fv2%2Fcomments&post=15964"}],"version-history":[{"count":1,"href":"https:\/\/elpuucnoticias.com\/index.php?rest_route=\/wp\/v2\/posts\/15964\/revisions"}],"predecessor-version":[{"id":15966,"href":"https:\/\/elpuucnoticias.com\/index.php?rest_route=\/wp\/v2\/posts\/15964\/revisions\/15966"}],"wp:featuredmedia":[{"embeddable":true,"href":"https:\/\/elpuucnoticias.com\/index.php?rest_route=\/wp\/v2\/media\/15965"}],"wp:attachment":[{"href":"https:\/\/elpuucnoticias.com\/index.php?rest_route=%2Fwp%2Fv2%2Fmedia&parent=15964"}],"wp:term":[{"taxonomy":"category","embeddable":true,"href":"https:\/\/elpuucnoticias.com\/index.php?rest_route=%2Fwp%2Fv2%2Fcategories&post=15964"},{"taxonomy":"post_tag","embeddable":true,"href":"https:\/\/elpuucnoticias.com\/index.php?rest_route=%2Fwp%2Fv2%2Ftags&post=15964"}],"curies":[{"name":"wp","href":"https:\/\/api.w.org\/{rel}","templated":true}]}}