{"id":15970,"date":"2024-09-18T20:34:54","date_gmt":"2024-09-19T02:34:54","guid":{"rendered":"https:\/\/elpuucnoticias.com\/?p=15970"},"modified":"2024-09-18T20:34:54","modified_gmt":"2024-09-19T02:34:54","slug":"le-formulan-cargos-a-un-sujeto-por-abuso-sexual-en-el-fraccionamiento-vergel-ii-de-merida","status":"publish","type":"post","link":"https:\/\/elpuucnoticias.com\/?p=15970","title":{"rendered":"Le formulan cargos a un sujeto por abuso sexual en el fraccionamiento Vergel II de M\u00e9rida"},"content":{"rendered":"\n<p>Acusado de realizar actos lascivos en agravio de una mujer, P.R.H. fue imputado por la Fiscal\u00eda General del Estado (FGE) por el delito de abuso sexual agravado, denunciado tras los hechos ocurridos la semana pasada en el fraccionamiento Vergel II, de esta ciudad de M\u00e9rida, por lo que permanecer\u00e1 bajo la medida cautelar de prisi\u00f3n preventiva.<\/p>\n\n\n\n<p>Tras la indagatoria realizada por los especialistas de la FGE, los fiscales de litigaci\u00f3n establecieron que los hechos ocurrieron el pasado 14 de septiembre en el interior de un predio en el citado fraccionamiento, donde el acusado aprovech\u00f3 que la v\u00edctima se encontraba sobre un taburete para tocarla de forma lasciva sin la finalidad de llegar a la c\u00f3pula, por lo que se present\u00f3 la formal denuncia que fue judicializada bajo la causa penal 355\/2024.<\/p>\n\n\n\n<p>Durante la audiencia celebrada en el Centro de Justicia Oral de M\u00e9rida, la Juez Segunda de Control inici\u00f3 la diligencia declarando la legalidad en la detenci\u00f3n, para posteriormente los fiscales de litigaci\u00f3n formular la imputaci\u00f3n del delito y realizaran la argumentaci\u00f3n para la vinculaci\u00f3n a proceso, pero el encausado solicit\u00f3 que su situaci\u00f3n se resolviera dentro del plazo legal, por lo que se cit\u00f3 a las partes para reanudar la audiencia el pr\u00f3ximo 20 de septiembre.<\/p>\n\n\n\n<p>Por \u00faltimo, esta representaci\u00f3n social expuso los argumentos para sustentar la solicitud de la prisi\u00f3n preventiva como medida cautelar, la cual fue concedida por la Juez de Control por todo el tiempo que dure el proceso.<\/p>\n","protected":false},"excerpt":{"rendered":"<p>Acusado de realizar actos lascivos en agravio de una mujer, P.R.H. fue imputado por la Fiscal\u00eda General del<\/p>\n","protected":false},"author":1,"featured_media":9269,"comment_status":"closed","ping_status":"open","sticky":false,"template":"","format":"standard","meta":{"_monsterinsights_skip_tracking":false,"_monsterinsights_sitenote_active":false,"_monsterinsights_sitenote_note":"","_monsterinsights_sitenote_category":0,"footnotes":""},"categories":[11],"tags":[],"class_list":["post-15970","post","type-post","status-publish","format-standard","has-post-thumbnail","hentry","category-noticias"],"yoast_head":"<!-- This site is optimized with the Yoast SEO plugin v18.3 - https:\/\/yoast.com\/wordpress\/plugins\/seo\/ -->\n<title>Le formulan cargos a un sujeto por abuso sexual en el fraccionamiento Vergel II de M\u00e9rida - El Puuc Noticias<\/title>\n<meta name=\"robots\" content=\"index, follow, max-snippet:-1, max-image-preview:large, max-video-preview:-1\" \/>\n<link rel=\"canonical\" href=\"https:\/\/elpuucnoticias.com\/?p=15970\" \/>\n<meta property=\"og:locale\" content=\"es_ES\" \/>\n<meta property=\"og:type\" content=\"article\" \/>\n<meta property=\"og:title\" content=\"Le formulan cargos a un sujeto por abuso sexual en el fraccionamiento Vergel II de M\u00e9rida - El Puuc Noticias\" \/>\n<meta property=\"og:description\" content=\"Acusado de realizar actos lascivos en agravio de una mujer, P.R.H. fue imputado por la Fiscal\u00eda General del\" \/>\n<meta property=\"og:url\" content=\"https:\/\/elpuucnoticias.com\/?p=15970\" \/>\n<meta property=\"og:site_name\" content=\"El Puuc Noticias\" \/>\n<meta property=\"article:published_time\" content=\"2024-09-19T02:34:54+00:00\" \/>\n<meta property=\"og:image\" content=\"https:\/\/elpuucnoticias.com\/wp-content\/uploads\/2023\/09\/fiscalia-dedos-3.jpg\" \/>\n\t<meta property=\"og:image:width\" content=\"1492\" \/>\n\t<meta property=\"og:image:height\" content=\"995\" \/>\n\t<meta property=\"og:image:type\" content=\"image\/jpeg\" \/>\n<meta name=\"twitter:card\" content=\"summary_large_image\" \/>\n<meta name=\"twitter:label1\" content=\"Escrito por\" \/>\n\t<meta name=\"twitter:data1\" content=\"elpuucnoticias\" \/>\n\t<meta name=\"twitter:label2\" content=\"Tiempo de lectura\" \/>\n\t<meta name=\"twitter:data2\" content=\"1 minuto\" \/>\n<script type=\"application\/ld+json\" class=\"yoast-schema-graph\">{\"@context\":\"https:\/\/schema.org\",\"@graph\":[{\"@type\":\"WebSite\",\"@id\":\"https:\/\/elpuucnoticias.com\/#website\",\"url\":\"https:\/\/elpuucnoticias.com\/\",\"name\":\"El Puuc Noticias\",\"description\":\"Noticias - Entretenimiento - Deportes\",\"potentialAction\":[{\"@type\":\"SearchAction\",\"target\":{\"@type\":\"EntryPoint\",\"urlTemplate\":\"https:\/\/elpuucnoticias.com\/?s={search_term_string}\"},\"query-input\":\"required name=search_term_string\"}],\"inLanguage\":\"es\"},{\"@type\":\"ImageObject\",\"@id\":\"https:\/\/elpuucnoticias.com\/?p=15970#primaryimage\",\"inLanguage\":\"es\",\"url\":\"https:\/\/elpuucnoticias.com\/wp-content\/uploads\/2023\/09\/fiscalia-dedos-3.jpg\",\"contentUrl\":\"https:\/\/elpuucnoticias.com\/wp-content\/uploads\/2023\/09\/fiscalia-dedos-3.jpg\",\"width\":1492,\"height\":995},{\"@type\":\"WebPage\",\"@id\":\"https:\/\/elpuucnoticias.com\/?p=15970#webpage\",\"url\":\"https:\/\/elpuucnoticias.com\/?p=15970\",\"name\":\"Le formulan cargos a un sujeto por abuso sexual en el fraccionamiento Vergel II de M\u00e9rida - El Puuc Noticias\",\"isPartOf\":{\"@id\":\"https:\/\/elpuucnoticias.com\/#website\"},\"primaryImageOfPage\":{\"@id\":\"https:\/\/elpuucnoticias.com\/?p=15970#primaryimage\"},\"datePublished\":\"2024-09-19T02:34:54+00:00\",\"dateModified\":\"2024-09-19T02:34:54+00:00\",\"author\":{\"@id\":\"https:\/\/elpuucnoticias.com\/#\/schema\/person\/d2ea09e4c97f0160b11cdfb1d856bd9e\"},\"breadcrumb\":{\"@id\":\"https:\/\/elpuucnoticias.com\/?p=15970#breadcrumb\"},\"inLanguage\":\"es\",\"potentialAction\":[{\"@type\":\"ReadAction\",\"target\":[\"https:\/\/elpuucnoticias.com\/?p=15970\"]}]},{\"@type\":\"BreadcrumbList\",\"@id\":\"https:\/\/elpuucnoticias.com\/?p=15970#breadcrumb\",\"itemListElement\":[{\"@type\":\"ListItem\",\"position\":1,\"name\":\"Portada\",\"item\":\"https:\/\/elpuucnoticias.com\/\"},{\"@type\":\"ListItem\",\"position\":2,\"name\":\"Le formulan cargos a un sujeto por abuso sexual en el fraccionamiento Vergel II de M\u00e9rida\"}]},{\"@type\":\"Person\",\"@id\":\"https:\/\/elpuucnoticias.com\/#\/schema\/person\/d2ea09e4c97f0160b11cdfb1d856bd9e\",\"name\":\"elpuucnoticias\",\"image\":{\"@type\":\"ImageObject\",\"@id\":\"https:\/\/elpuucnoticias.com\/#personlogo\",\"inLanguage\":\"es\",\"url\":\"https:\/\/secure.gravatar.com\/avatar\/5290a43657c74ffa15701dbe5b846bd85cc71930d803c84e91046a7333de6ce2?s=96&d=mm&r=g\",\"contentUrl\":\"https:\/\/secure.gravatar.com\/avatar\/5290a43657c74ffa15701dbe5b846bd85cc71930d803c84e91046a7333de6ce2?s=96&d=mm&r=g\",\"caption\":\"elpuucnoticias\"},\"sameAs\":[\"https:\/\/elpuucnoticias.com\"],\"url\":\"https:\/\/elpuucnoticias.com\/?author=1\"}]}<\/script>\n<!-- \/ Yoast SEO plugin. -->","yoast_head_json":{"title":"Le formulan cargos a un sujeto por abuso sexual en el fraccionamiento Vergel II de M\u00e9rida - El Puuc Noticias","robots":{"index":"index","follow":"follow","max-snippet":"max-snippet:-1","max-image-preview":"max-image-preview:large","max-video-preview":"max-video-preview:-1"},"canonical":"https:\/\/elpuucnoticias.com\/?p=15970","og_locale":"es_ES","og_type":"article","og_title":"Le formulan cargos a un sujeto por abuso sexual en el fraccionamiento Vergel II de M\u00e9rida - El Puuc Noticias","og_description":"Acusado de realizar actos lascivos en agravio de una mujer, P.R.H. fue imputado por la Fiscal\u00eda General del","og_url":"https:\/\/elpuucnoticias.com\/?p=15970","og_site_name":"El Puuc Noticias","article_published_time":"2024-09-19T02:34:54+00:00","og_image":[{"width":1492,"height":995,"url":"https:\/\/elpuucnoticias.com\/wp-content\/uploads\/2023\/09\/fiscalia-dedos-3.jpg","type":"image\/jpeg"}],"twitter_card":"summary_large_image","twitter_misc":{"Escrito por":"elpuucnoticias","Tiempo de lectura":"1 minuto"},"schema":{"@context":"https:\/\/schema.org","@graph":[{"@type":"WebSite","@id":"https:\/\/elpuucnoticias.com\/#website","url":"https:\/\/elpuucnoticias.com\/","name":"El Puuc Noticias","description":"Noticias - Entretenimiento - Deportes","potentialAction":[{"@type":"SearchAction","target":{"@type":"EntryPoint","urlTemplate":"https:\/\/elpuucnoticias.com\/?s={search_term_string}"},"query-input":"required name=search_term_string"}],"inLanguage":"es"},{"@type":"ImageObject","@id":"https:\/\/elpuucnoticias.com\/?p=15970#primaryimage","inLanguage":"es","url":"https:\/\/elpuucnoticias.com\/wp-content\/uploads\/2023\/09\/fiscalia-dedos-3.jpg","contentUrl":"https:\/\/elpuucnoticias.com\/wp-content\/uploads\/2023\/09\/fiscalia-dedos-3.jpg","width":1492,"height":995},{"@type":"WebPage","@id":"https:\/\/elpuucnoticias.com\/?p=15970#webpage","url":"https:\/\/elpuucnoticias.com\/?p=15970","name":"Le formulan cargos a un sujeto por abuso sexual en el fraccionamiento Vergel II de M\u00e9rida - El Puuc Noticias","isPartOf":{"@id":"https:\/\/elpuucnoticias.com\/#website"},"primaryImageOfPage":{"@id":"https:\/\/elpuucnoticias.com\/?p=15970#primaryimage"},"datePublished":"2024-09-19T02:34:54+00:00","dateModified":"2024-09-19T02:34:54+00:00","author":{"@id":"https:\/\/elpuucnoticias.com\/#\/schema\/person\/d2ea09e4c97f0160b11cdfb1d856bd9e"},"breadcrumb":{"@id":"https:\/\/elpuucnoticias.com\/?p=15970#breadcrumb"},"inLanguage":"es","potentialAction":[{"@type":"ReadAction","target":["https:\/\/elpuucnoticias.com\/?p=15970"]}]},{"@type":"BreadcrumbList","@id":"https:\/\/elpuucnoticias.com\/?p=15970#breadcrumb","itemListElement":[{"@type":"ListItem","position":1,"name":"Portada","item":"https:\/\/elpuucnoticias.com\/"},{"@type":"ListItem","position":2,"name":"Le formulan cargos a un sujeto por abuso sexual en el fraccionamiento Vergel II de M\u00e9rida"}]},{"@type":"Person","@id":"https:\/\/elpuucnoticias.com\/#\/schema\/person\/d2ea09e4c97f0160b11cdfb1d856bd9e","name":"elpuucnoticias","image":{"@type":"ImageObject","@id":"https:\/\/elpuucnoticias.com\/#personlogo","inLanguage":"es","url":"https:\/\/secure.gravatar.com\/avatar\/5290a43657c74ffa15701dbe5b846bd85cc71930d803c84e91046a7333de6ce2?s=96&d=mm&r=g","contentUrl":"https:\/\/secure.gravatar.com\/avatar\/5290a43657c74ffa15701dbe5b846bd85cc71930d803c84e91046a7333de6ce2?s=96&d=mm&r=g","caption":"elpuucnoticias"},"sameAs":["https:\/\/elpuucnoticias.com"],"url":"https:\/\/elpuucnoticias.com\/?author=1"}]}},"_links":{"self":[{"href":"https:\/\/elpuucnoticias.com\/index.php?rest_route=\/wp\/v2\/posts\/15970","targetHints":{"allow":["GET"]}}],"collection":[{"href":"https:\/\/elpuucnoticias.com\/index.php?rest_route=\/wp\/v2\/posts"}],"about":[{"href":"https:\/\/elpuucnoticias.com\/index.php?rest_route=\/wp\/v2\/types\/post"}],"author":[{"embeddable":true,"href":"https:\/\/elpuucnoticias.com\/index.php?rest_route=\/wp\/v2\/users\/1"}],"replies":[{"embeddable":true,"href":"https:\/\/elpuucnoticias.com\/index.php?rest_route=%2Fwp%2Fv2%2Fcomments&post=15970"}],"version-history":[{"count":1,"href":"https:\/\/elpuucnoticias.com\/index.php?rest_route=\/wp\/v2\/posts\/15970\/revisions"}],"predecessor-version":[{"id":15971,"href":"https:\/\/elpuucnoticias.com\/index.php?rest_route=\/wp\/v2\/posts\/15970\/revisions\/15971"}],"wp:featuredmedia":[{"embeddable":true,"href":"https:\/\/elpuucnoticias.com\/index.php?rest_route=\/wp\/v2\/media\/9269"}],"wp:attachment":[{"href":"https:\/\/elpuucnoticias.com\/index.php?rest_route=%2Fwp%2Fv2%2Fmedia&parent=15970"}],"wp:term":[{"taxonomy":"category","embeddable":true,"href":"https:\/\/elpuucnoticias.com\/index.php?rest_route=%2Fwp%2Fv2%2Fcategories&post=15970"},{"taxonomy":"post_tag","embeddable":true,"href":"https:\/\/elpuucnoticias.com\/index.php?rest_route=%2Fwp%2Fv2%2Ftags&post=15970"}],"curies":[{"name":"wp","href":"https:\/\/api.w.org\/{rel}","templated":true}]}}