{"id":1598,"date":"2022-05-16T16:08:23","date_gmt":"2022-05-16T22:08:23","guid":{"rendered":"https:\/\/elpuucnoticias.com\/?p=1598"},"modified":"2022-05-16T16:08:25","modified_gmt":"2022-05-16T22:08:25","slug":"en-el-dia-del-maestro-alcalde-de-oxkutzcab-reconoce-la-importante-labor-de-los-docentes-en-medio-de-la-pandemia-por-el-coronavirus","status":"publish","type":"post","link":"https:\/\/elpuucnoticias.com\/?p=1598","title":{"rendered":"En el D\u00eda del Maestro, alcalde de Oxkutzcab reconoce la importante labor de los docentes en medio de la pandemia por el Coronavirus"},"content":{"rendered":"\n<p>Con una ceremonia c\u00edvica, el Ayuntamiento de Oxkutzcab que encabeza Juan Jos\u00e9 Mart\u00edn Fragoso, rinde homenaje a los maestros en su d\u00eda, donde los felicit\u00f3 y agradeci\u00f3 la loable labor que realizan por la educaci\u00f3n de los ni\u00f1os y j\u00f3venes del municipio.<\/p>\n\n\n\n<figure class=\"wp-block-image size-large\"><img loading=\"lazy\" decoding=\"async\" width=\"1024\" height=\"819\" src=\"https:\/\/elpuucnoticias.com\/wp-content\/uploads\/2022\/05\/Maestros03-1024x819.jpeg\" alt=\"\" class=\"wp-image-1599\" srcset=\"https:\/\/elpuucnoticias.com\/wp-content\/uploads\/2022\/05\/Maestros03-1024x819.jpeg 1024w, https:\/\/elpuucnoticias.com\/wp-content\/uploads\/2022\/05\/Maestros03-300x240.jpeg 300w, https:\/\/elpuucnoticias.com\/wp-content\/uploads\/2022\/05\/Maestros03-768x615.jpeg 768w, https:\/\/elpuucnoticias.com\/wp-content\/uploads\/2022\/05\/Maestros03.jpeg 1066w\" sizes=\"auto, (max-width: 1024px) 100vw, 1024px\" \/><\/figure>\n\n\n\n<p>El acto conmemorativo se realiz\u00f3 en el parque dedicado al \u201cMaestro\u201d ubicado en el fraccionamiento Fovissste, estuvieron los regidores Alan Emmanuel Torres Vera, \u00c1ngel Sosa Chan, Margarita del Rosario Murillo Peralta, Vanessa Pacheco C\u00f3rdova y Mar\u00eda Isabel P\u00e9rez Pacheco.<\/p>\n\n\n\n<p>Los honores a la Bandera se realizaron con apoyo de la escolta y banda de guerra del Instituto Tecnol\u00f3gico Superior del Sur de Yucat\u00e1n (ITSSY).<\/p>\n\n\n\n<figure class=\"wp-block-image size-large is-resized\"><img loading=\"lazy\" decoding=\"async\" src=\"https:\/\/elpuucnoticias.com\/wp-content\/uploads\/2022\/05\/felino-flayer-1024x583.jpg\" alt=\"\" class=\"wp-image-1402\" width=\"421\" height=\"240\" srcset=\"https:\/\/elpuucnoticias.com\/wp-content\/uploads\/2022\/05\/felino-flayer-1024x583.jpg 1024w, https:\/\/elpuucnoticias.com\/wp-content\/uploads\/2022\/05\/felino-flayer-300x171.jpg 300w, https:\/\/elpuucnoticias.com\/wp-content\/uploads\/2022\/05\/felino-flayer-768x437.jpg 768w, https:\/\/elpuucnoticias.com\/wp-content\/uploads\/2022\/05\/felino-flayer.jpg 1237w\" sizes=\"auto, (max-width: 421px) 100vw, 421px\" \/><\/figure>\n\n\n\n<p>El alcalde, a nombre del Ayuntamiento, felicit\u00f3 a los maestros por la labor que vienen realizando sobre todo en los \u00faltimos dos a\u00f1os, cuando el mundo sufri\u00f3 y vimos lo que es una pandemia.<\/p>\n\n\n\n<p>\u00abLa labor educativa, tanto en la casa con los padres de familia, como con los maestros, se volvi\u00f3 muy loable y muy grande, pues ya no eran maestros de horario, si no de 24 horas, hoy comparto el agradecimiento y felicitaci\u00f3n por el D\u00eda del Maestro\u00bb.<\/p>\n\n\n\n<figure class=\"wp-block-image size-large\"><img loading=\"lazy\" decoding=\"async\" width=\"1024\" height=\"819\" src=\"https:\/\/elpuucnoticias.com\/wp-content\/uploads\/2022\/05\/Maestros06-1024x819.jpeg\" alt=\"\" class=\"wp-image-1601\" srcset=\"https:\/\/elpuucnoticias.com\/wp-content\/uploads\/2022\/05\/Maestros06-1024x819.jpeg 1024w, https:\/\/elpuucnoticias.com\/wp-content\/uploads\/2022\/05\/Maestros06-300x240.jpeg 300w, https:\/\/elpuucnoticias.com\/wp-content\/uploads\/2022\/05\/Maestros06-768x614.jpeg 768w, https:\/\/elpuucnoticias.com\/wp-content\/uploads\/2022\/05\/Maestros06.jpeg 1067w\" sizes=\"auto, (max-width: 1024px) 100vw, 1024px\" \/><\/figure>\n\n\n\n<p>\u00abLa labor del maestro fue muy importante para que los ni\u00f1os y j\u00f3venes no dejar\u00e1n de avanzar en su educaci\u00f3n, la educaci\u00f3n en Oxkutzcab es una prioridad y el Ayuntamiento destina sus recursos a lo prioritario\u00bb.<\/p>\n\n\n\n<p>Posteriormente las autoridades municipales y educativas depositaron una ofrenda floral a nombre de los maestros y realizaron una guardia de honor.\u2014 <em>El Puuc Noticias<\/em><\/p>\n","protected":false},"excerpt":{"rendered":"<p>Con una ceremonia c\u00edvica, el Ayuntamiento de Oxkutzcab que encabeza Juan Jos\u00e9 Mart\u00edn Fragoso, rinde homenaje a los<\/p>\n","protected":false},"author":1,"featured_media":1600,"comment_status":"closed","ping_status":"open","sticky":false,"template":"","format":"standard","meta":{"_monsterinsights_skip_tracking":false,"_monsterinsights_sitenote_active":false,"_monsterinsights_sitenote_note":"","_monsterinsights_sitenote_category":0,"footnotes":""},"categories":[11,14],"tags":[],"class_list":["post-1598","post","type-post","status-publish","format-standard","has-post-thumbnail","hentry","category-noticias","category-oxkutzcab"],"yoast_head":"<!-- This site is optimized with the Yoast SEO plugin v18.3 - https:\/\/yoast.com\/wordpress\/plugins\/seo\/ -->\n<title>En el D\u00eda del Maestro, alcalde de Oxkutzcab reconoce la importante labor de los docentes en medio de la pandemia por el Coronavirus - El Puuc Noticias<\/title>\n<meta name=\"robots\" content=\"index, follow, max-snippet:-1, max-image-preview:large, max-video-preview:-1\" \/>\n<link rel=\"canonical\" href=\"https:\/\/elpuucnoticias.com\/?p=1598\" \/>\n<meta property=\"og:locale\" content=\"es_ES\" \/>\n<meta property=\"og:type\" content=\"article\" \/>\n<meta property=\"og:title\" content=\"En el D\u00eda del Maestro, alcalde de Oxkutzcab reconoce la importante labor de los docentes en medio de la pandemia por el Coronavirus - El Puuc Noticias\" \/>\n<meta property=\"og:description\" content=\"Con una ceremonia c\u00edvica, el Ayuntamiento de Oxkutzcab que encabeza Juan Jos\u00e9 Mart\u00edn Fragoso, rinde homenaje a los\" \/>\n<meta property=\"og:url\" content=\"https:\/\/elpuucnoticias.com\/?p=1598\" \/>\n<meta property=\"og:site_name\" content=\"El Puuc Noticias\" \/>\n<meta property=\"article:published_time\" content=\"2022-05-16T22:08:23+00:00\" \/>\n<meta property=\"article:modified_time\" content=\"2022-05-16T22:08:25+00:00\" \/>\n<meta property=\"og:image\" content=\"https:\/\/elpuucnoticias.com\/wp-content\/uploads\/2022\/05\/Maestros.jpeg\" \/>\n\t<meta property=\"og:image:width\" content=\"1541\" \/>\n\t<meta property=\"og:image:height\" content=\"867\" \/>\n\t<meta property=\"og:image:type\" content=\"image\/jpeg\" \/>\n<meta name=\"twitter:card\" content=\"summary_large_image\" \/>\n<meta name=\"twitter:label1\" content=\"Escrito por\" \/>\n\t<meta name=\"twitter:data1\" content=\"elpuucnoticias\" \/>\n\t<meta name=\"twitter:label2\" content=\"Tiempo de lectura\" \/>\n\t<meta name=\"twitter:data2\" content=\"2 minutos\" \/>\n<script type=\"application\/ld+json\" class=\"yoast-schema-graph\">{\"@context\":\"https:\/\/schema.org\",\"@graph\":[{\"@type\":\"WebSite\",\"@id\":\"https:\/\/elpuucnoticias.com\/#website\",\"url\":\"https:\/\/elpuucnoticias.com\/\",\"name\":\"El Puuc Noticias\",\"description\":\"Noticias - Entretenimiento - Deportes\",\"potentialAction\":[{\"@type\":\"SearchAction\",\"target\":{\"@type\":\"EntryPoint\",\"urlTemplate\":\"https:\/\/elpuucnoticias.com\/?s={search_term_string}\"},\"query-input\":\"required name=search_term_string\"}],\"inLanguage\":\"es\"},{\"@type\":\"ImageObject\",\"@id\":\"https:\/\/elpuucnoticias.com\/?p=1598#primaryimage\",\"inLanguage\":\"es\",\"url\":\"https:\/\/elpuucnoticias.com\/wp-content\/uploads\/2022\/05\/Maestros.jpeg\",\"contentUrl\":\"https:\/\/elpuucnoticias.com\/wp-content\/uploads\/2022\/05\/Maestros.jpeg\",\"width\":1541,\"height\":867},{\"@type\":\"WebPage\",\"@id\":\"https:\/\/elpuucnoticias.com\/?p=1598#webpage\",\"url\":\"https:\/\/elpuucnoticias.com\/?p=1598\",\"name\":\"En el D\u00eda del Maestro, alcalde de Oxkutzcab reconoce la importante labor de los docentes en medio de la pandemia por el Coronavirus - El Puuc Noticias\",\"isPartOf\":{\"@id\":\"https:\/\/elpuucnoticias.com\/#website\"},\"primaryImageOfPage\":{\"@id\":\"https:\/\/elpuucnoticias.com\/?p=1598#primaryimage\"},\"datePublished\":\"2022-05-16T22:08:23+00:00\",\"dateModified\":\"2022-05-16T22:08:25+00:00\",\"author\":{\"@id\":\"https:\/\/elpuucnoticias.com\/#\/schema\/person\/d2ea09e4c97f0160b11cdfb1d856bd9e\"},\"breadcrumb\":{\"@id\":\"https:\/\/elpuucnoticias.com\/?p=1598#breadcrumb\"},\"inLanguage\":\"es\",\"potentialAction\":[{\"@type\":\"ReadAction\",\"target\":[\"https:\/\/elpuucnoticias.com\/?p=1598\"]}]},{\"@type\":\"BreadcrumbList\",\"@id\":\"https:\/\/elpuucnoticias.com\/?p=1598#breadcrumb\",\"itemListElement\":[{\"@type\":\"ListItem\",\"position\":1,\"name\":\"Portada\",\"item\":\"https:\/\/elpuucnoticias.com\/\"},{\"@type\":\"ListItem\",\"position\":2,\"name\":\"En el D\u00eda del Maestro, alcalde de Oxkutzcab reconoce la importante labor de los docentes en medio de la pandemia por el Coronavirus\"}]},{\"@type\":\"Person\",\"@id\":\"https:\/\/elpuucnoticias.com\/#\/schema\/person\/d2ea09e4c97f0160b11cdfb1d856bd9e\",\"name\":\"elpuucnoticias\",\"image\":{\"@type\":\"ImageObject\",\"@id\":\"https:\/\/elpuucnoticias.com\/#personlogo\",\"inLanguage\":\"es\",\"url\":\"https:\/\/secure.gravatar.com\/avatar\/5290a43657c74ffa15701dbe5b846bd85cc71930d803c84e91046a7333de6ce2?s=96&d=mm&r=g\",\"contentUrl\":\"https:\/\/secure.gravatar.com\/avatar\/5290a43657c74ffa15701dbe5b846bd85cc71930d803c84e91046a7333de6ce2?s=96&d=mm&r=g\",\"caption\":\"elpuucnoticias\"},\"sameAs\":[\"https:\/\/elpuucnoticias.com\"],\"url\":\"https:\/\/elpuucnoticias.com\/?author=1\"}]}<\/script>\n<!-- \/ Yoast SEO plugin. -->","yoast_head_json":{"title":"En el D\u00eda del Maestro, alcalde de Oxkutzcab reconoce la importante labor de los docentes en medio de la pandemia por el Coronavirus - El Puuc Noticias","robots":{"index":"index","follow":"follow","max-snippet":"max-snippet:-1","max-image-preview":"max-image-preview:large","max-video-preview":"max-video-preview:-1"},"canonical":"https:\/\/elpuucnoticias.com\/?p=1598","og_locale":"es_ES","og_type":"article","og_title":"En el D\u00eda del Maestro, alcalde de Oxkutzcab reconoce la importante labor de los docentes en medio de la pandemia por el Coronavirus - El Puuc Noticias","og_description":"Con una ceremonia c\u00edvica, el Ayuntamiento de Oxkutzcab que encabeza Juan Jos\u00e9 Mart\u00edn Fragoso, rinde homenaje a los","og_url":"https:\/\/elpuucnoticias.com\/?p=1598","og_site_name":"El Puuc Noticias","article_published_time":"2022-05-16T22:08:23+00:00","article_modified_time":"2022-05-16T22:08:25+00:00","og_image":[{"width":1541,"height":867,"url":"https:\/\/elpuucnoticias.com\/wp-content\/uploads\/2022\/05\/Maestros.jpeg","type":"image\/jpeg"}],"twitter_card":"summary_large_image","twitter_misc":{"Escrito por":"elpuucnoticias","Tiempo de lectura":"2 minutos"},"schema":{"@context":"https:\/\/schema.org","@graph":[{"@type":"WebSite","@id":"https:\/\/elpuucnoticias.com\/#website","url":"https:\/\/elpuucnoticias.com\/","name":"El Puuc Noticias","description":"Noticias - Entretenimiento - Deportes","potentialAction":[{"@type":"SearchAction","target":{"@type":"EntryPoint","urlTemplate":"https:\/\/elpuucnoticias.com\/?s={search_term_string}"},"query-input":"required name=search_term_string"}],"inLanguage":"es"},{"@type":"ImageObject","@id":"https:\/\/elpuucnoticias.com\/?p=1598#primaryimage","inLanguage":"es","url":"https:\/\/elpuucnoticias.com\/wp-content\/uploads\/2022\/05\/Maestros.jpeg","contentUrl":"https:\/\/elpuucnoticias.com\/wp-content\/uploads\/2022\/05\/Maestros.jpeg","width":1541,"height":867},{"@type":"WebPage","@id":"https:\/\/elpuucnoticias.com\/?p=1598#webpage","url":"https:\/\/elpuucnoticias.com\/?p=1598","name":"En el D\u00eda del Maestro, alcalde de Oxkutzcab reconoce la importante labor de los docentes en medio de la pandemia por el Coronavirus - El Puuc Noticias","isPartOf":{"@id":"https:\/\/elpuucnoticias.com\/#website"},"primaryImageOfPage":{"@id":"https:\/\/elpuucnoticias.com\/?p=1598#primaryimage"},"datePublished":"2022-05-16T22:08:23+00:00","dateModified":"2022-05-16T22:08:25+00:00","author":{"@id":"https:\/\/elpuucnoticias.com\/#\/schema\/person\/d2ea09e4c97f0160b11cdfb1d856bd9e"},"breadcrumb":{"@id":"https:\/\/elpuucnoticias.com\/?p=1598#breadcrumb"},"inLanguage":"es","potentialAction":[{"@type":"ReadAction","target":["https:\/\/elpuucnoticias.com\/?p=1598"]}]},{"@type":"BreadcrumbList","@id":"https:\/\/elpuucnoticias.com\/?p=1598#breadcrumb","itemListElement":[{"@type":"ListItem","position":1,"name":"Portada","item":"https:\/\/elpuucnoticias.com\/"},{"@type":"ListItem","position":2,"name":"En el D\u00eda del Maestro, alcalde de Oxkutzcab reconoce la importante labor de los docentes en medio de la pandemia por el Coronavirus"}]},{"@type":"Person","@id":"https:\/\/elpuucnoticias.com\/#\/schema\/person\/d2ea09e4c97f0160b11cdfb1d856bd9e","name":"elpuucnoticias","image":{"@type":"ImageObject","@id":"https:\/\/elpuucnoticias.com\/#personlogo","inLanguage":"es","url":"https:\/\/secure.gravatar.com\/avatar\/5290a43657c74ffa15701dbe5b846bd85cc71930d803c84e91046a7333de6ce2?s=96&d=mm&r=g","contentUrl":"https:\/\/secure.gravatar.com\/avatar\/5290a43657c74ffa15701dbe5b846bd85cc71930d803c84e91046a7333de6ce2?s=96&d=mm&r=g","caption":"elpuucnoticias"},"sameAs":["https:\/\/elpuucnoticias.com"],"url":"https:\/\/elpuucnoticias.com\/?author=1"}]}},"_links":{"self":[{"href":"https:\/\/elpuucnoticias.com\/index.php?rest_route=\/wp\/v2\/posts\/1598","targetHints":{"allow":["GET"]}}],"collection":[{"href":"https:\/\/elpuucnoticias.com\/index.php?rest_route=\/wp\/v2\/posts"}],"about":[{"href":"https:\/\/elpuucnoticias.com\/index.php?rest_route=\/wp\/v2\/types\/post"}],"author":[{"embeddable":true,"href":"https:\/\/elpuucnoticias.com\/index.php?rest_route=\/wp\/v2\/users\/1"}],"replies":[{"embeddable":true,"href":"https:\/\/elpuucnoticias.com\/index.php?rest_route=%2Fwp%2Fv2%2Fcomments&post=1598"}],"version-history":[{"count":1,"href":"https:\/\/elpuucnoticias.com\/index.php?rest_route=\/wp\/v2\/posts\/1598\/revisions"}],"predecessor-version":[{"id":1602,"href":"https:\/\/elpuucnoticias.com\/index.php?rest_route=\/wp\/v2\/posts\/1598\/revisions\/1602"}],"wp:featuredmedia":[{"embeddable":true,"href":"https:\/\/elpuucnoticias.com\/index.php?rest_route=\/wp\/v2\/media\/1600"}],"wp:attachment":[{"href":"https:\/\/elpuucnoticias.com\/index.php?rest_route=%2Fwp%2Fv2%2Fmedia&parent=1598"}],"wp:term":[{"taxonomy":"category","embeddable":true,"href":"https:\/\/elpuucnoticias.com\/index.php?rest_route=%2Fwp%2Fv2%2Fcategories&post=1598"},{"taxonomy":"post_tag","embeddable":true,"href":"https:\/\/elpuucnoticias.com\/index.php?rest_route=%2Fwp%2Fv2%2Ftags&post=1598"}],"curies":[{"name":"wp","href":"https:\/\/api.w.org\/{rel}","templated":true}]}}