{"id":15990,"date":"2024-09-18T20:52:26","date_gmt":"2024-09-19T02:52:26","guid":{"rendered":"https:\/\/elpuucnoticias.com\/?p=15990"},"modified":"2024-09-18T20:52:26","modified_gmt":"2024-09-19T02:52:26","slug":"en-cancun-ponen-en-operacion-unidades-moviles-con-las-caravanas-2","status":"publish","type":"post","link":"https:\/\/elpuucnoticias.com\/?p=15990","title":{"rendered":"En Canc\u00fan ponen en operaci\u00f3n Unidades M\u00f3viles con las Caravanas"},"content":{"rendered":"\n<p>El Instituto de Movilidad del Estado de Quintana Roo (IMOVEQROO) invita a la ciudadan\u00eda a acudir a las Unidades M\u00f3viles de las Caravanas para realizar sus tr\u00e1mites en la expedici\u00f3n de permisos y licencias de conducir en todas sus modalidades.<\/p>\n\n\n\n<figure class=\"wp-block-image is-style-default\"><img decoding=\"async\" src=\"https:\/\/cgc.qroo.gob.mx\/cjg\/wp-content\/uploads\/2024\/09\/WhatsApp-Image-2024-09-18-at-11.17.47-1-585x390.jpeg\" alt=\"\" title=\"WhatsApp Image 2024-09-18 at 11.17.47 (1)\"\/><\/figure>\n\n\n\n<p>El titular de IMOVEQROO, Luis Rodrigo Alcazar Urrutia, anunci\u00f3 que las dos unidades m\u00f3viles tienen el objetivo de acercar a las comunidades el tr\u00e1mite de licencias, cumpliendo con los objetivos del Nuevo Acuerdo por el Bienestar y Desarrollo de Quintana Roo que impulsa la gobernadora Mara Lezama Espinosa.<\/p>\n\n\n\n<p>Inform\u00f3 que el pasado martes las caravanas arrancaron en el parque central de la delegaci\u00f3n Leona Vicario en Puerto Morelos. \u201cEn esta primera visita tuvimos \u00e9xito total al entregar 200 fichas a los pobladores quienes desde muy temprana hora se acercaron al domo deportivo para realizar sus tr\u00e1mites\u201d coment\u00f3.<\/p>\n\n\n\n<p>Es importante informar a la poblaci\u00f3n que al acudir a realizar sus tr\u00e1mites deben llevar su documentaci\u00f3n completa para poder obtener tu permiso o licencia de conducir. As\u00ed mismo record\u00f3 que los pagos son \u00fanicamente con tarjeta de d\u00e9bito o cr\u00e9dito dentro de las unidades m\u00f3viles.<\/p>\n\n\n\n<p>A\u00f1adi\u00f3 que, los interesados podr\u00e1n consultar la p\u00e1gina web:&nbsp;<a href=\"http:\/\/qroo.gob.mx\/imoveqroo\/informacion-de-licencias\/\">qroo.gob.mx\/imoveqroo\/informacion-de-licencias\/<\/a>&nbsp;con el fin de obtener toda la informaci\u00f3n referente al costo y requisitos de licencias, as\u00ed como descargar el formato de solicitud.<\/p>\n\n\n\n<figure class=\"wp-block-image is-style-default\"><img decoding=\"async\" src=\"https:\/\/cgc.qroo.gob.mx\/cjg\/wp-content\/uploads\/2024\/09\/WhatsApp-Image-2024-09-18-at-11.17.45-1-585x390.jpeg\" alt=\"\" title=\"WhatsApp Image 2024-09-18 at 11.17.45 (1)\"\/><\/figure>\n\n\n\n<p>El titular del IMOVEQROO explic\u00f3 que el d\u00eda mi\u00e9rcoles los m\u00f3dulos est\u00e1n en los municipios de Jos\u00e9 Mar\u00eda Morelos y Felipe Carrillo Puerto; y el jueves en la localidad Sab\u00e1n, Jos\u00e9 Mar\u00eda Morelos a partir de las 09:00 horas y en Tihosuco, Felipe Carrillo Puerto, a partir de las 09:00 am, y en comunidad Se\u00f1or a partir de las 14:00 horas.<\/p>\n\n\n\n<p>El viernes, se estar\u00e1 visitando la comunidad Candelaria del municipio Jos\u00e9 Mar\u00eda Morelos, a partir de las 09:00 horas y Chump\u00f3n en Felipe Carrillo Puerto, a partir de las 09:00 horas.<\/p>\n\n\n\n<p>Por \u00faltimo, invit\u00f3 a la ciudadan\u00eda a seguir las redes del #IMOVEQROO, donde estar\u00e1n anunciando las siguientes comunidades que las unidades m\u00f3viles visitar\u00e1n durante la siguiente semana.<\/p>\n","protected":false},"excerpt":{"rendered":"<p>El Instituto de Movilidad del Estado de Quintana Roo (IMOVEQROO) invita a la ciudadan\u00eda a acudir a las<\/p>\n","protected":false},"author":1,"featured_media":15991,"comment_status":"closed","ping_status":"open","sticky":false,"template":"","format":"standard","meta":{"_monsterinsights_skip_tracking":false,"_monsterinsights_sitenote_active":false,"_monsterinsights_sitenote_note":"","_monsterinsights_sitenote_category":0,"footnotes":""},"categories":[11,24],"tags":[],"class_list":["post-15990","post","type-post","status-publish","format-standard","has-post-thumbnail","hentry","category-noticias","category-quintana-roo"],"yoast_head":"<!-- This site is optimized with the Yoast SEO plugin v18.3 - https:\/\/yoast.com\/wordpress\/plugins\/seo\/ -->\n<title>En Canc\u00fan ponen en operaci\u00f3n Unidades M\u00f3viles con las Caravanas - El Puuc Noticias<\/title>\n<meta name=\"robots\" content=\"index, follow, max-snippet:-1, max-image-preview:large, max-video-preview:-1\" \/>\n<link rel=\"canonical\" href=\"https:\/\/elpuucnoticias.com\/?p=15990\" \/>\n<meta property=\"og:locale\" content=\"es_ES\" \/>\n<meta property=\"og:type\" content=\"article\" \/>\n<meta property=\"og:title\" content=\"En Canc\u00fan ponen en operaci\u00f3n Unidades M\u00f3viles con las Caravanas - El Puuc Noticias\" \/>\n<meta property=\"og:description\" content=\"El Instituto de Movilidad del Estado de Quintana Roo (IMOVEQROO) invita a la ciudadan\u00eda a acudir a las\" \/>\n<meta property=\"og:url\" content=\"https:\/\/elpuucnoticias.com\/?p=15990\" \/>\n<meta property=\"og:site_name\" content=\"El Puuc Noticias\" \/>\n<meta property=\"article:published_time\" content=\"2024-09-19T02:52:26+00:00\" \/>\n<meta property=\"og:image\" content=\"https:\/\/elpuucnoticias.com\/wp-content\/uploads\/2024\/09\/dvrbi-1.jpeg\" \/>\n\t<meta property=\"og:image:width\" content=\"1600\" \/>\n\t<meta property=\"og:image:height\" content=\"1066\" \/>\n\t<meta property=\"og:image:type\" content=\"image\/jpeg\" \/>\n<meta name=\"twitter:card\" content=\"summary_large_image\" \/>\n<meta name=\"twitter:label1\" content=\"Escrito por\" \/>\n\t<meta name=\"twitter:data1\" content=\"elpuucnoticias\" \/>\n\t<meta name=\"twitter:label2\" content=\"Tiempo de lectura\" \/>\n\t<meta name=\"twitter:data2\" content=\"2 minutos\" \/>\n<script type=\"application\/ld+json\" class=\"yoast-schema-graph\">{\"@context\":\"https:\/\/schema.org\",\"@graph\":[{\"@type\":\"WebSite\",\"@id\":\"https:\/\/elpuucnoticias.com\/#website\",\"url\":\"https:\/\/elpuucnoticias.com\/\",\"name\":\"El Puuc Noticias\",\"description\":\"Noticias - Entretenimiento - Deportes\",\"potentialAction\":[{\"@type\":\"SearchAction\",\"target\":{\"@type\":\"EntryPoint\",\"urlTemplate\":\"https:\/\/elpuucnoticias.com\/?s={search_term_string}\"},\"query-input\":\"required name=search_term_string\"}],\"inLanguage\":\"es\"},{\"@type\":\"ImageObject\",\"@id\":\"https:\/\/elpuucnoticias.com\/?p=15990#primaryimage\",\"inLanguage\":\"es\",\"url\":\"https:\/\/elpuucnoticias.com\/wp-content\/uploads\/2024\/09\/dvrbi-1.jpeg\",\"contentUrl\":\"https:\/\/elpuucnoticias.com\/wp-content\/uploads\/2024\/09\/dvrbi-1.jpeg\",\"width\":1600,\"height\":1066},{\"@type\":\"WebPage\",\"@id\":\"https:\/\/elpuucnoticias.com\/?p=15990#webpage\",\"url\":\"https:\/\/elpuucnoticias.com\/?p=15990\",\"name\":\"En Canc\u00fan ponen en operaci\u00f3n Unidades M\u00f3viles con las Caravanas - El Puuc Noticias\",\"isPartOf\":{\"@id\":\"https:\/\/elpuucnoticias.com\/#website\"},\"primaryImageOfPage\":{\"@id\":\"https:\/\/elpuucnoticias.com\/?p=15990#primaryimage\"},\"datePublished\":\"2024-09-19T02:52:26+00:00\",\"dateModified\":\"2024-09-19T02:52:26+00:00\",\"author\":{\"@id\":\"https:\/\/elpuucnoticias.com\/#\/schema\/person\/d2ea09e4c97f0160b11cdfb1d856bd9e\"},\"breadcrumb\":{\"@id\":\"https:\/\/elpuucnoticias.com\/?p=15990#breadcrumb\"},\"inLanguage\":\"es\",\"potentialAction\":[{\"@type\":\"ReadAction\",\"target\":[\"https:\/\/elpuucnoticias.com\/?p=15990\"]}]},{\"@type\":\"BreadcrumbList\",\"@id\":\"https:\/\/elpuucnoticias.com\/?p=15990#breadcrumb\",\"itemListElement\":[{\"@type\":\"ListItem\",\"position\":1,\"name\":\"Portada\",\"item\":\"https:\/\/elpuucnoticias.com\/\"},{\"@type\":\"ListItem\",\"position\":2,\"name\":\"En Canc\u00fan ponen en operaci\u00f3n Unidades M\u00f3viles con las Caravanas\"}]},{\"@type\":\"Person\",\"@id\":\"https:\/\/elpuucnoticias.com\/#\/schema\/person\/d2ea09e4c97f0160b11cdfb1d856bd9e\",\"name\":\"elpuucnoticias\",\"image\":{\"@type\":\"ImageObject\",\"@id\":\"https:\/\/elpuucnoticias.com\/#personlogo\",\"inLanguage\":\"es\",\"url\":\"https:\/\/secure.gravatar.com\/avatar\/5290a43657c74ffa15701dbe5b846bd85cc71930d803c84e91046a7333de6ce2?s=96&d=mm&r=g\",\"contentUrl\":\"https:\/\/secure.gravatar.com\/avatar\/5290a43657c74ffa15701dbe5b846bd85cc71930d803c84e91046a7333de6ce2?s=96&d=mm&r=g\",\"caption\":\"elpuucnoticias\"},\"sameAs\":[\"https:\/\/elpuucnoticias.com\"],\"url\":\"https:\/\/elpuucnoticias.com\/?author=1\"}]}<\/script>\n<!-- \/ Yoast SEO plugin. -->","yoast_head_json":{"title":"En Canc\u00fan ponen en operaci\u00f3n Unidades M\u00f3viles con las Caravanas - El Puuc Noticias","robots":{"index":"index","follow":"follow","max-snippet":"max-snippet:-1","max-image-preview":"max-image-preview:large","max-video-preview":"max-video-preview:-1"},"canonical":"https:\/\/elpuucnoticias.com\/?p=15990","og_locale":"es_ES","og_type":"article","og_title":"En Canc\u00fan ponen en operaci\u00f3n Unidades M\u00f3viles con las Caravanas - El Puuc Noticias","og_description":"El Instituto de Movilidad del Estado de Quintana Roo (IMOVEQROO) invita a la ciudadan\u00eda a acudir a las","og_url":"https:\/\/elpuucnoticias.com\/?p=15990","og_site_name":"El Puuc Noticias","article_published_time":"2024-09-19T02:52:26+00:00","og_image":[{"width":1600,"height":1066,"url":"https:\/\/elpuucnoticias.com\/wp-content\/uploads\/2024\/09\/dvrbi-1.jpeg","type":"image\/jpeg"}],"twitter_card":"summary_large_image","twitter_misc":{"Escrito por":"elpuucnoticias","Tiempo de lectura":"2 minutos"},"schema":{"@context":"https:\/\/schema.org","@graph":[{"@type":"WebSite","@id":"https:\/\/elpuucnoticias.com\/#website","url":"https:\/\/elpuucnoticias.com\/","name":"El Puuc Noticias","description":"Noticias - Entretenimiento - Deportes","potentialAction":[{"@type":"SearchAction","target":{"@type":"EntryPoint","urlTemplate":"https:\/\/elpuucnoticias.com\/?s={search_term_string}"},"query-input":"required name=search_term_string"}],"inLanguage":"es"},{"@type":"ImageObject","@id":"https:\/\/elpuucnoticias.com\/?p=15990#primaryimage","inLanguage":"es","url":"https:\/\/elpuucnoticias.com\/wp-content\/uploads\/2024\/09\/dvrbi-1.jpeg","contentUrl":"https:\/\/elpuucnoticias.com\/wp-content\/uploads\/2024\/09\/dvrbi-1.jpeg","width":1600,"height":1066},{"@type":"WebPage","@id":"https:\/\/elpuucnoticias.com\/?p=15990#webpage","url":"https:\/\/elpuucnoticias.com\/?p=15990","name":"En Canc\u00fan ponen en operaci\u00f3n Unidades M\u00f3viles con las Caravanas - El Puuc Noticias","isPartOf":{"@id":"https:\/\/elpuucnoticias.com\/#website"},"primaryImageOfPage":{"@id":"https:\/\/elpuucnoticias.com\/?p=15990#primaryimage"},"datePublished":"2024-09-19T02:52:26+00:00","dateModified":"2024-09-19T02:52:26+00:00","author":{"@id":"https:\/\/elpuucnoticias.com\/#\/schema\/person\/d2ea09e4c97f0160b11cdfb1d856bd9e"},"breadcrumb":{"@id":"https:\/\/elpuucnoticias.com\/?p=15990#breadcrumb"},"inLanguage":"es","potentialAction":[{"@type":"ReadAction","target":["https:\/\/elpuucnoticias.com\/?p=15990"]}]},{"@type":"BreadcrumbList","@id":"https:\/\/elpuucnoticias.com\/?p=15990#breadcrumb","itemListElement":[{"@type":"ListItem","position":1,"name":"Portada","item":"https:\/\/elpuucnoticias.com\/"},{"@type":"ListItem","position":2,"name":"En Canc\u00fan ponen en operaci\u00f3n Unidades M\u00f3viles con las Caravanas"}]},{"@type":"Person","@id":"https:\/\/elpuucnoticias.com\/#\/schema\/person\/d2ea09e4c97f0160b11cdfb1d856bd9e","name":"elpuucnoticias","image":{"@type":"ImageObject","@id":"https:\/\/elpuucnoticias.com\/#personlogo","inLanguage":"es","url":"https:\/\/secure.gravatar.com\/avatar\/5290a43657c74ffa15701dbe5b846bd85cc71930d803c84e91046a7333de6ce2?s=96&d=mm&r=g","contentUrl":"https:\/\/secure.gravatar.com\/avatar\/5290a43657c74ffa15701dbe5b846bd85cc71930d803c84e91046a7333de6ce2?s=96&d=mm&r=g","caption":"elpuucnoticias"},"sameAs":["https:\/\/elpuucnoticias.com"],"url":"https:\/\/elpuucnoticias.com\/?author=1"}]}},"_links":{"self":[{"href":"https:\/\/elpuucnoticias.com\/index.php?rest_route=\/wp\/v2\/posts\/15990","targetHints":{"allow":["GET"]}}],"collection":[{"href":"https:\/\/elpuucnoticias.com\/index.php?rest_route=\/wp\/v2\/posts"}],"about":[{"href":"https:\/\/elpuucnoticias.com\/index.php?rest_route=\/wp\/v2\/types\/post"}],"author":[{"embeddable":true,"href":"https:\/\/elpuucnoticias.com\/index.php?rest_route=\/wp\/v2\/users\/1"}],"replies":[{"embeddable":true,"href":"https:\/\/elpuucnoticias.com\/index.php?rest_route=%2Fwp%2Fv2%2Fcomments&post=15990"}],"version-history":[{"count":1,"href":"https:\/\/elpuucnoticias.com\/index.php?rest_route=\/wp\/v2\/posts\/15990\/revisions"}],"predecessor-version":[{"id":15992,"href":"https:\/\/elpuucnoticias.com\/index.php?rest_route=\/wp\/v2\/posts\/15990\/revisions\/15992"}],"wp:featuredmedia":[{"embeddable":true,"href":"https:\/\/elpuucnoticias.com\/index.php?rest_route=\/wp\/v2\/media\/15991"}],"wp:attachment":[{"href":"https:\/\/elpuucnoticias.com\/index.php?rest_route=%2Fwp%2Fv2%2Fmedia&parent=15990"}],"wp:term":[{"taxonomy":"category","embeddable":true,"href":"https:\/\/elpuucnoticias.com\/index.php?rest_route=%2Fwp%2Fv2%2Fcategories&post=15990"},{"taxonomy":"post_tag","embeddable":true,"href":"https:\/\/elpuucnoticias.com\/index.php?rest_route=%2Fwp%2Fv2%2Ftags&post=15990"}],"curies":[{"name":"wp","href":"https:\/\/api.w.org\/{rel}","templated":true}]}}