{"id":15999,"date":"2024-09-19T12:29:23","date_gmt":"2024-09-19T18:29:23","guid":{"rendered":"https:\/\/elpuucnoticias.com\/?p=15999"},"modified":"2024-09-19T12:29:24","modified_gmt":"2024-09-19T18:29:24","slug":"abandera-seq-delegacion-estatal-que-participara-en-octava-olimpiada-nacional-de-matematicas-en-educacion-basica","status":"publish","type":"post","link":"https:\/\/elpuucnoticias.com\/?p=15999","title":{"rendered":"Abandera SEQ delegaci\u00f3n estatal que participar\u00e1 en Octava Olimpiada Nacional de Matem\u00e1ticas en Educaci\u00f3n B\u00e1sica"},"content":{"rendered":"\n<p>El titular de la Secretar\u00eda de Educaci\u00f3n de Quintana Roo (SEQ), Carlos Gorocica Moreno, encabez\u00f3 la ceremonia de abanderamiento de la Delegaci\u00f3n Quintanarroense conformada por nueve estudiantes, quienes representar\u00e1n a la entidad en la Octava Olimpiada Nacional de Matem\u00e1ticas en Educaci\u00f3n B\u00e1sica, que se llevar\u00e1 a cabo del 19 al 22 de septiembre en Oaxtepec, Morelos.<\/p>\n\n\n\n<figure class=\"wp-block-image is-style-default\"><img decoding=\"async\" src=\"https:\/\/cgc.qroo.gob.mx\/cjg\/wp-content\/uploads\/2024\/09\/37a06b38-a52f-4b5e-b32c-e4c7a198b6ce-585x391.jpeg\" alt=\"\" title=\"37a06b38-a52f-4b5e-b32c-e4c7a198b6ce\"\/><\/figure>\n\n\n\n<p>A trav\u00e9s del Nuevo Acuerdo por el Bienestar y Desarrollo de Quintana Roo que impulsa la gobernadora Mara Lezama Espinosa, que promueve un gobierno humanista, solidario, comunitario e inclusivo, se prioriza la atenci\u00f3n de las y los alumnos para fortalecer sus aprendizajes.<\/p>\n\n\n\n<p>En el evento celebrado en la escuela secundaria general n\u00famero 30 \u201cJuan de la Barrera\u201d, Gorocica Moreno se\u00f1al\u00f3 a los estudiantes que conforman la delegaci\u00f3n quintanarroense: \u201cDesde el momento en que ganaron su lugar entre 341 mil 766 alumnas y alumnos ya son triunfadores\u201d.<\/p>\n\n\n\n<p>Destac\u00f3: \u201cCon toda seguridad sabr\u00e1n poner en alto el nombre de Quintana Roo en la competencia nacional a celebrarse a partir de ma\u00f1ana 19 de septiembre y les pidi\u00f3 que mantengan esa curiosidad por descubrir nuevas cosas para ampliar sus conocimientos\u201d.<\/p>\n\n\n\n<p>\u201cLas matem\u00e1ticas son muy importantes, significan ese proceso en la que la combinaci\u00f3n de n\u00fameros y ecuaciones, hoy nos permiten transitar en un mundo s\u00ed de n\u00fameros, pero tambi\u00e9n de experiencias\u201d, subray\u00f3.<\/p>\n\n\n\n<figure class=\"wp-block-image is-style-default\"><img decoding=\"async\" src=\"https:\/\/cgc.qroo.gob.mx\/cjg\/wp-content\/uploads\/2024\/09\/80a82af9-d8d5-49db-a81b-ddffb1addb86-585x391.jpeg\" alt=\"\" title=\"80a82af9-d8d5-49db-a81b-ddffb1addb86\"\/><\/figure>\n\n\n\n<p>Por su parte, Carlos Mariel Chan Ramallo, Delegado de la Olimpiada Mexicana de Matem\u00e1ticas en Educaci\u00f3n B\u00e1sica, coment\u00f3: \u201cNo estamos forjando matem\u00e1ticos, sino personas que sepan razonar, pensar y tomar decisiones\u201d.<br>Finalizo diciendo: \u201cAl final, ustedes estudien lo que quieran, cumplan sus sue\u00f1os, nosotros solamente los motivamos para seguir adelante; gracias pap\u00e1s y maestros, por la confianza que depositan en nosotros al momento de inscribir a sus muchachos a la Olimpiada de Matem\u00e1ticas a nivel estatal\u201d.<\/p>\n","protected":false},"excerpt":{"rendered":"<p>El titular de la Secretar\u00eda de Educaci\u00f3n de Quintana Roo (SEQ), Carlos Gorocica Moreno, encabez\u00f3 la ceremonia de<\/p>\n","protected":false},"author":1,"featured_media":16000,"comment_status":"closed","ping_status":"open","sticky":false,"template":"","format":"standard","meta":{"_monsterinsights_skip_tracking":false,"_monsterinsights_sitenote_active":false,"_monsterinsights_sitenote_note":"","_monsterinsights_sitenote_category":0,"footnotes":""},"categories":[11,24],"tags":[],"class_list":["post-15999","post","type-post","status-publish","format-standard","has-post-thumbnail","hentry","category-noticias","category-quintana-roo"],"yoast_head":"<!-- This site is optimized with the Yoast SEO plugin v18.3 - https:\/\/yoast.com\/wordpress\/plugins\/seo\/ -->\n<title>Abandera SEQ delegaci\u00f3n estatal que participar\u00e1 en Octava Olimpiada Nacional de Matem\u00e1ticas en Educaci\u00f3n B\u00e1sica - El Puuc Noticias<\/title>\n<meta name=\"robots\" content=\"index, follow, max-snippet:-1, max-image-preview:large, max-video-preview:-1\" \/>\n<link rel=\"canonical\" href=\"https:\/\/elpuucnoticias.com\/?p=15999\" \/>\n<meta property=\"og:locale\" content=\"es_ES\" \/>\n<meta property=\"og:type\" content=\"article\" \/>\n<meta property=\"og:title\" content=\"Abandera SEQ delegaci\u00f3n estatal que participar\u00e1 en Octava Olimpiada Nacional de Matem\u00e1ticas en Educaci\u00f3n B\u00e1sica - El Puuc Noticias\" \/>\n<meta property=\"og:description\" content=\"El titular de la Secretar\u00eda de Educaci\u00f3n de Quintana Roo (SEQ), Carlos Gorocica Moreno, encabez\u00f3 la ceremonia de\" \/>\n<meta property=\"og:url\" content=\"https:\/\/elpuucnoticias.com\/?p=15999\" \/>\n<meta property=\"og:site_name\" content=\"El Puuc Noticias\" \/>\n<meta property=\"article:published_time\" content=\"2024-09-19T18:29:23+00:00\" \/>\n<meta property=\"article:modified_time\" content=\"2024-09-19T18:29:24+00:00\" \/>\n<meta property=\"og:image\" content=\"https:\/\/elpuucnoticias.com\/wp-content\/uploads\/2024\/09\/bt.jpeg\" \/>\n\t<meta property=\"og:image:width\" content=\"1600\" \/>\n\t<meta property=\"og:image:height\" content=\"1069\" \/>\n\t<meta property=\"og:image:type\" content=\"image\/jpeg\" \/>\n<meta name=\"twitter:card\" content=\"summary_large_image\" \/>\n<meta name=\"twitter:label1\" content=\"Escrito por\" \/>\n\t<meta name=\"twitter:data1\" content=\"elpuucnoticias\" \/>\n\t<meta name=\"twitter:label2\" content=\"Tiempo de lectura\" \/>\n\t<meta name=\"twitter:data2\" content=\"2 minutos\" \/>\n<script type=\"application\/ld+json\" class=\"yoast-schema-graph\">{\"@context\":\"https:\/\/schema.org\",\"@graph\":[{\"@type\":\"WebSite\",\"@id\":\"https:\/\/elpuucnoticias.com\/#website\",\"url\":\"https:\/\/elpuucnoticias.com\/\",\"name\":\"El Puuc Noticias\",\"description\":\"Noticias - Entretenimiento - Deportes\",\"potentialAction\":[{\"@type\":\"SearchAction\",\"target\":{\"@type\":\"EntryPoint\",\"urlTemplate\":\"https:\/\/elpuucnoticias.com\/?s={search_term_string}\"},\"query-input\":\"required name=search_term_string\"}],\"inLanguage\":\"es\"},{\"@type\":\"ImageObject\",\"@id\":\"https:\/\/elpuucnoticias.com\/?p=15999#primaryimage\",\"inLanguage\":\"es\",\"url\":\"https:\/\/elpuucnoticias.com\/wp-content\/uploads\/2024\/09\/bt.jpeg\",\"contentUrl\":\"https:\/\/elpuucnoticias.com\/wp-content\/uploads\/2024\/09\/bt.jpeg\",\"width\":1600,\"height\":1069},{\"@type\":\"WebPage\",\"@id\":\"https:\/\/elpuucnoticias.com\/?p=15999#webpage\",\"url\":\"https:\/\/elpuucnoticias.com\/?p=15999\",\"name\":\"Abandera SEQ delegaci\u00f3n estatal que participar\u00e1 en Octava Olimpiada Nacional de Matem\u00e1ticas en Educaci\u00f3n B\u00e1sica - El Puuc Noticias\",\"isPartOf\":{\"@id\":\"https:\/\/elpuucnoticias.com\/#website\"},\"primaryImageOfPage\":{\"@id\":\"https:\/\/elpuucnoticias.com\/?p=15999#primaryimage\"},\"datePublished\":\"2024-09-19T18:29:23+00:00\",\"dateModified\":\"2024-09-19T18:29:24+00:00\",\"author\":{\"@id\":\"https:\/\/elpuucnoticias.com\/#\/schema\/person\/d2ea09e4c97f0160b11cdfb1d856bd9e\"},\"breadcrumb\":{\"@id\":\"https:\/\/elpuucnoticias.com\/?p=15999#breadcrumb\"},\"inLanguage\":\"es\",\"potentialAction\":[{\"@type\":\"ReadAction\",\"target\":[\"https:\/\/elpuucnoticias.com\/?p=15999\"]}]},{\"@type\":\"BreadcrumbList\",\"@id\":\"https:\/\/elpuucnoticias.com\/?p=15999#breadcrumb\",\"itemListElement\":[{\"@type\":\"ListItem\",\"position\":1,\"name\":\"Portada\",\"item\":\"https:\/\/elpuucnoticias.com\/\"},{\"@type\":\"ListItem\",\"position\":2,\"name\":\"Abandera SEQ delegaci\u00f3n estatal que participar\u00e1 en Octava Olimpiada Nacional de Matem\u00e1ticas en Educaci\u00f3n B\u00e1sica\"}]},{\"@type\":\"Person\",\"@id\":\"https:\/\/elpuucnoticias.com\/#\/schema\/person\/d2ea09e4c97f0160b11cdfb1d856bd9e\",\"name\":\"elpuucnoticias\",\"image\":{\"@type\":\"ImageObject\",\"@id\":\"https:\/\/elpuucnoticias.com\/#personlogo\",\"inLanguage\":\"es\",\"url\":\"https:\/\/secure.gravatar.com\/avatar\/5290a43657c74ffa15701dbe5b846bd85cc71930d803c84e91046a7333de6ce2?s=96&d=mm&r=g\",\"contentUrl\":\"https:\/\/secure.gravatar.com\/avatar\/5290a43657c74ffa15701dbe5b846bd85cc71930d803c84e91046a7333de6ce2?s=96&d=mm&r=g\",\"caption\":\"elpuucnoticias\"},\"sameAs\":[\"https:\/\/elpuucnoticias.com\"],\"url\":\"https:\/\/elpuucnoticias.com\/?author=1\"}]}<\/script>\n<!-- \/ Yoast SEO plugin. -->","yoast_head_json":{"title":"Abandera SEQ delegaci\u00f3n estatal que participar\u00e1 en Octava Olimpiada Nacional de Matem\u00e1ticas en Educaci\u00f3n B\u00e1sica - El Puuc Noticias","robots":{"index":"index","follow":"follow","max-snippet":"max-snippet:-1","max-image-preview":"max-image-preview:large","max-video-preview":"max-video-preview:-1"},"canonical":"https:\/\/elpuucnoticias.com\/?p=15999","og_locale":"es_ES","og_type":"article","og_title":"Abandera SEQ delegaci\u00f3n estatal que participar\u00e1 en Octava Olimpiada Nacional de Matem\u00e1ticas en Educaci\u00f3n B\u00e1sica - El Puuc Noticias","og_description":"El titular de la Secretar\u00eda de Educaci\u00f3n de Quintana Roo (SEQ), Carlos Gorocica Moreno, encabez\u00f3 la ceremonia de","og_url":"https:\/\/elpuucnoticias.com\/?p=15999","og_site_name":"El Puuc Noticias","article_published_time":"2024-09-19T18:29:23+00:00","article_modified_time":"2024-09-19T18:29:24+00:00","og_image":[{"width":1600,"height":1069,"url":"https:\/\/elpuucnoticias.com\/wp-content\/uploads\/2024\/09\/bt.jpeg","type":"image\/jpeg"}],"twitter_card":"summary_large_image","twitter_misc":{"Escrito por":"elpuucnoticias","Tiempo de lectura":"2 minutos"},"schema":{"@context":"https:\/\/schema.org","@graph":[{"@type":"WebSite","@id":"https:\/\/elpuucnoticias.com\/#website","url":"https:\/\/elpuucnoticias.com\/","name":"El Puuc Noticias","description":"Noticias - Entretenimiento - Deportes","potentialAction":[{"@type":"SearchAction","target":{"@type":"EntryPoint","urlTemplate":"https:\/\/elpuucnoticias.com\/?s={search_term_string}"},"query-input":"required name=search_term_string"}],"inLanguage":"es"},{"@type":"ImageObject","@id":"https:\/\/elpuucnoticias.com\/?p=15999#primaryimage","inLanguage":"es","url":"https:\/\/elpuucnoticias.com\/wp-content\/uploads\/2024\/09\/bt.jpeg","contentUrl":"https:\/\/elpuucnoticias.com\/wp-content\/uploads\/2024\/09\/bt.jpeg","width":1600,"height":1069},{"@type":"WebPage","@id":"https:\/\/elpuucnoticias.com\/?p=15999#webpage","url":"https:\/\/elpuucnoticias.com\/?p=15999","name":"Abandera SEQ delegaci\u00f3n estatal que participar\u00e1 en Octava Olimpiada Nacional de Matem\u00e1ticas en Educaci\u00f3n B\u00e1sica - El Puuc Noticias","isPartOf":{"@id":"https:\/\/elpuucnoticias.com\/#website"},"primaryImageOfPage":{"@id":"https:\/\/elpuucnoticias.com\/?p=15999#primaryimage"},"datePublished":"2024-09-19T18:29:23+00:00","dateModified":"2024-09-19T18:29:24+00:00","author":{"@id":"https:\/\/elpuucnoticias.com\/#\/schema\/person\/d2ea09e4c97f0160b11cdfb1d856bd9e"},"breadcrumb":{"@id":"https:\/\/elpuucnoticias.com\/?p=15999#breadcrumb"},"inLanguage":"es","potentialAction":[{"@type":"ReadAction","target":["https:\/\/elpuucnoticias.com\/?p=15999"]}]},{"@type":"BreadcrumbList","@id":"https:\/\/elpuucnoticias.com\/?p=15999#breadcrumb","itemListElement":[{"@type":"ListItem","position":1,"name":"Portada","item":"https:\/\/elpuucnoticias.com\/"},{"@type":"ListItem","position":2,"name":"Abandera SEQ delegaci\u00f3n estatal que participar\u00e1 en Octava Olimpiada Nacional de Matem\u00e1ticas en Educaci\u00f3n B\u00e1sica"}]},{"@type":"Person","@id":"https:\/\/elpuucnoticias.com\/#\/schema\/person\/d2ea09e4c97f0160b11cdfb1d856bd9e","name":"elpuucnoticias","image":{"@type":"ImageObject","@id":"https:\/\/elpuucnoticias.com\/#personlogo","inLanguage":"es","url":"https:\/\/secure.gravatar.com\/avatar\/5290a43657c74ffa15701dbe5b846bd85cc71930d803c84e91046a7333de6ce2?s=96&d=mm&r=g","contentUrl":"https:\/\/secure.gravatar.com\/avatar\/5290a43657c74ffa15701dbe5b846bd85cc71930d803c84e91046a7333de6ce2?s=96&d=mm&r=g","caption":"elpuucnoticias"},"sameAs":["https:\/\/elpuucnoticias.com"],"url":"https:\/\/elpuucnoticias.com\/?author=1"}]}},"_links":{"self":[{"href":"https:\/\/elpuucnoticias.com\/index.php?rest_route=\/wp\/v2\/posts\/15999","targetHints":{"allow":["GET"]}}],"collection":[{"href":"https:\/\/elpuucnoticias.com\/index.php?rest_route=\/wp\/v2\/posts"}],"about":[{"href":"https:\/\/elpuucnoticias.com\/index.php?rest_route=\/wp\/v2\/types\/post"}],"author":[{"embeddable":true,"href":"https:\/\/elpuucnoticias.com\/index.php?rest_route=\/wp\/v2\/users\/1"}],"replies":[{"embeddable":true,"href":"https:\/\/elpuucnoticias.com\/index.php?rest_route=%2Fwp%2Fv2%2Fcomments&post=15999"}],"version-history":[{"count":1,"href":"https:\/\/elpuucnoticias.com\/index.php?rest_route=\/wp\/v2\/posts\/15999\/revisions"}],"predecessor-version":[{"id":16001,"href":"https:\/\/elpuucnoticias.com\/index.php?rest_route=\/wp\/v2\/posts\/15999\/revisions\/16001"}],"wp:featuredmedia":[{"embeddable":true,"href":"https:\/\/elpuucnoticias.com\/index.php?rest_route=\/wp\/v2\/media\/16000"}],"wp:attachment":[{"href":"https:\/\/elpuucnoticias.com\/index.php?rest_route=%2Fwp%2Fv2%2Fmedia&parent=15999"}],"wp:term":[{"taxonomy":"category","embeddable":true,"href":"https:\/\/elpuucnoticias.com\/index.php?rest_route=%2Fwp%2Fv2%2Fcategories&post=15999"},{"taxonomy":"post_tag","embeddable":true,"href":"https:\/\/elpuucnoticias.com\/index.php?rest_route=%2Fwp%2Fv2%2Ftags&post=15999"}],"curies":[{"name":"wp","href":"https:\/\/api.w.org\/{rel}","templated":true}]}}