{"id":16015,"date":"2024-09-19T12:52:32","date_gmt":"2024-09-19T18:52:32","guid":{"rendered":"https:\/\/elpuucnoticias.com\/?p=16015"},"modified":"2024-09-19T12:52:33","modified_gmt":"2024-09-19T18:52:33","slug":"la-fundacion-de-parques-y-museos-convoca-a-la-poblacion-a-la-xxix-jornada-internacional-de-limpieza-de-playas-2","status":"publish","type":"post","link":"https:\/\/elpuucnoticias.com\/?p=16015","title":{"rendered":"La Fundaci\u00f3n de Parques y Museos convoca a la poblaci\u00f3n a la XXIX Jornada Internacional de Limpieza de Playas"},"content":{"rendered":"\n<p>Para fomentar la conservaci\u00f3n de los ecosistemas costeros, la Fundaci\u00f3n de Parques y Museos de Cozumel (FPMC) convoca a la comunidad a participar en la XXIX Jornada Internacional de Limpieza de Playas, que se llevar\u00e1 a cabo el pr\u00f3ximo s\u00e1bado 28 de septiembre, en el campamento tortuguero de Punta Sur.<\/p>\n\n\n\n<p>Con el Nuevo Acuerdo por el Bienestar y Desarrollo de Quintana Roo, que promueve la gobernadora Mara Lezama Espinosa, la FPMC impulsa el involucramiento de la sociedad en acciones a favor de la conservaci\u00f3n y restauraci\u00f3n de los recursos naturales y los h\u00e1bitats, mencion\u00f3 el director de la instituci\u00f3n, Alejandro March\u00e1n Pay\u00e1n.<\/p>\n\n\n\n<figure class=\"wp-block-gallery has-nested-images columns-default is-cropped wp-block-gallery-1 is-layout-flex wp-block-gallery-is-layout-flex\">\n<figure class=\"wp-block-image size-large is-style-default\"><img loading=\"lazy\" decoding=\"async\" width=\"1024\" height=\"682\" data-id=\"16017\" src=\"https:\/\/elpuucnoticias.com\/wp-content\/uploads\/2024\/09\/whatsapp-image-2024-09-19-at-12.09.37-pm-2-1024x682.jpeg\" alt=\"\" class=\"wp-image-16017\" srcset=\"https:\/\/elpuucnoticias.com\/wp-content\/uploads\/2024\/09\/whatsapp-image-2024-09-19-at-12.09.37-pm-2-1024x682.jpeg 1024w, https:\/\/elpuucnoticias.com\/wp-content\/uploads\/2024\/09\/whatsapp-image-2024-09-19-at-12.09.37-pm-2-300x200.jpeg 300w, https:\/\/elpuucnoticias.com\/wp-content\/uploads\/2024\/09\/whatsapp-image-2024-09-19-at-12.09.37-pm-2-768x512.jpeg 768w, https:\/\/elpuucnoticias.com\/wp-content\/uploads\/2024\/09\/whatsapp-image-2024-09-19-at-12.09.37-pm-2-1536x1023.jpeg 1536w, https:\/\/elpuucnoticias.com\/wp-content\/uploads\/2024\/09\/whatsapp-image-2024-09-19-at-12.09.37-pm-2-600x400.jpeg 600w, https:\/\/elpuucnoticias.com\/wp-content\/uploads\/2024\/09\/whatsapp-image-2024-09-19-at-12.09.37-pm-2-320x213.jpeg 320w, https:\/\/elpuucnoticias.com\/wp-content\/uploads\/2024\/09\/whatsapp-image-2024-09-19-at-12.09.37-pm-2.jpeg 1600w\" sizes=\"auto, (max-width: 1024px) 100vw, 1024px\" \/><\/figure>\n\n\n\n<figure class=\"wp-block-image size-large is-style-default\"><img loading=\"lazy\" decoding=\"async\" width=\"1024\" height=\"682\" data-id=\"16016\" src=\"https:\/\/elpuucnoticias.com\/wp-content\/uploads\/2024\/09\/whatsapp-image-2024-09-19-at-12.09.38-pm-1-1-1024x682.jpeg\" alt=\"\" class=\"wp-image-16016\" srcset=\"https:\/\/elpuucnoticias.com\/wp-content\/uploads\/2024\/09\/whatsapp-image-2024-09-19-at-12.09.38-pm-1-1-1024x682.jpeg 1024w, https:\/\/elpuucnoticias.com\/wp-content\/uploads\/2024\/09\/whatsapp-image-2024-09-19-at-12.09.38-pm-1-1-300x200.jpeg 300w, https:\/\/elpuucnoticias.com\/wp-content\/uploads\/2024\/09\/whatsapp-image-2024-09-19-at-12.09.38-pm-1-1-768x512.jpeg 768w, https:\/\/elpuucnoticias.com\/wp-content\/uploads\/2024\/09\/whatsapp-image-2024-09-19-at-12.09.38-pm-1-1-1536x1023.jpeg 1536w, https:\/\/elpuucnoticias.com\/wp-content\/uploads\/2024\/09\/whatsapp-image-2024-09-19-at-12.09.38-pm-1-1-600x400.jpeg 600w, https:\/\/elpuucnoticias.com\/wp-content\/uploads\/2024\/09\/whatsapp-image-2024-09-19-at-12.09.38-pm-1-1-320x213.jpeg 320w, https:\/\/elpuucnoticias.com\/wp-content\/uploads\/2024\/09\/whatsapp-image-2024-09-19-at-12.09.38-pm-1-1.jpeg 1600w\" sizes=\"auto, (max-width: 1024px) 100vw, 1024px\" \/><\/figure>\n\n\n\n<figure class=\"wp-block-image size-large is-style-default\"><img loading=\"lazy\" decoding=\"async\" width=\"1024\" height=\"682\" data-id=\"16018\" src=\"https:\/\/elpuucnoticias.com\/wp-content\/uploads\/2024\/09\/whatsapp-image-2024-09-19-at-12.09.38-pm-1024x682.jpeg\" alt=\"\" class=\"wp-image-16018\" srcset=\"https:\/\/elpuucnoticias.com\/wp-content\/uploads\/2024\/09\/whatsapp-image-2024-09-19-at-12.09.38-pm-1024x682.jpeg 1024w, https:\/\/elpuucnoticias.com\/wp-content\/uploads\/2024\/09\/whatsapp-image-2024-09-19-at-12.09.38-pm-300x200.jpeg 300w, https:\/\/elpuucnoticias.com\/wp-content\/uploads\/2024\/09\/whatsapp-image-2024-09-19-at-12.09.38-pm-768x512.jpeg 768w, https:\/\/elpuucnoticias.com\/wp-content\/uploads\/2024\/09\/whatsapp-image-2024-09-19-at-12.09.38-pm-1536x1023.jpeg 1536w, https:\/\/elpuucnoticias.com\/wp-content\/uploads\/2024\/09\/whatsapp-image-2024-09-19-at-12.09.38-pm-600x400.jpeg 600w, https:\/\/elpuucnoticias.com\/wp-content\/uploads\/2024\/09\/whatsapp-image-2024-09-19-at-12.09.38-pm-320x213.jpeg 320w, https:\/\/elpuucnoticias.com\/wp-content\/uploads\/2024\/09\/whatsapp-image-2024-09-19-at-12.09.38-pm.jpeg 1600w\" sizes=\"auto, (max-width: 1024px) 100vw, 1024px\" \/><\/figure>\n<\/figure>\n\n\n\n<p>Explic\u00f3 que la XXIX Jornada Internacional de Limpieza de Playas se realiza en coordinaci\u00f3n con Ocean Conservacy, organizaci\u00f3n internacional sin fines de lucro dedicada a proteger los oc\u00e9anos y la vida marina.<\/p>\n\n\n\n<p>Agreg\u00f3 que ambas instituciones comparten el inter\u00e9s en fomentar acciones para mantener oc\u00e9anos y los litorales saludables para las actuales y futuras generaciones, adem\u00e1s de brindar las habilidades para contar con una poblaci\u00f3n resiliente y participativa para apoyar en acciones de cuidado del medio ambiente.<\/p>\n\n\n\n<p>El evento se realiza en el marco D\u00eda Mundial de la Limpieza de Playas que se celebr\u00f3 el pasado 17 de septiembre, explic\u00f3 Alejandro March\u00e1n, quien destac\u00f3 que se ofrecer\u00e1 transportaci\u00f3n para que los voluntarios que no cuenten con veh\u00edculo puedan participar en la actividad y saldr\u00e1n a las cinco y media de la tarde del Centro de Conservaci\u00f3n y Educaci\u00f3n Ambiental (CCEA), localizada en la 65 avenida Zona Industrial, y regresar\u00e1n alrededor de las 21:00 horas.<\/p>\n\n\n\n<p>Por su parte, el director del CCEA, Rafael Chac\u00f3n D\u00edaz, coment\u00f3 que en la limpieza de playa pueden participar familias, grupos escolares, empresas, agrupaciones y asociaciones de la sociedad civil, quienes adem\u00e1s de retirar residuos de las playas, es probable que sean testigos de la eclosi\u00f3n de huevos de tortuga marina, ya que en esta temporada nacen los quelonios que son protegidos en el campamento de la FPMC.<\/p>\n\n\n\n<p>El cupo es limitado y las personas interesadas se pueden inscribir al tel\u00e9fono 987-112-979 o directamente en las oficinas de CCEA, concluy\u00f3 Chac\u00f3n D\u00edaz.<\/p>\n","protected":false},"excerpt":{"rendered":"<p>Para fomentar la conservaci\u00f3n de los ecosistemas costeros, la Fundaci\u00f3n de Parques y Museos de Cozumel (FPMC) convoca<\/p>\n","protected":false},"author":1,"featured_media":16019,"comment_status":"closed","ping_status":"open","sticky":false,"template":"","format":"standard","meta":{"_monsterinsights_skip_tracking":false,"_monsterinsights_sitenote_active":false,"_monsterinsights_sitenote_note":"","_monsterinsights_sitenote_category":0,"footnotes":""},"categories":[11,24],"tags":[],"class_list":["post-16015","post","type-post","status-publish","format-standard","has-post-thumbnail","hentry","category-noticias","category-quintana-roo"],"yoast_head":"<!-- This site is optimized with the Yoast SEO plugin v18.3 - https:\/\/yoast.com\/wordpress\/plugins\/seo\/ -->\n<title>La Fundaci\u00f3n de Parques y Museos convoca a la poblaci\u00f3n a la XXIX Jornada Internacional de Limpieza de Playas - El Puuc Noticias<\/title>\n<meta name=\"robots\" content=\"index, follow, max-snippet:-1, max-image-preview:large, max-video-preview:-1\" \/>\n<link rel=\"canonical\" href=\"https:\/\/elpuucnoticias.com\/?p=16015\" \/>\n<meta property=\"og:locale\" content=\"es_ES\" \/>\n<meta property=\"og:type\" content=\"article\" \/>\n<meta property=\"og:title\" content=\"La Fundaci\u00f3n de Parques y Museos convoca a la poblaci\u00f3n a la XXIX Jornada Internacional de Limpieza de Playas - El Puuc Noticias\" \/>\n<meta property=\"og:description\" content=\"Para fomentar la conservaci\u00f3n de los ecosistemas costeros, la Fundaci\u00f3n de Parques y Museos de Cozumel (FPMC) convoca\" \/>\n<meta property=\"og:url\" content=\"https:\/\/elpuucnoticias.com\/?p=16015\" \/>\n<meta property=\"og:site_name\" content=\"El Puuc Noticias\" \/>\n<meta property=\"article:published_time\" content=\"2024-09-19T18:52:32+00:00\" \/>\n<meta property=\"article:modified_time\" content=\"2024-09-19T18:52:33+00:00\" \/>\n<meta property=\"og:image\" content=\"https:\/\/elpuucnoticias.com\/wp-content\/uploads\/2024\/09\/whatsapp-image-2024-09-19-at-12.09.40-pm-1.jpeg\" \/>\n\t<meta property=\"og:image:width\" content=\"1600\" \/>\n\t<meta property=\"og:image:height\" content=\"1066\" \/>\n\t<meta property=\"og:image:type\" content=\"image\/jpeg\" \/>\n<meta name=\"twitter:card\" content=\"summary_large_image\" \/>\n<meta name=\"twitter:label1\" content=\"Escrito por\" \/>\n\t<meta name=\"twitter:data1\" content=\"elpuucnoticias\" \/>\n\t<meta name=\"twitter:label2\" content=\"Tiempo de lectura\" \/>\n\t<meta name=\"twitter:data2\" content=\"2 minutos\" \/>\n<script type=\"application\/ld+json\" class=\"yoast-schema-graph\">{\"@context\":\"https:\/\/schema.org\",\"@graph\":[{\"@type\":\"WebSite\",\"@id\":\"https:\/\/elpuucnoticias.com\/#website\",\"url\":\"https:\/\/elpuucnoticias.com\/\",\"name\":\"El Puuc Noticias\",\"description\":\"Noticias - Entretenimiento - Deportes\",\"potentialAction\":[{\"@type\":\"SearchAction\",\"target\":{\"@type\":\"EntryPoint\",\"urlTemplate\":\"https:\/\/elpuucnoticias.com\/?s={search_term_string}\"},\"query-input\":\"required name=search_term_string\"}],\"inLanguage\":\"es\"},{\"@type\":\"ImageObject\",\"@id\":\"https:\/\/elpuucnoticias.com\/?p=16015#primaryimage\",\"inLanguage\":\"es\",\"url\":\"https:\/\/elpuucnoticias.com\/wp-content\/uploads\/2024\/09\/whatsapp-image-2024-09-19-at-12.09.40-pm-1.jpeg\",\"contentUrl\":\"https:\/\/elpuucnoticias.com\/wp-content\/uploads\/2024\/09\/whatsapp-image-2024-09-19-at-12.09.40-pm-1.jpeg\",\"width\":1600,\"height\":1066},{\"@type\":\"WebPage\",\"@id\":\"https:\/\/elpuucnoticias.com\/?p=16015#webpage\",\"url\":\"https:\/\/elpuucnoticias.com\/?p=16015\",\"name\":\"La Fundaci\u00f3n de Parques y Museos convoca a la poblaci\u00f3n a la XXIX Jornada Internacional de Limpieza de Playas - El Puuc Noticias\",\"isPartOf\":{\"@id\":\"https:\/\/elpuucnoticias.com\/#website\"},\"primaryImageOfPage\":{\"@id\":\"https:\/\/elpuucnoticias.com\/?p=16015#primaryimage\"},\"datePublished\":\"2024-09-19T18:52:32+00:00\",\"dateModified\":\"2024-09-19T18:52:33+00:00\",\"author\":{\"@id\":\"https:\/\/elpuucnoticias.com\/#\/schema\/person\/d2ea09e4c97f0160b11cdfb1d856bd9e\"},\"breadcrumb\":{\"@id\":\"https:\/\/elpuucnoticias.com\/?p=16015#breadcrumb\"},\"inLanguage\":\"es\",\"potentialAction\":[{\"@type\":\"ReadAction\",\"target\":[\"https:\/\/elpuucnoticias.com\/?p=16015\"]}]},{\"@type\":\"BreadcrumbList\",\"@id\":\"https:\/\/elpuucnoticias.com\/?p=16015#breadcrumb\",\"itemListElement\":[{\"@type\":\"ListItem\",\"position\":1,\"name\":\"Portada\",\"item\":\"https:\/\/elpuucnoticias.com\/\"},{\"@type\":\"ListItem\",\"position\":2,\"name\":\"La Fundaci\u00f3n de Parques y Museos convoca a la poblaci\u00f3n a la XXIX Jornada Internacional de Limpieza de Playas\"}]},{\"@type\":\"Person\",\"@id\":\"https:\/\/elpuucnoticias.com\/#\/schema\/person\/d2ea09e4c97f0160b11cdfb1d856bd9e\",\"name\":\"elpuucnoticias\",\"image\":{\"@type\":\"ImageObject\",\"@id\":\"https:\/\/elpuucnoticias.com\/#personlogo\",\"inLanguage\":\"es\",\"url\":\"https:\/\/secure.gravatar.com\/avatar\/5290a43657c74ffa15701dbe5b846bd85cc71930d803c84e91046a7333de6ce2?s=96&d=mm&r=g\",\"contentUrl\":\"https:\/\/secure.gravatar.com\/avatar\/5290a43657c74ffa15701dbe5b846bd85cc71930d803c84e91046a7333de6ce2?s=96&d=mm&r=g\",\"caption\":\"elpuucnoticias\"},\"sameAs\":[\"https:\/\/elpuucnoticias.com\"],\"url\":\"https:\/\/elpuucnoticias.com\/?author=1\"}]}<\/script>\n<!-- \/ Yoast SEO plugin. -->","yoast_head_json":{"title":"La Fundaci\u00f3n de Parques y Museos convoca a la poblaci\u00f3n a la XXIX Jornada Internacional de Limpieza de Playas - El Puuc Noticias","robots":{"index":"index","follow":"follow","max-snippet":"max-snippet:-1","max-image-preview":"max-image-preview:large","max-video-preview":"max-video-preview:-1"},"canonical":"https:\/\/elpuucnoticias.com\/?p=16015","og_locale":"es_ES","og_type":"article","og_title":"La Fundaci\u00f3n de Parques y Museos convoca a la poblaci\u00f3n a la XXIX Jornada Internacional de Limpieza de Playas - El Puuc Noticias","og_description":"Para fomentar la conservaci\u00f3n de los ecosistemas costeros, la Fundaci\u00f3n de Parques y Museos de Cozumel (FPMC) convoca","og_url":"https:\/\/elpuucnoticias.com\/?p=16015","og_site_name":"El Puuc Noticias","article_published_time":"2024-09-19T18:52:32+00:00","article_modified_time":"2024-09-19T18:52:33+00:00","og_image":[{"width":1600,"height":1066,"url":"https:\/\/elpuucnoticias.com\/wp-content\/uploads\/2024\/09\/whatsapp-image-2024-09-19-at-12.09.40-pm-1.jpeg","type":"image\/jpeg"}],"twitter_card":"summary_large_image","twitter_misc":{"Escrito por":"elpuucnoticias","Tiempo de lectura":"2 minutos"},"schema":{"@context":"https:\/\/schema.org","@graph":[{"@type":"WebSite","@id":"https:\/\/elpuucnoticias.com\/#website","url":"https:\/\/elpuucnoticias.com\/","name":"El Puuc Noticias","description":"Noticias - Entretenimiento - Deportes","potentialAction":[{"@type":"SearchAction","target":{"@type":"EntryPoint","urlTemplate":"https:\/\/elpuucnoticias.com\/?s={search_term_string}"},"query-input":"required name=search_term_string"}],"inLanguage":"es"},{"@type":"ImageObject","@id":"https:\/\/elpuucnoticias.com\/?p=16015#primaryimage","inLanguage":"es","url":"https:\/\/elpuucnoticias.com\/wp-content\/uploads\/2024\/09\/whatsapp-image-2024-09-19-at-12.09.40-pm-1.jpeg","contentUrl":"https:\/\/elpuucnoticias.com\/wp-content\/uploads\/2024\/09\/whatsapp-image-2024-09-19-at-12.09.40-pm-1.jpeg","width":1600,"height":1066},{"@type":"WebPage","@id":"https:\/\/elpuucnoticias.com\/?p=16015#webpage","url":"https:\/\/elpuucnoticias.com\/?p=16015","name":"La Fundaci\u00f3n de Parques y Museos convoca a la poblaci\u00f3n a la XXIX Jornada Internacional de Limpieza de Playas - El Puuc Noticias","isPartOf":{"@id":"https:\/\/elpuucnoticias.com\/#website"},"primaryImageOfPage":{"@id":"https:\/\/elpuucnoticias.com\/?p=16015#primaryimage"},"datePublished":"2024-09-19T18:52:32+00:00","dateModified":"2024-09-19T18:52:33+00:00","author":{"@id":"https:\/\/elpuucnoticias.com\/#\/schema\/person\/d2ea09e4c97f0160b11cdfb1d856bd9e"},"breadcrumb":{"@id":"https:\/\/elpuucnoticias.com\/?p=16015#breadcrumb"},"inLanguage":"es","potentialAction":[{"@type":"ReadAction","target":["https:\/\/elpuucnoticias.com\/?p=16015"]}]},{"@type":"BreadcrumbList","@id":"https:\/\/elpuucnoticias.com\/?p=16015#breadcrumb","itemListElement":[{"@type":"ListItem","position":1,"name":"Portada","item":"https:\/\/elpuucnoticias.com\/"},{"@type":"ListItem","position":2,"name":"La Fundaci\u00f3n de Parques y Museos convoca a la poblaci\u00f3n a la XXIX Jornada Internacional de Limpieza de Playas"}]},{"@type":"Person","@id":"https:\/\/elpuucnoticias.com\/#\/schema\/person\/d2ea09e4c97f0160b11cdfb1d856bd9e","name":"elpuucnoticias","image":{"@type":"ImageObject","@id":"https:\/\/elpuucnoticias.com\/#personlogo","inLanguage":"es","url":"https:\/\/secure.gravatar.com\/avatar\/5290a43657c74ffa15701dbe5b846bd85cc71930d803c84e91046a7333de6ce2?s=96&d=mm&r=g","contentUrl":"https:\/\/secure.gravatar.com\/avatar\/5290a43657c74ffa15701dbe5b846bd85cc71930d803c84e91046a7333de6ce2?s=96&d=mm&r=g","caption":"elpuucnoticias"},"sameAs":["https:\/\/elpuucnoticias.com"],"url":"https:\/\/elpuucnoticias.com\/?author=1"}]}},"_links":{"self":[{"href":"https:\/\/elpuucnoticias.com\/index.php?rest_route=\/wp\/v2\/posts\/16015","targetHints":{"allow":["GET"]}}],"collection":[{"href":"https:\/\/elpuucnoticias.com\/index.php?rest_route=\/wp\/v2\/posts"}],"about":[{"href":"https:\/\/elpuucnoticias.com\/index.php?rest_route=\/wp\/v2\/types\/post"}],"author":[{"embeddable":true,"href":"https:\/\/elpuucnoticias.com\/index.php?rest_route=\/wp\/v2\/users\/1"}],"replies":[{"embeddable":true,"href":"https:\/\/elpuucnoticias.com\/index.php?rest_route=%2Fwp%2Fv2%2Fcomments&post=16015"}],"version-history":[{"count":1,"href":"https:\/\/elpuucnoticias.com\/index.php?rest_route=\/wp\/v2\/posts\/16015\/revisions"}],"predecessor-version":[{"id":16020,"href":"https:\/\/elpuucnoticias.com\/index.php?rest_route=\/wp\/v2\/posts\/16015\/revisions\/16020"}],"wp:featuredmedia":[{"embeddable":true,"href":"https:\/\/elpuucnoticias.com\/index.php?rest_route=\/wp\/v2\/media\/16019"}],"wp:attachment":[{"href":"https:\/\/elpuucnoticias.com\/index.php?rest_route=%2Fwp%2Fv2%2Fmedia&parent=16015"}],"wp:term":[{"taxonomy":"category","embeddable":true,"href":"https:\/\/elpuucnoticias.com\/index.php?rest_route=%2Fwp%2Fv2%2Fcategories&post=16015"},{"taxonomy":"post_tag","embeddable":true,"href":"https:\/\/elpuucnoticias.com\/index.php?rest_route=%2Fwp%2Fv2%2Ftags&post=16015"}],"curies":[{"name":"wp","href":"https:\/\/api.w.org\/{rel}","templated":true}]}}