{"id":16071,"date":"2024-09-20T19:02:06","date_gmt":"2024-09-21T01:02:06","guid":{"rendered":"https:\/\/elpuucnoticias.com\/?p=16071"},"modified":"2024-09-20T19:02:07","modified_gmt":"2024-09-21T01:02:07","slug":"alumna-de-tekax-participa-en-olimpiada-de-matematicas-a-nivel-nacional","status":"publish","type":"post","link":"https:\/\/elpuucnoticias.com\/?p=16071","title":{"rendered":"Alumna de Tekax participa en Olimpiada de Matem\u00e1ticas a nivel nacional"},"content":{"rendered":"\n<p>La alumna Karen Renata Canch\u00e9 Uc, estudiante de la escuela primaria estatal \u00abOnofre Bacelis\u00bb obtuvo un lugar junto a cinco ni\u00f1os yucatecos para conformar la Delegaci\u00f3n Estatal que representan al estado de Yucat\u00e1n en la Olimpiada Mexicana de Matem\u00e1ticas para Educaci\u00f3n B\u00e1sica 2024, competencia que se realiza del 19 al 22 de septiembre en la ciudad de Oaxtepec, Morelos.<\/p>\n\n\n\n<p>La participaci\u00f3n de Karen en la prueba nacional, es una importante oportunidad acad\u00e9mica y honra la calidad acad\u00e9mica de su escuela, la formaci\u00f3n continua de sus maestros y la colaboraci\u00f3n de sus tutores para su desempe\u00f1o estudiantil. El padre de la alumna, el maestro Ren\u00e9 Canche, especializado en el \u00e1rea de las matem\u00e1ticas reconocido en tekax comparti\u00f3 en sus redes sociales:<br>\u00abEstamos en la Fase Nacional de la OMM.<\/p>\n\n\n\n<figure class=\"wp-block-image size-large is-style-default\"><img loading=\"lazy\" decoding=\"async\" width=\"768\" height=\"1024\" src=\"https:\/\/elpuucnoticias.com\/wp-content\/uploads\/2024\/09\/whatsapp-image-2024-09-20-at-6.41.51-pm-768x1024.jpeg\" alt=\"\" class=\"wp-image-16073\" srcset=\"https:\/\/elpuucnoticias.com\/wp-content\/uploads\/2024\/09\/whatsapp-image-2024-09-20-at-6.41.51-pm-768x1024.jpeg 768w, https:\/\/elpuucnoticias.com\/wp-content\/uploads\/2024\/09\/whatsapp-image-2024-09-20-at-6.41.51-pm-225x300.jpeg 225w, https:\/\/elpuucnoticias.com\/wp-content\/uploads\/2024\/09\/whatsapp-image-2024-09-20-at-6.41.51-pm-240x320.jpeg 240w, https:\/\/elpuucnoticias.com\/wp-content\/uploads\/2024\/09\/whatsapp-image-2024-09-20-at-6.41.51-pm.jpeg 1080w\" sizes=\"auto, (max-width: 768px) 100vw, 768px\" \/><\/figure>\n\n\n\n<p>Nueve ni\u00f1os nos representan dignamente en la 8va Olimpiada Mexicana de las Matem\u00e1ticas en Oaxtepec Morelos. Despu\u00e9s de varios meses pasando los selectivos previos han llegado a la fase Nacional donde se enfrentan a estudiantes de todo el pa\u00eds.<br>Feliz por mi hija que ha llegado a esta etapa con un gran esfuerzo, representando a la primaria Onofre Bacelis, a la Ciudad de Tekax y al Estado de Yucat\u00e1n.<br>Mucho \u00e9xito a todos.\u00bb<\/p>\n","protected":false},"excerpt":{"rendered":"<p>La alumna Karen Renata Canch\u00e9 Uc, estudiante de la escuela primaria estatal \u00abOnofre Bacelis\u00bb obtuvo un lugar junto<\/p>\n","protected":false},"author":1,"featured_media":16072,"comment_status":"closed","ping_status":"open","sticky":false,"template":"","format":"standard","meta":{"_monsterinsights_skip_tracking":false,"_monsterinsights_sitenote_active":false,"_monsterinsights_sitenote_note":"","_monsterinsights_sitenote_category":0,"footnotes":""},"categories":[16,4],"tags":[],"class_list":["post-16071","post","type-post","status-publish","format-standard","has-post-thumbnail","hentry","category-exclusiva","category-tekax"],"yoast_head":"<!-- This site is optimized with the Yoast SEO plugin v18.3 - https:\/\/yoast.com\/wordpress\/plugins\/seo\/ -->\n<title>Alumna de Tekax participa en Olimpiada de Matem\u00e1ticas a nivel nacional - El Puuc Noticias<\/title>\n<meta name=\"robots\" content=\"index, follow, max-snippet:-1, max-image-preview:large, max-video-preview:-1\" \/>\n<link rel=\"canonical\" href=\"https:\/\/elpuucnoticias.com\/?p=16071\" \/>\n<meta property=\"og:locale\" content=\"es_ES\" \/>\n<meta property=\"og:type\" content=\"article\" \/>\n<meta property=\"og:title\" content=\"Alumna de Tekax participa en Olimpiada de Matem\u00e1ticas a nivel nacional - El Puuc Noticias\" \/>\n<meta property=\"og:description\" content=\"La alumna Karen Renata Canch\u00e9 Uc, estudiante de la escuela primaria estatal \u00abOnofre Bacelis\u00bb obtuvo un lugar junto\" \/>\n<meta property=\"og:url\" content=\"https:\/\/elpuucnoticias.com\/?p=16071\" \/>\n<meta property=\"og:site_name\" content=\"El Puuc Noticias\" \/>\n<meta property=\"article:published_time\" content=\"2024-09-21T01:02:06+00:00\" \/>\n<meta property=\"article:modified_time\" content=\"2024-09-21T01:02:07+00:00\" \/>\n<meta property=\"og:image\" content=\"https:\/\/elpuucnoticias.com\/wp-content\/uploads\/2024\/09\/whatsapp-image-2024-09-20-at-6.41.50-pm.jpeg\" \/>\n\t<meta property=\"og:image:width\" content=\"1080\" \/>\n\t<meta property=\"og:image:height\" content=\"810\" \/>\n\t<meta property=\"og:image:type\" content=\"image\/jpeg\" \/>\n<meta name=\"twitter:card\" content=\"summary_large_image\" \/>\n<meta name=\"twitter:label1\" content=\"Escrito por\" \/>\n\t<meta name=\"twitter:data1\" content=\"elpuucnoticias\" \/>\n\t<meta name=\"twitter:label2\" content=\"Tiempo de lectura\" \/>\n\t<meta name=\"twitter:data2\" content=\"1 minuto\" \/>\n<script type=\"application\/ld+json\" class=\"yoast-schema-graph\">{\"@context\":\"https:\/\/schema.org\",\"@graph\":[{\"@type\":\"WebSite\",\"@id\":\"https:\/\/elpuucnoticias.com\/#website\",\"url\":\"https:\/\/elpuucnoticias.com\/\",\"name\":\"El Puuc Noticias\",\"description\":\"Noticias - Entretenimiento - Deportes\",\"potentialAction\":[{\"@type\":\"SearchAction\",\"target\":{\"@type\":\"EntryPoint\",\"urlTemplate\":\"https:\/\/elpuucnoticias.com\/?s={search_term_string}\"},\"query-input\":\"required name=search_term_string\"}],\"inLanguage\":\"es\"},{\"@type\":\"ImageObject\",\"@id\":\"https:\/\/elpuucnoticias.com\/?p=16071#primaryimage\",\"inLanguage\":\"es\",\"url\":\"https:\/\/elpuucnoticias.com\/wp-content\/uploads\/2024\/09\/whatsapp-image-2024-09-20-at-6.41.50-pm.jpeg\",\"contentUrl\":\"https:\/\/elpuucnoticias.com\/wp-content\/uploads\/2024\/09\/whatsapp-image-2024-09-20-at-6.41.50-pm.jpeg\",\"width\":1080,\"height\":810},{\"@type\":\"WebPage\",\"@id\":\"https:\/\/elpuucnoticias.com\/?p=16071#webpage\",\"url\":\"https:\/\/elpuucnoticias.com\/?p=16071\",\"name\":\"Alumna de Tekax participa en Olimpiada de Matem\u00e1ticas a nivel nacional - El Puuc Noticias\",\"isPartOf\":{\"@id\":\"https:\/\/elpuucnoticias.com\/#website\"},\"primaryImageOfPage\":{\"@id\":\"https:\/\/elpuucnoticias.com\/?p=16071#primaryimage\"},\"datePublished\":\"2024-09-21T01:02:06+00:00\",\"dateModified\":\"2024-09-21T01:02:07+00:00\",\"author\":{\"@id\":\"https:\/\/elpuucnoticias.com\/#\/schema\/person\/d2ea09e4c97f0160b11cdfb1d856bd9e\"},\"breadcrumb\":{\"@id\":\"https:\/\/elpuucnoticias.com\/?p=16071#breadcrumb\"},\"inLanguage\":\"es\",\"potentialAction\":[{\"@type\":\"ReadAction\",\"target\":[\"https:\/\/elpuucnoticias.com\/?p=16071\"]}]},{\"@type\":\"BreadcrumbList\",\"@id\":\"https:\/\/elpuucnoticias.com\/?p=16071#breadcrumb\",\"itemListElement\":[{\"@type\":\"ListItem\",\"position\":1,\"name\":\"Portada\",\"item\":\"https:\/\/elpuucnoticias.com\/\"},{\"@type\":\"ListItem\",\"position\":2,\"name\":\"Alumna de Tekax participa en Olimpiada de Matem\u00e1ticas a nivel nacional\"}]},{\"@type\":\"Person\",\"@id\":\"https:\/\/elpuucnoticias.com\/#\/schema\/person\/d2ea09e4c97f0160b11cdfb1d856bd9e\",\"name\":\"elpuucnoticias\",\"image\":{\"@type\":\"ImageObject\",\"@id\":\"https:\/\/elpuucnoticias.com\/#personlogo\",\"inLanguage\":\"es\",\"url\":\"https:\/\/secure.gravatar.com\/avatar\/5290a43657c74ffa15701dbe5b846bd85cc71930d803c84e91046a7333de6ce2?s=96&d=mm&r=g\",\"contentUrl\":\"https:\/\/secure.gravatar.com\/avatar\/5290a43657c74ffa15701dbe5b846bd85cc71930d803c84e91046a7333de6ce2?s=96&d=mm&r=g\",\"caption\":\"elpuucnoticias\"},\"sameAs\":[\"https:\/\/elpuucnoticias.com\"],\"url\":\"https:\/\/elpuucnoticias.com\/?author=1\"}]}<\/script>\n<!-- \/ Yoast SEO plugin. -->","yoast_head_json":{"title":"Alumna de Tekax participa en Olimpiada de Matem\u00e1ticas a nivel nacional - El Puuc Noticias","robots":{"index":"index","follow":"follow","max-snippet":"max-snippet:-1","max-image-preview":"max-image-preview:large","max-video-preview":"max-video-preview:-1"},"canonical":"https:\/\/elpuucnoticias.com\/?p=16071","og_locale":"es_ES","og_type":"article","og_title":"Alumna de Tekax participa en Olimpiada de Matem\u00e1ticas a nivel nacional - El Puuc Noticias","og_description":"La alumna Karen Renata Canch\u00e9 Uc, estudiante de la escuela primaria estatal \u00abOnofre Bacelis\u00bb obtuvo un lugar junto","og_url":"https:\/\/elpuucnoticias.com\/?p=16071","og_site_name":"El Puuc Noticias","article_published_time":"2024-09-21T01:02:06+00:00","article_modified_time":"2024-09-21T01:02:07+00:00","og_image":[{"width":1080,"height":810,"url":"https:\/\/elpuucnoticias.com\/wp-content\/uploads\/2024\/09\/whatsapp-image-2024-09-20-at-6.41.50-pm.jpeg","type":"image\/jpeg"}],"twitter_card":"summary_large_image","twitter_misc":{"Escrito por":"elpuucnoticias","Tiempo de lectura":"1 minuto"},"schema":{"@context":"https:\/\/schema.org","@graph":[{"@type":"WebSite","@id":"https:\/\/elpuucnoticias.com\/#website","url":"https:\/\/elpuucnoticias.com\/","name":"El Puuc Noticias","description":"Noticias - Entretenimiento - Deportes","potentialAction":[{"@type":"SearchAction","target":{"@type":"EntryPoint","urlTemplate":"https:\/\/elpuucnoticias.com\/?s={search_term_string}"},"query-input":"required name=search_term_string"}],"inLanguage":"es"},{"@type":"ImageObject","@id":"https:\/\/elpuucnoticias.com\/?p=16071#primaryimage","inLanguage":"es","url":"https:\/\/elpuucnoticias.com\/wp-content\/uploads\/2024\/09\/whatsapp-image-2024-09-20-at-6.41.50-pm.jpeg","contentUrl":"https:\/\/elpuucnoticias.com\/wp-content\/uploads\/2024\/09\/whatsapp-image-2024-09-20-at-6.41.50-pm.jpeg","width":1080,"height":810},{"@type":"WebPage","@id":"https:\/\/elpuucnoticias.com\/?p=16071#webpage","url":"https:\/\/elpuucnoticias.com\/?p=16071","name":"Alumna de Tekax participa en Olimpiada de Matem\u00e1ticas a nivel nacional - El Puuc Noticias","isPartOf":{"@id":"https:\/\/elpuucnoticias.com\/#website"},"primaryImageOfPage":{"@id":"https:\/\/elpuucnoticias.com\/?p=16071#primaryimage"},"datePublished":"2024-09-21T01:02:06+00:00","dateModified":"2024-09-21T01:02:07+00:00","author":{"@id":"https:\/\/elpuucnoticias.com\/#\/schema\/person\/d2ea09e4c97f0160b11cdfb1d856bd9e"},"breadcrumb":{"@id":"https:\/\/elpuucnoticias.com\/?p=16071#breadcrumb"},"inLanguage":"es","potentialAction":[{"@type":"ReadAction","target":["https:\/\/elpuucnoticias.com\/?p=16071"]}]},{"@type":"BreadcrumbList","@id":"https:\/\/elpuucnoticias.com\/?p=16071#breadcrumb","itemListElement":[{"@type":"ListItem","position":1,"name":"Portada","item":"https:\/\/elpuucnoticias.com\/"},{"@type":"ListItem","position":2,"name":"Alumna de Tekax participa en Olimpiada de Matem\u00e1ticas a nivel nacional"}]},{"@type":"Person","@id":"https:\/\/elpuucnoticias.com\/#\/schema\/person\/d2ea09e4c97f0160b11cdfb1d856bd9e","name":"elpuucnoticias","image":{"@type":"ImageObject","@id":"https:\/\/elpuucnoticias.com\/#personlogo","inLanguage":"es","url":"https:\/\/secure.gravatar.com\/avatar\/5290a43657c74ffa15701dbe5b846bd85cc71930d803c84e91046a7333de6ce2?s=96&d=mm&r=g","contentUrl":"https:\/\/secure.gravatar.com\/avatar\/5290a43657c74ffa15701dbe5b846bd85cc71930d803c84e91046a7333de6ce2?s=96&d=mm&r=g","caption":"elpuucnoticias"},"sameAs":["https:\/\/elpuucnoticias.com"],"url":"https:\/\/elpuucnoticias.com\/?author=1"}]}},"_links":{"self":[{"href":"https:\/\/elpuucnoticias.com\/index.php?rest_route=\/wp\/v2\/posts\/16071","targetHints":{"allow":["GET"]}}],"collection":[{"href":"https:\/\/elpuucnoticias.com\/index.php?rest_route=\/wp\/v2\/posts"}],"about":[{"href":"https:\/\/elpuucnoticias.com\/index.php?rest_route=\/wp\/v2\/types\/post"}],"author":[{"embeddable":true,"href":"https:\/\/elpuucnoticias.com\/index.php?rest_route=\/wp\/v2\/users\/1"}],"replies":[{"embeddable":true,"href":"https:\/\/elpuucnoticias.com\/index.php?rest_route=%2Fwp%2Fv2%2Fcomments&post=16071"}],"version-history":[{"count":1,"href":"https:\/\/elpuucnoticias.com\/index.php?rest_route=\/wp\/v2\/posts\/16071\/revisions"}],"predecessor-version":[{"id":16074,"href":"https:\/\/elpuucnoticias.com\/index.php?rest_route=\/wp\/v2\/posts\/16071\/revisions\/16074"}],"wp:featuredmedia":[{"embeddable":true,"href":"https:\/\/elpuucnoticias.com\/index.php?rest_route=\/wp\/v2\/media\/16072"}],"wp:attachment":[{"href":"https:\/\/elpuucnoticias.com\/index.php?rest_route=%2Fwp%2Fv2%2Fmedia&parent=16071"}],"wp:term":[{"taxonomy":"category","embeddable":true,"href":"https:\/\/elpuucnoticias.com\/index.php?rest_route=%2Fwp%2Fv2%2Fcategories&post=16071"},{"taxonomy":"post_tag","embeddable":true,"href":"https:\/\/elpuucnoticias.com\/index.php?rest_route=%2Fwp%2Fv2%2Ftags&post=16071"}],"curies":[{"name":"wp","href":"https:\/\/api.w.org\/{rel}","templated":true}]}}