{"id":161,"date":"2022-03-02T16:40:18","date_gmt":"2022-03-02T22:40:18","guid":{"rendered":"https:\/\/elpuucnoticias.com\/?p=161"},"modified":"2022-03-02T16:40:18","modified_gmt":"2022-03-02T22:40:18","slug":"el-3-de-abril-se-realizara-la-carrera-de-ciclismo-de-montana-conocida-como-la-venganza-del-alux-la-salida-sera-en-la-huerta-del-estado","status":"publish","type":"post","link":"https:\/\/elpuucnoticias.com\/?p=161","title":{"rendered":"El 3 de abril se realizar\u00e1 la carrera de ciclismo de monta\u00f1a conocida como \u00abLa venganza del alux\u00bb. La salida ser\u00e1 en La Huerta del Estado"},"content":{"rendered":"\n<p>En busca de activar la econom\u00eda de hoteleros, restauranteros y otros prestadores de servicios tur\u00edsticos, en Oxkutzcab, se organiza la competencia de ciclismo de monta\u00f1a \u00abLa venganza del alux\u00bb, en coordinaci\u00f3n con el Ayuntamiento que encabeza el alcalde Juan Jos\u00e9 Mart\u00edn Fragoso.<\/p>\n\n\n\n<p>En la convocatoria oficial se indica que el evento tendr\u00e1 lugar, el domingo 3 de abril, y se espera la participaci\u00f3n de 600 ciclistas, en las categor\u00edas de 40, 70 y 100 kil\u00f3metros.<\/p>\n\n\n\n<p>El anuncio lo realiz\u00f3 Marco Brice\u00f1o Ayala, director de Grupo Cavern\u00edcolas, empresa anfitriona del circuito, quien dio a conocer que se desarrolla la cuarta edici\u00f3n, junto con Carlos S\u00e1enz Castillo, director del Instituto del Deporte del Estado de Yucat\u00e1n (IDEY) y Carlos Pacho Granados, coordinador de Desarrollo Integral del Ayuntamiento de Oxkutzcab.<\/p>\n\n\n\n<p>La salida ser\u00e1 el campo \u00abJulio Matos Fuentes\u00bb, donde se concentrar\u00e1n todos los ciclistas de 13 a\u00f1os de edad en adelante, desde las 6 de la ma\u00f1ana.<\/p>\n\n\n\n<p>La ruta ser\u00e1 por brechas y caminos estrechos en el monte, as\u00ed que es una prueba de resistencia, con subidas y bajadas propias de la geograf\u00eda de la zona.<\/p>\n\n\n\n<p>El Ayuntamiento, en acuerdo con el comit\u00e9 organizador, brindar\u00e1 las facilidades para promover la actividad, adem\u00e1s de la venta de art\u00edculos artesanales, promoci\u00f3n de sitios hist\u00f3ricos y atractivos, entre otros.<\/p>\n\n\n\n<p>La carrera representa una importante derrama econ\u00f3mica que beneficiara a diversos sectores de la poblaci\u00f3n.\u2014 <em>El Puuc Noticias<\/em><\/p>\n","protected":false},"excerpt":{"rendered":"<p>En busca de activar la econom\u00eda de hoteleros, restauranteros y otros prestadores de servicios tur\u00edsticos, en Oxkutzcab, se<\/p>\n","protected":false},"author":1,"featured_media":162,"comment_status":"closed","ping_status":"open","sticky":false,"template":"","format":"standard","meta":{"_monsterinsights_skip_tracking":false,"_monsterinsights_sitenote_active":false,"_monsterinsights_sitenote_note":"","_monsterinsights_sitenote_category":0,"footnotes":""},"categories":[7,14,5],"tags":[],"class_list":["post-161","post","type-post","status-publish","format-standard","has-post-thumbnail","hentry","category-impacto-deportivo","category-oxkutzcab","category-tendencias"],"yoast_head":"<!-- This site is optimized with the Yoast SEO plugin v18.3 - https:\/\/yoast.com\/wordpress\/plugins\/seo\/ -->\n<title>El 3 de abril se realizar\u00e1 la carrera de ciclismo de monta\u00f1a conocida como &quot;La venganza del alux&quot;. La salida ser\u00e1 en La Huerta del Estado - El Puuc Noticias<\/title>\n<meta name=\"robots\" content=\"index, follow, max-snippet:-1, max-image-preview:large, max-video-preview:-1\" \/>\n<link rel=\"canonical\" href=\"https:\/\/elpuucnoticias.com\/?p=161\" \/>\n<meta property=\"og:locale\" content=\"es_ES\" \/>\n<meta property=\"og:type\" content=\"article\" \/>\n<meta property=\"og:title\" content=\"El 3 de abril se realizar\u00e1 la carrera de ciclismo de monta\u00f1a conocida como &quot;La venganza del alux&quot;. La salida ser\u00e1 en La Huerta del Estado - El Puuc Noticias\" \/>\n<meta property=\"og:description\" content=\"En busca de activar la econom\u00eda de hoteleros, restauranteros y otros prestadores de servicios tur\u00edsticos, en Oxkutzcab, se\" \/>\n<meta property=\"og:url\" content=\"https:\/\/elpuucnoticias.com\/?p=161\" \/>\n<meta property=\"og:site_name\" content=\"El Puuc Noticias\" \/>\n<meta property=\"article:published_time\" content=\"2022-03-02T22:40:18+00:00\" \/>\n<meta property=\"og:image\" content=\"https:\/\/elpuucnoticias.com\/wp-content\/uploads\/2022\/03\/alux.jpg\" \/>\n\t<meta property=\"og:image:width\" content=\"1280\" \/>\n\t<meta property=\"og:image:height\" content=\"852\" \/>\n\t<meta property=\"og:image:type\" content=\"image\/jpeg\" \/>\n<meta name=\"twitter:card\" content=\"summary_large_image\" \/>\n<meta name=\"twitter:label1\" content=\"Escrito por\" \/>\n\t<meta name=\"twitter:data1\" content=\"elpuucnoticias\" \/>\n\t<meta name=\"twitter:label2\" content=\"Tiempo de lectura\" \/>\n\t<meta name=\"twitter:data2\" content=\"1 minuto\" \/>\n<script type=\"application\/ld+json\" class=\"yoast-schema-graph\">{\"@context\":\"https:\/\/schema.org\",\"@graph\":[{\"@type\":\"WebSite\",\"@id\":\"https:\/\/elpuucnoticias.com\/#website\",\"url\":\"https:\/\/elpuucnoticias.com\/\",\"name\":\"El Puuc Noticias\",\"description\":\"Noticias - Entretenimiento - Deportes\",\"potentialAction\":[{\"@type\":\"SearchAction\",\"target\":{\"@type\":\"EntryPoint\",\"urlTemplate\":\"https:\/\/elpuucnoticias.com\/?s={search_term_string}\"},\"query-input\":\"required name=search_term_string\"}],\"inLanguage\":\"es\"},{\"@type\":\"ImageObject\",\"@id\":\"https:\/\/elpuucnoticias.com\/?p=161#primaryimage\",\"inLanguage\":\"es\",\"url\":\"https:\/\/elpuucnoticias.com\/wp-content\/uploads\/2022\/03\/alux.jpg\",\"contentUrl\":\"https:\/\/elpuucnoticias.com\/wp-content\/uploads\/2022\/03\/alux.jpg\",\"width\":1280,\"height\":852},{\"@type\":\"WebPage\",\"@id\":\"https:\/\/elpuucnoticias.com\/?p=161#webpage\",\"url\":\"https:\/\/elpuucnoticias.com\/?p=161\",\"name\":\"El 3 de abril se realizar\u00e1 la carrera de ciclismo de monta\u00f1a conocida como \\\"La venganza del alux\\\". La salida ser\u00e1 en La Huerta del Estado - El Puuc Noticias\",\"isPartOf\":{\"@id\":\"https:\/\/elpuucnoticias.com\/#website\"},\"primaryImageOfPage\":{\"@id\":\"https:\/\/elpuucnoticias.com\/?p=161#primaryimage\"},\"datePublished\":\"2022-03-02T22:40:18+00:00\",\"dateModified\":\"2022-03-02T22:40:18+00:00\",\"author\":{\"@id\":\"https:\/\/elpuucnoticias.com\/#\/schema\/person\/d2ea09e4c97f0160b11cdfb1d856bd9e\"},\"breadcrumb\":{\"@id\":\"https:\/\/elpuucnoticias.com\/?p=161#breadcrumb\"},\"inLanguage\":\"es\",\"potentialAction\":[{\"@type\":\"ReadAction\",\"target\":[\"https:\/\/elpuucnoticias.com\/?p=161\"]}]},{\"@type\":\"BreadcrumbList\",\"@id\":\"https:\/\/elpuucnoticias.com\/?p=161#breadcrumb\",\"itemListElement\":[{\"@type\":\"ListItem\",\"position\":1,\"name\":\"Portada\",\"item\":\"https:\/\/elpuucnoticias.com\/\"},{\"@type\":\"ListItem\",\"position\":2,\"name\":\"El 3 de abril se realizar\u00e1 la carrera de ciclismo de monta\u00f1a conocida como \u00abLa venganza del alux\u00bb. La salida ser\u00e1 en La Huerta del Estado\"}]},{\"@type\":\"Person\",\"@id\":\"https:\/\/elpuucnoticias.com\/#\/schema\/person\/d2ea09e4c97f0160b11cdfb1d856bd9e\",\"name\":\"elpuucnoticias\",\"image\":{\"@type\":\"ImageObject\",\"@id\":\"https:\/\/elpuucnoticias.com\/#personlogo\",\"inLanguage\":\"es\",\"url\":\"https:\/\/secure.gravatar.com\/avatar\/5290a43657c74ffa15701dbe5b846bd85cc71930d803c84e91046a7333de6ce2?s=96&d=mm&r=g\",\"contentUrl\":\"https:\/\/secure.gravatar.com\/avatar\/5290a43657c74ffa15701dbe5b846bd85cc71930d803c84e91046a7333de6ce2?s=96&d=mm&r=g\",\"caption\":\"elpuucnoticias\"},\"sameAs\":[\"https:\/\/elpuucnoticias.com\"],\"url\":\"https:\/\/elpuucnoticias.com\/?author=1\"}]}<\/script>\n<!-- \/ Yoast SEO plugin. -->","yoast_head_json":{"title":"El 3 de abril se realizar\u00e1 la carrera de ciclismo de monta\u00f1a conocida como \"La venganza del alux\". La salida ser\u00e1 en La Huerta del Estado - El Puuc Noticias","robots":{"index":"index","follow":"follow","max-snippet":"max-snippet:-1","max-image-preview":"max-image-preview:large","max-video-preview":"max-video-preview:-1"},"canonical":"https:\/\/elpuucnoticias.com\/?p=161","og_locale":"es_ES","og_type":"article","og_title":"El 3 de abril se realizar\u00e1 la carrera de ciclismo de monta\u00f1a conocida como \"La venganza del alux\". La salida ser\u00e1 en La Huerta del Estado - El Puuc Noticias","og_description":"En busca de activar la econom\u00eda de hoteleros, restauranteros y otros prestadores de servicios tur\u00edsticos, en Oxkutzcab, se","og_url":"https:\/\/elpuucnoticias.com\/?p=161","og_site_name":"El Puuc Noticias","article_published_time":"2022-03-02T22:40:18+00:00","og_image":[{"width":1280,"height":852,"url":"https:\/\/elpuucnoticias.com\/wp-content\/uploads\/2022\/03\/alux.jpg","type":"image\/jpeg"}],"twitter_card":"summary_large_image","twitter_misc":{"Escrito por":"elpuucnoticias","Tiempo de lectura":"1 minuto"},"schema":{"@context":"https:\/\/schema.org","@graph":[{"@type":"WebSite","@id":"https:\/\/elpuucnoticias.com\/#website","url":"https:\/\/elpuucnoticias.com\/","name":"El Puuc Noticias","description":"Noticias - Entretenimiento - Deportes","potentialAction":[{"@type":"SearchAction","target":{"@type":"EntryPoint","urlTemplate":"https:\/\/elpuucnoticias.com\/?s={search_term_string}"},"query-input":"required name=search_term_string"}],"inLanguage":"es"},{"@type":"ImageObject","@id":"https:\/\/elpuucnoticias.com\/?p=161#primaryimage","inLanguage":"es","url":"https:\/\/elpuucnoticias.com\/wp-content\/uploads\/2022\/03\/alux.jpg","contentUrl":"https:\/\/elpuucnoticias.com\/wp-content\/uploads\/2022\/03\/alux.jpg","width":1280,"height":852},{"@type":"WebPage","@id":"https:\/\/elpuucnoticias.com\/?p=161#webpage","url":"https:\/\/elpuucnoticias.com\/?p=161","name":"El 3 de abril se realizar\u00e1 la carrera de ciclismo de monta\u00f1a conocida como \"La venganza del alux\". La salida ser\u00e1 en La Huerta del Estado - El Puuc Noticias","isPartOf":{"@id":"https:\/\/elpuucnoticias.com\/#website"},"primaryImageOfPage":{"@id":"https:\/\/elpuucnoticias.com\/?p=161#primaryimage"},"datePublished":"2022-03-02T22:40:18+00:00","dateModified":"2022-03-02T22:40:18+00:00","author":{"@id":"https:\/\/elpuucnoticias.com\/#\/schema\/person\/d2ea09e4c97f0160b11cdfb1d856bd9e"},"breadcrumb":{"@id":"https:\/\/elpuucnoticias.com\/?p=161#breadcrumb"},"inLanguage":"es","potentialAction":[{"@type":"ReadAction","target":["https:\/\/elpuucnoticias.com\/?p=161"]}]},{"@type":"BreadcrumbList","@id":"https:\/\/elpuucnoticias.com\/?p=161#breadcrumb","itemListElement":[{"@type":"ListItem","position":1,"name":"Portada","item":"https:\/\/elpuucnoticias.com\/"},{"@type":"ListItem","position":2,"name":"El 3 de abril se realizar\u00e1 la carrera de ciclismo de monta\u00f1a conocida como \u00abLa venganza del alux\u00bb. La salida ser\u00e1 en La Huerta del Estado"}]},{"@type":"Person","@id":"https:\/\/elpuucnoticias.com\/#\/schema\/person\/d2ea09e4c97f0160b11cdfb1d856bd9e","name":"elpuucnoticias","image":{"@type":"ImageObject","@id":"https:\/\/elpuucnoticias.com\/#personlogo","inLanguage":"es","url":"https:\/\/secure.gravatar.com\/avatar\/5290a43657c74ffa15701dbe5b846bd85cc71930d803c84e91046a7333de6ce2?s=96&d=mm&r=g","contentUrl":"https:\/\/secure.gravatar.com\/avatar\/5290a43657c74ffa15701dbe5b846bd85cc71930d803c84e91046a7333de6ce2?s=96&d=mm&r=g","caption":"elpuucnoticias"},"sameAs":["https:\/\/elpuucnoticias.com"],"url":"https:\/\/elpuucnoticias.com\/?author=1"}]}},"_links":{"self":[{"href":"https:\/\/elpuucnoticias.com\/index.php?rest_route=\/wp\/v2\/posts\/161","targetHints":{"allow":["GET"]}}],"collection":[{"href":"https:\/\/elpuucnoticias.com\/index.php?rest_route=\/wp\/v2\/posts"}],"about":[{"href":"https:\/\/elpuucnoticias.com\/index.php?rest_route=\/wp\/v2\/types\/post"}],"author":[{"embeddable":true,"href":"https:\/\/elpuucnoticias.com\/index.php?rest_route=\/wp\/v2\/users\/1"}],"replies":[{"embeddable":true,"href":"https:\/\/elpuucnoticias.com\/index.php?rest_route=%2Fwp%2Fv2%2Fcomments&post=161"}],"version-history":[{"count":1,"href":"https:\/\/elpuucnoticias.com\/index.php?rest_route=\/wp\/v2\/posts\/161\/revisions"}],"predecessor-version":[{"id":163,"href":"https:\/\/elpuucnoticias.com\/index.php?rest_route=\/wp\/v2\/posts\/161\/revisions\/163"}],"wp:featuredmedia":[{"embeddable":true,"href":"https:\/\/elpuucnoticias.com\/index.php?rest_route=\/wp\/v2\/media\/162"}],"wp:attachment":[{"href":"https:\/\/elpuucnoticias.com\/index.php?rest_route=%2Fwp%2Fv2%2Fmedia&parent=161"}],"wp:term":[{"taxonomy":"category","embeddable":true,"href":"https:\/\/elpuucnoticias.com\/index.php?rest_route=%2Fwp%2Fv2%2Fcategories&post=161"},{"taxonomy":"post_tag","embeddable":true,"href":"https:\/\/elpuucnoticias.com\/index.php?rest_route=%2Fwp%2Fv2%2Ftags&post=161"}],"curies":[{"name":"wp","href":"https:\/\/api.w.org\/{rel}","templated":true}]}}