{"id":1654,"date":"2022-05-18T10:36:17","date_gmt":"2022-05-18T16:36:17","guid":{"rendered":"https:\/\/elpuucnoticias.com\/?p=1654"},"modified":"2022-05-18T10:36:18","modified_gmt":"2022-05-18T16:36:18","slug":"se-inician-los-preparativos-en-tekax-ante-el-proximo-inicio-de-la-temporada-de-huracanes","status":"publish","type":"post","link":"https:\/\/elpuucnoticias.com\/?p=1654","title":{"rendered":"Se inician los preparativos en Tekax ante el pr\u00f3ximo inicio de la temporada de huracanes"},"content":{"rendered":"\n<p>El alcalde de Tekax, Diego \u00c1vila Romero, encabez\u00f3 una reuni\u00f3n con directores del Ayuntamiento, Protecci\u00f3n Civil y el rector de la Universidad Tecnol\u00f3gica Regional del Sur, \u00c9dgar Peraza Esta\u00f1ol, como parte de los trabajos de planeaci\u00f3n y preparaci\u00f3n ante la llegada de la temporada de huracanes.<\/p>\n\n\n\n<figure class=\"wp-block-image size-large\"><img loading=\"lazy\" decoding=\"async\" width=\"1024\" height=\"682\" src=\"https:\/\/elpuucnoticias.com\/wp-content\/uploads\/2022\/05\/tekax-huracanes-1-1024x682.jpeg\" alt=\"\" class=\"wp-image-1656\" srcset=\"https:\/\/elpuucnoticias.com\/wp-content\/uploads\/2022\/05\/tekax-huracanes-1-1024x682.jpeg 1024w, https:\/\/elpuucnoticias.com\/wp-content\/uploads\/2022\/05\/tekax-huracanes-1-300x200.jpeg 300w, https:\/\/elpuucnoticias.com\/wp-content\/uploads\/2022\/05\/tekax-huracanes-1-768x512.jpeg 768w, https:\/\/elpuucnoticias.com\/wp-content\/uploads\/2022\/05\/tekax-huracanes-1.jpeg 1280w\" sizes=\"auto, (max-width: 1024px) 100vw, 1024px\" \/><\/figure>\n\n\n\n<p>En la reuni\u00f3n se trataron temas como la pronta intervenci\u00f3n ante cualquier desastre que se pudiera registrar durante la temporada de lluvias y huracanes que arranca el pr\u00f3ximo 1 de junio.<\/p>\n\n\n\n<p>El coordinador de Protecci\u00f3n Civil recalc\u00f3 que es importante priorizar las medidas de prevenci\u00f3n, tanto en la cabecera municipal, como en las comisar\u00edas donde el paso de las lluvias deja severas inundaciones.<\/p>\n\n\n\n<p>Se trabajar\u00e1 en la verificaci\u00f3n de \u00e1reas y puntos cr\u00edticos de la cabecera y comisar\u00edas, sensibilizaci\u00f3n de la ciudadan\u00eda y comisarios sobre la prevenci\u00f3n ante posibles inundaciones, verificaci\u00f3n de drenajes, recorridos en refugios temporales, entre otras medidas.<\/p>\n\n\n\n<figure class=\"wp-block-image size-large is-resized\"><img loading=\"lazy\" decoding=\"async\" src=\"https:\/\/elpuucnoticias.com\/wp-content\/uploads\/2022\/05\/felino-flayer-1024x583.jpg\" alt=\"\" class=\"wp-image-1402\" width=\"410\" height=\"233\" srcset=\"https:\/\/elpuucnoticias.com\/wp-content\/uploads\/2022\/05\/felino-flayer-1024x583.jpg 1024w, https:\/\/elpuucnoticias.com\/wp-content\/uploads\/2022\/05\/felino-flayer-300x171.jpg 300w, https:\/\/elpuucnoticias.com\/wp-content\/uploads\/2022\/05\/felino-flayer-768x437.jpg 768w, https:\/\/elpuucnoticias.com\/wp-content\/uploads\/2022\/05\/felino-flayer.jpg 1237w\" sizes=\"auto, (max-width: 410px) 100vw, 410px\" \/><\/figure>\n\n\n\n<p>Se busca prevenir, planear y poner en marcha estas medidas para que la ciudadan\u00eda est\u00e9 preparada ante cualquier emergencia.<\/p>\n\n\n\n<p>\u00abDe esta manera nos preparamos y trabajamos en equipo, en beneficio de la ciudadan\u00eda. Hace dos a\u00f1os nuestra ciudad se vio afectada por el paso de huracanes y fuertes lluvias, lo que provoc\u00f3 inundaciones en la ciudad y comisar\u00edas\u00bb, indic\u00f3 el primer edil.<\/p>\n\n\n\n<p>\u00abPor lo que estaremos tomando acciones y medidas preventivas para actuar en tiempo y forma\u00bb, puntualiz\u00f3.\u2014 <em>El Puuc Noticias<\/em><\/p>\n","protected":false},"excerpt":{"rendered":"<p>El alcalde de Tekax, Diego \u00c1vila Romero, encabez\u00f3 una reuni\u00f3n con directores del Ayuntamiento, Protecci\u00f3n Civil y el<\/p>\n","protected":false},"author":1,"featured_media":1655,"comment_status":"closed","ping_status":"open","sticky":false,"template":"","format":"standard","meta":{"_monsterinsights_skip_tracking":false,"_monsterinsights_sitenote_active":false,"_monsterinsights_sitenote_note":"","_monsterinsights_sitenote_category":0,"footnotes":""},"categories":[11,4],"tags":[],"class_list":["post-1654","post","type-post","status-publish","format-standard","has-post-thumbnail","hentry","category-noticias","category-tekax"],"yoast_head":"<!-- This site is optimized with the Yoast SEO plugin v18.3 - https:\/\/yoast.com\/wordpress\/plugins\/seo\/ -->\n<title>Se inician los preparativos en Tekax ante el pr\u00f3ximo inicio de la temporada de huracanes - El Puuc Noticias<\/title>\n<meta name=\"robots\" content=\"index, follow, max-snippet:-1, max-image-preview:large, max-video-preview:-1\" \/>\n<link rel=\"canonical\" href=\"https:\/\/elpuucnoticias.com\/?p=1654\" \/>\n<meta property=\"og:locale\" content=\"es_ES\" \/>\n<meta property=\"og:type\" content=\"article\" \/>\n<meta property=\"og:title\" content=\"Se inician los preparativos en Tekax ante el pr\u00f3ximo inicio de la temporada de huracanes - El Puuc Noticias\" \/>\n<meta property=\"og:description\" content=\"El alcalde de Tekax, Diego \u00c1vila Romero, encabez\u00f3 una reuni\u00f3n con directores del Ayuntamiento, Protecci\u00f3n Civil y el\" \/>\n<meta property=\"og:url\" content=\"https:\/\/elpuucnoticias.com\/?p=1654\" \/>\n<meta property=\"og:site_name\" content=\"El Puuc Noticias\" \/>\n<meta property=\"article:published_time\" content=\"2022-05-18T16:36:17+00:00\" \/>\n<meta property=\"article:modified_time\" content=\"2022-05-18T16:36:18+00:00\" \/>\n<meta property=\"og:image\" content=\"https:\/\/elpuucnoticias.com\/wp-content\/uploads\/2022\/05\/tekax-huracanes-3.jpeg\" \/>\n\t<meta property=\"og:image:width\" content=\"1280\" \/>\n\t<meta property=\"og:image:height\" content=\"853\" \/>\n\t<meta property=\"og:image:type\" content=\"image\/jpeg\" \/>\n<meta name=\"twitter:card\" content=\"summary_large_image\" \/>\n<meta name=\"twitter:label1\" content=\"Escrito por\" \/>\n\t<meta name=\"twitter:data1\" content=\"elpuucnoticias\" \/>\n\t<meta name=\"twitter:label2\" content=\"Tiempo de lectura\" \/>\n\t<meta name=\"twitter:data2\" content=\"2 minutos\" \/>\n<script type=\"application\/ld+json\" class=\"yoast-schema-graph\">{\"@context\":\"https:\/\/schema.org\",\"@graph\":[{\"@type\":\"WebSite\",\"@id\":\"https:\/\/elpuucnoticias.com\/#website\",\"url\":\"https:\/\/elpuucnoticias.com\/\",\"name\":\"El Puuc Noticias\",\"description\":\"Noticias - Entretenimiento - Deportes\",\"potentialAction\":[{\"@type\":\"SearchAction\",\"target\":{\"@type\":\"EntryPoint\",\"urlTemplate\":\"https:\/\/elpuucnoticias.com\/?s={search_term_string}\"},\"query-input\":\"required name=search_term_string\"}],\"inLanguage\":\"es\"},{\"@type\":\"ImageObject\",\"@id\":\"https:\/\/elpuucnoticias.com\/?p=1654#primaryimage\",\"inLanguage\":\"es\",\"url\":\"https:\/\/elpuucnoticias.com\/wp-content\/uploads\/2022\/05\/tekax-huracanes-3.jpeg\",\"contentUrl\":\"https:\/\/elpuucnoticias.com\/wp-content\/uploads\/2022\/05\/tekax-huracanes-3.jpeg\",\"width\":1280,\"height\":853},{\"@type\":\"WebPage\",\"@id\":\"https:\/\/elpuucnoticias.com\/?p=1654#webpage\",\"url\":\"https:\/\/elpuucnoticias.com\/?p=1654\",\"name\":\"Se inician los preparativos en Tekax ante el pr\u00f3ximo inicio de la temporada de huracanes - El Puuc Noticias\",\"isPartOf\":{\"@id\":\"https:\/\/elpuucnoticias.com\/#website\"},\"primaryImageOfPage\":{\"@id\":\"https:\/\/elpuucnoticias.com\/?p=1654#primaryimage\"},\"datePublished\":\"2022-05-18T16:36:17+00:00\",\"dateModified\":\"2022-05-18T16:36:18+00:00\",\"author\":{\"@id\":\"https:\/\/elpuucnoticias.com\/#\/schema\/person\/d2ea09e4c97f0160b11cdfb1d856bd9e\"},\"breadcrumb\":{\"@id\":\"https:\/\/elpuucnoticias.com\/?p=1654#breadcrumb\"},\"inLanguage\":\"es\",\"potentialAction\":[{\"@type\":\"ReadAction\",\"target\":[\"https:\/\/elpuucnoticias.com\/?p=1654\"]}]},{\"@type\":\"BreadcrumbList\",\"@id\":\"https:\/\/elpuucnoticias.com\/?p=1654#breadcrumb\",\"itemListElement\":[{\"@type\":\"ListItem\",\"position\":1,\"name\":\"Portada\",\"item\":\"https:\/\/elpuucnoticias.com\/\"},{\"@type\":\"ListItem\",\"position\":2,\"name\":\"Se inician los preparativos en Tekax ante el pr\u00f3ximo inicio de la temporada de huracanes\"}]},{\"@type\":\"Person\",\"@id\":\"https:\/\/elpuucnoticias.com\/#\/schema\/person\/d2ea09e4c97f0160b11cdfb1d856bd9e\",\"name\":\"elpuucnoticias\",\"image\":{\"@type\":\"ImageObject\",\"@id\":\"https:\/\/elpuucnoticias.com\/#personlogo\",\"inLanguage\":\"es\",\"url\":\"https:\/\/secure.gravatar.com\/avatar\/5290a43657c74ffa15701dbe5b846bd85cc71930d803c84e91046a7333de6ce2?s=96&d=mm&r=g\",\"contentUrl\":\"https:\/\/secure.gravatar.com\/avatar\/5290a43657c74ffa15701dbe5b846bd85cc71930d803c84e91046a7333de6ce2?s=96&d=mm&r=g\",\"caption\":\"elpuucnoticias\"},\"sameAs\":[\"https:\/\/elpuucnoticias.com\"],\"url\":\"https:\/\/elpuucnoticias.com\/?author=1\"}]}<\/script>\n<!-- \/ Yoast SEO plugin. -->","yoast_head_json":{"title":"Se inician los preparativos en Tekax ante el pr\u00f3ximo inicio de la temporada de huracanes - El Puuc Noticias","robots":{"index":"index","follow":"follow","max-snippet":"max-snippet:-1","max-image-preview":"max-image-preview:large","max-video-preview":"max-video-preview:-1"},"canonical":"https:\/\/elpuucnoticias.com\/?p=1654","og_locale":"es_ES","og_type":"article","og_title":"Se inician los preparativos en Tekax ante el pr\u00f3ximo inicio de la temporada de huracanes - El Puuc Noticias","og_description":"El alcalde de Tekax, Diego \u00c1vila Romero, encabez\u00f3 una reuni\u00f3n con directores del Ayuntamiento, Protecci\u00f3n Civil y el","og_url":"https:\/\/elpuucnoticias.com\/?p=1654","og_site_name":"El Puuc Noticias","article_published_time":"2022-05-18T16:36:17+00:00","article_modified_time":"2022-05-18T16:36:18+00:00","og_image":[{"width":1280,"height":853,"url":"https:\/\/elpuucnoticias.com\/wp-content\/uploads\/2022\/05\/tekax-huracanes-3.jpeg","type":"image\/jpeg"}],"twitter_card":"summary_large_image","twitter_misc":{"Escrito por":"elpuucnoticias","Tiempo de lectura":"2 minutos"},"schema":{"@context":"https:\/\/schema.org","@graph":[{"@type":"WebSite","@id":"https:\/\/elpuucnoticias.com\/#website","url":"https:\/\/elpuucnoticias.com\/","name":"El Puuc Noticias","description":"Noticias - Entretenimiento - Deportes","potentialAction":[{"@type":"SearchAction","target":{"@type":"EntryPoint","urlTemplate":"https:\/\/elpuucnoticias.com\/?s={search_term_string}"},"query-input":"required name=search_term_string"}],"inLanguage":"es"},{"@type":"ImageObject","@id":"https:\/\/elpuucnoticias.com\/?p=1654#primaryimage","inLanguage":"es","url":"https:\/\/elpuucnoticias.com\/wp-content\/uploads\/2022\/05\/tekax-huracanes-3.jpeg","contentUrl":"https:\/\/elpuucnoticias.com\/wp-content\/uploads\/2022\/05\/tekax-huracanes-3.jpeg","width":1280,"height":853},{"@type":"WebPage","@id":"https:\/\/elpuucnoticias.com\/?p=1654#webpage","url":"https:\/\/elpuucnoticias.com\/?p=1654","name":"Se inician los preparativos en Tekax ante el pr\u00f3ximo inicio de la temporada de huracanes - El Puuc Noticias","isPartOf":{"@id":"https:\/\/elpuucnoticias.com\/#website"},"primaryImageOfPage":{"@id":"https:\/\/elpuucnoticias.com\/?p=1654#primaryimage"},"datePublished":"2022-05-18T16:36:17+00:00","dateModified":"2022-05-18T16:36:18+00:00","author":{"@id":"https:\/\/elpuucnoticias.com\/#\/schema\/person\/d2ea09e4c97f0160b11cdfb1d856bd9e"},"breadcrumb":{"@id":"https:\/\/elpuucnoticias.com\/?p=1654#breadcrumb"},"inLanguage":"es","potentialAction":[{"@type":"ReadAction","target":["https:\/\/elpuucnoticias.com\/?p=1654"]}]},{"@type":"BreadcrumbList","@id":"https:\/\/elpuucnoticias.com\/?p=1654#breadcrumb","itemListElement":[{"@type":"ListItem","position":1,"name":"Portada","item":"https:\/\/elpuucnoticias.com\/"},{"@type":"ListItem","position":2,"name":"Se inician los preparativos en Tekax ante el pr\u00f3ximo inicio de la temporada de huracanes"}]},{"@type":"Person","@id":"https:\/\/elpuucnoticias.com\/#\/schema\/person\/d2ea09e4c97f0160b11cdfb1d856bd9e","name":"elpuucnoticias","image":{"@type":"ImageObject","@id":"https:\/\/elpuucnoticias.com\/#personlogo","inLanguage":"es","url":"https:\/\/secure.gravatar.com\/avatar\/5290a43657c74ffa15701dbe5b846bd85cc71930d803c84e91046a7333de6ce2?s=96&d=mm&r=g","contentUrl":"https:\/\/secure.gravatar.com\/avatar\/5290a43657c74ffa15701dbe5b846bd85cc71930d803c84e91046a7333de6ce2?s=96&d=mm&r=g","caption":"elpuucnoticias"},"sameAs":["https:\/\/elpuucnoticias.com"],"url":"https:\/\/elpuucnoticias.com\/?author=1"}]}},"_links":{"self":[{"href":"https:\/\/elpuucnoticias.com\/index.php?rest_route=\/wp\/v2\/posts\/1654","targetHints":{"allow":["GET"]}}],"collection":[{"href":"https:\/\/elpuucnoticias.com\/index.php?rest_route=\/wp\/v2\/posts"}],"about":[{"href":"https:\/\/elpuucnoticias.com\/index.php?rest_route=\/wp\/v2\/types\/post"}],"author":[{"embeddable":true,"href":"https:\/\/elpuucnoticias.com\/index.php?rest_route=\/wp\/v2\/users\/1"}],"replies":[{"embeddable":true,"href":"https:\/\/elpuucnoticias.com\/index.php?rest_route=%2Fwp%2Fv2%2Fcomments&post=1654"}],"version-history":[{"count":1,"href":"https:\/\/elpuucnoticias.com\/index.php?rest_route=\/wp\/v2\/posts\/1654\/revisions"}],"predecessor-version":[{"id":1657,"href":"https:\/\/elpuucnoticias.com\/index.php?rest_route=\/wp\/v2\/posts\/1654\/revisions\/1657"}],"wp:featuredmedia":[{"embeddable":true,"href":"https:\/\/elpuucnoticias.com\/index.php?rest_route=\/wp\/v2\/media\/1655"}],"wp:attachment":[{"href":"https:\/\/elpuucnoticias.com\/index.php?rest_route=%2Fwp%2Fv2%2Fmedia&parent=1654"}],"wp:term":[{"taxonomy":"category","embeddable":true,"href":"https:\/\/elpuucnoticias.com\/index.php?rest_route=%2Fwp%2Fv2%2Fcategories&post=1654"},{"taxonomy":"post_tag","embeddable":true,"href":"https:\/\/elpuucnoticias.com\/index.php?rest_route=%2Fwp%2Fv2%2Ftags&post=1654"}],"curies":[{"name":"wp","href":"https:\/\/api.w.org\/{rel}","templated":true}]}}