{"id":1671,"date":"2022-05-18T17:13:11","date_gmt":"2022-05-18T23:13:11","guid":{"rendered":"https:\/\/elpuucnoticias.com\/?p=1671"},"modified":"2022-05-18T17:13:12","modified_gmt":"2022-05-18T23:13:12","slug":"la-campeona-regional-de-boxeo-sarahi-garza-va-por-medalla-en-nacionales-conade","status":"publish","type":"post","link":"https:\/\/elpuucnoticias.com\/?p=1671","title":{"rendered":"La campeona regional de boxeo Sarah\u00ed Garza va por medalla en Nacionales CONADE"},"content":{"rendered":"\n<p>Con apenas 16 a\u00f1os de edad y uno compitiendo, la boxeadora quintanarroense Dinack Sarah\u00ed Garza L\u00f3pez, quien radica en Solidaridad logr\u00f3 clasificarse como campeona regional a los Juegos Nacionales CONADE 2022, y asegura que obtendr\u00e1 una medalla porque se encuentra en su mejor momento.<\/p>\n\n\n\n<p>Luego de su participaci\u00f3n en la etapa regional celebrada en Canc\u00fan, asisti\u00f3 al Festival Ol\u00edmpico Mexicano, que se llev\u00f3 a cabo del 20 al 27 de abril en el Comit\u00e9 Ol\u00edmpico Mexicano, donde se coron\u00f3 sin mayores problemas en la categor\u00eda juvenil.<\/p>\n\n\n\n<p>Actualmente, de la mano de su entrenador Jorge \u201cChanguito\u201d Monta\u00f1ez, Dinack Sarah\u00ed se prepara con intensidad para lograr su objetivo en los Juegos Nacionales CONADE 2022, que ser\u00e1 su primera ocasi\u00f3n, y va decidida por el campeonato o bien subirse al p\u00f3dium en la divisi\u00f3n de los 51 kilogramos.<\/p>\n\n\n\n<p>Hasta el momento tiene un r\u00e9cord de siete peleas ganadas, sin derrotas, recuerda que hace tres a\u00f1os empez\u00f3 a entrenar el boxeo porque a su familia, en especial a su padre, le gusta este deporte y desde ese momento qued\u00f3 enamorada, aunque desafortunadamente se enfrent\u00f3 a la pandemia en la edici\u00f3n 2020 de los Juegos Nacionales.<\/p>\n\n\n\n<p>Consciente de que su camino hacia el profesionalismo incluye los Juegos Nacionales CONADE, el a\u00f1o pasado no pudo clasificarse y sigui\u00f3 entrenando con fuerza y buscar su boleto este 2022 hasta lograrlo, pasando primero la fase municipal, luego la estatal y la regional, donde se impuso a las representativas de Yucat\u00e1n y Campeche.<\/p>\n\n\n\n<p>\u201cSalir con el campeonato en el regional fue realmente muy satisfactorio\u201d, destac\u00f3 Dinack y reiter\u00f3 \u201cme obliga a no bajar la guardia para seguir entrenando e ir por m\u00e1s experiencia porque ser\u00e1n mis primeros Nacionales CONADE, as\u00ed que la preparaci\u00f3n es a doble sesi\u00f3n, pensando en traer una medalla para Quintana Roo, para Solidaridad\u201d.<\/p>\n","protected":false},"excerpt":{"rendered":"<p>Con apenas 16 a\u00f1os de edad y uno compitiendo, la boxeadora quintanarroense Dinack Sarah\u00ed Garza L\u00f3pez, quien radica<\/p>\n","protected":false},"author":1,"featured_media":1672,"comment_status":"closed","ping_status":"open","sticky":false,"template":"","format":"standard","meta":{"_monsterinsights_skip_tracking":false,"_monsterinsights_sitenote_active":false,"_monsterinsights_sitenote_note":"","_monsterinsights_sitenote_category":0,"footnotes":""},"categories":[7,11],"tags":[],"class_list":["post-1671","post","type-post","status-publish","format-standard","has-post-thumbnail","hentry","category-impacto-deportivo","category-noticias"],"yoast_head":"<!-- This site is optimized with the Yoast SEO plugin v18.3 - https:\/\/yoast.com\/wordpress\/plugins\/seo\/ -->\n<title>La campeona regional de boxeo Sarah\u00ed Garza va por medalla en Nacionales CONADE - El Puuc Noticias<\/title>\n<meta name=\"robots\" content=\"index, follow, max-snippet:-1, max-image-preview:large, max-video-preview:-1\" \/>\n<link rel=\"canonical\" href=\"https:\/\/elpuucnoticias.com\/?p=1671\" \/>\n<meta property=\"og:locale\" content=\"es_ES\" \/>\n<meta property=\"og:type\" content=\"article\" \/>\n<meta property=\"og:title\" content=\"La campeona regional de boxeo Sarah\u00ed Garza va por medalla en Nacionales CONADE - El Puuc Noticias\" \/>\n<meta property=\"og:description\" content=\"Con apenas 16 a\u00f1os de edad y uno compitiendo, la boxeadora quintanarroense Dinack Sarah\u00ed Garza L\u00f3pez, quien radica\" \/>\n<meta property=\"og:url\" content=\"https:\/\/elpuucnoticias.com\/?p=1671\" \/>\n<meta property=\"og:site_name\" content=\"El Puuc Noticias\" \/>\n<meta property=\"article:published_time\" content=\"2022-05-18T23:13:11+00:00\" \/>\n<meta property=\"article:modified_time\" content=\"2022-05-18T23:13:12+00:00\" \/>\n<meta property=\"og:image\" content=\"https:\/\/elpuucnoticias.com\/wp-content\/uploads\/2022\/05\/WhatsApp-Image-2022-05-18-at-12.16.23-PM.jpeg\" \/>\n\t<meta property=\"og:image:width\" content=\"1024\" \/>\n\t<meta property=\"og:image:height\" content=\"664\" \/>\n\t<meta property=\"og:image:type\" content=\"image\/jpeg\" \/>\n<meta name=\"twitter:card\" content=\"summary_large_image\" \/>\n<meta name=\"twitter:label1\" content=\"Escrito por\" \/>\n\t<meta name=\"twitter:data1\" content=\"elpuucnoticias\" \/>\n\t<meta name=\"twitter:label2\" content=\"Tiempo de lectura\" \/>\n\t<meta name=\"twitter:data2\" content=\"2 minutos\" \/>\n<script type=\"application\/ld+json\" class=\"yoast-schema-graph\">{\"@context\":\"https:\/\/schema.org\",\"@graph\":[{\"@type\":\"WebSite\",\"@id\":\"https:\/\/elpuucnoticias.com\/#website\",\"url\":\"https:\/\/elpuucnoticias.com\/\",\"name\":\"El Puuc Noticias\",\"description\":\"Noticias - Entretenimiento - Deportes\",\"potentialAction\":[{\"@type\":\"SearchAction\",\"target\":{\"@type\":\"EntryPoint\",\"urlTemplate\":\"https:\/\/elpuucnoticias.com\/?s={search_term_string}\"},\"query-input\":\"required name=search_term_string\"}],\"inLanguage\":\"es\"},{\"@type\":\"ImageObject\",\"@id\":\"https:\/\/elpuucnoticias.com\/?p=1671#primaryimage\",\"inLanguage\":\"es\",\"url\":\"https:\/\/elpuucnoticias.com\/wp-content\/uploads\/2022\/05\/WhatsApp-Image-2022-05-18-at-12.16.23-PM.jpeg\",\"contentUrl\":\"https:\/\/elpuucnoticias.com\/wp-content\/uploads\/2022\/05\/WhatsApp-Image-2022-05-18-at-12.16.23-PM.jpeg\",\"width\":1024,\"height\":664},{\"@type\":\"WebPage\",\"@id\":\"https:\/\/elpuucnoticias.com\/?p=1671#webpage\",\"url\":\"https:\/\/elpuucnoticias.com\/?p=1671\",\"name\":\"La campeona regional de boxeo Sarah\u00ed Garza va por medalla en Nacionales CONADE - El Puuc Noticias\",\"isPartOf\":{\"@id\":\"https:\/\/elpuucnoticias.com\/#website\"},\"primaryImageOfPage\":{\"@id\":\"https:\/\/elpuucnoticias.com\/?p=1671#primaryimage\"},\"datePublished\":\"2022-05-18T23:13:11+00:00\",\"dateModified\":\"2022-05-18T23:13:12+00:00\",\"author\":{\"@id\":\"https:\/\/elpuucnoticias.com\/#\/schema\/person\/d2ea09e4c97f0160b11cdfb1d856bd9e\"},\"breadcrumb\":{\"@id\":\"https:\/\/elpuucnoticias.com\/?p=1671#breadcrumb\"},\"inLanguage\":\"es\",\"potentialAction\":[{\"@type\":\"ReadAction\",\"target\":[\"https:\/\/elpuucnoticias.com\/?p=1671\"]}]},{\"@type\":\"BreadcrumbList\",\"@id\":\"https:\/\/elpuucnoticias.com\/?p=1671#breadcrumb\",\"itemListElement\":[{\"@type\":\"ListItem\",\"position\":1,\"name\":\"Portada\",\"item\":\"https:\/\/elpuucnoticias.com\/\"},{\"@type\":\"ListItem\",\"position\":2,\"name\":\"La campeona regional de boxeo Sarah\u00ed Garza va por medalla en Nacionales CONADE\"}]},{\"@type\":\"Person\",\"@id\":\"https:\/\/elpuucnoticias.com\/#\/schema\/person\/d2ea09e4c97f0160b11cdfb1d856bd9e\",\"name\":\"elpuucnoticias\",\"image\":{\"@type\":\"ImageObject\",\"@id\":\"https:\/\/elpuucnoticias.com\/#personlogo\",\"inLanguage\":\"es\",\"url\":\"https:\/\/secure.gravatar.com\/avatar\/5290a43657c74ffa15701dbe5b846bd85cc71930d803c84e91046a7333de6ce2?s=96&d=mm&r=g\",\"contentUrl\":\"https:\/\/secure.gravatar.com\/avatar\/5290a43657c74ffa15701dbe5b846bd85cc71930d803c84e91046a7333de6ce2?s=96&d=mm&r=g\",\"caption\":\"elpuucnoticias\"},\"sameAs\":[\"https:\/\/elpuucnoticias.com\"],\"url\":\"https:\/\/elpuucnoticias.com\/?author=1\"}]}<\/script>\n<!-- \/ Yoast SEO plugin. -->","yoast_head_json":{"title":"La campeona regional de boxeo Sarah\u00ed Garza va por medalla en Nacionales CONADE - El Puuc Noticias","robots":{"index":"index","follow":"follow","max-snippet":"max-snippet:-1","max-image-preview":"max-image-preview:large","max-video-preview":"max-video-preview:-1"},"canonical":"https:\/\/elpuucnoticias.com\/?p=1671","og_locale":"es_ES","og_type":"article","og_title":"La campeona regional de boxeo Sarah\u00ed Garza va por medalla en Nacionales CONADE - El Puuc Noticias","og_description":"Con apenas 16 a\u00f1os de edad y uno compitiendo, la boxeadora quintanarroense Dinack Sarah\u00ed Garza L\u00f3pez, quien radica","og_url":"https:\/\/elpuucnoticias.com\/?p=1671","og_site_name":"El Puuc Noticias","article_published_time":"2022-05-18T23:13:11+00:00","article_modified_time":"2022-05-18T23:13:12+00:00","og_image":[{"width":1024,"height":664,"url":"https:\/\/elpuucnoticias.com\/wp-content\/uploads\/2022\/05\/WhatsApp-Image-2022-05-18-at-12.16.23-PM.jpeg","type":"image\/jpeg"}],"twitter_card":"summary_large_image","twitter_misc":{"Escrito por":"elpuucnoticias","Tiempo de lectura":"2 minutos"},"schema":{"@context":"https:\/\/schema.org","@graph":[{"@type":"WebSite","@id":"https:\/\/elpuucnoticias.com\/#website","url":"https:\/\/elpuucnoticias.com\/","name":"El Puuc Noticias","description":"Noticias - Entretenimiento - Deportes","potentialAction":[{"@type":"SearchAction","target":{"@type":"EntryPoint","urlTemplate":"https:\/\/elpuucnoticias.com\/?s={search_term_string}"},"query-input":"required name=search_term_string"}],"inLanguage":"es"},{"@type":"ImageObject","@id":"https:\/\/elpuucnoticias.com\/?p=1671#primaryimage","inLanguage":"es","url":"https:\/\/elpuucnoticias.com\/wp-content\/uploads\/2022\/05\/WhatsApp-Image-2022-05-18-at-12.16.23-PM.jpeg","contentUrl":"https:\/\/elpuucnoticias.com\/wp-content\/uploads\/2022\/05\/WhatsApp-Image-2022-05-18-at-12.16.23-PM.jpeg","width":1024,"height":664},{"@type":"WebPage","@id":"https:\/\/elpuucnoticias.com\/?p=1671#webpage","url":"https:\/\/elpuucnoticias.com\/?p=1671","name":"La campeona regional de boxeo Sarah\u00ed Garza va por medalla en Nacionales CONADE - El Puuc Noticias","isPartOf":{"@id":"https:\/\/elpuucnoticias.com\/#website"},"primaryImageOfPage":{"@id":"https:\/\/elpuucnoticias.com\/?p=1671#primaryimage"},"datePublished":"2022-05-18T23:13:11+00:00","dateModified":"2022-05-18T23:13:12+00:00","author":{"@id":"https:\/\/elpuucnoticias.com\/#\/schema\/person\/d2ea09e4c97f0160b11cdfb1d856bd9e"},"breadcrumb":{"@id":"https:\/\/elpuucnoticias.com\/?p=1671#breadcrumb"},"inLanguage":"es","potentialAction":[{"@type":"ReadAction","target":["https:\/\/elpuucnoticias.com\/?p=1671"]}]},{"@type":"BreadcrumbList","@id":"https:\/\/elpuucnoticias.com\/?p=1671#breadcrumb","itemListElement":[{"@type":"ListItem","position":1,"name":"Portada","item":"https:\/\/elpuucnoticias.com\/"},{"@type":"ListItem","position":2,"name":"La campeona regional de boxeo Sarah\u00ed Garza va por medalla en Nacionales CONADE"}]},{"@type":"Person","@id":"https:\/\/elpuucnoticias.com\/#\/schema\/person\/d2ea09e4c97f0160b11cdfb1d856bd9e","name":"elpuucnoticias","image":{"@type":"ImageObject","@id":"https:\/\/elpuucnoticias.com\/#personlogo","inLanguage":"es","url":"https:\/\/secure.gravatar.com\/avatar\/5290a43657c74ffa15701dbe5b846bd85cc71930d803c84e91046a7333de6ce2?s=96&d=mm&r=g","contentUrl":"https:\/\/secure.gravatar.com\/avatar\/5290a43657c74ffa15701dbe5b846bd85cc71930d803c84e91046a7333de6ce2?s=96&d=mm&r=g","caption":"elpuucnoticias"},"sameAs":["https:\/\/elpuucnoticias.com"],"url":"https:\/\/elpuucnoticias.com\/?author=1"}]}},"_links":{"self":[{"href":"https:\/\/elpuucnoticias.com\/index.php?rest_route=\/wp\/v2\/posts\/1671","targetHints":{"allow":["GET"]}}],"collection":[{"href":"https:\/\/elpuucnoticias.com\/index.php?rest_route=\/wp\/v2\/posts"}],"about":[{"href":"https:\/\/elpuucnoticias.com\/index.php?rest_route=\/wp\/v2\/types\/post"}],"author":[{"embeddable":true,"href":"https:\/\/elpuucnoticias.com\/index.php?rest_route=\/wp\/v2\/users\/1"}],"replies":[{"embeddable":true,"href":"https:\/\/elpuucnoticias.com\/index.php?rest_route=%2Fwp%2Fv2%2Fcomments&post=1671"}],"version-history":[{"count":1,"href":"https:\/\/elpuucnoticias.com\/index.php?rest_route=\/wp\/v2\/posts\/1671\/revisions"}],"predecessor-version":[{"id":1673,"href":"https:\/\/elpuucnoticias.com\/index.php?rest_route=\/wp\/v2\/posts\/1671\/revisions\/1673"}],"wp:featuredmedia":[{"embeddable":true,"href":"https:\/\/elpuucnoticias.com\/index.php?rest_route=\/wp\/v2\/media\/1672"}],"wp:attachment":[{"href":"https:\/\/elpuucnoticias.com\/index.php?rest_route=%2Fwp%2Fv2%2Fmedia&parent=1671"}],"wp:term":[{"taxonomy":"category","embeddable":true,"href":"https:\/\/elpuucnoticias.com\/index.php?rest_route=%2Fwp%2Fv2%2Fcategories&post=1671"},{"taxonomy":"post_tag","embeddable":true,"href":"https:\/\/elpuucnoticias.com\/index.php?rest_route=%2Fwp%2Fv2%2Ftags&post=1671"}],"curies":[{"name":"wp","href":"https:\/\/api.w.org\/{rel}","templated":true}]}}