{"id":16710,"date":"2024-10-17T14:34:27","date_gmt":"2024-10-17T20:34:27","guid":{"rendered":"https:\/\/elpuucnoticias.com\/?p=16710"},"modified":"2024-10-17T14:37:24","modified_gmt":"2024-10-17T20:37:24","slug":"segundo-piso-de-la-cuarta-transformacion-camino-firme-para-lograr-un-futuro-con-equidad-y-justicia","status":"publish","type":"post","link":"https:\/\/elpuucnoticias.com\/?p=16710","title":{"rendered":"Segundo piso de la cuarta transformaci\u00f3n, camino firme para lograr un futuro con equidad y justicia"},"content":{"rendered":"\n<p>Ante el Monumento al Caminero, el secretario de Infraestructura, Comunicaciones y Transportes encabez\u00f3 la celebraci\u00f3n del D\u00eda del Caminero<\/p>\n\n\n\n<p>La transformaci\u00f3n se cimenta en valores del humanismo mexicano; es tiempo de transformaci\u00f3n, es tiempo de mujeres, enfatiz\u00f3 el titular de la SICT<\/p>\n\n\n\n<p>El subsecretario de Infraestructura, Juan Carlos Fuentes Orrala, reconoci\u00f3 el valor de camineras y camineros, trabajadores que con su labor incansable permiten a nuestro pa\u00eds seguir avanzando<\/p>\n\n\n\n<p>La directora del Centro SICT Chiapas, Janette Cosmes V\u00e1squez, dijo que su labor de caminera la ha realizado con pasi\u00f3n, compromiso y un hambre de generar cambios en nuestra sociedad<\/p>\n\n\n\n<p>Al conmemorar el D\u00eda del Caminero, el secretario de Infraestructura, Comunicaciones y Transportes (SICT), Jes\u00fas Antonio Esteva Medina, afirm\u00f3 que el segundo piso de la Cuarta Transformaci\u00f3n es un camino firme que debemos construir para lograr un futuro con equidad y justicia para todos, cimentado en los valores profundos del humanismo mexicano.<\/p>\n\n\n\n<p>En compa\u00f1\u00eda de la subsecretaria de Transporte, Tania Carro Toledo; el subsecretario de Infraestructura, Juan Carlos Fuentes Orrala; la directora general del Centro SICT Chiapas (caminera), Janette Cosmes V\u00e1squez, y dem\u00e1s equipo de trabajo, el titular de la SICT dijo que \u201ces tiempo de transformaci\u00f3n, es tiempo de mujeres\u201d.<\/p>\n\n\n\n<p>Al pie del Monumento al Caminero que representa a hombres sosteniendo un taladro, un teodolito y un libro, enmarcado en la frase \u201cEl Caminero, integrador de las comunicaciones de M\u00e9xico\u201d, Esteva Medina resalt\u00f3 que en su labor, camineras y camineros piensan en las ni\u00f1as y ni\u00f1os que tendr\u00e1n acceso a servicios b\u00e1sicos de salud y educaci\u00f3n.<\/p>\n\n\n\n<p>En quienes podr\u00e1n ir a la escuela con mayor seguridad y en menor tiempo; piensan en los hombres y las mujeres que podr\u00e1n transitar con facilidad a los pueblos vecinos e intercambiar productos. Piensan en los beneficios que su trabajo ofrece a las comunidades para su desarrollo econ\u00f3mico, social y cultural.<\/p>\n\n\n\n<p>Tras colocar una ofrenda floral y llevar a cabo una guardia de honor, destac\u00f3 que en esta conmemoraci\u00f3n se honra el trabajo de quienes han hecho posible unir nuestro vasto territorio en una lucha contra el viento y las lluvias, contra las inclemencias del tiempo que no arredran el \u00edmpetu ni debilitan el esp\u00edritu intacto de los camineros y las camineras.<\/p>\n\n\n\n<p>Esteva Medina felicit\u00f3 al gremio por el gran trabajo que realizan d\u00eda con d\u00eda e incondicionalmente a favor de M\u00e9xico.<\/p>\n\n\n\n<figure class=\"wp-block-gallery has-nested-images columns-default is-cropped wp-block-gallery-1 is-layout-flex wp-block-gallery-is-layout-flex\">\n<figure class=\"wp-block-image size-large is-style-default\"><img loading=\"lazy\" decoding=\"async\" width=\"1024\" height=\"683\" data-id=\"16712\" src=\"https:\/\/elpuucnoticias.com\/wp-content\/uploads\/2024\/10\/whatsapp-image-2024-10-17-at-2.18.07-pm-1.jpeg\" alt=\"\" class=\"wp-image-16712\" srcset=\"https:\/\/elpuucnoticias.com\/wp-content\/uploads\/2024\/10\/whatsapp-image-2024-10-17-at-2.18.07-pm-1.jpeg 1024w, https:\/\/elpuucnoticias.com\/wp-content\/uploads\/2024\/10\/whatsapp-image-2024-10-17-at-2.18.07-pm-1-300x200.jpeg 300w, https:\/\/elpuucnoticias.com\/wp-content\/uploads\/2024\/10\/whatsapp-image-2024-10-17-at-2.18.07-pm-1-768x512.jpeg 768w, https:\/\/elpuucnoticias.com\/wp-content\/uploads\/2024\/10\/whatsapp-image-2024-10-17-at-2.18.07-pm-1-600x400.jpeg 600w, https:\/\/elpuucnoticias.com\/wp-content\/uploads\/2024\/10\/whatsapp-image-2024-10-17-at-2.18.07-pm-1-320x213.jpeg 320w\" sizes=\"auto, (max-width: 1024px) 100vw, 1024px\" \/><\/figure>\n\n\n\n<figure class=\"wp-block-image size-large is-style-default\"><img loading=\"lazy\" decoding=\"async\" width=\"1024\" height=\"683\" data-id=\"16714\" src=\"https:\/\/elpuucnoticias.com\/wp-content\/uploads\/2024\/10\/whatsapp-image-2024-10-17-at-2.18.08-pm-2.jpeg\" alt=\"\" class=\"wp-image-16714\" srcset=\"https:\/\/elpuucnoticias.com\/wp-content\/uploads\/2024\/10\/whatsapp-image-2024-10-17-at-2.18.08-pm-2.jpeg 1024w, https:\/\/elpuucnoticias.com\/wp-content\/uploads\/2024\/10\/whatsapp-image-2024-10-17-at-2.18.08-pm-2-300x200.jpeg 300w, https:\/\/elpuucnoticias.com\/wp-content\/uploads\/2024\/10\/whatsapp-image-2024-10-17-at-2.18.08-pm-2-768x512.jpeg 768w, https:\/\/elpuucnoticias.com\/wp-content\/uploads\/2024\/10\/whatsapp-image-2024-10-17-at-2.18.08-pm-2-600x400.jpeg 600w, https:\/\/elpuucnoticias.com\/wp-content\/uploads\/2024\/10\/whatsapp-image-2024-10-17-at-2.18.08-pm-2-320x213.jpeg 320w\" sizes=\"auto, (max-width: 1024px) 100vw, 1024px\" \/><\/figure>\n\n\n\n<figure class=\"wp-block-image size-large is-style-default\"><img loading=\"lazy\" decoding=\"async\" width=\"1024\" height=\"683\" data-id=\"16713\" src=\"https:\/\/elpuucnoticias.com\/wp-content\/uploads\/2024\/10\/whatsapp-image-2024-10-17-at-2.18.08-pm.jpeg\" alt=\"\" class=\"wp-image-16713\" srcset=\"https:\/\/elpuucnoticias.com\/wp-content\/uploads\/2024\/10\/whatsapp-image-2024-10-17-at-2.18.08-pm.jpeg 1024w, https:\/\/elpuucnoticias.com\/wp-content\/uploads\/2024\/10\/whatsapp-image-2024-10-17-at-2.18.08-pm-300x200.jpeg 300w, https:\/\/elpuucnoticias.com\/wp-content\/uploads\/2024\/10\/whatsapp-image-2024-10-17-at-2.18.08-pm-768x512.jpeg 768w, https:\/\/elpuucnoticias.com\/wp-content\/uploads\/2024\/10\/whatsapp-image-2024-10-17-at-2.18.08-pm-600x400.jpeg 600w, https:\/\/elpuucnoticias.com\/wp-content\/uploads\/2024\/10\/whatsapp-image-2024-10-17-at-2.18.08-pm-320x213.jpeg 320w\" sizes=\"auto, (max-width: 1024px) 100vw, 1024px\" \/><\/figure>\n<\/figure>\n\n\n\n<p>En su oportunidad, el subsecretario de Infraestructura, Juan Carlos Fuentes Orrala, reconoci\u00f3 el valor de quienes construyen y mantienen las v\u00edas que nos unen; son esos trabajadores y trabajadoras extraordinarios que con su labor incansable permiten que nuestro pa\u00eds siga avanzando, facilite el comercio y acerque a familias.<\/p>\n\n\n\n<p>Los camineros son pieza clave en el desarrollo de M\u00e9xico para que el futuro de nuestro pa\u00eds siga construy\u00e9ndose sobre bases s\u00f3lidas. \u201cLos invito a no bajar la guardia; a seguir construyendo caminos, carreteras, autopistas y trenes\u201d, enfatiz\u00f3.<\/p>\n\n\n\n<p>La directora general del Centro SICT Chiapas, Janette Cosmes V\u00e1squez, dijo que las mujeres tambi\u00e9n son parte fundamental del grupo de camineros para pavimentar nuevas rutas \u201cpara que nuestras comunidades accedan a mejores oportunidades y servicios\u201d.<\/p>\n\n\n\n<p>Afirm\u00f3 que en su experiencia como caminera ha participado en la construcci\u00f3n de caminos rurales, autopistas y puentes. \u201cCon pasi\u00f3n, compromiso y un hambre de generar cambios en nuestra sociedad trabaj\u00e9 para mejorar el camino, no s\u00f3lo para m\u00ed, sino para las mujeres de las generaciones presentes y futuras\u201d.<\/p>\n\n\n\n<p>En el evento, en la que particip\u00f3 la banda de guerra de la Secretar\u00eda de la Defensa Nacional, estuvieron presentes el titular de la Agencia Reguladora de Transporte Ferroviario, Andr\u00e9s Lajous Loaeza; la directora general de CAPUFE, Elsa Julita Veites Ar\u00e9valo; la coordinadora de Centros SICT, Carlota Andrade D\u00edaz; el director general de Carreteras, Carlos Arceo Casta\u00f1eda.<\/p>\n\n\n\n<p>As\u00ed como el director general de Desarrollo Carretero, Rafael Cervantes De La Teja; el director general de Conservaci\u00f3n de Carreteras, David Omar Calder\u00f3n Hallal; la directora general de Desarrollo Ferroviario y Multimodal, Adriana Cardona Acosta; la directora de Investigaci\u00f3n y Contenidos Historiogr\u00e1ficos, Mar\u00eda de los \u00c1ngeles Comesa\u00f1a Concheiro, y el Titular de la Unidad de Administraci\u00f3n y Finanzas, Gerardo Calzada Sibilla.<\/p>\n","protected":false},"excerpt":{"rendered":"<p>Ante el Monumento al Caminero, el secretario de Infraestructura, Comunicaciones y Transportes encabez\u00f3 la celebraci\u00f3n del D\u00eda del<\/p>\n","protected":false},"author":1,"featured_media":16711,"comment_status":"closed","ping_status":"open","sticky":false,"template":"","format":"standard","meta":{"_monsterinsights_skip_tracking":false,"_monsterinsights_sitenote_active":false,"_monsterinsights_sitenote_note":"","_monsterinsights_sitenote_category":0,"footnotes":""},"categories":[11,24],"tags":[],"class_list":["post-16710","post","type-post","status-publish","format-standard","has-post-thumbnail","hentry","category-noticias","category-quintana-roo"],"yoast_head":"<!-- This site is optimized with the Yoast SEO plugin v18.3 - https:\/\/yoast.com\/wordpress\/plugins\/seo\/ -->\n<title>Segundo piso de la cuarta transformaci\u00f3n, camino firme para lograr un futuro con equidad y justicia - El Puuc Noticias<\/title>\n<meta name=\"robots\" content=\"index, follow, max-snippet:-1, max-image-preview:large, max-video-preview:-1\" \/>\n<link rel=\"canonical\" href=\"https:\/\/elpuucnoticias.com\/?p=16710\" \/>\n<meta property=\"og:locale\" content=\"es_ES\" \/>\n<meta property=\"og:type\" content=\"article\" \/>\n<meta property=\"og:title\" content=\"Segundo piso de la cuarta transformaci\u00f3n, camino firme para lograr un futuro con equidad y justicia - El Puuc Noticias\" \/>\n<meta property=\"og:description\" content=\"Ante el Monumento al Caminero, el secretario de Infraestructura, Comunicaciones y Transportes encabez\u00f3 la celebraci\u00f3n del D\u00eda del\" \/>\n<meta property=\"og:url\" content=\"https:\/\/elpuucnoticias.com\/?p=16710\" \/>\n<meta property=\"og:site_name\" content=\"El Puuc Noticias\" \/>\n<meta property=\"article:published_time\" content=\"2024-10-17T20:34:27+00:00\" \/>\n<meta property=\"article:modified_time\" content=\"2024-10-17T20:37:24+00:00\" \/>\n<meta property=\"og:image\" content=\"https:\/\/elpuucnoticias.com\/wp-content\/uploads\/2024\/10\/whatsapp-image-2024-10-17-at-2.18.08-pm-1.jpeg\" \/>\n\t<meta property=\"og:image:width\" content=\"1024\" \/>\n\t<meta property=\"og:image:height\" content=\"683\" \/>\n\t<meta property=\"og:image:type\" content=\"image\/jpeg\" \/>\n<meta name=\"twitter:card\" content=\"summary_large_image\" \/>\n<meta name=\"twitter:label1\" content=\"Escrito por\" \/>\n\t<meta name=\"twitter:data1\" content=\"elpuucnoticias\" \/>\n\t<meta name=\"twitter:label2\" content=\"Tiempo de lectura\" \/>\n\t<meta name=\"twitter:data2\" content=\"4 minutos\" \/>\n<script type=\"application\/ld+json\" class=\"yoast-schema-graph\">{\"@context\":\"https:\/\/schema.org\",\"@graph\":[{\"@type\":\"WebSite\",\"@id\":\"https:\/\/elpuucnoticias.com\/#website\",\"url\":\"https:\/\/elpuucnoticias.com\/\",\"name\":\"El Puuc Noticias\",\"description\":\"Noticias - Entretenimiento - Deportes\",\"potentialAction\":[{\"@type\":\"SearchAction\",\"target\":{\"@type\":\"EntryPoint\",\"urlTemplate\":\"https:\/\/elpuucnoticias.com\/?s={search_term_string}\"},\"query-input\":\"required name=search_term_string\"}],\"inLanguage\":\"es\"},{\"@type\":\"ImageObject\",\"@id\":\"https:\/\/elpuucnoticias.com\/?p=16710#primaryimage\",\"inLanguage\":\"es\",\"url\":\"https:\/\/elpuucnoticias.com\/wp-content\/uploads\/2024\/10\/whatsapp-image-2024-10-17-at-2.18.08-pm-1.jpeg\",\"contentUrl\":\"https:\/\/elpuucnoticias.com\/wp-content\/uploads\/2024\/10\/whatsapp-image-2024-10-17-at-2.18.08-pm-1.jpeg\",\"width\":1024,\"height\":683},{\"@type\":\"WebPage\",\"@id\":\"https:\/\/elpuucnoticias.com\/?p=16710#webpage\",\"url\":\"https:\/\/elpuucnoticias.com\/?p=16710\",\"name\":\"Segundo piso de la cuarta transformaci\u00f3n, camino firme para lograr un futuro con equidad y justicia - El Puuc Noticias\",\"isPartOf\":{\"@id\":\"https:\/\/elpuucnoticias.com\/#website\"},\"primaryImageOfPage\":{\"@id\":\"https:\/\/elpuucnoticias.com\/?p=16710#primaryimage\"},\"datePublished\":\"2024-10-17T20:34:27+00:00\",\"dateModified\":\"2024-10-17T20:37:24+00:00\",\"author\":{\"@id\":\"https:\/\/elpuucnoticias.com\/#\/schema\/person\/d2ea09e4c97f0160b11cdfb1d856bd9e\"},\"breadcrumb\":{\"@id\":\"https:\/\/elpuucnoticias.com\/?p=16710#breadcrumb\"},\"inLanguage\":\"es\",\"potentialAction\":[{\"@type\":\"ReadAction\",\"target\":[\"https:\/\/elpuucnoticias.com\/?p=16710\"]}]},{\"@type\":\"BreadcrumbList\",\"@id\":\"https:\/\/elpuucnoticias.com\/?p=16710#breadcrumb\",\"itemListElement\":[{\"@type\":\"ListItem\",\"position\":1,\"name\":\"Portada\",\"item\":\"https:\/\/elpuucnoticias.com\/\"},{\"@type\":\"ListItem\",\"position\":2,\"name\":\"Segundo piso de la cuarta transformaci\u00f3n, camino firme para lograr un futuro con equidad y justicia\"}]},{\"@type\":\"Person\",\"@id\":\"https:\/\/elpuucnoticias.com\/#\/schema\/person\/d2ea09e4c97f0160b11cdfb1d856bd9e\",\"name\":\"elpuucnoticias\",\"image\":{\"@type\":\"ImageObject\",\"@id\":\"https:\/\/elpuucnoticias.com\/#personlogo\",\"inLanguage\":\"es\",\"url\":\"https:\/\/secure.gravatar.com\/avatar\/5290a43657c74ffa15701dbe5b846bd85cc71930d803c84e91046a7333de6ce2?s=96&d=mm&r=g\",\"contentUrl\":\"https:\/\/secure.gravatar.com\/avatar\/5290a43657c74ffa15701dbe5b846bd85cc71930d803c84e91046a7333de6ce2?s=96&d=mm&r=g\",\"caption\":\"elpuucnoticias\"},\"sameAs\":[\"https:\/\/elpuucnoticias.com\"],\"url\":\"https:\/\/elpuucnoticias.com\/?author=1\"}]}<\/script>\n<!-- \/ Yoast SEO plugin. -->","yoast_head_json":{"title":"Segundo piso de la cuarta transformaci\u00f3n, camino firme para lograr un futuro con equidad y justicia - El Puuc Noticias","robots":{"index":"index","follow":"follow","max-snippet":"max-snippet:-1","max-image-preview":"max-image-preview:large","max-video-preview":"max-video-preview:-1"},"canonical":"https:\/\/elpuucnoticias.com\/?p=16710","og_locale":"es_ES","og_type":"article","og_title":"Segundo piso de la cuarta transformaci\u00f3n, camino firme para lograr un futuro con equidad y justicia - El Puuc Noticias","og_description":"Ante el Monumento al Caminero, el secretario de Infraestructura, Comunicaciones y Transportes encabez\u00f3 la celebraci\u00f3n del D\u00eda del","og_url":"https:\/\/elpuucnoticias.com\/?p=16710","og_site_name":"El Puuc Noticias","article_published_time":"2024-10-17T20:34:27+00:00","article_modified_time":"2024-10-17T20:37:24+00:00","og_image":[{"width":1024,"height":683,"url":"https:\/\/elpuucnoticias.com\/wp-content\/uploads\/2024\/10\/whatsapp-image-2024-10-17-at-2.18.08-pm-1.jpeg","type":"image\/jpeg"}],"twitter_card":"summary_large_image","twitter_misc":{"Escrito por":"elpuucnoticias","Tiempo de lectura":"4 minutos"},"schema":{"@context":"https:\/\/schema.org","@graph":[{"@type":"WebSite","@id":"https:\/\/elpuucnoticias.com\/#website","url":"https:\/\/elpuucnoticias.com\/","name":"El Puuc Noticias","description":"Noticias - Entretenimiento - Deportes","potentialAction":[{"@type":"SearchAction","target":{"@type":"EntryPoint","urlTemplate":"https:\/\/elpuucnoticias.com\/?s={search_term_string}"},"query-input":"required name=search_term_string"}],"inLanguage":"es"},{"@type":"ImageObject","@id":"https:\/\/elpuucnoticias.com\/?p=16710#primaryimage","inLanguage":"es","url":"https:\/\/elpuucnoticias.com\/wp-content\/uploads\/2024\/10\/whatsapp-image-2024-10-17-at-2.18.08-pm-1.jpeg","contentUrl":"https:\/\/elpuucnoticias.com\/wp-content\/uploads\/2024\/10\/whatsapp-image-2024-10-17-at-2.18.08-pm-1.jpeg","width":1024,"height":683},{"@type":"WebPage","@id":"https:\/\/elpuucnoticias.com\/?p=16710#webpage","url":"https:\/\/elpuucnoticias.com\/?p=16710","name":"Segundo piso de la cuarta transformaci\u00f3n, camino firme para lograr un futuro con equidad y justicia - El Puuc Noticias","isPartOf":{"@id":"https:\/\/elpuucnoticias.com\/#website"},"primaryImageOfPage":{"@id":"https:\/\/elpuucnoticias.com\/?p=16710#primaryimage"},"datePublished":"2024-10-17T20:34:27+00:00","dateModified":"2024-10-17T20:37:24+00:00","author":{"@id":"https:\/\/elpuucnoticias.com\/#\/schema\/person\/d2ea09e4c97f0160b11cdfb1d856bd9e"},"breadcrumb":{"@id":"https:\/\/elpuucnoticias.com\/?p=16710#breadcrumb"},"inLanguage":"es","potentialAction":[{"@type":"ReadAction","target":["https:\/\/elpuucnoticias.com\/?p=16710"]}]},{"@type":"BreadcrumbList","@id":"https:\/\/elpuucnoticias.com\/?p=16710#breadcrumb","itemListElement":[{"@type":"ListItem","position":1,"name":"Portada","item":"https:\/\/elpuucnoticias.com\/"},{"@type":"ListItem","position":2,"name":"Segundo piso de la cuarta transformaci\u00f3n, camino firme para lograr un futuro con equidad y justicia"}]},{"@type":"Person","@id":"https:\/\/elpuucnoticias.com\/#\/schema\/person\/d2ea09e4c97f0160b11cdfb1d856bd9e","name":"elpuucnoticias","image":{"@type":"ImageObject","@id":"https:\/\/elpuucnoticias.com\/#personlogo","inLanguage":"es","url":"https:\/\/secure.gravatar.com\/avatar\/5290a43657c74ffa15701dbe5b846bd85cc71930d803c84e91046a7333de6ce2?s=96&d=mm&r=g","contentUrl":"https:\/\/secure.gravatar.com\/avatar\/5290a43657c74ffa15701dbe5b846bd85cc71930d803c84e91046a7333de6ce2?s=96&d=mm&r=g","caption":"elpuucnoticias"},"sameAs":["https:\/\/elpuucnoticias.com"],"url":"https:\/\/elpuucnoticias.com\/?author=1"}]}},"_links":{"self":[{"href":"https:\/\/elpuucnoticias.com\/index.php?rest_route=\/wp\/v2\/posts\/16710","targetHints":{"allow":["GET"]}}],"collection":[{"href":"https:\/\/elpuucnoticias.com\/index.php?rest_route=\/wp\/v2\/posts"}],"about":[{"href":"https:\/\/elpuucnoticias.com\/index.php?rest_route=\/wp\/v2\/types\/post"}],"author":[{"embeddable":true,"href":"https:\/\/elpuucnoticias.com\/index.php?rest_route=\/wp\/v2\/users\/1"}],"replies":[{"embeddable":true,"href":"https:\/\/elpuucnoticias.com\/index.php?rest_route=%2Fwp%2Fv2%2Fcomments&post=16710"}],"version-history":[{"count":2,"href":"https:\/\/elpuucnoticias.com\/index.php?rest_route=\/wp\/v2\/posts\/16710\/revisions"}],"predecessor-version":[{"id":16717,"href":"https:\/\/elpuucnoticias.com\/index.php?rest_route=\/wp\/v2\/posts\/16710\/revisions\/16717"}],"wp:featuredmedia":[{"embeddable":true,"href":"https:\/\/elpuucnoticias.com\/index.php?rest_route=\/wp\/v2\/media\/16711"}],"wp:attachment":[{"href":"https:\/\/elpuucnoticias.com\/index.php?rest_route=%2Fwp%2Fv2%2Fmedia&parent=16710"}],"wp:term":[{"taxonomy":"category","embeddable":true,"href":"https:\/\/elpuucnoticias.com\/index.php?rest_route=%2Fwp%2Fv2%2Fcategories&post=16710"},{"taxonomy":"post_tag","embeddable":true,"href":"https:\/\/elpuucnoticias.com\/index.php?rest_route=%2Fwp%2Fv2%2Ftags&post=16710"}],"curies":[{"name":"wp","href":"https:\/\/api.w.org\/{rel}","templated":true}]}}