{"id":16754,"date":"2024-10-18T17:49:59","date_gmt":"2024-10-18T23:49:59","guid":{"rendered":"https:\/\/elpuucnoticias.com\/?p=16754"},"modified":"2024-10-18T17:49:59","modified_gmt":"2024-10-18T23:49:59","slug":"la-fundacion-de-parques-y-museos-registra-el-arribo-de-pato-cucharon-norteno-en-punta-sur","status":"publish","type":"post","link":"https:\/\/elpuucnoticias.com\/?p=16754","title":{"rendered":"La Fundaci\u00f3n de Parques y Museos registra el arribo de pato cuchar\u00f3n norte\u00f1o en Punta Sur"},"content":{"rendered":"\n<p>El Parque Ecotur\u00edstico Punta Sur, administrado por la Fundaci\u00f3n de Parques y Museos de Cozumel (FPMC), se confirma como un espacio clave para la llegada de aves migratorias, al registrar recientemente la presencia de ejemplares del \u201cPato cuchar\u00f3n norte\u00f1o\u201d (Spatula clypeata) en su zona lagunar.<\/p>\n\n\n\n<p>El compromiso de la gobernadora Mara Lezama Espinosa con la conservaci\u00f3n de la biodiversidad, enmarcado con el Nuevo Acuerdo por el Bienestar y Desarrollo de Quintana Roo, ha permitido que estos espacios naturales se mantengan como santuarios donde las especies migratorias encuentran alimento, agua y un clima propicio para descansar, explic\u00f3 Juanita Alonso Marrufo, directora general de la FPMC.<\/p>\n\n\n\n<p>Destac\u00f3 que Punta Sur ofrece un refugio seguro y \u00f3ptimo para las aves que viajan miles de kil\u00f3metros cada a\u00f1o.<\/p>\n\n\n\n<p>Rafael Chac\u00f3n D\u00edaz, director de Conservaci\u00f3n y Educaci\u00f3n Ambiental (CEA), explic\u00f3 que la llegada de tres patos cuchar\u00f3n norte\u00f1o durante los monitoreos recientes en Punta Sur es un evento significativo, ya que esta especie no es com\u00fan en la zona.<\/p>\n\n\n\n<p>\u00abEstas aves se reproducen en Europa, Asia y Norteam\u00e9rica, y durante la \u00e9poca m\u00e1s fr\u00eda migran al sur de Estados Unidos, M\u00e9xico, El Caribe y Sudam\u00e9rica y la riqueza ecol\u00f3gica de Punta Sur les proporciona el entorno ideal para hacer una parada en su largo recorrido migratoria\u201d, detall\u00f3.<\/p>\n\n\n\n<p>Agreg\u00f3 que el \u201cPato cuchar\u00f3n norte\u00f1o\u201d se distingue por su pico en forma de esp\u00e1tula, de color negro, su tama\u00f1o entre 44 y 52 cent\u00edmetros, patas de color naranja brillante y una cola corta y puntiaguda.<\/p>\n\n\n\n<p>Su presencia subraya la importancia de preservar espacios como Punta Sur, que permiten la convivencia de aves end\u00e9micas, residentes y migratorias.<\/p>\n\n\n\n<p>Las aves migratorias que ya se han podido observar en Punta Sur se encuentran la Garza Dedos Dorados, Chipe Dorado, Golondrina Com\u00fan , Pel\u00edcano Pardo, Garza Tricolor y la Galllareta, entre otras, adem\u00e1s de las residentes y end\u00e9micas, que los asistentes al recorrido de observaci\u00f3n de avifauna del XVI Festival de las Aves, tendr\u00e1n la oportunidad de observar el pr\u00f3ximo 19 de octubre en la reserva ecol\u00f3gica.<\/p>\n","protected":false},"excerpt":{"rendered":"<p>El Parque Ecotur\u00edstico Punta Sur, administrado por la Fundaci\u00f3n de Parques y Museos de Cozumel (FPMC), se confirma<\/p>\n","protected":false},"author":1,"featured_media":16755,"comment_status":"closed","ping_status":"open","sticky":false,"template":"","format":"standard","meta":{"_monsterinsights_skip_tracking":false,"_monsterinsights_sitenote_active":false,"_monsterinsights_sitenote_note":"","_monsterinsights_sitenote_category":0,"footnotes":""},"categories":[11,10],"tags":[],"class_list":["post-16754","post","type-post","status-publish","format-standard","has-post-thumbnail","hentry","category-noticias","category-reporte-ciudadano"],"yoast_head":"<!-- This site is optimized with the Yoast SEO plugin v18.3 - https:\/\/yoast.com\/wordpress\/plugins\/seo\/ -->\n<title>La Fundaci\u00f3n de Parques y Museos registra el arribo de pato cuchar\u00f3n norte\u00f1o en Punta Sur - El Puuc Noticias<\/title>\n<meta name=\"robots\" content=\"index, follow, max-snippet:-1, max-image-preview:large, max-video-preview:-1\" \/>\n<link rel=\"canonical\" href=\"https:\/\/elpuucnoticias.com\/?p=16754\" \/>\n<meta property=\"og:locale\" content=\"es_ES\" \/>\n<meta property=\"og:type\" content=\"article\" \/>\n<meta property=\"og:title\" content=\"La Fundaci\u00f3n de Parques y Museos registra el arribo de pato cuchar\u00f3n norte\u00f1o en Punta Sur - El Puuc Noticias\" \/>\n<meta property=\"og:description\" content=\"El Parque Ecotur\u00edstico Punta Sur, administrado por la Fundaci\u00f3n de Parques y Museos de Cozumel (FPMC), se confirma\" \/>\n<meta property=\"og:url\" content=\"https:\/\/elpuucnoticias.com\/?p=16754\" \/>\n<meta property=\"og:site_name\" content=\"El Puuc Noticias\" \/>\n<meta property=\"article:published_time\" content=\"2024-10-18T23:49:59+00:00\" \/>\n<meta property=\"og:image\" content=\"https:\/\/elpuucnoticias.com\/wp-content\/uploads\/2024\/10\/whatsapp-image-2024-10-17-at-6.16.20-pm.jpeg\" \/>\n\t<meta property=\"og:image:width\" content=\"1163\" \/>\n\t<meta property=\"og:image:height\" content=\"784\" \/>\n\t<meta property=\"og:image:type\" content=\"image\/jpeg\" \/>\n<meta name=\"twitter:card\" content=\"summary_large_image\" \/>\n<meta name=\"twitter:label1\" content=\"Escrito por\" \/>\n\t<meta name=\"twitter:data1\" content=\"elpuucnoticias\" \/>\n\t<meta name=\"twitter:label2\" content=\"Tiempo de lectura\" \/>\n\t<meta name=\"twitter:data2\" content=\"2 minutos\" \/>\n<script type=\"application\/ld+json\" class=\"yoast-schema-graph\">{\"@context\":\"https:\/\/schema.org\",\"@graph\":[{\"@type\":\"WebSite\",\"@id\":\"https:\/\/elpuucnoticias.com\/#website\",\"url\":\"https:\/\/elpuucnoticias.com\/\",\"name\":\"El Puuc Noticias\",\"description\":\"Noticias - Entretenimiento - Deportes\",\"potentialAction\":[{\"@type\":\"SearchAction\",\"target\":{\"@type\":\"EntryPoint\",\"urlTemplate\":\"https:\/\/elpuucnoticias.com\/?s={search_term_string}\"},\"query-input\":\"required name=search_term_string\"}],\"inLanguage\":\"es\"},{\"@type\":\"ImageObject\",\"@id\":\"https:\/\/elpuucnoticias.com\/?p=16754#primaryimage\",\"inLanguage\":\"es\",\"url\":\"https:\/\/elpuucnoticias.com\/wp-content\/uploads\/2024\/10\/whatsapp-image-2024-10-17-at-6.16.20-pm.jpeg\",\"contentUrl\":\"https:\/\/elpuucnoticias.com\/wp-content\/uploads\/2024\/10\/whatsapp-image-2024-10-17-at-6.16.20-pm.jpeg\",\"width\":1163,\"height\":784},{\"@type\":\"WebPage\",\"@id\":\"https:\/\/elpuucnoticias.com\/?p=16754#webpage\",\"url\":\"https:\/\/elpuucnoticias.com\/?p=16754\",\"name\":\"La Fundaci\u00f3n de Parques y Museos registra el arribo de pato cuchar\u00f3n norte\u00f1o en Punta Sur - El Puuc Noticias\",\"isPartOf\":{\"@id\":\"https:\/\/elpuucnoticias.com\/#website\"},\"primaryImageOfPage\":{\"@id\":\"https:\/\/elpuucnoticias.com\/?p=16754#primaryimage\"},\"datePublished\":\"2024-10-18T23:49:59+00:00\",\"dateModified\":\"2024-10-18T23:49:59+00:00\",\"author\":{\"@id\":\"https:\/\/elpuucnoticias.com\/#\/schema\/person\/d2ea09e4c97f0160b11cdfb1d856bd9e\"},\"breadcrumb\":{\"@id\":\"https:\/\/elpuucnoticias.com\/?p=16754#breadcrumb\"},\"inLanguage\":\"es\",\"potentialAction\":[{\"@type\":\"ReadAction\",\"target\":[\"https:\/\/elpuucnoticias.com\/?p=16754\"]}]},{\"@type\":\"BreadcrumbList\",\"@id\":\"https:\/\/elpuucnoticias.com\/?p=16754#breadcrumb\",\"itemListElement\":[{\"@type\":\"ListItem\",\"position\":1,\"name\":\"Portada\",\"item\":\"https:\/\/elpuucnoticias.com\/\"},{\"@type\":\"ListItem\",\"position\":2,\"name\":\"La Fundaci\u00f3n de Parques y Museos registra el arribo de pato cuchar\u00f3n norte\u00f1o en Punta Sur\"}]},{\"@type\":\"Person\",\"@id\":\"https:\/\/elpuucnoticias.com\/#\/schema\/person\/d2ea09e4c97f0160b11cdfb1d856bd9e\",\"name\":\"elpuucnoticias\",\"image\":{\"@type\":\"ImageObject\",\"@id\":\"https:\/\/elpuucnoticias.com\/#personlogo\",\"inLanguage\":\"es\",\"url\":\"https:\/\/secure.gravatar.com\/avatar\/5290a43657c74ffa15701dbe5b846bd85cc71930d803c84e91046a7333de6ce2?s=96&d=mm&r=g\",\"contentUrl\":\"https:\/\/secure.gravatar.com\/avatar\/5290a43657c74ffa15701dbe5b846bd85cc71930d803c84e91046a7333de6ce2?s=96&d=mm&r=g\",\"caption\":\"elpuucnoticias\"},\"sameAs\":[\"https:\/\/elpuucnoticias.com\"],\"url\":\"https:\/\/elpuucnoticias.com\/?author=1\"}]}<\/script>\n<!-- \/ Yoast SEO plugin. -->","yoast_head_json":{"title":"La Fundaci\u00f3n de Parques y Museos registra el arribo de pato cuchar\u00f3n norte\u00f1o en Punta Sur - El Puuc Noticias","robots":{"index":"index","follow":"follow","max-snippet":"max-snippet:-1","max-image-preview":"max-image-preview:large","max-video-preview":"max-video-preview:-1"},"canonical":"https:\/\/elpuucnoticias.com\/?p=16754","og_locale":"es_ES","og_type":"article","og_title":"La Fundaci\u00f3n de Parques y Museos registra el arribo de pato cuchar\u00f3n norte\u00f1o en Punta Sur - El Puuc Noticias","og_description":"El Parque Ecotur\u00edstico Punta Sur, administrado por la Fundaci\u00f3n de Parques y Museos de Cozumel (FPMC), se confirma","og_url":"https:\/\/elpuucnoticias.com\/?p=16754","og_site_name":"El Puuc Noticias","article_published_time":"2024-10-18T23:49:59+00:00","og_image":[{"width":1163,"height":784,"url":"https:\/\/elpuucnoticias.com\/wp-content\/uploads\/2024\/10\/whatsapp-image-2024-10-17-at-6.16.20-pm.jpeg","type":"image\/jpeg"}],"twitter_card":"summary_large_image","twitter_misc":{"Escrito por":"elpuucnoticias","Tiempo de lectura":"2 minutos"},"schema":{"@context":"https:\/\/schema.org","@graph":[{"@type":"WebSite","@id":"https:\/\/elpuucnoticias.com\/#website","url":"https:\/\/elpuucnoticias.com\/","name":"El Puuc Noticias","description":"Noticias - Entretenimiento - Deportes","potentialAction":[{"@type":"SearchAction","target":{"@type":"EntryPoint","urlTemplate":"https:\/\/elpuucnoticias.com\/?s={search_term_string}"},"query-input":"required name=search_term_string"}],"inLanguage":"es"},{"@type":"ImageObject","@id":"https:\/\/elpuucnoticias.com\/?p=16754#primaryimage","inLanguage":"es","url":"https:\/\/elpuucnoticias.com\/wp-content\/uploads\/2024\/10\/whatsapp-image-2024-10-17-at-6.16.20-pm.jpeg","contentUrl":"https:\/\/elpuucnoticias.com\/wp-content\/uploads\/2024\/10\/whatsapp-image-2024-10-17-at-6.16.20-pm.jpeg","width":1163,"height":784},{"@type":"WebPage","@id":"https:\/\/elpuucnoticias.com\/?p=16754#webpage","url":"https:\/\/elpuucnoticias.com\/?p=16754","name":"La Fundaci\u00f3n de Parques y Museos registra el arribo de pato cuchar\u00f3n norte\u00f1o en Punta Sur - El Puuc Noticias","isPartOf":{"@id":"https:\/\/elpuucnoticias.com\/#website"},"primaryImageOfPage":{"@id":"https:\/\/elpuucnoticias.com\/?p=16754#primaryimage"},"datePublished":"2024-10-18T23:49:59+00:00","dateModified":"2024-10-18T23:49:59+00:00","author":{"@id":"https:\/\/elpuucnoticias.com\/#\/schema\/person\/d2ea09e4c97f0160b11cdfb1d856bd9e"},"breadcrumb":{"@id":"https:\/\/elpuucnoticias.com\/?p=16754#breadcrumb"},"inLanguage":"es","potentialAction":[{"@type":"ReadAction","target":["https:\/\/elpuucnoticias.com\/?p=16754"]}]},{"@type":"BreadcrumbList","@id":"https:\/\/elpuucnoticias.com\/?p=16754#breadcrumb","itemListElement":[{"@type":"ListItem","position":1,"name":"Portada","item":"https:\/\/elpuucnoticias.com\/"},{"@type":"ListItem","position":2,"name":"La Fundaci\u00f3n de Parques y Museos registra el arribo de pato cuchar\u00f3n norte\u00f1o en Punta Sur"}]},{"@type":"Person","@id":"https:\/\/elpuucnoticias.com\/#\/schema\/person\/d2ea09e4c97f0160b11cdfb1d856bd9e","name":"elpuucnoticias","image":{"@type":"ImageObject","@id":"https:\/\/elpuucnoticias.com\/#personlogo","inLanguage":"es","url":"https:\/\/secure.gravatar.com\/avatar\/5290a43657c74ffa15701dbe5b846bd85cc71930d803c84e91046a7333de6ce2?s=96&d=mm&r=g","contentUrl":"https:\/\/secure.gravatar.com\/avatar\/5290a43657c74ffa15701dbe5b846bd85cc71930d803c84e91046a7333de6ce2?s=96&d=mm&r=g","caption":"elpuucnoticias"},"sameAs":["https:\/\/elpuucnoticias.com"],"url":"https:\/\/elpuucnoticias.com\/?author=1"}]}},"_links":{"self":[{"href":"https:\/\/elpuucnoticias.com\/index.php?rest_route=\/wp\/v2\/posts\/16754","targetHints":{"allow":["GET"]}}],"collection":[{"href":"https:\/\/elpuucnoticias.com\/index.php?rest_route=\/wp\/v2\/posts"}],"about":[{"href":"https:\/\/elpuucnoticias.com\/index.php?rest_route=\/wp\/v2\/types\/post"}],"author":[{"embeddable":true,"href":"https:\/\/elpuucnoticias.com\/index.php?rest_route=\/wp\/v2\/users\/1"}],"replies":[{"embeddable":true,"href":"https:\/\/elpuucnoticias.com\/index.php?rest_route=%2Fwp%2Fv2%2Fcomments&post=16754"}],"version-history":[{"count":1,"href":"https:\/\/elpuucnoticias.com\/index.php?rest_route=\/wp\/v2\/posts\/16754\/revisions"}],"predecessor-version":[{"id":16756,"href":"https:\/\/elpuucnoticias.com\/index.php?rest_route=\/wp\/v2\/posts\/16754\/revisions\/16756"}],"wp:featuredmedia":[{"embeddable":true,"href":"https:\/\/elpuucnoticias.com\/index.php?rest_route=\/wp\/v2\/media\/16755"}],"wp:attachment":[{"href":"https:\/\/elpuucnoticias.com\/index.php?rest_route=%2Fwp%2Fv2%2Fmedia&parent=16754"}],"wp:term":[{"taxonomy":"category","embeddable":true,"href":"https:\/\/elpuucnoticias.com\/index.php?rest_route=%2Fwp%2Fv2%2Fcategories&post=16754"},{"taxonomy":"post_tag","embeddable":true,"href":"https:\/\/elpuucnoticias.com\/index.php?rest_route=%2Fwp%2Fv2%2Ftags&post=16754"}],"curies":[{"name":"wp","href":"https:\/\/api.w.org\/{rel}","templated":true}]}}