{"id":16770,"date":"2024-10-22T15:29:49","date_gmt":"2024-10-22T21:29:49","guid":{"rendered":"https:\/\/elpuucnoticias.com\/?p=16770"},"modified":"2024-10-22T15:29:49","modified_gmt":"2024-10-22T21:29:49","slug":"realizan-feria-de-la-salud-con-motivo-del-dia-de-la-lucha-contra-el-cancer-de-mama-en-oxkutzcab","status":"publish","type":"post","link":"https:\/\/elpuucnoticias.com\/?p=16770","title":{"rendered":"Realizan Feria de la Salud con motivo del D\u00eda de la Lucha Contra el C\u00e1ncer de Mama en Oxkutzcab"},"content":{"rendered":"\n<p>En el marco del D\u00eda Internacional de la Lucha contra el C\u00e1ncer de Mama, el IMSS Bienestar, en coordinaci\u00f3n con el Ayuntamiento, el DIF Municipal y el Instituto Municipal de la Mujer (Inmujer), organiz\u00f3 una Feria de Salud en el Palacio Municipal.<\/p>\n\n\n\n<p>En un evento que se realiz\u00f3 este lunes por la ma\u00f1ana donde estuvieron presentes el director del hospital del IMSS, H\u00e9ctor Torres Fregoso; la presidenta del DIF, \u00c1ngeles Novelo Caamal; la directora de Inmujer, Felicia Contreras Burgos; y la directora de Salud, Hizashy Moreno Vera.<\/p>\n\n\n\n<figure class=\"wp-block-gallery has-nested-images columns-default is-cropped wp-block-gallery-1 is-layout-flex wp-block-gallery-is-layout-flex\">\n<figure class=\"wp-block-image size-large is-style-default\"><img loading=\"lazy\" decoding=\"async\" width=\"1024\" height=\"819\" data-id=\"16773\" src=\"https:\/\/elpuucnoticias.com\/wp-content\/uploads\/2024\/10\/whatsapp-image-2024-10-21-at-2.56.53-pm-4-1024x819.jpeg\" alt=\"\" class=\"wp-image-16773\" srcset=\"https:\/\/elpuucnoticias.com\/wp-content\/uploads\/2024\/10\/whatsapp-image-2024-10-21-at-2.56.53-pm-4-1024x819.jpeg 1024w, https:\/\/elpuucnoticias.com\/wp-content\/uploads\/2024\/10\/whatsapp-image-2024-10-21-at-2.56.53-pm-4-300x240.jpeg 300w, https:\/\/elpuucnoticias.com\/wp-content\/uploads\/2024\/10\/whatsapp-image-2024-10-21-at-2.56.53-pm-4-768x615.jpeg 768w, https:\/\/elpuucnoticias.com\/wp-content\/uploads\/2024\/10\/whatsapp-image-2024-10-21-at-2.56.53-pm-4-320x256.jpeg 320w, https:\/\/elpuucnoticias.com\/wp-content\/uploads\/2024\/10\/whatsapp-image-2024-10-21-at-2.56.53-pm-4.jpeg 1266w\" sizes=\"auto, (max-width: 1024px) 100vw, 1024px\" \/><\/figure>\n\n\n\n<figure class=\"wp-block-image size-large is-style-default\"><img loading=\"lazy\" decoding=\"async\" width=\"1024\" height=\"682\" data-id=\"16775\" src=\"https:\/\/elpuucnoticias.com\/wp-content\/uploads\/2024\/10\/whatsapp-image-2024-10-21-at-2.56.53-pm-3-1024x682.jpeg\" alt=\"\" class=\"wp-image-16775\" srcset=\"https:\/\/elpuucnoticias.com\/wp-content\/uploads\/2024\/10\/whatsapp-image-2024-10-21-at-2.56.53-pm-3-1024x682.jpeg 1024w, https:\/\/elpuucnoticias.com\/wp-content\/uploads\/2024\/10\/whatsapp-image-2024-10-21-at-2.56.53-pm-3-300x200.jpeg 300w, https:\/\/elpuucnoticias.com\/wp-content\/uploads\/2024\/10\/whatsapp-image-2024-10-21-at-2.56.53-pm-3-768x512.jpeg 768w, https:\/\/elpuucnoticias.com\/wp-content\/uploads\/2024\/10\/whatsapp-image-2024-10-21-at-2.56.53-pm-3-1536x1023.jpeg 1536w, https:\/\/elpuucnoticias.com\/wp-content\/uploads\/2024\/10\/whatsapp-image-2024-10-21-at-2.56.53-pm-3-600x400.jpeg 600w, https:\/\/elpuucnoticias.com\/wp-content\/uploads\/2024\/10\/whatsapp-image-2024-10-21-at-2.56.53-pm-3-320x213.jpeg 320w, https:\/\/elpuucnoticias.com\/wp-content\/uploads\/2024\/10\/whatsapp-image-2024-10-21-at-2.56.53-pm-3.jpeg 1600w\" sizes=\"auto, (max-width: 1024px) 100vw, 1024px\" \/><\/figure>\n\n\n\n<figure class=\"wp-block-image size-large is-style-default\"><img loading=\"lazy\" decoding=\"async\" width=\"1024\" height=\"819\" data-id=\"16772\" src=\"https:\/\/elpuucnoticias.com\/wp-content\/uploads\/2024\/10\/whatsapp-image-2024-10-21-at-2.56.53-pm-2-1024x819.jpeg\" alt=\"\" class=\"wp-image-16772\" srcset=\"https:\/\/elpuucnoticias.com\/wp-content\/uploads\/2024\/10\/whatsapp-image-2024-10-21-at-2.56.53-pm-2-1024x819.jpeg 1024w, https:\/\/elpuucnoticias.com\/wp-content\/uploads\/2024\/10\/whatsapp-image-2024-10-21-at-2.56.53-pm-2-300x240.jpeg 300w, https:\/\/elpuucnoticias.com\/wp-content\/uploads\/2024\/10\/whatsapp-image-2024-10-21-at-2.56.53-pm-2-768x614.jpeg 768w, https:\/\/elpuucnoticias.com\/wp-content\/uploads\/2024\/10\/whatsapp-image-2024-10-21-at-2.56.53-pm-2-320x256.jpeg 320w, https:\/\/elpuucnoticias.com\/wp-content\/uploads\/2024\/10\/whatsapp-image-2024-10-21-at-2.56.53-pm-2.jpeg 1068w\" sizes=\"auto, (max-width: 1024px) 100vw, 1024px\" \/><\/figure>\n\n\n\n<figure class=\"wp-block-image size-large is-style-default\"><img loading=\"lazy\" decoding=\"async\" width=\"1024\" height=\"819\" data-id=\"16774\" src=\"https:\/\/elpuucnoticias.com\/wp-content\/uploads\/2024\/10\/whatsapp-image-2024-10-21-at-2.56.53-pm-1-1024x819.jpeg\" alt=\"\" class=\"wp-image-16774\" srcset=\"https:\/\/elpuucnoticias.com\/wp-content\/uploads\/2024\/10\/whatsapp-image-2024-10-21-at-2.56.53-pm-1-1024x819.jpeg 1024w, https:\/\/elpuucnoticias.com\/wp-content\/uploads\/2024\/10\/whatsapp-image-2024-10-21-at-2.56.53-pm-1-300x240.jpeg 300w, https:\/\/elpuucnoticias.com\/wp-content\/uploads\/2024\/10\/whatsapp-image-2024-10-21-at-2.56.53-pm-1-768x614.jpeg 768w, https:\/\/elpuucnoticias.com\/wp-content\/uploads\/2024\/10\/whatsapp-image-2024-10-21-at-2.56.53-pm-1-320x256.jpeg 320w, https:\/\/elpuucnoticias.com\/wp-content\/uploads\/2024\/10\/whatsapp-image-2024-10-21-at-2.56.53-pm-1.jpeg 1068w\" sizes=\"auto, (max-width: 1024px) 100vw, 1024px\" \/><\/figure>\n<\/figure>\n\n\n\n<p>Durante la feria se instal\u00f3 un m\u00f3dulo m\u00f3vil para la detecci\u00f3n de c\u00e1ncer de mama, se ofrecieron charlas informativas y se aplicaron vacunas.<\/p>\n\n\n\n<p>Se invit\u00f3 a las mujeres a realizarse autoexploraciones. El c\u00e1ncer de mama, si se detecta a tiempo, tiene cura; por ello, es fundamental realizarse ex\u00e1menes m\u00e9dicos regularmente y transmitir este importante mensaje a familiares y conocidas.<\/p>\n","protected":false},"excerpt":{"rendered":"<p>En el marco del D\u00eda Internacional de la Lucha contra el C\u00e1ncer de Mama, el IMSS Bienestar, en<\/p>\n","protected":false},"author":1,"featured_media":16771,"comment_status":"closed","ping_status":"open","sticky":false,"template":"","format":"standard","meta":{"_monsterinsights_skip_tracking":false,"_monsterinsights_sitenote_active":false,"_monsterinsights_sitenote_note":"","_monsterinsights_sitenote_category":0,"footnotes":""},"categories":[11,14],"tags":[],"class_list":["post-16770","post","type-post","status-publish","format-standard","has-post-thumbnail","hentry","category-noticias","category-oxkutzcab"],"yoast_head":"<!-- This site is optimized with the Yoast SEO plugin v18.3 - https:\/\/yoast.com\/wordpress\/plugins\/seo\/ -->\n<title>Realizan Feria de la Salud con motivo del D\u00eda de la Lucha Contra el C\u00e1ncer de Mama en Oxkutzcab - El Puuc Noticias<\/title>\n<meta name=\"robots\" content=\"index, follow, max-snippet:-1, max-image-preview:large, max-video-preview:-1\" \/>\n<link rel=\"canonical\" href=\"https:\/\/elpuucnoticias.com\/?p=16770\" \/>\n<meta property=\"og:locale\" content=\"es_ES\" \/>\n<meta property=\"og:type\" content=\"article\" \/>\n<meta property=\"og:title\" content=\"Realizan Feria de la Salud con motivo del D\u00eda de la Lucha Contra el C\u00e1ncer de Mama en Oxkutzcab - El Puuc Noticias\" \/>\n<meta property=\"og:description\" content=\"En el marco del D\u00eda Internacional de la Lucha contra el C\u00e1ncer de Mama, el IMSS Bienestar, en\" \/>\n<meta property=\"og:url\" content=\"https:\/\/elpuucnoticias.com\/?p=16770\" \/>\n<meta property=\"og:site_name\" content=\"El Puuc Noticias\" \/>\n<meta property=\"article:published_time\" content=\"2024-10-22T21:29:49+00:00\" \/>\n<meta property=\"og:image\" content=\"https:\/\/elpuucnoticias.com\/wp-content\/uploads\/2024\/10\/whatsapp-image-2024-10-21-at-2.56.53-pm-5.jpeg\" \/>\n\t<meta property=\"og:image:width\" content=\"1280\" \/>\n\t<meta property=\"og:image:height\" content=\"854\" \/>\n\t<meta property=\"og:image:type\" content=\"image\/jpeg\" \/>\n<meta name=\"twitter:card\" content=\"summary_large_image\" \/>\n<meta name=\"twitter:label1\" content=\"Escrito por\" \/>\n\t<meta name=\"twitter:data1\" content=\"elpuucnoticias\" \/>\n\t<meta name=\"twitter:label2\" content=\"Tiempo de lectura\" \/>\n\t<meta name=\"twitter:data2\" content=\"1 minuto\" \/>\n<script type=\"application\/ld+json\" class=\"yoast-schema-graph\">{\"@context\":\"https:\/\/schema.org\",\"@graph\":[{\"@type\":\"WebSite\",\"@id\":\"https:\/\/elpuucnoticias.com\/#website\",\"url\":\"https:\/\/elpuucnoticias.com\/\",\"name\":\"El Puuc Noticias\",\"description\":\"Noticias - Entretenimiento - Deportes\",\"potentialAction\":[{\"@type\":\"SearchAction\",\"target\":{\"@type\":\"EntryPoint\",\"urlTemplate\":\"https:\/\/elpuucnoticias.com\/?s={search_term_string}\"},\"query-input\":\"required name=search_term_string\"}],\"inLanguage\":\"es\"},{\"@type\":\"ImageObject\",\"@id\":\"https:\/\/elpuucnoticias.com\/?p=16770#primaryimage\",\"inLanguage\":\"es\",\"url\":\"https:\/\/elpuucnoticias.com\/wp-content\/uploads\/2024\/10\/whatsapp-image-2024-10-21-at-2.56.53-pm-5.jpeg\",\"contentUrl\":\"https:\/\/elpuucnoticias.com\/wp-content\/uploads\/2024\/10\/whatsapp-image-2024-10-21-at-2.56.53-pm-5.jpeg\",\"width\":1280,\"height\":854},{\"@type\":\"WebPage\",\"@id\":\"https:\/\/elpuucnoticias.com\/?p=16770#webpage\",\"url\":\"https:\/\/elpuucnoticias.com\/?p=16770\",\"name\":\"Realizan Feria de la Salud con motivo del D\u00eda de la Lucha Contra el C\u00e1ncer de Mama en Oxkutzcab - El Puuc Noticias\",\"isPartOf\":{\"@id\":\"https:\/\/elpuucnoticias.com\/#website\"},\"primaryImageOfPage\":{\"@id\":\"https:\/\/elpuucnoticias.com\/?p=16770#primaryimage\"},\"datePublished\":\"2024-10-22T21:29:49+00:00\",\"dateModified\":\"2024-10-22T21:29:49+00:00\",\"author\":{\"@id\":\"https:\/\/elpuucnoticias.com\/#\/schema\/person\/d2ea09e4c97f0160b11cdfb1d856bd9e\"},\"breadcrumb\":{\"@id\":\"https:\/\/elpuucnoticias.com\/?p=16770#breadcrumb\"},\"inLanguage\":\"es\",\"potentialAction\":[{\"@type\":\"ReadAction\",\"target\":[\"https:\/\/elpuucnoticias.com\/?p=16770\"]}]},{\"@type\":\"BreadcrumbList\",\"@id\":\"https:\/\/elpuucnoticias.com\/?p=16770#breadcrumb\",\"itemListElement\":[{\"@type\":\"ListItem\",\"position\":1,\"name\":\"Portada\",\"item\":\"https:\/\/elpuucnoticias.com\/\"},{\"@type\":\"ListItem\",\"position\":2,\"name\":\"Realizan Feria de la Salud con motivo del D\u00eda de la Lucha Contra el C\u00e1ncer de Mama en Oxkutzcab\"}]},{\"@type\":\"Person\",\"@id\":\"https:\/\/elpuucnoticias.com\/#\/schema\/person\/d2ea09e4c97f0160b11cdfb1d856bd9e\",\"name\":\"elpuucnoticias\",\"image\":{\"@type\":\"ImageObject\",\"@id\":\"https:\/\/elpuucnoticias.com\/#personlogo\",\"inLanguage\":\"es\",\"url\":\"https:\/\/secure.gravatar.com\/avatar\/5290a43657c74ffa15701dbe5b846bd85cc71930d803c84e91046a7333de6ce2?s=96&d=mm&r=g\",\"contentUrl\":\"https:\/\/secure.gravatar.com\/avatar\/5290a43657c74ffa15701dbe5b846bd85cc71930d803c84e91046a7333de6ce2?s=96&d=mm&r=g\",\"caption\":\"elpuucnoticias\"},\"sameAs\":[\"https:\/\/elpuucnoticias.com\"],\"url\":\"https:\/\/elpuucnoticias.com\/?author=1\"}]}<\/script>\n<!-- \/ Yoast SEO plugin. -->","yoast_head_json":{"title":"Realizan Feria de la Salud con motivo del D\u00eda de la Lucha Contra el C\u00e1ncer de Mama en Oxkutzcab - El Puuc Noticias","robots":{"index":"index","follow":"follow","max-snippet":"max-snippet:-1","max-image-preview":"max-image-preview:large","max-video-preview":"max-video-preview:-1"},"canonical":"https:\/\/elpuucnoticias.com\/?p=16770","og_locale":"es_ES","og_type":"article","og_title":"Realizan Feria de la Salud con motivo del D\u00eda de la Lucha Contra el C\u00e1ncer de Mama en Oxkutzcab - El Puuc Noticias","og_description":"En el marco del D\u00eda Internacional de la Lucha contra el C\u00e1ncer de Mama, el IMSS Bienestar, en","og_url":"https:\/\/elpuucnoticias.com\/?p=16770","og_site_name":"El Puuc Noticias","article_published_time":"2024-10-22T21:29:49+00:00","og_image":[{"width":1280,"height":854,"url":"https:\/\/elpuucnoticias.com\/wp-content\/uploads\/2024\/10\/whatsapp-image-2024-10-21-at-2.56.53-pm-5.jpeg","type":"image\/jpeg"}],"twitter_card":"summary_large_image","twitter_misc":{"Escrito por":"elpuucnoticias","Tiempo de lectura":"1 minuto"},"schema":{"@context":"https:\/\/schema.org","@graph":[{"@type":"WebSite","@id":"https:\/\/elpuucnoticias.com\/#website","url":"https:\/\/elpuucnoticias.com\/","name":"El Puuc Noticias","description":"Noticias - Entretenimiento - Deportes","potentialAction":[{"@type":"SearchAction","target":{"@type":"EntryPoint","urlTemplate":"https:\/\/elpuucnoticias.com\/?s={search_term_string}"},"query-input":"required name=search_term_string"}],"inLanguage":"es"},{"@type":"ImageObject","@id":"https:\/\/elpuucnoticias.com\/?p=16770#primaryimage","inLanguage":"es","url":"https:\/\/elpuucnoticias.com\/wp-content\/uploads\/2024\/10\/whatsapp-image-2024-10-21-at-2.56.53-pm-5.jpeg","contentUrl":"https:\/\/elpuucnoticias.com\/wp-content\/uploads\/2024\/10\/whatsapp-image-2024-10-21-at-2.56.53-pm-5.jpeg","width":1280,"height":854},{"@type":"WebPage","@id":"https:\/\/elpuucnoticias.com\/?p=16770#webpage","url":"https:\/\/elpuucnoticias.com\/?p=16770","name":"Realizan Feria de la Salud con motivo del D\u00eda de la Lucha Contra el C\u00e1ncer de Mama en Oxkutzcab - El Puuc Noticias","isPartOf":{"@id":"https:\/\/elpuucnoticias.com\/#website"},"primaryImageOfPage":{"@id":"https:\/\/elpuucnoticias.com\/?p=16770#primaryimage"},"datePublished":"2024-10-22T21:29:49+00:00","dateModified":"2024-10-22T21:29:49+00:00","author":{"@id":"https:\/\/elpuucnoticias.com\/#\/schema\/person\/d2ea09e4c97f0160b11cdfb1d856bd9e"},"breadcrumb":{"@id":"https:\/\/elpuucnoticias.com\/?p=16770#breadcrumb"},"inLanguage":"es","potentialAction":[{"@type":"ReadAction","target":["https:\/\/elpuucnoticias.com\/?p=16770"]}]},{"@type":"BreadcrumbList","@id":"https:\/\/elpuucnoticias.com\/?p=16770#breadcrumb","itemListElement":[{"@type":"ListItem","position":1,"name":"Portada","item":"https:\/\/elpuucnoticias.com\/"},{"@type":"ListItem","position":2,"name":"Realizan Feria de la Salud con motivo del D\u00eda de la Lucha Contra el C\u00e1ncer de Mama en Oxkutzcab"}]},{"@type":"Person","@id":"https:\/\/elpuucnoticias.com\/#\/schema\/person\/d2ea09e4c97f0160b11cdfb1d856bd9e","name":"elpuucnoticias","image":{"@type":"ImageObject","@id":"https:\/\/elpuucnoticias.com\/#personlogo","inLanguage":"es","url":"https:\/\/secure.gravatar.com\/avatar\/5290a43657c74ffa15701dbe5b846bd85cc71930d803c84e91046a7333de6ce2?s=96&d=mm&r=g","contentUrl":"https:\/\/secure.gravatar.com\/avatar\/5290a43657c74ffa15701dbe5b846bd85cc71930d803c84e91046a7333de6ce2?s=96&d=mm&r=g","caption":"elpuucnoticias"},"sameAs":["https:\/\/elpuucnoticias.com"],"url":"https:\/\/elpuucnoticias.com\/?author=1"}]}},"_links":{"self":[{"href":"https:\/\/elpuucnoticias.com\/index.php?rest_route=\/wp\/v2\/posts\/16770","targetHints":{"allow":["GET"]}}],"collection":[{"href":"https:\/\/elpuucnoticias.com\/index.php?rest_route=\/wp\/v2\/posts"}],"about":[{"href":"https:\/\/elpuucnoticias.com\/index.php?rest_route=\/wp\/v2\/types\/post"}],"author":[{"embeddable":true,"href":"https:\/\/elpuucnoticias.com\/index.php?rest_route=\/wp\/v2\/users\/1"}],"replies":[{"embeddable":true,"href":"https:\/\/elpuucnoticias.com\/index.php?rest_route=%2Fwp%2Fv2%2Fcomments&post=16770"}],"version-history":[{"count":1,"href":"https:\/\/elpuucnoticias.com\/index.php?rest_route=\/wp\/v2\/posts\/16770\/revisions"}],"predecessor-version":[{"id":16776,"href":"https:\/\/elpuucnoticias.com\/index.php?rest_route=\/wp\/v2\/posts\/16770\/revisions\/16776"}],"wp:featuredmedia":[{"embeddable":true,"href":"https:\/\/elpuucnoticias.com\/index.php?rest_route=\/wp\/v2\/media\/16771"}],"wp:attachment":[{"href":"https:\/\/elpuucnoticias.com\/index.php?rest_route=%2Fwp%2Fv2%2Fmedia&parent=16770"}],"wp:term":[{"taxonomy":"category","embeddable":true,"href":"https:\/\/elpuucnoticias.com\/index.php?rest_route=%2Fwp%2Fv2%2Fcategories&post=16770"},{"taxonomy":"post_tag","embeddable":true,"href":"https:\/\/elpuucnoticias.com\/index.php?rest_route=%2Fwp%2Fv2%2Ftags&post=16770"}],"curies":[{"name":"wp","href":"https:\/\/api.w.org\/{rel}","templated":true}]}}