{"id":16809,"date":"2024-10-23T12:25:10","date_gmt":"2024-10-23T18:25:10","guid":{"rendered":"https:\/\/elpuucnoticias.com\/?p=16809"},"modified":"2024-10-23T12:25:11","modified_gmt":"2024-10-23T18:25:11","slug":"la-fundacion-de-parques-y-museos-fue-sede-de-las-observaciones-de-avifauna-en-el-xvi-festival-de-las-aves-isla-cozumel","status":"publish","type":"post","link":"https:\/\/elpuucnoticias.com\/?p=16809","title":{"rendered":"La Fundaci\u00f3n de Parques y Museos fue sede de las observaciones de avifauna en el XVI Festival de las Aves Isla Cozumel"},"content":{"rendered":"\n<p>Por d\u00e9cimo a\u00f1o consecutivo, la Fundaci\u00f3n de Parques y Museos de Cozumel (FPMC) particip\u00f3 en el \u201cFestival de las Aves Isla Cozumel\u201d, reafirmando su compromiso con la conservaci\u00f3n de la fauna a trav\u00e9s de la apertura de sus instalaciones para el monitoreo y observaci\u00f3n de avifauna.<\/p>\n\n\n\n<figure class=\"wp-block-image is-style-default\"><img decoding=\"async\" src=\"https:\/\/cgc.qroo.gob.mx\/cjg\/wp-content\/uploads\/2024\/10\/WhatsApp-Image-2024-10-21-at-10.46.05-1-585x438.jpeg\" alt=\"\" title=\"WhatsApp Image 2024-10-21 at 10.46.05 (1)\"\/><\/figure>\n\n\n\n<p>Con el Nuevo Acuerdo por el Bienestar y Desarrollo de Quintana Roo, que promueve la gobernadora Mara Lezama Espinosa, la FPMC se suma a iniciativas que promueven la protecci\u00f3n de la fauna y el involucramiento de la comunidad en el mundo del monitoreo de avifauna, destac\u00f3 durante la clausura del XVI Festival de las Aves Isla Cozumel, el director del Parque Ecotur\u00edstico Punta Sur, Jes\u00fas Benavides Andrade, en representaci\u00f3n de la directora general de la Instituci\u00f3n, Juanita Alonso Marrufo.<\/p>\n\n\n\n<p>\u201cEste evento no solo fortalece la conciencia sobre la conservaci\u00f3n de las aves y sus h\u00e1bitats, sino que tambi\u00e9n ha posicionado a Cozumel como un destino clave para el aviturismo en la regi\u00f3n y a nivel internacional. Este evento tambi\u00e9n ha contribuido a la consolidaci\u00f3n de la cultura de conservaci\u00f3n en la comunidad, siendo reconocida como la primera \u201cCiudad de las Aves\u201d en Latinoam\u00e9rica\u201d, afirm\u00f3 Benavides Andrade.<\/p>\n\n\n\n<p>Como parte de las actividades realizadas en el Festival de las Aves Isla Cozumel, el Parque Urbano Coraz\u00f3n recibi\u00f3 el viernes la visita de las participantes del Tercer Encuentro de Observadoras de Aves: Amazilias, quienes pudieron conocer la variedad de avifauna que existe en el sitio.<\/p>\n\n\n\n<figure class=\"wp-block-image is-style-default\"><img decoding=\"async\" src=\"https:\/\/cgc.qroo.gob.mx\/cjg\/wp-content\/uploads\/2024\/10\/WhatsApp-Image-2024-10-21-at-10.46.04-585x390.jpeg\" alt=\"\" title=\"WhatsApp Image 2024-10-21 at 10.46.04\"\/><\/figure>\n\n\n\n<p>El s\u00e1bado, desde el amanecer las y los ornitoaficionados se dieron cita en Punta Sur para admirar la riqueza natural y la comunidad avifaun\u00edstica que converge en la reserva ecol\u00f3gica, tanto en la zona de humedales como en el \u00e1rea costera y la porci\u00f3n selv\u00e1tica del geosendero de Punta Celarain.<\/p>\n\n\n\n<p>Finalmente, el domingo se realiz\u00f3 una jornada de observaci\u00f3n de avifauna en las inmediaciones del Parador Tur\u00edstico de la zona arqueol\u00f3gica San Gervasio, para conocer las especies end\u00e9micas, residentes y migratorias que convergen en la zona selv\u00e1tica en el centro de la isla.<\/p>\n","protected":false},"excerpt":{"rendered":"<p>Por d\u00e9cimo a\u00f1o consecutivo, la Fundaci\u00f3n de Parques y Museos de Cozumel (FPMC) particip\u00f3 en el \u201cFestival de<\/p>\n","protected":false},"author":1,"featured_media":16810,"comment_status":"closed","ping_status":"open","sticky":false,"template":"","format":"standard","meta":{"_monsterinsights_skip_tracking":false,"_monsterinsights_sitenote_active":false,"_monsterinsights_sitenote_note":"","_monsterinsights_sitenote_category":0,"footnotes":""},"categories":[11,24],"tags":[],"class_list":["post-16809","post","type-post","status-publish","format-standard","has-post-thumbnail","hentry","category-noticias","category-quintana-roo"],"yoast_head":"<!-- This site is optimized with the Yoast SEO plugin v18.3 - https:\/\/yoast.com\/wordpress\/plugins\/seo\/ -->\n<title>La Fundaci\u00f3n de Parques y Museos fue sede de las observaciones de avifauna en el XVI Festival de las Aves Isla Cozumel - El Puuc Noticias<\/title>\n<meta name=\"robots\" content=\"index, follow, max-snippet:-1, max-image-preview:large, max-video-preview:-1\" \/>\n<link rel=\"canonical\" href=\"https:\/\/elpuucnoticias.com\/?p=16809\" \/>\n<meta property=\"og:locale\" content=\"es_ES\" \/>\n<meta property=\"og:type\" content=\"article\" \/>\n<meta property=\"og:title\" content=\"La Fundaci\u00f3n de Parques y Museos fue sede de las observaciones de avifauna en el XVI Festival de las Aves Isla Cozumel - El Puuc Noticias\" \/>\n<meta property=\"og:description\" content=\"Por d\u00e9cimo a\u00f1o consecutivo, la Fundaci\u00f3n de Parques y Museos de Cozumel (FPMC) particip\u00f3 en el \u201cFestival de\" \/>\n<meta property=\"og:url\" content=\"https:\/\/elpuucnoticias.com\/?p=16809\" \/>\n<meta property=\"og:site_name\" content=\"El Puuc Noticias\" \/>\n<meta property=\"article:published_time\" content=\"2024-10-23T18:25:10+00:00\" \/>\n<meta property=\"article:modified_time\" content=\"2024-10-23T18:25:11+00:00\" \/>\n<meta property=\"og:image\" content=\"https:\/\/elpuucnoticias.com\/wp-content\/uploads\/2024\/10\/jhfh.jpeg\" \/>\n\t<meta property=\"og:image:width\" content=\"1600\" \/>\n\t<meta property=\"og:image:height\" content=\"899\" \/>\n\t<meta property=\"og:image:type\" content=\"image\/jpeg\" \/>\n<meta name=\"twitter:card\" content=\"summary_large_image\" \/>\n<meta name=\"twitter:label1\" content=\"Escrito por\" \/>\n\t<meta name=\"twitter:data1\" content=\"elpuucnoticias\" \/>\n\t<meta name=\"twitter:label2\" content=\"Tiempo de lectura\" \/>\n\t<meta name=\"twitter:data2\" content=\"2 minutos\" \/>\n<script type=\"application\/ld+json\" class=\"yoast-schema-graph\">{\"@context\":\"https:\/\/schema.org\",\"@graph\":[{\"@type\":\"WebSite\",\"@id\":\"https:\/\/elpuucnoticias.com\/#website\",\"url\":\"https:\/\/elpuucnoticias.com\/\",\"name\":\"El Puuc Noticias\",\"description\":\"Noticias - Entretenimiento - Deportes\",\"potentialAction\":[{\"@type\":\"SearchAction\",\"target\":{\"@type\":\"EntryPoint\",\"urlTemplate\":\"https:\/\/elpuucnoticias.com\/?s={search_term_string}\"},\"query-input\":\"required name=search_term_string\"}],\"inLanguage\":\"es\"},{\"@type\":\"ImageObject\",\"@id\":\"https:\/\/elpuucnoticias.com\/?p=16809#primaryimage\",\"inLanguage\":\"es\",\"url\":\"https:\/\/elpuucnoticias.com\/wp-content\/uploads\/2024\/10\/jhfh.jpeg\",\"contentUrl\":\"https:\/\/elpuucnoticias.com\/wp-content\/uploads\/2024\/10\/jhfh.jpeg\",\"width\":1600,\"height\":899},{\"@type\":\"WebPage\",\"@id\":\"https:\/\/elpuucnoticias.com\/?p=16809#webpage\",\"url\":\"https:\/\/elpuucnoticias.com\/?p=16809\",\"name\":\"La Fundaci\u00f3n de Parques y Museos fue sede de las observaciones de avifauna en el XVI Festival de las Aves Isla Cozumel - El Puuc Noticias\",\"isPartOf\":{\"@id\":\"https:\/\/elpuucnoticias.com\/#website\"},\"primaryImageOfPage\":{\"@id\":\"https:\/\/elpuucnoticias.com\/?p=16809#primaryimage\"},\"datePublished\":\"2024-10-23T18:25:10+00:00\",\"dateModified\":\"2024-10-23T18:25:11+00:00\",\"author\":{\"@id\":\"https:\/\/elpuucnoticias.com\/#\/schema\/person\/d2ea09e4c97f0160b11cdfb1d856bd9e\"},\"breadcrumb\":{\"@id\":\"https:\/\/elpuucnoticias.com\/?p=16809#breadcrumb\"},\"inLanguage\":\"es\",\"potentialAction\":[{\"@type\":\"ReadAction\",\"target\":[\"https:\/\/elpuucnoticias.com\/?p=16809\"]}]},{\"@type\":\"BreadcrumbList\",\"@id\":\"https:\/\/elpuucnoticias.com\/?p=16809#breadcrumb\",\"itemListElement\":[{\"@type\":\"ListItem\",\"position\":1,\"name\":\"Portada\",\"item\":\"https:\/\/elpuucnoticias.com\/\"},{\"@type\":\"ListItem\",\"position\":2,\"name\":\"La Fundaci\u00f3n de Parques y Museos fue sede de las observaciones de avifauna en el XVI Festival de las Aves Isla Cozumel\"}]},{\"@type\":\"Person\",\"@id\":\"https:\/\/elpuucnoticias.com\/#\/schema\/person\/d2ea09e4c97f0160b11cdfb1d856bd9e\",\"name\":\"elpuucnoticias\",\"image\":{\"@type\":\"ImageObject\",\"@id\":\"https:\/\/elpuucnoticias.com\/#personlogo\",\"inLanguage\":\"es\",\"url\":\"https:\/\/secure.gravatar.com\/avatar\/5290a43657c74ffa15701dbe5b846bd85cc71930d803c84e91046a7333de6ce2?s=96&d=mm&r=g\",\"contentUrl\":\"https:\/\/secure.gravatar.com\/avatar\/5290a43657c74ffa15701dbe5b846bd85cc71930d803c84e91046a7333de6ce2?s=96&d=mm&r=g\",\"caption\":\"elpuucnoticias\"},\"sameAs\":[\"https:\/\/elpuucnoticias.com\"],\"url\":\"https:\/\/elpuucnoticias.com\/?author=1\"}]}<\/script>\n<!-- \/ Yoast SEO plugin. -->","yoast_head_json":{"title":"La Fundaci\u00f3n de Parques y Museos fue sede de las observaciones de avifauna en el XVI Festival de las Aves Isla Cozumel - El Puuc Noticias","robots":{"index":"index","follow":"follow","max-snippet":"max-snippet:-1","max-image-preview":"max-image-preview:large","max-video-preview":"max-video-preview:-1"},"canonical":"https:\/\/elpuucnoticias.com\/?p=16809","og_locale":"es_ES","og_type":"article","og_title":"La Fundaci\u00f3n de Parques y Museos fue sede de las observaciones de avifauna en el XVI Festival de las Aves Isla Cozumel - El Puuc Noticias","og_description":"Por d\u00e9cimo a\u00f1o consecutivo, la Fundaci\u00f3n de Parques y Museos de Cozumel (FPMC) particip\u00f3 en el \u201cFestival de","og_url":"https:\/\/elpuucnoticias.com\/?p=16809","og_site_name":"El Puuc Noticias","article_published_time":"2024-10-23T18:25:10+00:00","article_modified_time":"2024-10-23T18:25:11+00:00","og_image":[{"width":1600,"height":899,"url":"https:\/\/elpuucnoticias.com\/wp-content\/uploads\/2024\/10\/jhfh.jpeg","type":"image\/jpeg"}],"twitter_card":"summary_large_image","twitter_misc":{"Escrito por":"elpuucnoticias","Tiempo de lectura":"2 minutos"},"schema":{"@context":"https:\/\/schema.org","@graph":[{"@type":"WebSite","@id":"https:\/\/elpuucnoticias.com\/#website","url":"https:\/\/elpuucnoticias.com\/","name":"El Puuc Noticias","description":"Noticias - Entretenimiento - Deportes","potentialAction":[{"@type":"SearchAction","target":{"@type":"EntryPoint","urlTemplate":"https:\/\/elpuucnoticias.com\/?s={search_term_string}"},"query-input":"required name=search_term_string"}],"inLanguage":"es"},{"@type":"ImageObject","@id":"https:\/\/elpuucnoticias.com\/?p=16809#primaryimage","inLanguage":"es","url":"https:\/\/elpuucnoticias.com\/wp-content\/uploads\/2024\/10\/jhfh.jpeg","contentUrl":"https:\/\/elpuucnoticias.com\/wp-content\/uploads\/2024\/10\/jhfh.jpeg","width":1600,"height":899},{"@type":"WebPage","@id":"https:\/\/elpuucnoticias.com\/?p=16809#webpage","url":"https:\/\/elpuucnoticias.com\/?p=16809","name":"La Fundaci\u00f3n de Parques y Museos fue sede de las observaciones de avifauna en el XVI Festival de las Aves Isla Cozumel - El Puuc Noticias","isPartOf":{"@id":"https:\/\/elpuucnoticias.com\/#website"},"primaryImageOfPage":{"@id":"https:\/\/elpuucnoticias.com\/?p=16809#primaryimage"},"datePublished":"2024-10-23T18:25:10+00:00","dateModified":"2024-10-23T18:25:11+00:00","author":{"@id":"https:\/\/elpuucnoticias.com\/#\/schema\/person\/d2ea09e4c97f0160b11cdfb1d856bd9e"},"breadcrumb":{"@id":"https:\/\/elpuucnoticias.com\/?p=16809#breadcrumb"},"inLanguage":"es","potentialAction":[{"@type":"ReadAction","target":["https:\/\/elpuucnoticias.com\/?p=16809"]}]},{"@type":"BreadcrumbList","@id":"https:\/\/elpuucnoticias.com\/?p=16809#breadcrumb","itemListElement":[{"@type":"ListItem","position":1,"name":"Portada","item":"https:\/\/elpuucnoticias.com\/"},{"@type":"ListItem","position":2,"name":"La Fundaci\u00f3n de Parques y Museos fue sede de las observaciones de avifauna en el XVI Festival de las Aves Isla Cozumel"}]},{"@type":"Person","@id":"https:\/\/elpuucnoticias.com\/#\/schema\/person\/d2ea09e4c97f0160b11cdfb1d856bd9e","name":"elpuucnoticias","image":{"@type":"ImageObject","@id":"https:\/\/elpuucnoticias.com\/#personlogo","inLanguage":"es","url":"https:\/\/secure.gravatar.com\/avatar\/5290a43657c74ffa15701dbe5b846bd85cc71930d803c84e91046a7333de6ce2?s=96&d=mm&r=g","contentUrl":"https:\/\/secure.gravatar.com\/avatar\/5290a43657c74ffa15701dbe5b846bd85cc71930d803c84e91046a7333de6ce2?s=96&d=mm&r=g","caption":"elpuucnoticias"},"sameAs":["https:\/\/elpuucnoticias.com"],"url":"https:\/\/elpuucnoticias.com\/?author=1"}]}},"_links":{"self":[{"href":"https:\/\/elpuucnoticias.com\/index.php?rest_route=\/wp\/v2\/posts\/16809","targetHints":{"allow":["GET"]}}],"collection":[{"href":"https:\/\/elpuucnoticias.com\/index.php?rest_route=\/wp\/v2\/posts"}],"about":[{"href":"https:\/\/elpuucnoticias.com\/index.php?rest_route=\/wp\/v2\/types\/post"}],"author":[{"embeddable":true,"href":"https:\/\/elpuucnoticias.com\/index.php?rest_route=\/wp\/v2\/users\/1"}],"replies":[{"embeddable":true,"href":"https:\/\/elpuucnoticias.com\/index.php?rest_route=%2Fwp%2Fv2%2Fcomments&post=16809"}],"version-history":[{"count":1,"href":"https:\/\/elpuucnoticias.com\/index.php?rest_route=\/wp\/v2\/posts\/16809\/revisions"}],"predecessor-version":[{"id":16811,"href":"https:\/\/elpuucnoticias.com\/index.php?rest_route=\/wp\/v2\/posts\/16809\/revisions\/16811"}],"wp:featuredmedia":[{"embeddable":true,"href":"https:\/\/elpuucnoticias.com\/index.php?rest_route=\/wp\/v2\/media\/16810"}],"wp:attachment":[{"href":"https:\/\/elpuucnoticias.com\/index.php?rest_route=%2Fwp%2Fv2%2Fmedia&parent=16809"}],"wp:term":[{"taxonomy":"category","embeddable":true,"href":"https:\/\/elpuucnoticias.com\/index.php?rest_route=%2Fwp%2Fv2%2Fcategories&post=16809"},{"taxonomy":"post_tag","embeddable":true,"href":"https:\/\/elpuucnoticias.com\/index.php?rest_route=%2Fwp%2Fv2%2Ftags&post=16809"}],"curies":[{"name":"wp","href":"https:\/\/api.w.org\/{rel}","templated":true}]}}