{"id":1682,"date":"2022-05-19T18:17:43","date_gmt":"2022-05-20T00:17:43","guid":{"rendered":"https:\/\/elpuucnoticias.com\/?p=1682"},"modified":"2022-05-19T18:17:44","modified_gmt":"2022-05-20T00:17:44","slug":"capacita-el-dif-quintana-roo-sobre-prevencion-al-maltrato-y-explotacion-sexual-infantil","status":"publish","type":"post","link":"https:\/\/elpuucnoticias.com\/?p=1682","title":{"rendered":"Capacita el DIF Quintana Roo sobre Prevenci\u00f3n al Maltrato y Explotaci\u00f3n Sexual Infantil"},"content":{"rendered":"\n<p>El DIF Quintana Roo a trav\u00e9s de la Subdirecci\u00f3n General de Atenci\u00f3n a la Infancia y Adolescencia llev\u00f3 a cabo la capacitaci\u00f3n sobre Prevenci\u00f3n de Abuso Sexual Infantil, Prevenci\u00f3n de Acoso Escolar y Prevenci\u00f3n de Trata de Personas, a personal operativo que atiende esta tem\u00e1tica en los DIF de Benito Ju\u00e1rez y L\u00e1zaro C\u00e1rdenas.<\/p>\n\n\n\n<p>Esta instrucci\u00f3n se realiz\u00f3 en la Sala de Juntas del DIF Benito Ju\u00e1rez en Canc\u00fan, donde con la presencia de autoridades estatales y municipales se dijo que dicha capacitaci\u00f3n tiene como objetivo sensibilizar y prevenir sobre este problema social, que sin duda preocupa a toda la poblaci\u00f3n y familias quintanarroenses, para garantizar la seguridad y calidad de vida de las ni\u00f1as, ni\u00f1os y adolescentes.<\/p>\n\n\n\n<figure class=\"wp-block-image size-large is-resized\"><img loading=\"lazy\" decoding=\"async\" src=\"https:\/\/elpuucnoticias.com\/wp-content\/uploads\/2022\/05\/felino-flayer-1024x583.jpg\" alt=\"\" class=\"wp-image-1402\" width=\"406\" height=\"231\" srcset=\"https:\/\/elpuucnoticias.com\/wp-content\/uploads\/2022\/05\/felino-flayer-1024x583.jpg 1024w, https:\/\/elpuucnoticias.com\/wp-content\/uploads\/2022\/05\/felino-flayer-300x171.jpg 300w, https:\/\/elpuucnoticias.com\/wp-content\/uploads\/2022\/05\/felino-flayer-768x437.jpg 768w, https:\/\/elpuucnoticias.com\/wp-content\/uploads\/2022\/05\/felino-flayer.jpg 1237w\" sizes=\"auto, (max-width: 406px) 100vw, 406px\" \/><\/figure>\n\n\n\n<p>En ese sentido, personal del Departamento de Prevenci\u00f3n al Maltrato y Explotaci\u00f3n Sexual Infantil habl\u00f3 sobre c\u00f3mo crear contextos y mecanismos adecuados para prevenir, detectar y atender el abuso sexual infantil, la trata de personas y el acoso escolar, as\u00ed como de los indicadores de la v\u00edctima, agresor y c\u00f3mplices; las consecuencias a la salud f\u00edsica y psicoemocional.<\/p>\n\n\n\n<p>De igual manera sobre c\u00f3mo estimular, fortalecer y garantizar el sano ambiente familiar para formar el autocuidado; autoestima, l\u00edmites, validaci\u00f3n de sentimientos y emociones desde un enfoque de derecho y c\u00f3mo visualizar, replicar, asesorar y orientar a las personas para evitar la consumaci\u00f3n de estos delitos.<\/p>\n\n\n\n<p>Cabe mencionar, que esta capacitaci\u00f3n se ha estado impartiendo a todos los DIF municipales con el prop\u00f3sito de que lo repliquen en sus ciudades para fortalecer la cultura de la prevenci\u00f3n y que las ni\u00f1as, ni\u00f1os y adolescentes tengan un desarrollo sano.<\/p>\n","protected":false},"excerpt":{"rendered":"<p>El DIF Quintana Roo a trav\u00e9s de la Subdirecci\u00f3n General de Atenci\u00f3n a la Infancia y Adolescencia llev\u00f3<\/p>\n","protected":false},"author":1,"featured_media":1683,"comment_status":"closed","ping_status":"open","sticky":false,"template":"","format":"standard","meta":{"_monsterinsights_skip_tracking":false,"_monsterinsights_sitenote_active":false,"_monsterinsights_sitenote_note":"","_monsterinsights_sitenote_category":0,"footnotes":""},"categories":[11],"tags":[],"class_list":["post-1682","post","type-post","status-publish","format-standard","has-post-thumbnail","hentry","category-noticias"],"yoast_head":"<!-- This site is optimized with the Yoast SEO plugin v18.3 - https:\/\/yoast.com\/wordpress\/plugins\/seo\/ -->\n<title>Capacita el DIF Quintana Roo sobre Prevenci\u00f3n al Maltrato y Explotaci\u00f3n Sexual Infantil - El Puuc Noticias<\/title>\n<meta name=\"robots\" content=\"index, follow, max-snippet:-1, max-image-preview:large, max-video-preview:-1\" \/>\n<link rel=\"canonical\" href=\"https:\/\/elpuucnoticias.com\/?p=1682\" \/>\n<meta property=\"og:locale\" content=\"es_ES\" \/>\n<meta property=\"og:type\" content=\"article\" \/>\n<meta property=\"og:title\" content=\"Capacita el DIF Quintana Roo sobre Prevenci\u00f3n al Maltrato y Explotaci\u00f3n Sexual Infantil - El Puuc Noticias\" \/>\n<meta property=\"og:description\" content=\"El DIF Quintana Roo a trav\u00e9s de la Subdirecci\u00f3n General de Atenci\u00f3n a la Infancia y Adolescencia llev\u00f3\" \/>\n<meta property=\"og:url\" content=\"https:\/\/elpuucnoticias.com\/?p=1682\" \/>\n<meta property=\"og:site_name\" content=\"El Puuc Noticias\" \/>\n<meta property=\"article:published_time\" content=\"2022-05-20T00:17:43+00:00\" \/>\n<meta property=\"article:modified_time\" content=\"2022-05-20T00:17:44+00:00\" \/>\n<meta property=\"og:image\" content=\"https:\/\/elpuucnoticias.com\/wp-content\/uploads\/2022\/05\/WhatsApp-Image-2022-05-19-at-6.01.27-PM.jpeg\" \/>\n\t<meta property=\"og:image:width\" content=\"1280\" \/>\n\t<meta property=\"og:image:height\" content=\"853\" \/>\n\t<meta property=\"og:image:type\" content=\"image\/jpeg\" \/>\n<meta name=\"twitter:card\" content=\"summary_large_image\" \/>\n<meta name=\"twitter:label1\" content=\"Escrito por\" \/>\n\t<meta name=\"twitter:data1\" content=\"elpuucnoticias\" \/>\n\t<meta name=\"twitter:label2\" content=\"Tiempo de lectura\" \/>\n\t<meta name=\"twitter:data2\" content=\"2 minutos\" \/>\n<script type=\"application\/ld+json\" class=\"yoast-schema-graph\">{\"@context\":\"https:\/\/schema.org\",\"@graph\":[{\"@type\":\"WebSite\",\"@id\":\"https:\/\/elpuucnoticias.com\/#website\",\"url\":\"https:\/\/elpuucnoticias.com\/\",\"name\":\"El Puuc Noticias\",\"description\":\"Noticias - Entretenimiento - Deportes\",\"potentialAction\":[{\"@type\":\"SearchAction\",\"target\":{\"@type\":\"EntryPoint\",\"urlTemplate\":\"https:\/\/elpuucnoticias.com\/?s={search_term_string}\"},\"query-input\":\"required name=search_term_string\"}],\"inLanguage\":\"es\"},{\"@type\":\"ImageObject\",\"@id\":\"https:\/\/elpuucnoticias.com\/?p=1682#primaryimage\",\"inLanguage\":\"es\",\"url\":\"https:\/\/elpuucnoticias.com\/wp-content\/uploads\/2022\/05\/WhatsApp-Image-2022-05-19-at-6.01.27-PM.jpeg\",\"contentUrl\":\"https:\/\/elpuucnoticias.com\/wp-content\/uploads\/2022\/05\/WhatsApp-Image-2022-05-19-at-6.01.27-PM.jpeg\",\"width\":1280,\"height\":853},{\"@type\":\"WebPage\",\"@id\":\"https:\/\/elpuucnoticias.com\/?p=1682#webpage\",\"url\":\"https:\/\/elpuucnoticias.com\/?p=1682\",\"name\":\"Capacita el DIF Quintana Roo sobre Prevenci\u00f3n al Maltrato y Explotaci\u00f3n Sexual Infantil - El Puuc Noticias\",\"isPartOf\":{\"@id\":\"https:\/\/elpuucnoticias.com\/#website\"},\"primaryImageOfPage\":{\"@id\":\"https:\/\/elpuucnoticias.com\/?p=1682#primaryimage\"},\"datePublished\":\"2022-05-20T00:17:43+00:00\",\"dateModified\":\"2022-05-20T00:17:44+00:00\",\"author\":{\"@id\":\"https:\/\/elpuucnoticias.com\/#\/schema\/person\/d2ea09e4c97f0160b11cdfb1d856bd9e\"},\"breadcrumb\":{\"@id\":\"https:\/\/elpuucnoticias.com\/?p=1682#breadcrumb\"},\"inLanguage\":\"es\",\"potentialAction\":[{\"@type\":\"ReadAction\",\"target\":[\"https:\/\/elpuucnoticias.com\/?p=1682\"]}]},{\"@type\":\"BreadcrumbList\",\"@id\":\"https:\/\/elpuucnoticias.com\/?p=1682#breadcrumb\",\"itemListElement\":[{\"@type\":\"ListItem\",\"position\":1,\"name\":\"Portada\",\"item\":\"https:\/\/elpuucnoticias.com\/\"},{\"@type\":\"ListItem\",\"position\":2,\"name\":\"Capacita el DIF Quintana Roo sobre Prevenci\u00f3n al Maltrato y Explotaci\u00f3n Sexual Infantil\"}]},{\"@type\":\"Person\",\"@id\":\"https:\/\/elpuucnoticias.com\/#\/schema\/person\/d2ea09e4c97f0160b11cdfb1d856bd9e\",\"name\":\"elpuucnoticias\",\"image\":{\"@type\":\"ImageObject\",\"@id\":\"https:\/\/elpuucnoticias.com\/#personlogo\",\"inLanguage\":\"es\",\"url\":\"https:\/\/secure.gravatar.com\/avatar\/5290a43657c74ffa15701dbe5b846bd85cc71930d803c84e91046a7333de6ce2?s=96&d=mm&r=g\",\"contentUrl\":\"https:\/\/secure.gravatar.com\/avatar\/5290a43657c74ffa15701dbe5b846bd85cc71930d803c84e91046a7333de6ce2?s=96&d=mm&r=g\",\"caption\":\"elpuucnoticias\"},\"sameAs\":[\"https:\/\/elpuucnoticias.com\"],\"url\":\"https:\/\/elpuucnoticias.com\/?author=1\"}]}<\/script>\n<!-- \/ Yoast SEO plugin. -->","yoast_head_json":{"title":"Capacita el DIF Quintana Roo sobre Prevenci\u00f3n al Maltrato y Explotaci\u00f3n Sexual Infantil - El Puuc Noticias","robots":{"index":"index","follow":"follow","max-snippet":"max-snippet:-1","max-image-preview":"max-image-preview:large","max-video-preview":"max-video-preview:-1"},"canonical":"https:\/\/elpuucnoticias.com\/?p=1682","og_locale":"es_ES","og_type":"article","og_title":"Capacita el DIF Quintana Roo sobre Prevenci\u00f3n al Maltrato y Explotaci\u00f3n Sexual Infantil - El Puuc Noticias","og_description":"El DIF Quintana Roo a trav\u00e9s de la Subdirecci\u00f3n General de Atenci\u00f3n a la Infancia y Adolescencia llev\u00f3","og_url":"https:\/\/elpuucnoticias.com\/?p=1682","og_site_name":"El Puuc Noticias","article_published_time":"2022-05-20T00:17:43+00:00","article_modified_time":"2022-05-20T00:17:44+00:00","og_image":[{"width":1280,"height":853,"url":"https:\/\/elpuucnoticias.com\/wp-content\/uploads\/2022\/05\/WhatsApp-Image-2022-05-19-at-6.01.27-PM.jpeg","type":"image\/jpeg"}],"twitter_card":"summary_large_image","twitter_misc":{"Escrito por":"elpuucnoticias","Tiempo de lectura":"2 minutos"},"schema":{"@context":"https:\/\/schema.org","@graph":[{"@type":"WebSite","@id":"https:\/\/elpuucnoticias.com\/#website","url":"https:\/\/elpuucnoticias.com\/","name":"El Puuc Noticias","description":"Noticias - Entretenimiento - Deportes","potentialAction":[{"@type":"SearchAction","target":{"@type":"EntryPoint","urlTemplate":"https:\/\/elpuucnoticias.com\/?s={search_term_string}"},"query-input":"required name=search_term_string"}],"inLanguage":"es"},{"@type":"ImageObject","@id":"https:\/\/elpuucnoticias.com\/?p=1682#primaryimage","inLanguage":"es","url":"https:\/\/elpuucnoticias.com\/wp-content\/uploads\/2022\/05\/WhatsApp-Image-2022-05-19-at-6.01.27-PM.jpeg","contentUrl":"https:\/\/elpuucnoticias.com\/wp-content\/uploads\/2022\/05\/WhatsApp-Image-2022-05-19-at-6.01.27-PM.jpeg","width":1280,"height":853},{"@type":"WebPage","@id":"https:\/\/elpuucnoticias.com\/?p=1682#webpage","url":"https:\/\/elpuucnoticias.com\/?p=1682","name":"Capacita el DIF Quintana Roo sobre Prevenci\u00f3n al Maltrato y Explotaci\u00f3n Sexual Infantil - El Puuc Noticias","isPartOf":{"@id":"https:\/\/elpuucnoticias.com\/#website"},"primaryImageOfPage":{"@id":"https:\/\/elpuucnoticias.com\/?p=1682#primaryimage"},"datePublished":"2022-05-20T00:17:43+00:00","dateModified":"2022-05-20T00:17:44+00:00","author":{"@id":"https:\/\/elpuucnoticias.com\/#\/schema\/person\/d2ea09e4c97f0160b11cdfb1d856bd9e"},"breadcrumb":{"@id":"https:\/\/elpuucnoticias.com\/?p=1682#breadcrumb"},"inLanguage":"es","potentialAction":[{"@type":"ReadAction","target":["https:\/\/elpuucnoticias.com\/?p=1682"]}]},{"@type":"BreadcrumbList","@id":"https:\/\/elpuucnoticias.com\/?p=1682#breadcrumb","itemListElement":[{"@type":"ListItem","position":1,"name":"Portada","item":"https:\/\/elpuucnoticias.com\/"},{"@type":"ListItem","position":2,"name":"Capacita el DIF Quintana Roo sobre Prevenci\u00f3n al Maltrato y Explotaci\u00f3n Sexual Infantil"}]},{"@type":"Person","@id":"https:\/\/elpuucnoticias.com\/#\/schema\/person\/d2ea09e4c97f0160b11cdfb1d856bd9e","name":"elpuucnoticias","image":{"@type":"ImageObject","@id":"https:\/\/elpuucnoticias.com\/#personlogo","inLanguage":"es","url":"https:\/\/secure.gravatar.com\/avatar\/5290a43657c74ffa15701dbe5b846bd85cc71930d803c84e91046a7333de6ce2?s=96&d=mm&r=g","contentUrl":"https:\/\/secure.gravatar.com\/avatar\/5290a43657c74ffa15701dbe5b846bd85cc71930d803c84e91046a7333de6ce2?s=96&d=mm&r=g","caption":"elpuucnoticias"},"sameAs":["https:\/\/elpuucnoticias.com"],"url":"https:\/\/elpuucnoticias.com\/?author=1"}]}},"_links":{"self":[{"href":"https:\/\/elpuucnoticias.com\/index.php?rest_route=\/wp\/v2\/posts\/1682","targetHints":{"allow":["GET"]}}],"collection":[{"href":"https:\/\/elpuucnoticias.com\/index.php?rest_route=\/wp\/v2\/posts"}],"about":[{"href":"https:\/\/elpuucnoticias.com\/index.php?rest_route=\/wp\/v2\/types\/post"}],"author":[{"embeddable":true,"href":"https:\/\/elpuucnoticias.com\/index.php?rest_route=\/wp\/v2\/users\/1"}],"replies":[{"embeddable":true,"href":"https:\/\/elpuucnoticias.com\/index.php?rest_route=%2Fwp%2Fv2%2Fcomments&post=1682"}],"version-history":[{"count":1,"href":"https:\/\/elpuucnoticias.com\/index.php?rest_route=\/wp\/v2\/posts\/1682\/revisions"}],"predecessor-version":[{"id":1684,"href":"https:\/\/elpuucnoticias.com\/index.php?rest_route=\/wp\/v2\/posts\/1682\/revisions\/1684"}],"wp:featuredmedia":[{"embeddable":true,"href":"https:\/\/elpuucnoticias.com\/index.php?rest_route=\/wp\/v2\/media\/1683"}],"wp:attachment":[{"href":"https:\/\/elpuucnoticias.com\/index.php?rest_route=%2Fwp%2Fv2%2Fmedia&parent=1682"}],"wp:term":[{"taxonomy":"category","embeddable":true,"href":"https:\/\/elpuucnoticias.com\/index.php?rest_route=%2Fwp%2Fv2%2Fcategories&post=1682"},{"taxonomy":"post_tag","embeddable":true,"href":"https:\/\/elpuucnoticias.com\/index.php?rest_route=%2Fwp%2Fv2%2Ftags&post=1682"}],"curies":[{"name":"wp","href":"https:\/\/api.w.org\/{rel}","templated":true}]}}