{"id":16861,"date":"2024-10-26T01:22:11","date_gmt":"2024-10-26T07:22:11","guid":{"rendered":"https:\/\/elpuucnoticias.com\/?p=16861"},"modified":"2024-10-26T01:22:12","modified_gmt":"2024-10-26T07:22:12","slug":"interponen-demandas-ante-la-fiscalia-general-del-estado-por-las-agresiones-a-estudiantes-de-bachillerato-en-tekax","status":"publish","type":"post","link":"https:\/\/elpuucnoticias.com\/?p=16861","title":{"rendered":"Interponen demandas ante la Fiscal\u00eda General del Estado por las agresiones a estudiantes de bachillerato en Tekax"},"content":{"rendered":"\n<p>El caso de las agresiones hacia estudiantes de bachillerato en Tekax por supuestos integrantes de una banda ha trascendido ya en instancias penales, mientras que las familias afectadas lamentan que en el Ayuntamiento se minimicen estos problemas que vive la ciudadan\u00eda.<br>Se averigu\u00f3 que, ante las instancias correspondientes se han interpuesto demandas al respecto, una de ellas con la clave UNATD12-GE\/000956\/2024, de una de las familias afectadas por la agresi\u00f3n a un menor, estudiante del Colegio de Bachilleres, plantel Tekax.<br>A la Redacci\u00f3n de El Puuc Noticias acudieron algunas de las v\u00edctimas proporcionando en v\u00eddeo, una de las pruebas de la agresi\u00f3n ocurridas en d\u00edas pasados cerca del Cobay, la cual tambi\u00e9n ha sido presentada ante la Fiscal\u00eda General del Estado.<br>Los afectados lamentaron que el Ayuntamiento encabezado por Erb\u00e9 Manuel Vallejos Sansores, a trav\u00e9s de un v\u00eddeo haya minimizado el problema a s\u00f3lo \u00abtravesuras\u00bb de adolescentes.<br>La agresi\u00f3n a uno de los estudiantes del COBAY se registr\u00f3 este martes. De acuerdo con el v\u00eddeo proporcionado aparece como el agresor golpea con un casco de motociclista al joven en la cabeza, a la altura de la sien, provoc\u00e1ndole seg\u00fan la familia del menor dolores intensos.<br>Como hemos informado, esta semana se han registrado diversas situaciones que han derivado incluso en la suspensi\u00f3n de clases en uno de los planteles de bachillerato, el Cbtis 193, donde se habr\u00edan registrado supuestas amenazas de muerte hacia uno o varios de sus estudiantes.<br>La suspensi\u00f3n de clases fue el mi\u00e9rcoles. El jueves se reanudaron las labores escolares con vigilancia polic\u00edaca en las cercan\u00edas de la escuela.<br>Ese mismo jueves el pante\u00f3n de Tekax, reci\u00e9n pintado por el Ayuntamiento, amaneci\u00f3 grafiteado por los v\u00e1ndalos, con la misma marca \u00abp3\u00bb que han utilizado al da\u00f1ar la imagen de negocios, predios particulares y escuelas.<br>Ahora, los afectados esperan que la Polic\u00eda Estatal de Investigaciones, la Fiscal\u00eda General del Estado, la Polic\u00eda Municipal y el mismo Ayuntamiento tomen las medidas al respecto a fin de prevenir que estos problemas de pandillas y vandalismo avancen.<\/p>\n","protected":false},"excerpt":{"rendered":"<p>El caso de las agresiones hacia estudiantes de bachillerato en Tekax por supuestos integrantes de una banda ha<\/p>\n","protected":false},"author":1,"featured_media":16862,"comment_status":"closed","ping_status":"open","sticky":false,"template":"","format":"standard","meta":{"_monsterinsights_skip_tracking":false,"_monsterinsights_sitenote_active":false,"_monsterinsights_sitenote_note":"","_monsterinsights_sitenote_category":0,"footnotes":""},"categories":[16,11,3,4],"tags":[],"class_list":["post-16861","post","type-post","status-publish","format-standard","has-post-thumbnail","hentry","category-exclusiva","category-noticias","category-policiacas","category-tekax"],"yoast_head":"<!-- This site is optimized with the Yoast SEO plugin v18.3 - https:\/\/yoast.com\/wordpress\/plugins\/seo\/ -->\n<title>Interponen demandas ante la Fiscal\u00eda General del Estado por las agresiones a estudiantes de bachillerato en Tekax - El Puuc Noticias<\/title>\n<meta name=\"robots\" content=\"index, follow, max-snippet:-1, max-image-preview:large, max-video-preview:-1\" \/>\n<link rel=\"canonical\" href=\"https:\/\/elpuucnoticias.com\/?p=16861\" \/>\n<meta property=\"og:locale\" content=\"es_ES\" \/>\n<meta property=\"og:type\" content=\"article\" \/>\n<meta property=\"og:title\" content=\"Interponen demandas ante la Fiscal\u00eda General del Estado por las agresiones a estudiantes de bachillerato en Tekax - El Puuc Noticias\" \/>\n<meta property=\"og:description\" content=\"El caso de las agresiones hacia estudiantes de bachillerato en Tekax por supuestos integrantes de una banda ha\" \/>\n<meta property=\"og:url\" content=\"https:\/\/elpuucnoticias.com\/?p=16861\" \/>\n<meta property=\"og:site_name\" content=\"El Puuc Noticias\" \/>\n<meta property=\"article:published_time\" content=\"2024-10-26T07:22:11+00:00\" \/>\n<meta property=\"article:modified_time\" content=\"2024-10-26T07:22:12+00:00\" \/>\n<meta property=\"og:image\" content=\"https:\/\/elpuucnoticias.com\/wp-content\/uploads\/2024\/10\/whatsapp-image-2024-10-26-at-1.14.43-am.jpeg\" \/>\n\t<meta property=\"og:image:width\" content=\"960\" \/>\n\t<meta property=\"og:image:height\" content=\"742\" \/>\n\t<meta property=\"og:image:type\" content=\"image\/jpeg\" \/>\n<meta name=\"twitter:card\" content=\"summary_large_image\" \/>\n<meta name=\"twitter:label1\" content=\"Escrito por\" \/>\n\t<meta name=\"twitter:data1\" content=\"elpuucnoticias\" \/>\n\t<meta name=\"twitter:label2\" content=\"Tiempo de lectura\" \/>\n\t<meta name=\"twitter:data2\" content=\"2 minutos\" \/>\n<script type=\"application\/ld+json\" class=\"yoast-schema-graph\">{\"@context\":\"https:\/\/schema.org\",\"@graph\":[{\"@type\":\"WebSite\",\"@id\":\"https:\/\/elpuucnoticias.com\/#website\",\"url\":\"https:\/\/elpuucnoticias.com\/\",\"name\":\"El Puuc Noticias\",\"description\":\"Noticias - Entretenimiento - Deportes\",\"potentialAction\":[{\"@type\":\"SearchAction\",\"target\":{\"@type\":\"EntryPoint\",\"urlTemplate\":\"https:\/\/elpuucnoticias.com\/?s={search_term_string}\"},\"query-input\":\"required name=search_term_string\"}],\"inLanguage\":\"es\"},{\"@type\":\"ImageObject\",\"@id\":\"https:\/\/elpuucnoticias.com\/?p=16861#primaryimage\",\"inLanguage\":\"es\",\"url\":\"https:\/\/elpuucnoticias.com\/wp-content\/uploads\/2024\/10\/whatsapp-image-2024-10-26-at-1.14.43-am.jpeg\",\"contentUrl\":\"https:\/\/elpuucnoticias.com\/wp-content\/uploads\/2024\/10\/whatsapp-image-2024-10-26-at-1.14.43-am.jpeg\",\"width\":960,\"height\":742},{\"@type\":\"WebPage\",\"@id\":\"https:\/\/elpuucnoticias.com\/?p=16861#webpage\",\"url\":\"https:\/\/elpuucnoticias.com\/?p=16861\",\"name\":\"Interponen demandas ante la Fiscal\u00eda General del Estado por las agresiones a estudiantes de bachillerato en Tekax - El Puuc Noticias\",\"isPartOf\":{\"@id\":\"https:\/\/elpuucnoticias.com\/#website\"},\"primaryImageOfPage\":{\"@id\":\"https:\/\/elpuucnoticias.com\/?p=16861#primaryimage\"},\"datePublished\":\"2024-10-26T07:22:11+00:00\",\"dateModified\":\"2024-10-26T07:22:12+00:00\",\"author\":{\"@id\":\"https:\/\/elpuucnoticias.com\/#\/schema\/person\/d2ea09e4c97f0160b11cdfb1d856bd9e\"},\"breadcrumb\":{\"@id\":\"https:\/\/elpuucnoticias.com\/?p=16861#breadcrumb\"},\"inLanguage\":\"es\",\"potentialAction\":[{\"@type\":\"ReadAction\",\"target\":[\"https:\/\/elpuucnoticias.com\/?p=16861\"]}]},{\"@type\":\"BreadcrumbList\",\"@id\":\"https:\/\/elpuucnoticias.com\/?p=16861#breadcrumb\",\"itemListElement\":[{\"@type\":\"ListItem\",\"position\":1,\"name\":\"Portada\",\"item\":\"https:\/\/elpuucnoticias.com\/\"},{\"@type\":\"ListItem\",\"position\":2,\"name\":\"Interponen demandas ante la Fiscal\u00eda General del Estado por las agresiones a estudiantes de bachillerato en Tekax\"}]},{\"@type\":\"Person\",\"@id\":\"https:\/\/elpuucnoticias.com\/#\/schema\/person\/d2ea09e4c97f0160b11cdfb1d856bd9e\",\"name\":\"elpuucnoticias\",\"image\":{\"@type\":\"ImageObject\",\"@id\":\"https:\/\/elpuucnoticias.com\/#personlogo\",\"inLanguage\":\"es\",\"url\":\"https:\/\/secure.gravatar.com\/avatar\/5290a43657c74ffa15701dbe5b846bd85cc71930d803c84e91046a7333de6ce2?s=96&d=mm&r=g\",\"contentUrl\":\"https:\/\/secure.gravatar.com\/avatar\/5290a43657c74ffa15701dbe5b846bd85cc71930d803c84e91046a7333de6ce2?s=96&d=mm&r=g\",\"caption\":\"elpuucnoticias\"},\"sameAs\":[\"https:\/\/elpuucnoticias.com\"],\"url\":\"https:\/\/elpuucnoticias.com\/?author=1\"}]}<\/script>\n<!-- \/ Yoast SEO plugin. -->","yoast_head_json":{"title":"Interponen demandas ante la Fiscal\u00eda General del Estado por las agresiones a estudiantes de bachillerato en Tekax - El Puuc Noticias","robots":{"index":"index","follow":"follow","max-snippet":"max-snippet:-1","max-image-preview":"max-image-preview:large","max-video-preview":"max-video-preview:-1"},"canonical":"https:\/\/elpuucnoticias.com\/?p=16861","og_locale":"es_ES","og_type":"article","og_title":"Interponen demandas ante la Fiscal\u00eda General del Estado por las agresiones a estudiantes de bachillerato en Tekax - El Puuc Noticias","og_description":"El caso de las agresiones hacia estudiantes de bachillerato en Tekax por supuestos integrantes de una banda ha","og_url":"https:\/\/elpuucnoticias.com\/?p=16861","og_site_name":"El Puuc Noticias","article_published_time":"2024-10-26T07:22:11+00:00","article_modified_time":"2024-10-26T07:22:12+00:00","og_image":[{"width":960,"height":742,"url":"https:\/\/elpuucnoticias.com\/wp-content\/uploads\/2024\/10\/whatsapp-image-2024-10-26-at-1.14.43-am.jpeg","type":"image\/jpeg"}],"twitter_card":"summary_large_image","twitter_misc":{"Escrito por":"elpuucnoticias","Tiempo de lectura":"2 minutos"},"schema":{"@context":"https:\/\/schema.org","@graph":[{"@type":"WebSite","@id":"https:\/\/elpuucnoticias.com\/#website","url":"https:\/\/elpuucnoticias.com\/","name":"El Puuc Noticias","description":"Noticias - Entretenimiento - Deportes","potentialAction":[{"@type":"SearchAction","target":{"@type":"EntryPoint","urlTemplate":"https:\/\/elpuucnoticias.com\/?s={search_term_string}"},"query-input":"required name=search_term_string"}],"inLanguage":"es"},{"@type":"ImageObject","@id":"https:\/\/elpuucnoticias.com\/?p=16861#primaryimage","inLanguage":"es","url":"https:\/\/elpuucnoticias.com\/wp-content\/uploads\/2024\/10\/whatsapp-image-2024-10-26-at-1.14.43-am.jpeg","contentUrl":"https:\/\/elpuucnoticias.com\/wp-content\/uploads\/2024\/10\/whatsapp-image-2024-10-26-at-1.14.43-am.jpeg","width":960,"height":742},{"@type":"WebPage","@id":"https:\/\/elpuucnoticias.com\/?p=16861#webpage","url":"https:\/\/elpuucnoticias.com\/?p=16861","name":"Interponen demandas ante la Fiscal\u00eda General del Estado por las agresiones a estudiantes de bachillerato en Tekax - El Puuc Noticias","isPartOf":{"@id":"https:\/\/elpuucnoticias.com\/#website"},"primaryImageOfPage":{"@id":"https:\/\/elpuucnoticias.com\/?p=16861#primaryimage"},"datePublished":"2024-10-26T07:22:11+00:00","dateModified":"2024-10-26T07:22:12+00:00","author":{"@id":"https:\/\/elpuucnoticias.com\/#\/schema\/person\/d2ea09e4c97f0160b11cdfb1d856bd9e"},"breadcrumb":{"@id":"https:\/\/elpuucnoticias.com\/?p=16861#breadcrumb"},"inLanguage":"es","potentialAction":[{"@type":"ReadAction","target":["https:\/\/elpuucnoticias.com\/?p=16861"]}]},{"@type":"BreadcrumbList","@id":"https:\/\/elpuucnoticias.com\/?p=16861#breadcrumb","itemListElement":[{"@type":"ListItem","position":1,"name":"Portada","item":"https:\/\/elpuucnoticias.com\/"},{"@type":"ListItem","position":2,"name":"Interponen demandas ante la Fiscal\u00eda General del Estado por las agresiones a estudiantes de bachillerato en Tekax"}]},{"@type":"Person","@id":"https:\/\/elpuucnoticias.com\/#\/schema\/person\/d2ea09e4c97f0160b11cdfb1d856bd9e","name":"elpuucnoticias","image":{"@type":"ImageObject","@id":"https:\/\/elpuucnoticias.com\/#personlogo","inLanguage":"es","url":"https:\/\/secure.gravatar.com\/avatar\/5290a43657c74ffa15701dbe5b846bd85cc71930d803c84e91046a7333de6ce2?s=96&d=mm&r=g","contentUrl":"https:\/\/secure.gravatar.com\/avatar\/5290a43657c74ffa15701dbe5b846bd85cc71930d803c84e91046a7333de6ce2?s=96&d=mm&r=g","caption":"elpuucnoticias"},"sameAs":["https:\/\/elpuucnoticias.com"],"url":"https:\/\/elpuucnoticias.com\/?author=1"}]}},"_links":{"self":[{"href":"https:\/\/elpuucnoticias.com\/index.php?rest_route=\/wp\/v2\/posts\/16861","targetHints":{"allow":["GET"]}}],"collection":[{"href":"https:\/\/elpuucnoticias.com\/index.php?rest_route=\/wp\/v2\/posts"}],"about":[{"href":"https:\/\/elpuucnoticias.com\/index.php?rest_route=\/wp\/v2\/types\/post"}],"author":[{"embeddable":true,"href":"https:\/\/elpuucnoticias.com\/index.php?rest_route=\/wp\/v2\/users\/1"}],"replies":[{"embeddable":true,"href":"https:\/\/elpuucnoticias.com\/index.php?rest_route=%2Fwp%2Fv2%2Fcomments&post=16861"}],"version-history":[{"count":1,"href":"https:\/\/elpuucnoticias.com\/index.php?rest_route=\/wp\/v2\/posts\/16861\/revisions"}],"predecessor-version":[{"id":16863,"href":"https:\/\/elpuucnoticias.com\/index.php?rest_route=\/wp\/v2\/posts\/16861\/revisions\/16863"}],"wp:featuredmedia":[{"embeddable":true,"href":"https:\/\/elpuucnoticias.com\/index.php?rest_route=\/wp\/v2\/media\/16862"}],"wp:attachment":[{"href":"https:\/\/elpuucnoticias.com\/index.php?rest_route=%2Fwp%2Fv2%2Fmedia&parent=16861"}],"wp:term":[{"taxonomy":"category","embeddable":true,"href":"https:\/\/elpuucnoticias.com\/index.php?rest_route=%2Fwp%2Fv2%2Fcategories&post=16861"},{"taxonomy":"post_tag","embeddable":true,"href":"https:\/\/elpuucnoticias.com\/index.php?rest_route=%2Fwp%2Fv2%2Ftags&post=16861"}],"curies":[{"name":"wp","href":"https:\/\/api.w.org\/{rel}","templated":true}]}}