{"id":16971,"date":"2024-11-01T13:16:58","date_gmt":"2024-11-01T19:16:58","guid":{"rendered":"https:\/\/elpuucnoticias.com\/?p=16971"},"modified":"2024-11-01T13:16:59","modified_gmt":"2024-11-01T19:16:59","slug":"pesistas-quintanarroenses-se-alistan-en-cdmx-con-miras-al-2024-iwf-campeonato-mundial-de-halterofilia","status":"publish","type":"post","link":"https:\/\/elpuucnoticias.com\/?p=16971","title":{"rendered":"Pesistas quintanarroenses se alistan en CDMX con miras al 2024 IWF Campeonato Mundial de Halterofilia\u00a0"},"content":{"rendered":"\n<p>Los atletas quintanarroenses V\u00edctor Badur G\u00fc\u00e9mez Cel y Darvin Ariel Pech G\u00f3mez, se encuentran concentrados con la Selecci\u00f3n Mexicana Mayor de la disciplina de levantamiento de pesas, esto como parte de su concentraci\u00f3n con miras al IWF Campeonato Mundial, a disputarse del 4 al 16 de diciembre en Manama, Bahrain.<\/p>\n\n\n\n<p>Como parte de las acciones del Nuevo Acuerdo por el Bienestar y Desarrollo, promovido por la gobernadora Mara Lezama Espinosa, se trabaja para impulsar a las y los deportistas de la entidad para que logren sus objetivos, esto a trav\u00e9s de la Comisi\u00f3n del Deporte de Quintana Roo (CODEQ), que preside Jacobo Arzate Hop.<br><\/p>\n\n\n\n<figure class=\"wp-block-gallery has-nested-images columns-default is-cropped wp-block-gallery-1 is-layout-flex wp-block-gallery-is-layout-flex\">\n<figure class=\"wp-block-image size-large is-style-default\"><img loading=\"lazy\" decoding=\"async\" width=\"613\" height=\"1024\" data-id=\"16973\" src=\"https:\/\/elpuucnoticias.com\/wp-content\/uploads\/2024\/11\/whatsapp-image-2024-11-01-at-1.01.14-pm-1-613x1024.jpeg\" alt=\"\" class=\"wp-image-16973\" srcset=\"https:\/\/elpuucnoticias.com\/wp-content\/uploads\/2024\/11\/whatsapp-image-2024-11-01-at-1.01.14-pm-1-613x1024.jpeg 613w, https:\/\/elpuucnoticias.com\/wp-content\/uploads\/2024\/11\/whatsapp-image-2024-11-01-at-1.01.14-pm-1-180x300.jpeg 180w, https:\/\/elpuucnoticias.com\/wp-content\/uploads\/2024\/11\/whatsapp-image-2024-11-01-at-1.01.14-pm-1-768x1283.jpeg 768w, https:\/\/elpuucnoticias.com\/wp-content\/uploads\/2024\/11\/whatsapp-image-2024-11-01-at-1.01.14-pm-1-920x1536.jpeg 920w, https:\/\/elpuucnoticias.com\/wp-content\/uploads\/2024\/11\/whatsapp-image-2024-11-01-at-1.01.14-pm-1-192x320.jpeg 192w, https:\/\/elpuucnoticias.com\/wp-content\/uploads\/2024\/11\/whatsapp-image-2024-11-01-at-1.01.14-pm-1.jpeg 958w\" sizes=\"auto, (max-width: 613px) 100vw, 613px\" \/><\/figure>\n\n\n\n<figure class=\"wp-block-image size-large is-style-default\"><img loading=\"lazy\" decoding=\"async\" width=\"829\" height=\"1024\" data-id=\"16972\" src=\"https:\/\/elpuucnoticias.com\/wp-content\/uploads\/2024\/11\/whatsapp-image-2024-11-01-at-1.01.14-pm-829x1024.jpeg\" alt=\"\" class=\"wp-image-16972\" srcset=\"https:\/\/elpuucnoticias.com\/wp-content\/uploads\/2024\/11\/whatsapp-image-2024-11-01-at-1.01.14-pm-829x1024.jpeg 829w, https:\/\/elpuucnoticias.com\/wp-content\/uploads\/2024\/11\/whatsapp-image-2024-11-01-at-1.01.14-pm-243x300.jpeg 243w, https:\/\/elpuucnoticias.com\/wp-content\/uploads\/2024\/11\/whatsapp-image-2024-11-01-at-1.01.14-pm-768x948.jpeg 768w, https:\/\/elpuucnoticias.com\/wp-content\/uploads\/2024\/11\/whatsapp-image-2024-11-01-at-1.01.14-pm-1244x1536.jpeg 1244w, https:\/\/elpuucnoticias.com\/wp-content\/uploads\/2024\/11\/whatsapp-image-2024-11-01-at-1.01.14-pm-259x320.jpeg 259w, https:\/\/elpuucnoticias.com\/wp-content\/uploads\/2024\/11\/whatsapp-image-2024-11-01-at-1.01.14-pm.jpeg 1296w\" sizes=\"auto, (max-width: 829px) 100vw, 829px\" \/><\/figure>\n<\/figure>\n\n\n\n<p>\u00a0<br>Los dos pesistas de Quintana Roo ya se encuentran entrenando con el resto del equipo mexicano desde el pasado 18 de octubre, en las instalaciones del Centro Nacional de Desarrollo de Talentos Deportivos y Alto Rendimiento (CNAR) de la Ciudad de M\u00e9xico, y contando con el aval de la Federaci\u00f3n Mexicana de Levantamiento de Pesas (FMLP).<br>\u00a0<br>En el caso del oriundo de Felipe Carrillo Puerto, V\u00edctor Badur G\u00fc\u00e9mez Cel, aparece en la lista para competir en la divisi\u00f3n de los 67 kilos dentro del equipo principal; mientras que el cozumele\u00f1o Darvin Ariel Pech G\u00f3mez, que compite en la categor\u00eda de los 73 kilogramos, aparece en la lista de reservas.<br>\u00a0<br>Ambos atletas forman parte del selectivo nacional que se mantiene con la aspiraci\u00f3n para competir en el Mundial de la especialidad y en donde tanto V\u00edctor como Darvin ya cuentan con experiencia en cert\u00e1menes nacionales.<br>\u00a0<br>Cabe resaltar que a este equipo nacional tambi\u00e9n se sumar\u00e1 otro quintanarroense y es el profesor Jorge Rodr\u00edguez M\u00e9ndez, quien va como titular en el cuerpo t\u00e9cnico del conjunto nacional y tiene previsto reportar con la Selecci\u00f3n el pr\u00f3ximo 10 de noviembre.<\/p>\n","protected":false},"excerpt":{"rendered":"<p>Los atletas quintanarroenses V\u00edctor Badur G\u00fc\u00e9mez Cel y Darvin Ariel Pech G\u00f3mez, se encuentran concentrados con la Selecci\u00f3n<\/p>\n","protected":false},"author":1,"featured_media":16974,"comment_status":"closed","ping_status":"open","sticky":false,"template":"","format":"standard","meta":{"_monsterinsights_skip_tracking":false,"_monsterinsights_sitenote_active":false,"_monsterinsights_sitenote_note":"","_monsterinsights_sitenote_category":0,"footnotes":""},"categories":[11,24],"tags":[],"class_list":["post-16971","post","type-post","status-publish","format-standard","has-post-thumbnail","hentry","category-noticias","category-quintana-roo"],"yoast_head":"<!-- This site is optimized with the Yoast SEO plugin v18.3 - https:\/\/yoast.com\/wordpress\/plugins\/seo\/ -->\n<title>Pesistas quintanarroenses se alistan en CDMX con miras al 2024 IWF Campeonato Mundial de Halterofilia\u00a0 - El Puuc Noticias<\/title>\n<meta name=\"robots\" content=\"index, follow, max-snippet:-1, max-image-preview:large, max-video-preview:-1\" \/>\n<link rel=\"canonical\" href=\"https:\/\/elpuucnoticias.com\/?p=16971\" \/>\n<meta property=\"og:locale\" content=\"es_ES\" \/>\n<meta property=\"og:type\" content=\"article\" \/>\n<meta property=\"og:title\" content=\"Pesistas quintanarroenses se alistan en CDMX con miras al 2024 IWF Campeonato Mundial de Halterofilia\u00a0 - El Puuc Noticias\" \/>\n<meta property=\"og:description\" content=\"Los atletas quintanarroenses V\u00edctor Badur G\u00fc\u00e9mez Cel y Darvin Ariel Pech G\u00f3mez, se encuentran concentrados con la Selecci\u00f3n\" \/>\n<meta property=\"og:url\" content=\"https:\/\/elpuucnoticias.com\/?p=16971\" \/>\n<meta property=\"og:site_name\" content=\"El Puuc Noticias\" \/>\n<meta property=\"article:published_time\" content=\"2024-11-01T19:16:58+00:00\" \/>\n<meta property=\"article:modified_time\" content=\"2024-11-01T19:16:59+00:00\" \/>\n<meta property=\"og:image\" content=\"https:\/\/elpuucnoticias.com\/wp-content\/uploads\/2024\/11\/whatsapp-image-2024-11-01-at-1.01.13-pm.jpeg\" \/>\n\t<meta property=\"og:image:width\" content=\"1526\" \/>\n\t<meta property=\"og:image:height\" content=\"1600\" \/>\n\t<meta property=\"og:image:type\" content=\"image\/jpeg\" \/>\n<meta name=\"twitter:card\" content=\"summary_large_image\" \/>\n<meta name=\"twitter:label1\" content=\"Escrito por\" \/>\n\t<meta name=\"twitter:data1\" content=\"elpuucnoticias\" \/>\n\t<meta name=\"twitter:label2\" content=\"Tiempo de lectura\" \/>\n\t<meta name=\"twitter:data2\" content=\"2 minutos\" \/>\n<script type=\"application\/ld+json\" class=\"yoast-schema-graph\">{\"@context\":\"https:\/\/schema.org\",\"@graph\":[{\"@type\":\"WebSite\",\"@id\":\"https:\/\/elpuucnoticias.com\/#website\",\"url\":\"https:\/\/elpuucnoticias.com\/\",\"name\":\"El Puuc Noticias\",\"description\":\"Noticias - Entretenimiento - Deportes\",\"potentialAction\":[{\"@type\":\"SearchAction\",\"target\":{\"@type\":\"EntryPoint\",\"urlTemplate\":\"https:\/\/elpuucnoticias.com\/?s={search_term_string}\"},\"query-input\":\"required name=search_term_string\"}],\"inLanguage\":\"es\"},{\"@type\":\"ImageObject\",\"@id\":\"https:\/\/elpuucnoticias.com\/?p=16971#primaryimage\",\"inLanguage\":\"es\",\"url\":\"https:\/\/elpuucnoticias.com\/wp-content\/uploads\/2024\/11\/whatsapp-image-2024-11-01-at-1.01.13-pm.jpeg\",\"contentUrl\":\"https:\/\/elpuucnoticias.com\/wp-content\/uploads\/2024\/11\/whatsapp-image-2024-11-01-at-1.01.13-pm.jpeg\",\"width\":1526,\"height\":1600},{\"@type\":\"WebPage\",\"@id\":\"https:\/\/elpuucnoticias.com\/?p=16971#webpage\",\"url\":\"https:\/\/elpuucnoticias.com\/?p=16971\",\"name\":\"Pesistas quintanarroenses se alistan en CDMX con miras al 2024 IWF Campeonato Mundial de Halterofilia\u00a0 - El Puuc Noticias\",\"isPartOf\":{\"@id\":\"https:\/\/elpuucnoticias.com\/#website\"},\"primaryImageOfPage\":{\"@id\":\"https:\/\/elpuucnoticias.com\/?p=16971#primaryimage\"},\"datePublished\":\"2024-11-01T19:16:58+00:00\",\"dateModified\":\"2024-11-01T19:16:59+00:00\",\"author\":{\"@id\":\"https:\/\/elpuucnoticias.com\/#\/schema\/person\/d2ea09e4c97f0160b11cdfb1d856bd9e\"},\"breadcrumb\":{\"@id\":\"https:\/\/elpuucnoticias.com\/?p=16971#breadcrumb\"},\"inLanguage\":\"es\",\"potentialAction\":[{\"@type\":\"ReadAction\",\"target\":[\"https:\/\/elpuucnoticias.com\/?p=16971\"]}]},{\"@type\":\"BreadcrumbList\",\"@id\":\"https:\/\/elpuucnoticias.com\/?p=16971#breadcrumb\",\"itemListElement\":[{\"@type\":\"ListItem\",\"position\":1,\"name\":\"Portada\",\"item\":\"https:\/\/elpuucnoticias.com\/\"},{\"@type\":\"ListItem\",\"position\":2,\"name\":\"Pesistas quintanarroenses se alistan en CDMX con miras al 2024 IWF Campeonato Mundial de Halterofilia\u00a0\"}]},{\"@type\":\"Person\",\"@id\":\"https:\/\/elpuucnoticias.com\/#\/schema\/person\/d2ea09e4c97f0160b11cdfb1d856bd9e\",\"name\":\"elpuucnoticias\",\"image\":{\"@type\":\"ImageObject\",\"@id\":\"https:\/\/elpuucnoticias.com\/#personlogo\",\"inLanguage\":\"es\",\"url\":\"https:\/\/secure.gravatar.com\/avatar\/5290a43657c74ffa15701dbe5b846bd85cc71930d803c84e91046a7333de6ce2?s=96&d=mm&r=g\",\"contentUrl\":\"https:\/\/secure.gravatar.com\/avatar\/5290a43657c74ffa15701dbe5b846bd85cc71930d803c84e91046a7333de6ce2?s=96&d=mm&r=g\",\"caption\":\"elpuucnoticias\"},\"sameAs\":[\"https:\/\/elpuucnoticias.com\"],\"url\":\"https:\/\/elpuucnoticias.com\/?author=1\"}]}<\/script>\n<!-- \/ Yoast SEO plugin. -->","yoast_head_json":{"title":"Pesistas quintanarroenses se alistan en CDMX con miras al 2024 IWF Campeonato Mundial de Halterofilia\u00a0 - El Puuc Noticias","robots":{"index":"index","follow":"follow","max-snippet":"max-snippet:-1","max-image-preview":"max-image-preview:large","max-video-preview":"max-video-preview:-1"},"canonical":"https:\/\/elpuucnoticias.com\/?p=16971","og_locale":"es_ES","og_type":"article","og_title":"Pesistas quintanarroenses se alistan en CDMX con miras al 2024 IWF Campeonato Mundial de Halterofilia\u00a0 - El Puuc Noticias","og_description":"Los atletas quintanarroenses V\u00edctor Badur G\u00fc\u00e9mez Cel y Darvin Ariel Pech G\u00f3mez, se encuentran concentrados con la Selecci\u00f3n","og_url":"https:\/\/elpuucnoticias.com\/?p=16971","og_site_name":"El Puuc Noticias","article_published_time":"2024-11-01T19:16:58+00:00","article_modified_time":"2024-11-01T19:16:59+00:00","og_image":[{"width":1526,"height":1600,"url":"https:\/\/elpuucnoticias.com\/wp-content\/uploads\/2024\/11\/whatsapp-image-2024-11-01-at-1.01.13-pm.jpeg","type":"image\/jpeg"}],"twitter_card":"summary_large_image","twitter_misc":{"Escrito por":"elpuucnoticias","Tiempo de lectura":"2 minutos"},"schema":{"@context":"https:\/\/schema.org","@graph":[{"@type":"WebSite","@id":"https:\/\/elpuucnoticias.com\/#website","url":"https:\/\/elpuucnoticias.com\/","name":"El Puuc Noticias","description":"Noticias - Entretenimiento - Deportes","potentialAction":[{"@type":"SearchAction","target":{"@type":"EntryPoint","urlTemplate":"https:\/\/elpuucnoticias.com\/?s={search_term_string}"},"query-input":"required name=search_term_string"}],"inLanguage":"es"},{"@type":"ImageObject","@id":"https:\/\/elpuucnoticias.com\/?p=16971#primaryimage","inLanguage":"es","url":"https:\/\/elpuucnoticias.com\/wp-content\/uploads\/2024\/11\/whatsapp-image-2024-11-01-at-1.01.13-pm.jpeg","contentUrl":"https:\/\/elpuucnoticias.com\/wp-content\/uploads\/2024\/11\/whatsapp-image-2024-11-01-at-1.01.13-pm.jpeg","width":1526,"height":1600},{"@type":"WebPage","@id":"https:\/\/elpuucnoticias.com\/?p=16971#webpage","url":"https:\/\/elpuucnoticias.com\/?p=16971","name":"Pesistas quintanarroenses se alistan en CDMX con miras al 2024 IWF Campeonato Mundial de Halterofilia\u00a0 - El Puuc Noticias","isPartOf":{"@id":"https:\/\/elpuucnoticias.com\/#website"},"primaryImageOfPage":{"@id":"https:\/\/elpuucnoticias.com\/?p=16971#primaryimage"},"datePublished":"2024-11-01T19:16:58+00:00","dateModified":"2024-11-01T19:16:59+00:00","author":{"@id":"https:\/\/elpuucnoticias.com\/#\/schema\/person\/d2ea09e4c97f0160b11cdfb1d856bd9e"},"breadcrumb":{"@id":"https:\/\/elpuucnoticias.com\/?p=16971#breadcrumb"},"inLanguage":"es","potentialAction":[{"@type":"ReadAction","target":["https:\/\/elpuucnoticias.com\/?p=16971"]}]},{"@type":"BreadcrumbList","@id":"https:\/\/elpuucnoticias.com\/?p=16971#breadcrumb","itemListElement":[{"@type":"ListItem","position":1,"name":"Portada","item":"https:\/\/elpuucnoticias.com\/"},{"@type":"ListItem","position":2,"name":"Pesistas quintanarroenses se alistan en CDMX con miras al 2024 IWF Campeonato Mundial de Halterofilia\u00a0"}]},{"@type":"Person","@id":"https:\/\/elpuucnoticias.com\/#\/schema\/person\/d2ea09e4c97f0160b11cdfb1d856bd9e","name":"elpuucnoticias","image":{"@type":"ImageObject","@id":"https:\/\/elpuucnoticias.com\/#personlogo","inLanguage":"es","url":"https:\/\/secure.gravatar.com\/avatar\/5290a43657c74ffa15701dbe5b846bd85cc71930d803c84e91046a7333de6ce2?s=96&d=mm&r=g","contentUrl":"https:\/\/secure.gravatar.com\/avatar\/5290a43657c74ffa15701dbe5b846bd85cc71930d803c84e91046a7333de6ce2?s=96&d=mm&r=g","caption":"elpuucnoticias"},"sameAs":["https:\/\/elpuucnoticias.com"],"url":"https:\/\/elpuucnoticias.com\/?author=1"}]}},"_links":{"self":[{"href":"https:\/\/elpuucnoticias.com\/index.php?rest_route=\/wp\/v2\/posts\/16971","targetHints":{"allow":["GET"]}}],"collection":[{"href":"https:\/\/elpuucnoticias.com\/index.php?rest_route=\/wp\/v2\/posts"}],"about":[{"href":"https:\/\/elpuucnoticias.com\/index.php?rest_route=\/wp\/v2\/types\/post"}],"author":[{"embeddable":true,"href":"https:\/\/elpuucnoticias.com\/index.php?rest_route=\/wp\/v2\/users\/1"}],"replies":[{"embeddable":true,"href":"https:\/\/elpuucnoticias.com\/index.php?rest_route=%2Fwp%2Fv2%2Fcomments&post=16971"}],"version-history":[{"count":1,"href":"https:\/\/elpuucnoticias.com\/index.php?rest_route=\/wp\/v2\/posts\/16971\/revisions"}],"predecessor-version":[{"id":16975,"href":"https:\/\/elpuucnoticias.com\/index.php?rest_route=\/wp\/v2\/posts\/16971\/revisions\/16975"}],"wp:featuredmedia":[{"embeddable":true,"href":"https:\/\/elpuucnoticias.com\/index.php?rest_route=\/wp\/v2\/media\/16974"}],"wp:attachment":[{"href":"https:\/\/elpuucnoticias.com\/index.php?rest_route=%2Fwp%2Fv2%2Fmedia&parent=16971"}],"wp:term":[{"taxonomy":"category","embeddable":true,"href":"https:\/\/elpuucnoticias.com\/index.php?rest_route=%2Fwp%2Fv2%2Fcategories&post=16971"},{"taxonomy":"post_tag","embeddable":true,"href":"https:\/\/elpuucnoticias.com\/index.php?rest_route=%2Fwp%2Fv2%2Ftags&post=16971"}],"curies":[{"name":"wp","href":"https:\/\/api.w.org\/{rel}","templated":true}]}}