{"id":16976,"date":"2024-11-01T13:21:03","date_gmt":"2024-11-01T19:21:03","guid":{"rendered":"https:\/\/elpuucnoticias.com\/?p=16976"},"modified":"2024-11-01T13:21:04","modified_gmt":"2024-11-01T19:21:04","slug":"da-inicio-mara-lezama-a-janal-pixan-2024-con-familias-en-chetumal","status":"publish","type":"post","link":"https:\/\/elpuucnoticias.com\/?p=16976","title":{"rendered":"Da inicio Mara Lezama a \u201cJanal Pixan 2024\u201d con familias en Chetumal"},"content":{"rendered":"\n<p>Con el objetivo de preservar las tradiciones culturales y costumbres quintanarroenses, la gobernadora Mara Lezama Espinosa particip\u00f3 en las actividades relacionadas con el \u201cJanal Pixan 2024\u201d acompa\u00f1ada de la presidenta honoraria del Sistema DIF Quintana Roo, Ver\u00f3nica Lezama Espinosa.<\/p>\n\n\n\n<figure class=\"wp-block-image is-style-default\"><img decoding=\"async\" src=\"https:\/\/cgc.qroo.gob.mx\/cjg\/wp-content\/uploads\/2024\/10\/304f7152-44b1-454d-82e0-065a070574bc-585x390.jpg\" alt=\"\" title=\"304f7152-44b1-454d-82e0-065a070574bc\"\/><\/figure>\n\n\n\n<p>Las actividades de este d\u00eda iniciaron con el Paseo de las \u00c1nimas que parti\u00f3 del Congreso del Estado hasta llegar a la Plaza C\u00edvica del Palacio de Gobierno en donde se efectuaron actividades como rezo en maya, ballet folcl\u00f3rico del ICA, exhibici\u00f3n de altares de M\u00e9xico y degustaci\u00f3n de alimentos t\u00edpicos.<\/p>\n\n\n\n<p>La gobernadora recorri\u00f3 los diversos stands pero principalmente convivi\u00f3 con la gente, estuvo con las personas, las escuch\u00f3, mir\u00f3 de frente y caminaron juntas para disfrutar de este evento popular.<\/p>\n\n\n\n<p>Mara Lezama destac\u00f3 que estas representaciones culturales, costumbres y tradiciones, se realizan apegadas a la identidad viva de todas y todos los quintanarroenses, misma que se robustece con el Nuevo Acuerdo por el Bienestar y Desarrollo de Quintana Roo en el que las personas est\u00e1n en el centro de las pol\u00edticas p\u00fablicas de este gobierno humanista con coraz\u00f3n feminista.<\/p>\n\n\n\n<p>\u201cEn este Janal Pix\u00e1n, en el que nos reunimos para celebrar el ciclo de la vida y el misterio del m\u00e1s all\u00e1, abrimos nuestro coraz\u00f3n a nuestros seres queridos que, aunque se nos adelantaron, jam\u00e1s se han ido ni se ir\u00e1n jam\u00e1s mientras permanezca su recuerdo en nuestra memoria\u201d expres\u00f3 la Gobernadora.<\/p>\n\n\n\n<figure class=\"wp-block-image is-style-default\"><img decoding=\"async\" src=\"https:\/\/cgc.qroo.gob.mx\/cjg\/wp-content\/uploads\/2024\/10\/99e3d3e6-2b36-4b09-96d0-220535157b5d-585x264.jpg\" alt=\"\" title=\"99e3d3e6-2b36-4b09-96d0-220535157b5d\"\/><\/figure>\n\n\n\n<p>Por su parte, la presidenta del DIF estatal, Ver\u00f3nica Lezama Espinosa mencion\u00f3 que a trav\u00e9s del Sistema DIF se promueven los valores de convivencia y tradici\u00f3n, que sin duda une a las familias y defiende la cultura del pa\u00eds y de Quintana Roo.<\/p>\n\n\n\n<p>\u201cMe siento muy feliz, el ver contenta a cientos de familias, disfrutando, conviviendo y participando en esta celebraci\u00f3n, que nos muestra que de norte a sur, somos uno s\u00f3lo, somos seres humanos ayudando a m\u00e1s seres humanos\u201d, indic\u00f3.<\/p>\n\n\n\n<p>Durante la festividad del \u201cJanal Pixan 2024\u201d, estar\u00e1n en exhibici\u00f3n altares representativos de 32 estados de la rep\u00fablica mexicana, la participaci\u00f3n de Expo-Artesanos, la presentaci\u00f3n de actividades art\u00edsticas y culturales, que se realizan en colaboraci\u00f3n con el Instituto para la Cultura y las Artes del estado, dependencias de gobierno y la secretar\u00eda de Finanzas y Planeaci\u00f3n (SEFIPLAN).<\/p>\n\n\n\n<p>En el desfile \u201cPaseo de las \u00c1nimas\u201d se cont\u00f3 con la participaci\u00f3n de estudiantes de diversas instituciones como CONALEP, COBAQROO, ciudadanos, voluntarias y voluntarios, as\u00ed como autoridades del DIF Quintana Roo, dependencias de gobierno y del Ayuntamiento de Oth\u00f3n P. Blanco.<\/p>\n\n\n\n<p>Entre otros funcionarios, acompa\u00f1aron a la Gobernadora el magistrado Heyden Cebada Rivas, presidente del Tribunal Superior de Justicia; la directora del Sistema DIF, Abril Sabido Alc\u00e9rreca; el director del Instituto para el Desarrollo del Pueblo Maya y las Comunidades Ind\u00edgenas, Eder Enrique Chuc Cen; Jorge San\u00e9n, presidente de la Junta de Coordinaci\u00f3n Pol\u00edtica del Congreso del Estado, y presidentas y presidentes municipales.<\/p>\n","protected":false},"excerpt":{"rendered":"<p>Con el objetivo de preservar las tradiciones culturales y costumbres quintanarroenses, la gobernadora Mara Lezama Espinosa particip\u00f3 en<\/p>\n","protected":false},"author":1,"featured_media":16977,"comment_status":"closed","ping_status":"open","sticky":false,"template":"","format":"standard","meta":{"_monsterinsights_skip_tracking":false,"_monsterinsights_sitenote_active":false,"_monsterinsights_sitenote_note":"","_monsterinsights_sitenote_category":0,"footnotes":""},"categories":[11,24],"tags":[],"class_list":["post-16976","post","type-post","status-publish","format-standard","has-post-thumbnail","hentry","category-noticias","category-quintana-roo"],"yoast_head":"<!-- This site is optimized with the Yoast SEO plugin v18.3 - https:\/\/yoast.com\/wordpress\/plugins\/seo\/ -->\n<title>Da inicio Mara Lezama a \u201cJanal Pixan 2024\u201d con familias en Chetumal - El Puuc Noticias<\/title>\n<meta name=\"robots\" content=\"index, follow, max-snippet:-1, max-image-preview:large, max-video-preview:-1\" \/>\n<link rel=\"canonical\" href=\"https:\/\/elpuucnoticias.com\/?p=16976\" \/>\n<meta property=\"og:locale\" content=\"es_ES\" \/>\n<meta property=\"og:type\" content=\"article\" \/>\n<meta property=\"og:title\" content=\"Da inicio Mara Lezama a \u201cJanal Pixan 2024\u201d con familias en Chetumal - El Puuc Noticias\" \/>\n<meta property=\"og:description\" content=\"Con el objetivo de preservar las tradiciones culturales y costumbres quintanarroenses, la gobernadora Mara Lezama Espinosa particip\u00f3 en\" \/>\n<meta property=\"og:url\" content=\"https:\/\/elpuucnoticias.com\/?p=16976\" \/>\n<meta property=\"og:site_name\" content=\"El Puuc Noticias\" \/>\n<meta property=\"article:published_time\" content=\"2024-11-01T19:21:03+00:00\" \/>\n<meta property=\"article:modified_time\" content=\"2024-11-01T19:21:04+00:00\" \/>\n<meta property=\"og:image\" content=\"https:\/\/elpuucnoticias.com\/wp-content\/uploads\/2024\/11\/ukyl.jpg\" \/>\n\t<meta property=\"og:image:width\" content=\"1600\" \/>\n\t<meta property=\"og:image:height\" content=\"1066\" \/>\n\t<meta property=\"og:image:type\" content=\"image\/jpeg\" \/>\n<meta name=\"twitter:card\" content=\"summary_large_image\" \/>\n<meta name=\"twitter:label1\" content=\"Escrito por\" \/>\n\t<meta name=\"twitter:data1\" content=\"elpuucnoticias\" \/>\n\t<meta name=\"twitter:label2\" content=\"Tiempo de lectura\" \/>\n\t<meta name=\"twitter:data2\" content=\"3 minutos\" \/>\n<script type=\"application\/ld+json\" class=\"yoast-schema-graph\">{\"@context\":\"https:\/\/schema.org\",\"@graph\":[{\"@type\":\"WebSite\",\"@id\":\"https:\/\/elpuucnoticias.com\/#website\",\"url\":\"https:\/\/elpuucnoticias.com\/\",\"name\":\"El Puuc Noticias\",\"description\":\"Noticias - Entretenimiento - Deportes\",\"potentialAction\":[{\"@type\":\"SearchAction\",\"target\":{\"@type\":\"EntryPoint\",\"urlTemplate\":\"https:\/\/elpuucnoticias.com\/?s={search_term_string}\"},\"query-input\":\"required name=search_term_string\"}],\"inLanguage\":\"es\"},{\"@type\":\"ImageObject\",\"@id\":\"https:\/\/elpuucnoticias.com\/?p=16976#primaryimage\",\"inLanguage\":\"es\",\"url\":\"https:\/\/elpuucnoticias.com\/wp-content\/uploads\/2024\/11\/ukyl.jpg\",\"contentUrl\":\"https:\/\/elpuucnoticias.com\/wp-content\/uploads\/2024\/11\/ukyl.jpg\",\"width\":1600,\"height\":1066},{\"@type\":\"WebPage\",\"@id\":\"https:\/\/elpuucnoticias.com\/?p=16976#webpage\",\"url\":\"https:\/\/elpuucnoticias.com\/?p=16976\",\"name\":\"Da inicio Mara Lezama a \u201cJanal Pixan 2024\u201d con familias en Chetumal - El Puuc Noticias\",\"isPartOf\":{\"@id\":\"https:\/\/elpuucnoticias.com\/#website\"},\"primaryImageOfPage\":{\"@id\":\"https:\/\/elpuucnoticias.com\/?p=16976#primaryimage\"},\"datePublished\":\"2024-11-01T19:21:03+00:00\",\"dateModified\":\"2024-11-01T19:21:04+00:00\",\"author\":{\"@id\":\"https:\/\/elpuucnoticias.com\/#\/schema\/person\/d2ea09e4c97f0160b11cdfb1d856bd9e\"},\"breadcrumb\":{\"@id\":\"https:\/\/elpuucnoticias.com\/?p=16976#breadcrumb\"},\"inLanguage\":\"es\",\"potentialAction\":[{\"@type\":\"ReadAction\",\"target\":[\"https:\/\/elpuucnoticias.com\/?p=16976\"]}]},{\"@type\":\"BreadcrumbList\",\"@id\":\"https:\/\/elpuucnoticias.com\/?p=16976#breadcrumb\",\"itemListElement\":[{\"@type\":\"ListItem\",\"position\":1,\"name\":\"Portada\",\"item\":\"https:\/\/elpuucnoticias.com\/\"},{\"@type\":\"ListItem\",\"position\":2,\"name\":\"Da inicio Mara Lezama a \u201cJanal Pixan 2024\u201d con familias en Chetumal\"}]},{\"@type\":\"Person\",\"@id\":\"https:\/\/elpuucnoticias.com\/#\/schema\/person\/d2ea09e4c97f0160b11cdfb1d856bd9e\",\"name\":\"elpuucnoticias\",\"image\":{\"@type\":\"ImageObject\",\"@id\":\"https:\/\/elpuucnoticias.com\/#personlogo\",\"inLanguage\":\"es\",\"url\":\"https:\/\/secure.gravatar.com\/avatar\/5290a43657c74ffa15701dbe5b846bd85cc71930d803c84e91046a7333de6ce2?s=96&d=mm&r=g\",\"contentUrl\":\"https:\/\/secure.gravatar.com\/avatar\/5290a43657c74ffa15701dbe5b846bd85cc71930d803c84e91046a7333de6ce2?s=96&d=mm&r=g\",\"caption\":\"elpuucnoticias\"},\"sameAs\":[\"https:\/\/elpuucnoticias.com\"],\"url\":\"https:\/\/elpuucnoticias.com\/?author=1\"}]}<\/script>\n<!-- \/ Yoast SEO plugin. -->","yoast_head_json":{"title":"Da inicio Mara Lezama a \u201cJanal Pixan 2024\u201d con familias en Chetumal - El Puuc Noticias","robots":{"index":"index","follow":"follow","max-snippet":"max-snippet:-1","max-image-preview":"max-image-preview:large","max-video-preview":"max-video-preview:-1"},"canonical":"https:\/\/elpuucnoticias.com\/?p=16976","og_locale":"es_ES","og_type":"article","og_title":"Da inicio Mara Lezama a \u201cJanal Pixan 2024\u201d con familias en Chetumal - El Puuc Noticias","og_description":"Con el objetivo de preservar las tradiciones culturales y costumbres quintanarroenses, la gobernadora Mara Lezama Espinosa particip\u00f3 en","og_url":"https:\/\/elpuucnoticias.com\/?p=16976","og_site_name":"El Puuc Noticias","article_published_time":"2024-11-01T19:21:03+00:00","article_modified_time":"2024-11-01T19:21:04+00:00","og_image":[{"width":1600,"height":1066,"url":"https:\/\/elpuucnoticias.com\/wp-content\/uploads\/2024\/11\/ukyl.jpg","type":"image\/jpeg"}],"twitter_card":"summary_large_image","twitter_misc":{"Escrito por":"elpuucnoticias","Tiempo de lectura":"3 minutos"},"schema":{"@context":"https:\/\/schema.org","@graph":[{"@type":"WebSite","@id":"https:\/\/elpuucnoticias.com\/#website","url":"https:\/\/elpuucnoticias.com\/","name":"El Puuc Noticias","description":"Noticias - Entretenimiento - Deportes","potentialAction":[{"@type":"SearchAction","target":{"@type":"EntryPoint","urlTemplate":"https:\/\/elpuucnoticias.com\/?s={search_term_string}"},"query-input":"required name=search_term_string"}],"inLanguage":"es"},{"@type":"ImageObject","@id":"https:\/\/elpuucnoticias.com\/?p=16976#primaryimage","inLanguage":"es","url":"https:\/\/elpuucnoticias.com\/wp-content\/uploads\/2024\/11\/ukyl.jpg","contentUrl":"https:\/\/elpuucnoticias.com\/wp-content\/uploads\/2024\/11\/ukyl.jpg","width":1600,"height":1066},{"@type":"WebPage","@id":"https:\/\/elpuucnoticias.com\/?p=16976#webpage","url":"https:\/\/elpuucnoticias.com\/?p=16976","name":"Da inicio Mara Lezama a \u201cJanal Pixan 2024\u201d con familias en Chetumal - El Puuc Noticias","isPartOf":{"@id":"https:\/\/elpuucnoticias.com\/#website"},"primaryImageOfPage":{"@id":"https:\/\/elpuucnoticias.com\/?p=16976#primaryimage"},"datePublished":"2024-11-01T19:21:03+00:00","dateModified":"2024-11-01T19:21:04+00:00","author":{"@id":"https:\/\/elpuucnoticias.com\/#\/schema\/person\/d2ea09e4c97f0160b11cdfb1d856bd9e"},"breadcrumb":{"@id":"https:\/\/elpuucnoticias.com\/?p=16976#breadcrumb"},"inLanguage":"es","potentialAction":[{"@type":"ReadAction","target":["https:\/\/elpuucnoticias.com\/?p=16976"]}]},{"@type":"BreadcrumbList","@id":"https:\/\/elpuucnoticias.com\/?p=16976#breadcrumb","itemListElement":[{"@type":"ListItem","position":1,"name":"Portada","item":"https:\/\/elpuucnoticias.com\/"},{"@type":"ListItem","position":2,"name":"Da inicio Mara Lezama a \u201cJanal Pixan 2024\u201d con familias en Chetumal"}]},{"@type":"Person","@id":"https:\/\/elpuucnoticias.com\/#\/schema\/person\/d2ea09e4c97f0160b11cdfb1d856bd9e","name":"elpuucnoticias","image":{"@type":"ImageObject","@id":"https:\/\/elpuucnoticias.com\/#personlogo","inLanguage":"es","url":"https:\/\/secure.gravatar.com\/avatar\/5290a43657c74ffa15701dbe5b846bd85cc71930d803c84e91046a7333de6ce2?s=96&d=mm&r=g","contentUrl":"https:\/\/secure.gravatar.com\/avatar\/5290a43657c74ffa15701dbe5b846bd85cc71930d803c84e91046a7333de6ce2?s=96&d=mm&r=g","caption":"elpuucnoticias"},"sameAs":["https:\/\/elpuucnoticias.com"],"url":"https:\/\/elpuucnoticias.com\/?author=1"}]}},"_links":{"self":[{"href":"https:\/\/elpuucnoticias.com\/index.php?rest_route=\/wp\/v2\/posts\/16976","targetHints":{"allow":["GET"]}}],"collection":[{"href":"https:\/\/elpuucnoticias.com\/index.php?rest_route=\/wp\/v2\/posts"}],"about":[{"href":"https:\/\/elpuucnoticias.com\/index.php?rest_route=\/wp\/v2\/types\/post"}],"author":[{"embeddable":true,"href":"https:\/\/elpuucnoticias.com\/index.php?rest_route=\/wp\/v2\/users\/1"}],"replies":[{"embeddable":true,"href":"https:\/\/elpuucnoticias.com\/index.php?rest_route=%2Fwp%2Fv2%2Fcomments&post=16976"}],"version-history":[{"count":1,"href":"https:\/\/elpuucnoticias.com\/index.php?rest_route=\/wp\/v2\/posts\/16976\/revisions"}],"predecessor-version":[{"id":16978,"href":"https:\/\/elpuucnoticias.com\/index.php?rest_route=\/wp\/v2\/posts\/16976\/revisions\/16978"}],"wp:featuredmedia":[{"embeddable":true,"href":"https:\/\/elpuucnoticias.com\/index.php?rest_route=\/wp\/v2\/media\/16977"}],"wp:attachment":[{"href":"https:\/\/elpuucnoticias.com\/index.php?rest_route=%2Fwp%2Fv2%2Fmedia&parent=16976"}],"wp:term":[{"taxonomy":"category","embeddable":true,"href":"https:\/\/elpuucnoticias.com\/index.php?rest_route=%2Fwp%2Fv2%2Fcategories&post=16976"},{"taxonomy":"post_tag","embeddable":true,"href":"https:\/\/elpuucnoticias.com\/index.php?rest_route=%2Fwp%2Fv2%2Ftags&post=16976"}],"curies":[{"name":"wp","href":"https:\/\/api.w.org\/{rel}","templated":true}]}}