{"id":16989,"date":"2024-11-01T13:40:50","date_gmt":"2024-11-01T19:40:50","guid":{"rendered":"https:\/\/elpuucnoticias.com\/?p=16989"},"modified":"2024-11-01T13:40:51","modified_gmt":"2024-11-01T19:40:51","slug":"la-fpmc-celebra-el-dia-de-muertos-con-evento-multisensorial-para-preservar-la-cultura-mexicana","status":"publish","type":"post","link":"https:\/\/elpuucnoticias.com\/?p=16989","title":{"rendered":"La FPMC celebra el D\u00eda de Muertos con evento multisensorial para preservar la cultura mexicana"},"content":{"rendered":"\n<p>En medio de un ambiente m\u00edstico, la Fundaci\u00f3n de Parques y Museos de Cozumel (FPMC) celebr\u00f3 del D\u00eda de Muertos, a trav\u00e9s de un evento multisensorial en el Museo de la Isla, para conmemorar una de las tradiciones m\u00e1s profundas y arraigadas en M\u00e9xico, que combina elementos religiosos con rituales ancestrales.<\/p>\n\n\n\n<figure class=\"wp-block-image is-style-default\"><img decoding=\"async\" src=\"https:\/\/cgc.qroo.gob.mx\/cjg\/wp-content\/uploads\/2024\/11\/WhatsApp-Image-2024-11-01-at-13.05.13-2-585x390.jpeg\" alt=\"\" title=\"WhatsApp Image 2024-11-01 at 13.05.13 (2)\"\/><\/figure>\n\n\n\n<p>La FPMC reafirma su compromiso con la conservaci\u00f3n y difusi\u00f3n del patrimonio cultural de la comunidad con una serie de actividades, que fortalecen la identidad y la cohesi\u00f3n social, en l\u00ednea con el Nuevo Acuerdo por el Bienestar y Desarrollo de Quintana Roo, impulsado por la gobernadora Mara Lezama Espinosa, destac\u00f3 la directora general de la instituci\u00f3n, Juanita Alonso Marrufo.<\/p>\n\n\n\n<p>El evento comenz\u00f3 con una ceremonia prehisp\u00e1nica de purificaci\u00f3n con la que se dio la bienvenida a las y los invitados. Despu\u00e9s Juanita Alonso encabez\u00f3 la inauguraci\u00f3n de la exposici\u00f3n colectiva de arte \u201cD\u00eda de Muertos: Mexican\u00edsimo\u201d, que re\u00fane obras de artistas de la localidad, inspiradas en esta tradici\u00f3n mexicana y entreg\u00f3 reconocimientos a la comunidad art\u00edstica por su participaci\u00f3n en esta muestra.<\/p>\n\n\n\n<p>La directora del centro museografico, Isela Carrillo Cupul, explic\u00f3 que este a\u00f1o el altar monumental est\u00e1 dedicado a Huaquechula, Puebla, adem\u00e1s de tener el tradicional altar en la casa maya del Museo, dedicado al Hanal Pix\u00e1n \u2014la tradicional \u201ccomida de las \u00e1nimas\u201d en la cultura maya\u2014 que incluye elementos regionales distintivos.<\/p>\n\n\n\n<p>Como parte de la celebraci\u00f3n, el cantante de m\u00fasica regional mexicana Armando Ferral ofreci\u00f3 un concierto especial con canciones alusivas al D\u00eda de Muertos, acompa\u00f1adas de un v\u00eddeo conmemorativo sobre el \u201cmucbipollo\u201d, el platillo tradicional de esta fecha en la pen\u00ednsula de Yucat\u00e1n.<\/p>\n\n\n\n<figure class=\"wp-block-image is-style-default\"><img decoding=\"async\" src=\"https:\/\/cgc.qroo.gob.mx\/cjg\/wp-content\/uploads\/2024\/11\/WhatsApp-Image-2024-11-01-at-13.05.12-585x389.jpeg\" alt=\"\" title=\"WhatsApp Image 2024-11-01 at 13.05.12\"\/><\/figure>\n\n\n\n<p>Quienes asistieron tambi\u00e9n disfrutaron de un v\u00eddeomapping que se proyect\u00f3 sobre las emblem\u00e1ticas escaleras del Museo de la Isla, con figuras de calaveras y flores, convirti\u00e9ndose en el escenario propicio para que con una intervenci\u00f3n teatral, la actriz cozumele\u00f1a, Esmeralda Balam, guiara a la gente hac\u00eda el altar monumental, que se encuentra en la planta alta del edificio.<\/p>\n\n\n\n<p>El Museo de la Isla est\u00e1 abierto al p\u00fablico de manera gratuita de martes a domingo, de nueve de la ma\u00f1ana a cinco de la tarde, para que todos puedan disfrutar de esta exposici\u00f3n y los altares, los cuales estar\u00e1n disponibles hasta el 6 de diciembre. La FPMC reafirma su misi\u00f3n de preservar y difundir las tradiciones mexicanas, consolid\u00e1ndose como un pilar en la conservaci\u00f3n cultural y art\u00edstica de Cozumel.<\/p>\n","protected":false},"excerpt":{"rendered":"<p>En medio de un ambiente m\u00edstico, la Fundaci\u00f3n de Parques y Museos de Cozumel (FPMC) celebr\u00f3 del D\u00eda<\/p>\n","protected":false},"author":1,"featured_media":16990,"comment_status":"closed","ping_status":"open","sticky":false,"template":"","format":"standard","meta":{"_monsterinsights_skip_tracking":false,"_monsterinsights_sitenote_active":false,"_monsterinsights_sitenote_note":"","_monsterinsights_sitenote_category":0,"footnotes":""},"categories":[11,24],"tags":[],"class_list":["post-16989","post","type-post","status-publish","format-standard","has-post-thumbnail","hentry","category-noticias","category-quintana-roo"],"yoast_head":"<!-- This site is optimized with the Yoast SEO plugin v18.3 - https:\/\/yoast.com\/wordpress\/plugins\/seo\/ -->\n<title>La FPMC celebra el D\u00eda de Muertos con evento multisensorial para preservar la cultura mexicana - El Puuc Noticias<\/title>\n<meta name=\"robots\" content=\"index, follow, max-snippet:-1, max-image-preview:large, max-video-preview:-1\" \/>\n<link rel=\"canonical\" href=\"https:\/\/elpuucnoticias.com\/?p=16989\" \/>\n<meta property=\"og:locale\" content=\"es_ES\" \/>\n<meta property=\"og:type\" content=\"article\" \/>\n<meta property=\"og:title\" content=\"La FPMC celebra el D\u00eda de Muertos con evento multisensorial para preservar la cultura mexicana - El Puuc Noticias\" \/>\n<meta property=\"og:description\" content=\"En medio de un ambiente m\u00edstico, la Fundaci\u00f3n de Parques y Museos de Cozumel (FPMC) celebr\u00f3 del D\u00eda\" \/>\n<meta property=\"og:url\" content=\"https:\/\/elpuucnoticias.com\/?p=16989\" \/>\n<meta property=\"og:site_name\" content=\"El Puuc Noticias\" \/>\n<meta property=\"article:published_time\" content=\"2024-11-01T19:40:50+00:00\" \/>\n<meta property=\"article:modified_time\" content=\"2024-11-01T19:40:51+00:00\" \/>\n<meta property=\"og:image\" content=\"https:\/\/elpuucnoticias.com\/wp-content\/uploads\/2024\/11\/iut.jpeg\" \/>\n\t<meta property=\"og:image:width\" content=\"1600\" \/>\n\t<meta property=\"og:image:height\" content=\"1066\" \/>\n\t<meta property=\"og:image:type\" content=\"image\/jpeg\" \/>\n<meta name=\"twitter:card\" content=\"summary_large_image\" \/>\n<meta name=\"twitter:label1\" content=\"Escrito por\" \/>\n\t<meta name=\"twitter:data1\" content=\"elpuucnoticias\" \/>\n\t<meta name=\"twitter:label2\" content=\"Tiempo de lectura\" \/>\n\t<meta name=\"twitter:data2\" content=\"2 minutos\" \/>\n<script type=\"application\/ld+json\" class=\"yoast-schema-graph\">{\"@context\":\"https:\/\/schema.org\",\"@graph\":[{\"@type\":\"WebSite\",\"@id\":\"https:\/\/elpuucnoticias.com\/#website\",\"url\":\"https:\/\/elpuucnoticias.com\/\",\"name\":\"El Puuc Noticias\",\"description\":\"Noticias - Entretenimiento - Deportes\",\"potentialAction\":[{\"@type\":\"SearchAction\",\"target\":{\"@type\":\"EntryPoint\",\"urlTemplate\":\"https:\/\/elpuucnoticias.com\/?s={search_term_string}\"},\"query-input\":\"required name=search_term_string\"}],\"inLanguage\":\"es\"},{\"@type\":\"ImageObject\",\"@id\":\"https:\/\/elpuucnoticias.com\/?p=16989#primaryimage\",\"inLanguage\":\"es\",\"url\":\"https:\/\/elpuucnoticias.com\/wp-content\/uploads\/2024\/11\/iut.jpeg\",\"contentUrl\":\"https:\/\/elpuucnoticias.com\/wp-content\/uploads\/2024\/11\/iut.jpeg\",\"width\":1600,\"height\":1066},{\"@type\":\"WebPage\",\"@id\":\"https:\/\/elpuucnoticias.com\/?p=16989#webpage\",\"url\":\"https:\/\/elpuucnoticias.com\/?p=16989\",\"name\":\"La FPMC celebra el D\u00eda de Muertos con evento multisensorial para preservar la cultura mexicana - El Puuc Noticias\",\"isPartOf\":{\"@id\":\"https:\/\/elpuucnoticias.com\/#website\"},\"primaryImageOfPage\":{\"@id\":\"https:\/\/elpuucnoticias.com\/?p=16989#primaryimage\"},\"datePublished\":\"2024-11-01T19:40:50+00:00\",\"dateModified\":\"2024-11-01T19:40:51+00:00\",\"author\":{\"@id\":\"https:\/\/elpuucnoticias.com\/#\/schema\/person\/d2ea09e4c97f0160b11cdfb1d856bd9e\"},\"breadcrumb\":{\"@id\":\"https:\/\/elpuucnoticias.com\/?p=16989#breadcrumb\"},\"inLanguage\":\"es\",\"potentialAction\":[{\"@type\":\"ReadAction\",\"target\":[\"https:\/\/elpuucnoticias.com\/?p=16989\"]}]},{\"@type\":\"BreadcrumbList\",\"@id\":\"https:\/\/elpuucnoticias.com\/?p=16989#breadcrumb\",\"itemListElement\":[{\"@type\":\"ListItem\",\"position\":1,\"name\":\"Portada\",\"item\":\"https:\/\/elpuucnoticias.com\/\"},{\"@type\":\"ListItem\",\"position\":2,\"name\":\"La FPMC celebra el D\u00eda de Muertos con evento multisensorial para preservar la cultura mexicana\"}]},{\"@type\":\"Person\",\"@id\":\"https:\/\/elpuucnoticias.com\/#\/schema\/person\/d2ea09e4c97f0160b11cdfb1d856bd9e\",\"name\":\"elpuucnoticias\",\"image\":{\"@type\":\"ImageObject\",\"@id\":\"https:\/\/elpuucnoticias.com\/#personlogo\",\"inLanguage\":\"es\",\"url\":\"https:\/\/secure.gravatar.com\/avatar\/5290a43657c74ffa15701dbe5b846bd85cc71930d803c84e91046a7333de6ce2?s=96&d=mm&r=g\",\"contentUrl\":\"https:\/\/secure.gravatar.com\/avatar\/5290a43657c74ffa15701dbe5b846bd85cc71930d803c84e91046a7333de6ce2?s=96&d=mm&r=g\",\"caption\":\"elpuucnoticias\"},\"sameAs\":[\"https:\/\/elpuucnoticias.com\"],\"url\":\"https:\/\/elpuucnoticias.com\/?author=1\"}]}<\/script>\n<!-- \/ Yoast SEO plugin. -->","yoast_head_json":{"title":"La FPMC celebra el D\u00eda de Muertos con evento multisensorial para preservar la cultura mexicana - El Puuc Noticias","robots":{"index":"index","follow":"follow","max-snippet":"max-snippet:-1","max-image-preview":"max-image-preview:large","max-video-preview":"max-video-preview:-1"},"canonical":"https:\/\/elpuucnoticias.com\/?p=16989","og_locale":"es_ES","og_type":"article","og_title":"La FPMC celebra el D\u00eda de Muertos con evento multisensorial para preservar la cultura mexicana - El Puuc Noticias","og_description":"En medio de un ambiente m\u00edstico, la Fundaci\u00f3n de Parques y Museos de Cozumel (FPMC) celebr\u00f3 del D\u00eda","og_url":"https:\/\/elpuucnoticias.com\/?p=16989","og_site_name":"El Puuc Noticias","article_published_time":"2024-11-01T19:40:50+00:00","article_modified_time":"2024-11-01T19:40:51+00:00","og_image":[{"width":1600,"height":1066,"url":"https:\/\/elpuucnoticias.com\/wp-content\/uploads\/2024\/11\/iut.jpeg","type":"image\/jpeg"}],"twitter_card":"summary_large_image","twitter_misc":{"Escrito por":"elpuucnoticias","Tiempo de lectura":"2 minutos"},"schema":{"@context":"https:\/\/schema.org","@graph":[{"@type":"WebSite","@id":"https:\/\/elpuucnoticias.com\/#website","url":"https:\/\/elpuucnoticias.com\/","name":"El Puuc Noticias","description":"Noticias - Entretenimiento - Deportes","potentialAction":[{"@type":"SearchAction","target":{"@type":"EntryPoint","urlTemplate":"https:\/\/elpuucnoticias.com\/?s={search_term_string}"},"query-input":"required name=search_term_string"}],"inLanguage":"es"},{"@type":"ImageObject","@id":"https:\/\/elpuucnoticias.com\/?p=16989#primaryimage","inLanguage":"es","url":"https:\/\/elpuucnoticias.com\/wp-content\/uploads\/2024\/11\/iut.jpeg","contentUrl":"https:\/\/elpuucnoticias.com\/wp-content\/uploads\/2024\/11\/iut.jpeg","width":1600,"height":1066},{"@type":"WebPage","@id":"https:\/\/elpuucnoticias.com\/?p=16989#webpage","url":"https:\/\/elpuucnoticias.com\/?p=16989","name":"La FPMC celebra el D\u00eda de Muertos con evento multisensorial para preservar la cultura mexicana - El Puuc Noticias","isPartOf":{"@id":"https:\/\/elpuucnoticias.com\/#website"},"primaryImageOfPage":{"@id":"https:\/\/elpuucnoticias.com\/?p=16989#primaryimage"},"datePublished":"2024-11-01T19:40:50+00:00","dateModified":"2024-11-01T19:40:51+00:00","author":{"@id":"https:\/\/elpuucnoticias.com\/#\/schema\/person\/d2ea09e4c97f0160b11cdfb1d856bd9e"},"breadcrumb":{"@id":"https:\/\/elpuucnoticias.com\/?p=16989#breadcrumb"},"inLanguage":"es","potentialAction":[{"@type":"ReadAction","target":["https:\/\/elpuucnoticias.com\/?p=16989"]}]},{"@type":"BreadcrumbList","@id":"https:\/\/elpuucnoticias.com\/?p=16989#breadcrumb","itemListElement":[{"@type":"ListItem","position":1,"name":"Portada","item":"https:\/\/elpuucnoticias.com\/"},{"@type":"ListItem","position":2,"name":"La FPMC celebra el D\u00eda de Muertos con evento multisensorial para preservar la cultura mexicana"}]},{"@type":"Person","@id":"https:\/\/elpuucnoticias.com\/#\/schema\/person\/d2ea09e4c97f0160b11cdfb1d856bd9e","name":"elpuucnoticias","image":{"@type":"ImageObject","@id":"https:\/\/elpuucnoticias.com\/#personlogo","inLanguage":"es","url":"https:\/\/secure.gravatar.com\/avatar\/5290a43657c74ffa15701dbe5b846bd85cc71930d803c84e91046a7333de6ce2?s=96&d=mm&r=g","contentUrl":"https:\/\/secure.gravatar.com\/avatar\/5290a43657c74ffa15701dbe5b846bd85cc71930d803c84e91046a7333de6ce2?s=96&d=mm&r=g","caption":"elpuucnoticias"},"sameAs":["https:\/\/elpuucnoticias.com"],"url":"https:\/\/elpuucnoticias.com\/?author=1"}]}},"_links":{"self":[{"href":"https:\/\/elpuucnoticias.com\/index.php?rest_route=\/wp\/v2\/posts\/16989","targetHints":{"allow":["GET"]}}],"collection":[{"href":"https:\/\/elpuucnoticias.com\/index.php?rest_route=\/wp\/v2\/posts"}],"about":[{"href":"https:\/\/elpuucnoticias.com\/index.php?rest_route=\/wp\/v2\/types\/post"}],"author":[{"embeddable":true,"href":"https:\/\/elpuucnoticias.com\/index.php?rest_route=\/wp\/v2\/users\/1"}],"replies":[{"embeddable":true,"href":"https:\/\/elpuucnoticias.com\/index.php?rest_route=%2Fwp%2Fv2%2Fcomments&post=16989"}],"version-history":[{"count":1,"href":"https:\/\/elpuucnoticias.com\/index.php?rest_route=\/wp\/v2\/posts\/16989\/revisions"}],"predecessor-version":[{"id":16991,"href":"https:\/\/elpuucnoticias.com\/index.php?rest_route=\/wp\/v2\/posts\/16989\/revisions\/16991"}],"wp:featuredmedia":[{"embeddable":true,"href":"https:\/\/elpuucnoticias.com\/index.php?rest_route=\/wp\/v2\/media\/16990"}],"wp:attachment":[{"href":"https:\/\/elpuucnoticias.com\/index.php?rest_route=%2Fwp%2Fv2%2Fmedia&parent=16989"}],"wp:term":[{"taxonomy":"category","embeddable":true,"href":"https:\/\/elpuucnoticias.com\/index.php?rest_route=%2Fwp%2Fv2%2Fcategories&post=16989"},{"taxonomy":"post_tag","embeddable":true,"href":"https:\/\/elpuucnoticias.com\/index.php?rest_route=%2Fwp%2Fv2%2Ftags&post=16989"}],"curies":[{"name":"wp","href":"https:\/\/api.w.org\/{rel}","templated":true}]}}