{"id":17088,"date":"2024-11-06T15:16:53","date_gmt":"2024-11-06T21:16:53","guid":{"rendered":"https:\/\/elpuucnoticias.com\/?p=17088"},"modified":"2024-11-06T15:16:54","modified_gmt":"2024-11-06T21:16:54","slug":"anuncia-mara-lezama-en-jose-maria-morelos-apertura-de-convocatorias-para-fortalecer-la-economia-social-y-solidaria-de-los-quintanarroenses","status":"publish","type":"post","link":"https:\/\/elpuucnoticias.com\/?p=17088","title":{"rendered":"Anuncia Mara Lezama en Jos\u00e9 Mar\u00eda Morelos apertura de convocatorias para fortalecer la econom\u00eda social y solidaria de los quintanarroenses"},"content":{"rendered":"\n<p>La gobernadora Mara Lezama Espinosa anunci\u00f3 aqu\u00ed la apertura de las convocatorias para que las y los quintanarroenses puedan participar en los programas del Instituto de Econom\u00eda Social y Solidaria (IESSOL), del 4 al 18 de noviembre, mejoren su econom\u00eda y su bienestar.<\/p>\n\n\n\n<p>Los programas sociales que abren convocatoria en el periodo mencionado son: Artesanas del Bienestar que apoyar\u00e1 a m\u00e1s de 5 mil mujeres conformadas en 101 grupos; Huertos del Bienestar, que proyecta atender a 2 mil 200 personas en 44 grupos; Banca del Bienestar dirigida a 481 personas conformadas en 6 grupos y una cooperativa de ahorro y pr\u00e9stamo.<\/p>\n\n\n\n<figure class=\"wp-block-image is-style-default\"><img decoding=\"async\" src=\"https:\/\/cgc.qroo.gob.mx\/cjg\/wp-content\/uploads\/2024\/11\/WhatsApp-Image-2024-11-05-at-15.01.09-585x390.jpeg\" alt=\"\" title=\"WhatsApp Image 2024-11-05 at 15.01.09\"\/><\/figure>\n\n\n\n<p>El programa Cooperativismo en Centrales de Acopio Maya, beneficiar\u00e1 a 2 mil personas con la construcci\u00f3n de Centrales de Acopio; Cooperativismo Comunitario Maya \u2013 La Milpa Maya, que busca atender a 1 mil 650 beneficiarios organizados en 33 grupos; y Potencializaci\u00f3n del Cooperativismo con un total de 540 personas beneficiarias en 27 grupos.<\/p>\n\n\n\n<p>\u201cMe siento sumamente feliz de anunciar estos primeros frutos de este gran proyecto de justicia social dise\u00f1ado para la creaci\u00f3n y, sobre todo, la consolidaci\u00f3n de alianzas en los diversos sectores para vincular a aquellas y aquellos que nunca pudieron acceder a los financiamientos\u201d expres\u00f3 la Gobernadora.<\/p>\n\n\n\n<p>Hoy, a\u00f1adi\u00f3 Mara Lezama, a trav\u00e9s del Instituto tendr\u00e1n cr\u00e9ditos, capacitaci\u00f3n, difusi\u00f3n, fomento al cooperativismo local y regional, generar cadenas de producci\u00f3n, que representa el empoderamiento de las mujeres, pero tambi\u00e9n pasos firmes en la justicia social y el bienestar para todas y todos, y que prosperidad compartida llegue a las comunidades que estuvieron olvidadas por muchos a\u00f1os.<\/p>\n\n\n\n<p>Acompa\u00f1ada de la directora general de Financiera del Bienestar, Roc\u00edo Mej\u00eda Flores; de los secretarios de Bienestar, Pablo Bustamante; de Desarrollo Econ\u00f3mico, Paul Carrillo; de Sedarpe, Jorge Aguilar Osorio; la gobernadora dej\u00f3 en claro que esto es posible cuando se trabaja bajo el Nuevo Acuerdo por el Bienestar y Desarrollo de Quintana Roo y con un gobierno humanista con coraz\u00f3n feminista.<\/p>\n\n\n\n<p>De acuerdo con Perla Aguilar, los Programas del Instituto tienen el objetivo de fortalecer las capacidades humanas, t\u00e9cnicas y productivas de todas y todos que habitan en las comunidades originarias del Estado, preferentemente en localidades de atenci\u00f3n prioritaria. Las personas interesadas pueden registrarse a trav\u00e9s del portal https:\/\/qroo.gob.mx\/sebien\/iessol\/<\/p>\n\n\n\n<p>Para el municipio de Jos\u00e9 Mar\u00eda Morelos y con el programa Cooperativismo en Centrales de Acopio se beneficiar\u00e1 a 800 personas, con una inversi\u00f3n superior a los 17 millones 861 mil 303 pesos.<\/p>\n\n\n\n<p>La directora general de FINABIEN, Roc\u00edo Mej\u00eda Flores, expres\u00f3 el saludo de la presidenta Claudia Sheinbaum a las y los productores de Jos\u00e9 Mar\u00eda Morelos y les inform\u00f3 que con sus instrucciones se inici\u00f3 un levantamiento para preguntar a mujeres y hombres c\u00f3mo est\u00e1n, qu\u00e9 necesitan y que m\u00e1s se tiene que hacer para incrementar su producci\u00f3n.<\/p>\n\n\n\n<figure class=\"wp-block-image is-style-default\"><img decoding=\"async\" src=\"https:\/\/cgc.qroo.gob.mx\/cjg\/wp-content\/uploads\/2024\/11\/WhatsApp-Image-2024-11-05-at-15.01.11-585x390.jpeg\" alt=\"\" title=\"WhatsApp Image 2024-11-05 at 15.01.11\"\/><\/figure>\n\n\n\n<p>\u201cPor qu\u00e9 escogimos Quintana Roo para empezar este gran proyecto? Porque la gobernadora Mara Lezama ha sido un gran ejemplo en todo el pa\u00eds. Aqu\u00ed en Quintana Roo han desarrollado un gran programa de econom\u00eda social y solidaria. Aqu\u00ed han desarrollado grandes programas de apoyo a las mujeres productoras y a los hombres productores y por eso seleccionamos Quintana Roo para ser el primer estado en el cual levantemos este diagn\u00f3stico de necesidades\u201d enfatiz\u00f3.<\/p>\n\n\n\n<p>Participaron en este anuncio el presidente municipal de Jos\u00e9 Mar\u00eda Morelos, Erick Borges Yam; la artesana y representante de Lool Ka\u00b4ax, Leticia Mahay Dzib; el productor de lim\u00f3n de Candelaria, Wilson Avil\u00e9s, entre otras personas.<\/p>\n","protected":false},"excerpt":{"rendered":"<p>La gobernadora Mara Lezama Espinosa anunci\u00f3 aqu\u00ed la apertura de las convocatorias para que las y los quintanarroenses<\/p>\n","protected":false},"author":1,"featured_media":17089,"comment_status":"closed","ping_status":"open","sticky":false,"template":"","format":"standard","meta":{"_monsterinsights_skip_tracking":false,"_monsterinsights_sitenote_active":false,"_monsterinsights_sitenote_note":"","_monsterinsights_sitenote_category":0,"footnotes":""},"categories":[11,24],"tags":[],"class_list":["post-17088","post","type-post","status-publish","format-standard","has-post-thumbnail","hentry","category-noticias","category-quintana-roo"],"yoast_head":"<!-- This site is optimized with the Yoast SEO plugin v18.3 - https:\/\/yoast.com\/wordpress\/plugins\/seo\/ -->\n<title>Anuncia Mara Lezama en Jos\u00e9 Mar\u00eda Morelos apertura de convocatorias para fortalecer la econom\u00eda social y solidaria de los quintanarroenses - El Puuc Noticias<\/title>\n<meta name=\"robots\" content=\"index, follow, max-snippet:-1, max-image-preview:large, max-video-preview:-1\" \/>\n<link rel=\"canonical\" href=\"https:\/\/elpuucnoticias.com\/?p=17088\" \/>\n<meta property=\"og:locale\" content=\"es_ES\" \/>\n<meta property=\"og:type\" content=\"article\" \/>\n<meta property=\"og:title\" content=\"Anuncia Mara Lezama en Jos\u00e9 Mar\u00eda Morelos apertura de convocatorias para fortalecer la econom\u00eda social y solidaria de los quintanarroenses - El Puuc Noticias\" \/>\n<meta property=\"og:description\" content=\"La gobernadora Mara Lezama Espinosa anunci\u00f3 aqu\u00ed la apertura de las convocatorias para que las y los quintanarroenses\" \/>\n<meta property=\"og:url\" content=\"https:\/\/elpuucnoticias.com\/?p=17088\" \/>\n<meta property=\"og:site_name\" content=\"El Puuc Noticias\" \/>\n<meta property=\"article:published_time\" content=\"2024-11-06T21:16:53+00:00\" \/>\n<meta property=\"article:modified_time\" content=\"2024-11-06T21:16:54+00:00\" \/>\n<meta property=\"og:image\" content=\"https:\/\/elpuucnoticias.com\/wp-content\/uploads\/2024\/11\/tjuy.jpeg\" \/>\n\t<meta property=\"og:image:width\" content=\"1600\" \/>\n\t<meta property=\"og:image:height\" content=\"1066\" \/>\n\t<meta property=\"og:image:type\" content=\"image\/jpeg\" \/>\n<meta name=\"twitter:card\" content=\"summary_large_image\" \/>\n<meta name=\"twitter:label1\" content=\"Escrito por\" \/>\n\t<meta name=\"twitter:data1\" content=\"elpuucnoticias\" \/>\n\t<meta name=\"twitter:label2\" content=\"Tiempo de lectura\" \/>\n\t<meta name=\"twitter:data2\" content=\"3 minutos\" \/>\n<script type=\"application\/ld+json\" class=\"yoast-schema-graph\">{\"@context\":\"https:\/\/schema.org\",\"@graph\":[{\"@type\":\"WebSite\",\"@id\":\"https:\/\/elpuucnoticias.com\/#website\",\"url\":\"https:\/\/elpuucnoticias.com\/\",\"name\":\"El Puuc Noticias\",\"description\":\"Noticias - Entretenimiento - Deportes\",\"potentialAction\":[{\"@type\":\"SearchAction\",\"target\":{\"@type\":\"EntryPoint\",\"urlTemplate\":\"https:\/\/elpuucnoticias.com\/?s={search_term_string}\"},\"query-input\":\"required name=search_term_string\"}],\"inLanguage\":\"es\"},{\"@type\":\"ImageObject\",\"@id\":\"https:\/\/elpuucnoticias.com\/?p=17088#primaryimage\",\"inLanguage\":\"es\",\"url\":\"https:\/\/elpuucnoticias.com\/wp-content\/uploads\/2024\/11\/tjuy.jpeg\",\"contentUrl\":\"https:\/\/elpuucnoticias.com\/wp-content\/uploads\/2024\/11\/tjuy.jpeg\",\"width\":1600,\"height\":1066},{\"@type\":\"WebPage\",\"@id\":\"https:\/\/elpuucnoticias.com\/?p=17088#webpage\",\"url\":\"https:\/\/elpuucnoticias.com\/?p=17088\",\"name\":\"Anuncia Mara Lezama en Jos\u00e9 Mar\u00eda Morelos apertura de convocatorias para fortalecer la econom\u00eda social y solidaria de los quintanarroenses - El Puuc Noticias\",\"isPartOf\":{\"@id\":\"https:\/\/elpuucnoticias.com\/#website\"},\"primaryImageOfPage\":{\"@id\":\"https:\/\/elpuucnoticias.com\/?p=17088#primaryimage\"},\"datePublished\":\"2024-11-06T21:16:53+00:00\",\"dateModified\":\"2024-11-06T21:16:54+00:00\",\"author\":{\"@id\":\"https:\/\/elpuucnoticias.com\/#\/schema\/person\/d2ea09e4c97f0160b11cdfb1d856bd9e\"},\"breadcrumb\":{\"@id\":\"https:\/\/elpuucnoticias.com\/?p=17088#breadcrumb\"},\"inLanguage\":\"es\",\"potentialAction\":[{\"@type\":\"ReadAction\",\"target\":[\"https:\/\/elpuucnoticias.com\/?p=17088\"]}]},{\"@type\":\"BreadcrumbList\",\"@id\":\"https:\/\/elpuucnoticias.com\/?p=17088#breadcrumb\",\"itemListElement\":[{\"@type\":\"ListItem\",\"position\":1,\"name\":\"Portada\",\"item\":\"https:\/\/elpuucnoticias.com\/\"},{\"@type\":\"ListItem\",\"position\":2,\"name\":\"Anuncia Mara Lezama en Jos\u00e9 Mar\u00eda Morelos apertura de convocatorias para fortalecer la econom\u00eda social y solidaria de los quintanarroenses\"}]},{\"@type\":\"Person\",\"@id\":\"https:\/\/elpuucnoticias.com\/#\/schema\/person\/d2ea09e4c97f0160b11cdfb1d856bd9e\",\"name\":\"elpuucnoticias\",\"image\":{\"@type\":\"ImageObject\",\"@id\":\"https:\/\/elpuucnoticias.com\/#personlogo\",\"inLanguage\":\"es\",\"url\":\"https:\/\/secure.gravatar.com\/avatar\/5290a43657c74ffa15701dbe5b846bd85cc71930d803c84e91046a7333de6ce2?s=96&d=mm&r=g\",\"contentUrl\":\"https:\/\/secure.gravatar.com\/avatar\/5290a43657c74ffa15701dbe5b846bd85cc71930d803c84e91046a7333de6ce2?s=96&d=mm&r=g\",\"caption\":\"elpuucnoticias\"},\"sameAs\":[\"https:\/\/elpuucnoticias.com\"],\"url\":\"https:\/\/elpuucnoticias.com\/?author=1\"}]}<\/script>\n<!-- \/ Yoast SEO plugin. -->","yoast_head_json":{"title":"Anuncia Mara Lezama en Jos\u00e9 Mar\u00eda Morelos apertura de convocatorias para fortalecer la econom\u00eda social y solidaria de los quintanarroenses - El Puuc Noticias","robots":{"index":"index","follow":"follow","max-snippet":"max-snippet:-1","max-image-preview":"max-image-preview:large","max-video-preview":"max-video-preview:-1"},"canonical":"https:\/\/elpuucnoticias.com\/?p=17088","og_locale":"es_ES","og_type":"article","og_title":"Anuncia Mara Lezama en Jos\u00e9 Mar\u00eda Morelos apertura de convocatorias para fortalecer la econom\u00eda social y solidaria de los quintanarroenses - El Puuc Noticias","og_description":"La gobernadora Mara Lezama Espinosa anunci\u00f3 aqu\u00ed la apertura de las convocatorias para que las y los quintanarroenses","og_url":"https:\/\/elpuucnoticias.com\/?p=17088","og_site_name":"El Puuc Noticias","article_published_time":"2024-11-06T21:16:53+00:00","article_modified_time":"2024-11-06T21:16:54+00:00","og_image":[{"width":1600,"height":1066,"url":"https:\/\/elpuucnoticias.com\/wp-content\/uploads\/2024\/11\/tjuy.jpeg","type":"image\/jpeg"}],"twitter_card":"summary_large_image","twitter_misc":{"Escrito por":"elpuucnoticias","Tiempo de lectura":"3 minutos"},"schema":{"@context":"https:\/\/schema.org","@graph":[{"@type":"WebSite","@id":"https:\/\/elpuucnoticias.com\/#website","url":"https:\/\/elpuucnoticias.com\/","name":"El Puuc Noticias","description":"Noticias - Entretenimiento - Deportes","potentialAction":[{"@type":"SearchAction","target":{"@type":"EntryPoint","urlTemplate":"https:\/\/elpuucnoticias.com\/?s={search_term_string}"},"query-input":"required name=search_term_string"}],"inLanguage":"es"},{"@type":"ImageObject","@id":"https:\/\/elpuucnoticias.com\/?p=17088#primaryimage","inLanguage":"es","url":"https:\/\/elpuucnoticias.com\/wp-content\/uploads\/2024\/11\/tjuy.jpeg","contentUrl":"https:\/\/elpuucnoticias.com\/wp-content\/uploads\/2024\/11\/tjuy.jpeg","width":1600,"height":1066},{"@type":"WebPage","@id":"https:\/\/elpuucnoticias.com\/?p=17088#webpage","url":"https:\/\/elpuucnoticias.com\/?p=17088","name":"Anuncia Mara Lezama en Jos\u00e9 Mar\u00eda Morelos apertura de convocatorias para fortalecer la econom\u00eda social y solidaria de los quintanarroenses - El Puuc Noticias","isPartOf":{"@id":"https:\/\/elpuucnoticias.com\/#website"},"primaryImageOfPage":{"@id":"https:\/\/elpuucnoticias.com\/?p=17088#primaryimage"},"datePublished":"2024-11-06T21:16:53+00:00","dateModified":"2024-11-06T21:16:54+00:00","author":{"@id":"https:\/\/elpuucnoticias.com\/#\/schema\/person\/d2ea09e4c97f0160b11cdfb1d856bd9e"},"breadcrumb":{"@id":"https:\/\/elpuucnoticias.com\/?p=17088#breadcrumb"},"inLanguage":"es","potentialAction":[{"@type":"ReadAction","target":["https:\/\/elpuucnoticias.com\/?p=17088"]}]},{"@type":"BreadcrumbList","@id":"https:\/\/elpuucnoticias.com\/?p=17088#breadcrumb","itemListElement":[{"@type":"ListItem","position":1,"name":"Portada","item":"https:\/\/elpuucnoticias.com\/"},{"@type":"ListItem","position":2,"name":"Anuncia Mara Lezama en Jos\u00e9 Mar\u00eda Morelos apertura de convocatorias para fortalecer la econom\u00eda social y solidaria de los quintanarroenses"}]},{"@type":"Person","@id":"https:\/\/elpuucnoticias.com\/#\/schema\/person\/d2ea09e4c97f0160b11cdfb1d856bd9e","name":"elpuucnoticias","image":{"@type":"ImageObject","@id":"https:\/\/elpuucnoticias.com\/#personlogo","inLanguage":"es","url":"https:\/\/secure.gravatar.com\/avatar\/5290a43657c74ffa15701dbe5b846bd85cc71930d803c84e91046a7333de6ce2?s=96&d=mm&r=g","contentUrl":"https:\/\/secure.gravatar.com\/avatar\/5290a43657c74ffa15701dbe5b846bd85cc71930d803c84e91046a7333de6ce2?s=96&d=mm&r=g","caption":"elpuucnoticias"},"sameAs":["https:\/\/elpuucnoticias.com"],"url":"https:\/\/elpuucnoticias.com\/?author=1"}]}},"_links":{"self":[{"href":"https:\/\/elpuucnoticias.com\/index.php?rest_route=\/wp\/v2\/posts\/17088","targetHints":{"allow":["GET"]}}],"collection":[{"href":"https:\/\/elpuucnoticias.com\/index.php?rest_route=\/wp\/v2\/posts"}],"about":[{"href":"https:\/\/elpuucnoticias.com\/index.php?rest_route=\/wp\/v2\/types\/post"}],"author":[{"embeddable":true,"href":"https:\/\/elpuucnoticias.com\/index.php?rest_route=\/wp\/v2\/users\/1"}],"replies":[{"embeddable":true,"href":"https:\/\/elpuucnoticias.com\/index.php?rest_route=%2Fwp%2Fv2%2Fcomments&post=17088"}],"version-history":[{"count":1,"href":"https:\/\/elpuucnoticias.com\/index.php?rest_route=\/wp\/v2\/posts\/17088\/revisions"}],"predecessor-version":[{"id":17090,"href":"https:\/\/elpuucnoticias.com\/index.php?rest_route=\/wp\/v2\/posts\/17088\/revisions\/17090"}],"wp:featuredmedia":[{"embeddable":true,"href":"https:\/\/elpuucnoticias.com\/index.php?rest_route=\/wp\/v2\/media\/17089"}],"wp:attachment":[{"href":"https:\/\/elpuucnoticias.com\/index.php?rest_route=%2Fwp%2Fv2%2Fmedia&parent=17088"}],"wp:term":[{"taxonomy":"category","embeddable":true,"href":"https:\/\/elpuucnoticias.com\/index.php?rest_route=%2Fwp%2Fv2%2Fcategories&post=17088"},{"taxonomy":"post_tag","embeddable":true,"href":"https:\/\/elpuucnoticias.com\/index.php?rest_route=%2Fwp%2Fv2%2Ftags&post=17088"}],"curies":[{"name":"wp","href":"https:\/\/api.w.org\/{rel}","templated":true}]}}