{"id":17599,"date":"2024-12-03T13:22:15","date_gmt":"2024-12-03T19:22:15","guid":{"rendered":"https:\/\/elpuucnoticias.com\/?p=17599"},"modified":"2024-12-03T13:22:16","modified_gmt":"2024-12-03T19:22:16","slug":"celebra-mara-lezama-primer-aniversario-aeropuerto-internacional-de-tulum-con-mas-de-1-millon-de-pasajeros-y-crecimiento-historico","status":"publish","type":"post","link":"https:\/\/elpuucnoticias.com\/?p=17599","title":{"rendered":"Celebra Mara Lezama primer aniversario Aeropuerto Internacional de Tulum con m\u00e1s de 1 mill\u00f3n de pasajeros y crecimiento hist\u00f3rico"},"content":{"rendered":"\n<p>En el primer aniversario de la apertura del aeropuerto internacional de Tulum \u201cFelipe Carrillo Puerto\u201d, la gobernadora Mara Lezama Espinosa destac\u00f3 que ha superado todas las expectativas y se ha convertido en el segundo de mayor movimiento de pasajeros en la entidad, superando ya, al 21 de noviembre pasado, m\u00e1s de 1 mill\u00f3n 074 mil pasajeros y 8 mil 500 operaciones a\u00e9reas.<\/p>\n\n\n\n<figure class=\"wp-block-gallery has-nested-images columns-default is-cropped wp-block-gallery-1 is-layout-flex wp-block-gallery-is-layout-flex\">\n<figure class=\"wp-block-image size-large is-style-default\"><img loading=\"lazy\" decoding=\"async\" width=\"1024\" height=\"546\" data-id=\"17604\" src=\"https:\/\/elpuucnoticias.com\/wp-content\/uploads\/2024\/12\/whatsapp-image-2024-12-03-at-11.55.38-am-4-1024x546.jpeg\" alt=\"\" class=\"wp-image-17604\" srcset=\"https:\/\/elpuucnoticias.com\/wp-content\/uploads\/2024\/12\/whatsapp-image-2024-12-03-at-11.55.38-am-4-1024x546.jpeg 1024w, https:\/\/elpuucnoticias.com\/wp-content\/uploads\/2024\/12\/whatsapp-image-2024-12-03-at-11.55.38-am-4-300x160.jpeg 300w, https:\/\/elpuucnoticias.com\/wp-content\/uploads\/2024\/12\/whatsapp-image-2024-12-03-at-11.55.38-am-4-768x410.jpeg 768w, https:\/\/elpuucnoticias.com\/wp-content\/uploads\/2024\/12\/whatsapp-image-2024-12-03-at-11.55.38-am-4-1536x819.jpeg 1536w, https:\/\/elpuucnoticias.com\/wp-content\/uploads\/2024\/12\/whatsapp-image-2024-12-03-at-11.55.38-am-4-2048x1092.jpeg 2048w, https:\/\/elpuucnoticias.com\/wp-content\/uploads\/2024\/12\/whatsapp-image-2024-12-03-at-11.55.38-am-4-320x171.jpeg 320w\" sizes=\"auto, (max-width: 1024px) 100vw, 1024px\" \/><\/figure>\n\n\n\n<figure class=\"wp-block-image size-large is-style-default\"><img loading=\"lazy\" decoding=\"async\" width=\"1024\" height=\"576\" data-id=\"17606\" src=\"https:\/\/elpuucnoticias.com\/wp-content\/uploads\/2024\/12\/whatsapp-image-2024-12-03-at-11.55.38-am-3-1024x576.jpeg\" alt=\"\" class=\"wp-image-17606\" srcset=\"https:\/\/elpuucnoticias.com\/wp-content\/uploads\/2024\/12\/whatsapp-image-2024-12-03-at-11.55.38-am-3-1024x576.jpeg 1024w, https:\/\/elpuucnoticias.com\/wp-content\/uploads\/2024\/12\/whatsapp-image-2024-12-03-at-11.55.38-am-3-300x169.jpeg 300w, https:\/\/elpuucnoticias.com\/wp-content\/uploads\/2024\/12\/whatsapp-image-2024-12-03-at-11.55.38-am-3-768x432.jpeg 768w, https:\/\/elpuucnoticias.com\/wp-content\/uploads\/2024\/12\/whatsapp-image-2024-12-03-at-11.55.38-am-3-1536x864.jpeg 1536w, https:\/\/elpuucnoticias.com\/wp-content\/uploads\/2024\/12\/whatsapp-image-2024-12-03-at-11.55.38-am-3-2048x1152.jpeg 2048w, https:\/\/elpuucnoticias.com\/wp-content\/uploads\/2024\/12\/whatsapp-image-2024-12-03-at-11.55.38-am-3-320x180.jpeg 320w\" sizes=\"auto, (max-width: 1024px) 100vw, 1024px\" \/><\/figure>\n\n\n\n<figure class=\"wp-block-image size-large is-style-default\"><img loading=\"lazy\" decoding=\"async\" width=\"1024\" height=\"683\" data-id=\"17605\" src=\"https:\/\/elpuucnoticias.com\/wp-content\/uploads\/2024\/12\/whatsapp-image-2024-12-03-at-11.55.38-am-2-1024x683.jpeg\" alt=\"\" class=\"wp-image-17605\" srcset=\"https:\/\/elpuucnoticias.com\/wp-content\/uploads\/2024\/12\/whatsapp-image-2024-12-03-at-11.55.38-am-2-1024x683.jpeg 1024w, https:\/\/elpuucnoticias.com\/wp-content\/uploads\/2024\/12\/whatsapp-image-2024-12-03-at-11.55.38-am-2-300x200.jpeg 300w, https:\/\/elpuucnoticias.com\/wp-content\/uploads\/2024\/12\/whatsapp-image-2024-12-03-at-11.55.38-am-2-768x512.jpeg 768w, https:\/\/elpuucnoticias.com\/wp-content\/uploads\/2024\/12\/whatsapp-image-2024-12-03-at-11.55.38-am-2-1536x1024.jpeg 1536w, https:\/\/elpuucnoticias.com\/wp-content\/uploads\/2024\/12\/whatsapp-image-2024-12-03-at-11.55.38-am-2-2048x1365.jpeg 2048w, https:\/\/elpuucnoticias.com\/wp-content\/uploads\/2024\/12\/whatsapp-image-2024-12-03-at-11.55.38-am-2-600x400.jpeg 600w, https:\/\/elpuucnoticias.com\/wp-content\/uploads\/2024\/12\/whatsapp-image-2024-12-03-at-11.55.38-am-2-320x213.jpeg 320w\" sizes=\"auto, (max-width: 1024px) 100vw, 1024px\" \/><\/figure>\n<\/figure>\n\n\n\n<p>Al desearle un feliz primer aniversario al Aeropuerto Internacional de Tulum, la titular del Ejecutivo record\u00f3 que hace un a\u00f1o se inaugur\u00f3 este gran sue\u00f1o y desde entonces, este proyecto no solo ha despegado, \u00a1ha superado todas las expectativas!<\/p>\n\n\n\n<p>\u201cLa Asociaci\u00f3n Internacional de Transporte A\u00e9reo proyect\u00f3 que recibir\u00edamos 700 mil pasajeros en este primer a\u00f1o. Sin embargo, gracias al trabajo conjunto, a la visi\u00f3n y al compromiso con nuestro estado, hemos superado ampliamente esa meta, alcanzando hasta el 21 de noviembre m\u00e1s de 1 mill\u00f3n 74 mil pasajeros y 8,500 operaciones a\u00e9reas. \u00a1Y a\u00fan nos queda un mes para cerrar el a\u00f1o!\u201d dijo Mara Lezama.<\/p>\n\n\n\n<p>La gobernadora de Quintana Roo asever\u00f3 que hoy el Aeropuerto Internacional de Tulum no solo es una puerta de entrada para explorar las maravillas del Caribe Mexicano, sino que es el segundo aeropuerto con mayor movimiento de pasajeros en el estado, con un crecimiento promedio mensual de pasajeros del 13.1%, conectando al sur del estado con el mundo y operando con 11 aerol\u00edneas y 15 destinos, tanto nacionales como internacionales.<\/p>\n\n\n\n<p>Dio a conocer que Aerom\u00e9xico, Viva Aerob\u00fas y Mexicana de Aviaci\u00f3n conectan con el Aeropuerto Internacional Felipe \u00c1ngeles (AIFA), mientras que Viva Aerob\u00fas tambi\u00e9n vuela a Monterrey y Guadalajara.<\/p>\n\n\n\n<p>Asimismo, cit\u00f3 que en vuelos internacionales, JetBlue conecta con Nueva York; American Airlines vuela a Miami, Charlotte y Dallas; Air Canada a Montreal y Toronto; y Delta a Atlanta. United Airlines ofrece rutas a Houston, Chicago y Newark, mientras que Copa Airlines enlaza con Sudam\u00e9rica v\u00eda Panam\u00e1, y Sunwing conecta con Montreal. Recientemente, WestJet inaugur\u00f3 vuelos a Calgary y Toronto.<\/p>\n\n\n\n<p>Anunci\u00f3 que \u201clo mejor est\u00e1 por venir. Este diciembre se sumar\u00e1n 4 nuevas aerol\u00edneas, consolidando nuestro compromiso de hacer del Caribe Mexicano un eje de conectividad global. Air Transat a\u00f1adir\u00e1 rutas a Montreal y Quebec, Discover Airlines conectar\u00e1 con Frankfurt, y Avianca enlazar\u00e1 con Bogot\u00e1. Volaris tambi\u00e9n planea un nuevo vuelo a Guadalajara.<\/p>\n\n\n\n<p>\u201cPero este logro no es solo del aeropuerto, es de todas y todos los quintanarroenses. Este avance significa m\u00e1s empleo, m\u00e1s desarrollo econ\u00f3mico y m\u00e1s oportunidades para las familias de nuestra regi\u00f3n. Gracias a cada persona que ha hecho posible este primer a\u00f1o de \u00e9xito. Desde el coraz\u00f3n del Caribe Mexicano, seguimos trabajando para conectar sue\u00f1os, impulsar el desarrollo y escribir juntos esta historia de transformaci\u00f3n\u201d puntualiz\u00f3 Mara Lezama.<\/p>\n","protected":false},"excerpt":{"rendered":"<p>En el primer aniversario de la apertura del aeropuerto internacional de Tulum \u201cFelipe Carrillo Puerto\u201d, la gobernadora Mara<\/p>\n","protected":false},"author":1,"featured_media":17607,"comment_status":"closed","ping_status":"open","sticky":false,"template":"","format":"standard","meta":{"_monsterinsights_skip_tracking":false,"_monsterinsights_sitenote_active":false,"_monsterinsights_sitenote_note":"","_monsterinsights_sitenote_category":0,"footnotes":""},"categories":[11,24],"tags":[],"class_list":["post-17599","post","type-post","status-publish","format-standard","has-post-thumbnail","hentry","category-noticias","category-quintana-roo"],"yoast_head":"<!-- This site is optimized with the Yoast SEO plugin v18.3 - https:\/\/yoast.com\/wordpress\/plugins\/seo\/ -->\n<title>Celebra Mara Lezama primer aniversario Aeropuerto Internacional de Tulum con m\u00e1s de 1 mill\u00f3n de pasajeros y crecimiento hist\u00f3rico - El Puuc Noticias<\/title>\n<meta name=\"robots\" content=\"index, follow, max-snippet:-1, max-image-preview:large, max-video-preview:-1\" \/>\n<link rel=\"canonical\" href=\"https:\/\/elpuucnoticias.com\/?p=17599\" \/>\n<meta property=\"og:locale\" content=\"es_ES\" \/>\n<meta property=\"og:type\" content=\"article\" \/>\n<meta property=\"og:title\" content=\"Celebra Mara Lezama primer aniversario Aeropuerto Internacional de Tulum con m\u00e1s de 1 mill\u00f3n de pasajeros y crecimiento hist\u00f3rico - El Puuc Noticias\" \/>\n<meta property=\"og:description\" content=\"En el primer aniversario de la apertura del aeropuerto internacional de Tulum \u201cFelipe Carrillo Puerto\u201d, la gobernadora Mara\" \/>\n<meta property=\"og:url\" content=\"https:\/\/elpuucnoticias.com\/?p=17599\" \/>\n<meta property=\"og:site_name\" content=\"El Puuc Noticias\" \/>\n<meta property=\"article:published_time\" content=\"2024-12-03T19:22:15+00:00\" \/>\n<meta property=\"article:modified_time\" content=\"2024-12-03T19:22:16+00:00\" \/>\n<meta property=\"og:image\" content=\"https:\/\/elpuucnoticias.com\/wp-content\/uploads\/2024\/12\/whatsapp-image-2024-12-03-at-11.55.38-am-1-scaled.jpeg\" \/>\n\t<meta property=\"og:image:width\" content=\"2560\" \/>\n\t<meta property=\"og:image:height\" content=\"1706\" \/>\n\t<meta property=\"og:image:type\" content=\"image\/jpeg\" \/>\n<meta name=\"twitter:card\" content=\"summary_large_image\" \/>\n<meta name=\"twitter:label1\" content=\"Escrito por\" \/>\n\t<meta name=\"twitter:data1\" content=\"elpuucnoticias\" \/>\n\t<meta name=\"twitter:label2\" content=\"Tiempo de lectura\" \/>\n\t<meta name=\"twitter:data2\" content=\"2 minutos\" \/>\n<script type=\"application\/ld+json\" class=\"yoast-schema-graph\">{\"@context\":\"https:\/\/schema.org\",\"@graph\":[{\"@type\":\"WebSite\",\"@id\":\"https:\/\/elpuucnoticias.com\/#website\",\"url\":\"https:\/\/elpuucnoticias.com\/\",\"name\":\"El Puuc Noticias\",\"description\":\"Noticias - Entretenimiento - Deportes\",\"potentialAction\":[{\"@type\":\"SearchAction\",\"target\":{\"@type\":\"EntryPoint\",\"urlTemplate\":\"https:\/\/elpuucnoticias.com\/?s={search_term_string}\"},\"query-input\":\"required name=search_term_string\"}],\"inLanguage\":\"es\"},{\"@type\":\"ImageObject\",\"@id\":\"https:\/\/elpuucnoticias.com\/?p=17599#primaryimage\",\"inLanguage\":\"es\",\"url\":\"https:\/\/elpuucnoticias.com\/wp-content\/uploads\/2024\/12\/whatsapp-image-2024-12-03-at-11.55.38-am-1-scaled.jpeg\",\"contentUrl\":\"https:\/\/elpuucnoticias.com\/wp-content\/uploads\/2024\/12\/whatsapp-image-2024-12-03-at-11.55.38-am-1-scaled.jpeg\",\"width\":2560,\"height\":1706},{\"@type\":\"WebPage\",\"@id\":\"https:\/\/elpuucnoticias.com\/?p=17599#webpage\",\"url\":\"https:\/\/elpuucnoticias.com\/?p=17599\",\"name\":\"Celebra Mara Lezama primer aniversario Aeropuerto Internacional de Tulum con m\u00e1s de 1 mill\u00f3n de pasajeros y crecimiento hist\u00f3rico - El Puuc Noticias\",\"isPartOf\":{\"@id\":\"https:\/\/elpuucnoticias.com\/#website\"},\"primaryImageOfPage\":{\"@id\":\"https:\/\/elpuucnoticias.com\/?p=17599#primaryimage\"},\"datePublished\":\"2024-12-03T19:22:15+00:00\",\"dateModified\":\"2024-12-03T19:22:16+00:00\",\"author\":{\"@id\":\"https:\/\/elpuucnoticias.com\/#\/schema\/person\/d2ea09e4c97f0160b11cdfb1d856bd9e\"},\"breadcrumb\":{\"@id\":\"https:\/\/elpuucnoticias.com\/?p=17599#breadcrumb\"},\"inLanguage\":\"es\",\"potentialAction\":[{\"@type\":\"ReadAction\",\"target\":[\"https:\/\/elpuucnoticias.com\/?p=17599\"]}]},{\"@type\":\"BreadcrumbList\",\"@id\":\"https:\/\/elpuucnoticias.com\/?p=17599#breadcrumb\",\"itemListElement\":[{\"@type\":\"ListItem\",\"position\":1,\"name\":\"Portada\",\"item\":\"https:\/\/elpuucnoticias.com\/\"},{\"@type\":\"ListItem\",\"position\":2,\"name\":\"Celebra Mara Lezama primer aniversario Aeropuerto Internacional de Tulum con m\u00e1s de 1 mill\u00f3n de pasajeros y crecimiento hist\u00f3rico\"}]},{\"@type\":\"Person\",\"@id\":\"https:\/\/elpuucnoticias.com\/#\/schema\/person\/d2ea09e4c97f0160b11cdfb1d856bd9e\",\"name\":\"elpuucnoticias\",\"image\":{\"@type\":\"ImageObject\",\"@id\":\"https:\/\/elpuucnoticias.com\/#personlogo\",\"inLanguage\":\"es\",\"url\":\"https:\/\/secure.gravatar.com\/avatar\/5290a43657c74ffa15701dbe5b846bd85cc71930d803c84e91046a7333de6ce2?s=96&d=mm&r=g\",\"contentUrl\":\"https:\/\/secure.gravatar.com\/avatar\/5290a43657c74ffa15701dbe5b846bd85cc71930d803c84e91046a7333de6ce2?s=96&d=mm&r=g\",\"caption\":\"elpuucnoticias\"},\"sameAs\":[\"https:\/\/elpuucnoticias.com\"],\"url\":\"https:\/\/elpuucnoticias.com\/?author=1\"}]}<\/script>\n<!-- \/ Yoast SEO plugin. -->","yoast_head_json":{"title":"Celebra Mara Lezama primer aniversario Aeropuerto Internacional de Tulum con m\u00e1s de 1 mill\u00f3n de pasajeros y crecimiento hist\u00f3rico - El Puuc Noticias","robots":{"index":"index","follow":"follow","max-snippet":"max-snippet:-1","max-image-preview":"max-image-preview:large","max-video-preview":"max-video-preview:-1"},"canonical":"https:\/\/elpuucnoticias.com\/?p=17599","og_locale":"es_ES","og_type":"article","og_title":"Celebra Mara Lezama primer aniversario Aeropuerto Internacional de Tulum con m\u00e1s de 1 mill\u00f3n de pasajeros y crecimiento hist\u00f3rico - El Puuc Noticias","og_description":"En el primer aniversario de la apertura del aeropuerto internacional de Tulum \u201cFelipe Carrillo Puerto\u201d, la gobernadora Mara","og_url":"https:\/\/elpuucnoticias.com\/?p=17599","og_site_name":"El Puuc Noticias","article_published_time":"2024-12-03T19:22:15+00:00","article_modified_time":"2024-12-03T19:22:16+00:00","og_image":[{"width":2560,"height":1706,"url":"https:\/\/elpuucnoticias.com\/wp-content\/uploads\/2024\/12\/whatsapp-image-2024-12-03-at-11.55.38-am-1-scaled.jpeg","type":"image\/jpeg"}],"twitter_card":"summary_large_image","twitter_misc":{"Escrito por":"elpuucnoticias","Tiempo de lectura":"2 minutos"},"schema":{"@context":"https:\/\/schema.org","@graph":[{"@type":"WebSite","@id":"https:\/\/elpuucnoticias.com\/#website","url":"https:\/\/elpuucnoticias.com\/","name":"El Puuc Noticias","description":"Noticias - Entretenimiento - Deportes","potentialAction":[{"@type":"SearchAction","target":{"@type":"EntryPoint","urlTemplate":"https:\/\/elpuucnoticias.com\/?s={search_term_string}"},"query-input":"required name=search_term_string"}],"inLanguage":"es"},{"@type":"ImageObject","@id":"https:\/\/elpuucnoticias.com\/?p=17599#primaryimage","inLanguage":"es","url":"https:\/\/elpuucnoticias.com\/wp-content\/uploads\/2024\/12\/whatsapp-image-2024-12-03-at-11.55.38-am-1-scaled.jpeg","contentUrl":"https:\/\/elpuucnoticias.com\/wp-content\/uploads\/2024\/12\/whatsapp-image-2024-12-03-at-11.55.38-am-1-scaled.jpeg","width":2560,"height":1706},{"@type":"WebPage","@id":"https:\/\/elpuucnoticias.com\/?p=17599#webpage","url":"https:\/\/elpuucnoticias.com\/?p=17599","name":"Celebra Mara Lezama primer aniversario Aeropuerto Internacional de Tulum con m\u00e1s de 1 mill\u00f3n de pasajeros y crecimiento hist\u00f3rico - El Puuc Noticias","isPartOf":{"@id":"https:\/\/elpuucnoticias.com\/#website"},"primaryImageOfPage":{"@id":"https:\/\/elpuucnoticias.com\/?p=17599#primaryimage"},"datePublished":"2024-12-03T19:22:15+00:00","dateModified":"2024-12-03T19:22:16+00:00","author":{"@id":"https:\/\/elpuucnoticias.com\/#\/schema\/person\/d2ea09e4c97f0160b11cdfb1d856bd9e"},"breadcrumb":{"@id":"https:\/\/elpuucnoticias.com\/?p=17599#breadcrumb"},"inLanguage":"es","potentialAction":[{"@type":"ReadAction","target":["https:\/\/elpuucnoticias.com\/?p=17599"]}]},{"@type":"BreadcrumbList","@id":"https:\/\/elpuucnoticias.com\/?p=17599#breadcrumb","itemListElement":[{"@type":"ListItem","position":1,"name":"Portada","item":"https:\/\/elpuucnoticias.com\/"},{"@type":"ListItem","position":2,"name":"Celebra Mara Lezama primer aniversario Aeropuerto Internacional de Tulum con m\u00e1s de 1 mill\u00f3n de pasajeros y crecimiento hist\u00f3rico"}]},{"@type":"Person","@id":"https:\/\/elpuucnoticias.com\/#\/schema\/person\/d2ea09e4c97f0160b11cdfb1d856bd9e","name":"elpuucnoticias","image":{"@type":"ImageObject","@id":"https:\/\/elpuucnoticias.com\/#personlogo","inLanguage":"es","url":"https:\/\/secure.gravatar.com\/avatar\/5290a43657c74ffa15701dbe5b846bd85cc71930d803c84e91046a7333de6ce2?s=96&d=mm&r=g","contentUrl":"https:\/\/secure.gravatar.com\/avatar\/5290a43657c74ffa15701dbe5b846bd85cc71930d803c84e91046a7333de6ce2?s=96&d=mm&r=g","caption":"elpuucnoticias"},"sameAs":["https:\/\/elpuucnoticias.com"],"url":"https:\/\/elpuucnoticias.com\/?author=1"}]}},"_links":{"self":[{"href":"https:\/\/elpuucnoticias.com\/index.php?rest_route=\/wp\/v2\/posts\/17599","targetHints":{"allow":["GET"]}}],"collection":[{"href":"https:\/\/elpuucnoticias.com\/index.php?rest_route=\/wp\/v2\/posts"}],"about":[{"href":"https:\/\/elpuucnoticias.com\/index.php?rest_route=\/wp\/v2\/types\/post"}],"author":[{"embeddable":true,"href":"https:\/\/elpuucnoticias.com\/index.php?rest_route=\/wp\/v2\/users\/1"}],"replies":[{"embeddable":true,"href":"https:\/\/elpuucnoticias.com\/index.php?rest_route=%2Fwp%2Fv2%2Fcomments&post=17599"}],"version-history":[{"count":1,"href":"https:\/\/elpuucnoticias.com\/index.php?rest_route=\/wp\/v2\/posts\/17599\/revisions"}],"predecessor-version":[{"id":17608,"href":"https:\/\/elpuucnoticias.com\/index.php?rest_route=\/wp\/v2\/posts\/17599\/revisions\/17608"}],"wp:featuredmedia":[{"embeddable":true,"href":"https:\/\/elpuucnoticias.com\/index.php?rest_route=\/wp\/v2\/media\/17607"}],"wp:attachment":[{"href":"https:\/\/elpuucnoticias.com\/index.php?rest_route=%2Fwp%2Fv2%2Fmedia&parent=17599"}],"wp:term":[{"taxonomy":"category","embeddable":true,"href":"https:\/\/elpuucnoticias.com\/index.php?rest_route=%2Fwp%2Fv2%2Fcategories&post=17599"},{"taxonomy":"post_tag","embeddable":true,"href":"https:\/\/elpuucnoticias.com\/index.php?rest_route=%2Fwp%2Fv2%2Ftags&post=17599"}],"curies":[{"name":"wp","href":"https:\/\/api.w.org\/{rel}","templated":true}]}}